{"id":11347,"date":"2021-07-06T15:27:20","date_gmt":"2021-07-06T18:27:20","guid":{"rendered":"\/?p=7580"},"modified":"2021-07-14T16:45:26","modified_gmt":"2021-07-14T19:45:26","slug":"asumieron-el-secretario-de-la-comision-de-disciplina-y-acusacion-y-la-secretaria-de-la-comision-de-reglamentacion","status":"publish","type":"post","link":"https:\/\/consejomagistratura.gov.ar\/index.php\/2021\/07\/06\/asumieron-el-secretario-de-la-comision-de-disciplina-y-acusacion-y-la-secretaria-de-la-comision-de-reglamentacion\/","title":{"rendered":"Asumieron el Secretario de la Comisi\u00f3n de Disciplina y Acusaci\u00f3n y la Secretaria de la Comisi\u00f3n de Reglamentaci\u00f3n"},"content":{"rendered":"\n<p>En el d\u00eda de hoy \u2013 6 de julio- asumieron en sus cargos el Secretario de la Comisi\u00f3n de Disciplina y Acusaci\u00f3n, Dr. Juan Carlos Cubr\u00eda y la Secretaria de la Comisi\u00f3n de Reglamentaci\u00f3n Dra. Lucila Pampillo, quienes fueron designados por el Plenario del cuerpo celebrado el pasado jueves 1\u00b0 de Julio.<\/p>\n\n\n\n<p>La Comisi\u00f3n de Acusaci\u00f3n tiene como competencia proponer al plenario del Consejo sanciones disciplinarias a los magistrados como as\u00ed tambi\u00e9n promover la acusaci\u00f3n de \u00e9stos a los efectos de su remoci\u00f3n.<\/p>\n\n\n\n<p>La Comisi\u00f3n de Reglamentaci\u00f3n por su parte tiene como competencias:<\/p>\n\n\n\n<p>a) Analizar y emitir dictamen sobre los proyectos de reglamentos que le sean remitidos por la presidencia del Consejo, el plenario, las otras comisiones o cualquier integrante del Consejo;<\/p>\n\n\n\n<p>b) Elaborar los proyectos de reglamentos que le sean encomendados por los \u00f3rganos enunciados por el inciso precedente;<\/p>\n\n\n\n<p>c) Propiciar ante el plenario, mediante dictamen y a trav\u00e9s de la presidencia, las modificaciones que requieran las normas reglamentarias vigentes, para su perfeccionamiento, actualizaci\u00f3n, refundici\u00f3n y reordenaci\u00f3n;<\/p>\n\n\n\n<p>d) Emitir dict\u00e1menes a requerimiento de la presidencia, del plenario, de las otras comisiones o de cualquiera de sus miembros, en los casos en que se planteen conflictos de interpretaci\u00f3n derivados de la aplicaci\u00f3n de reglamentos.\u201d<\/p>\n","protected":false},"excerpt":{"rendered":"<p>En el d\u00eda de hoy \u2013 6 de julio- asumieron en sus cargos el Secretario de la Comisi\u00f3n de Disciplina y Acusaci\u00f3n, Dr. Juan Carlos Cubr\u00eda y la Secretaria de la Comisi\u00f3n de Reglamentaci\u00f3n Dra. [&hellip;]<\/p>\n","protected":false},"author":13,"featured_media":8135,"comment_status":"closed","ping_status":"open","sticky":false,"template":"","format":"standard","meta":{"footnotes":""},"categories":[26,25,15],"tags":[],"class_list":["post-11347","post","type-post","status-publish","format-standard","has-post-thumbnail","hentry","category-disciplina","category-reglamentacion","category-info-general"],"yoast_head":"<!-- This site is optimized with the Yoast SEO Premium plugin v16.2 (Yoast SEO v17.9) - https:\/\/yoast.com\/wordpress\/plugins\/seo\/ -->\n<title>Asumieron el Secretario de la Comisi\u00f3n de Disciplina y Acusaci\u00f3n y la Secretaria de la Comisi\u00f3n de Reglamentaci\u00f3n | Consejo de la Magistratura<\/title>\n<meta name=\"robots\" content=\"index, follow, max-snippet:-1, max-image-preview:large, max-video-preview:-1\" \/>\n<link rel=\"canonical\" href=\"https:\/\/consejomagistratura.gov.ar\/index.php\/2021\/07\/06\/asumieron-el-secretario-de-la-comision-de-disciplina-y-acusacion-y-la-secretaria-de-la-comision-de-reglamentacion\/\" \/>\n<meta property=\"og:locale\" content=\"es_ES\" \/>\n<meta property=\"og:type\" content=\"article\" \/>\n<meta property=\"og:title\" content=\"Asumieron el Secretario de la Comisi\u00f3n de Disciplina y Acusaci\u00f3n y la Secretaria de la Comisi\u00f3n de Reglamentaci\u00f3n | Consejo de la Magistratura\" \/>\n<meta property=\"og:description\" content=\"En el d\u00eda de hoy \u2013 6 de julio- asumieron en sus cargos el Secretario de la Comisi\u00f3n de Disciplina y Acusaci\u00f3n, Dr. Juan Carlos Cubr\u00eda y la Secretaria de la Comisi\u00f3n de Reglamentaci\u00f3n Dra. [&hellip;]\" \/>\n<meta property=\"og:url\" content=\"https:\/\/consejomagistratura.gov.ar\/index.php\/2021\/07\/06\/asumieron-el-secretario-de-la-comision-de-disciplina-y-acusacion-y-la-secretaria-de-la-comision-de-reglamentacion\/\" \/>\n<meta property=\"og:site_name\" content=\"Consejo de la Magistratura\" \/>\n<meta property=\"article:publisher\" content=\"https:\/\/www.facebook.com\/consejomagistratura\" \/>\n<meta property=\"article:published_time\" content=\"2021-07-06T18:27:20+00:00\" \/>\n<meta property=\"article:modified_time\" content=\"2021-07-14T19:45:26+00:00\" \/>\n<meta property=\"og:image\" content=\"https:\/\/consejomagistratura.gov.ar\/wp-content\/uploads\/2019\/09\/DSC_0113-copia.jpg\" \/>\n\t<meta property=\"og:image:width\" content=\"800\" \/>\n\t<meta property=\"og:image:height\" content=\"536\" \/>\n\t<meta property=\"og:image:type\" content=\"image\/jpeg\" \/>\n<meta name=\"twitter:card\" content=\"summary_large_image\" \/>\n<meta name=\"twitter:creator\" content=\"@cmagistratura\" \/>\n<meta name=\"twitter:site\" content=\"@cmagistratura\" \/>\n<meta name=\"twitter:label1\" content=\"Escrito por\" \/>\n\t<meta name=\"twitter:data1\" content=\"Juan Pia\" \/>\n\t<meta name=\"twitter:label2\" content=\"Tiempo de lectura\" \/>\n\t<meta name=\"twitter:data2\" content=\"1 minuto\" \/>\n<script type=\"application\/ld+json\" class=\"yoast-schema-graph\">{\"@context\":\"https:\/\/schema.org\",\"@graph\":[{\"@type\":\"Organization\",\"@id\":\"https:\/\/consejomagistratura.gov.ar\/#organization\",\"name\":\"Consejo de la Magistratura\",\"url\":\"https:\/\/consejomagistratura.gov.ar\/\",\"sameAs\":[\"https:\/\/www.facebook.com\/consejomagistratura\",\"https:\/\/www.instagram.com\/consejodelamagistratura\/\",\"https:\/\/www.youtube.com\/c\/consejodelamagistraturadelanacion\",\"https:\/\/es.wikipedia.org\/wiki\/Consejo_de_la_Magistratura_(Argentina)\",\"https:\/\/twitter.com\/cmagistratura\"],\"logo\":{\"@type\":\"ImageObject\",\"@id\":\"https:\/\/consejomagistratura.gov.ar\/#logo\",\"inLanguage\":\"es-AR\",\"url\":\"https:\/\/consejomagistratura.gov.ar\/wp-content\/uploads\/2021\/08\/logo_link_2_Mesa-de-trabajo-1.png\",\"contentUrl\":\"https:\/\/consejomagistratura.gov.ar\/wp-content\/uploads\/2021\/08\/logo_link_2_Mesa-de-trabajo-1.png\",\"width\":1067,\"height\":780,\"caption\":\"Consejo de la Magistratura\"},\"image\":{\"@id\":\"https:\/\/consejomagistratura.gov.ar\/#logo\"}},{\"@type\":\"WebSite\",\"@id\":\"https:\/\/consejomagistratura.gov.ar\/#website\",\"url\":\"https:\/\/consejomagistratura.gov.ar\/\",\"name\":\"Consejo de la Magistratura\",\"description\":\"\",\"publisher\":{\"@id\":\"https:\/\/consejomagistratura.gov.ar\/#organization\"},\"potentialAction\":[{\"@type\":\"SearchAction\",\"target\":{\"@type\":\"EntryPoint\",\"urlTemplate\":\"https:\/\/consejomagistratura.gov.ar\/?s={search_term_string}\"},\"query-input\":\"required name=search_term_string\"}],\"inLanguage\":\"es-AR\"},{\"@type\":\"ImageObject\",\"@id\":\"https:\/\/consejomagistratura.gov.ar\/index.php\/2021\/07\/06\/asumieron-el-secretario-de-la-comision-de-disciplina-y-acusacion-y-la-secretaria-de-la-comision-de-reglamentacion\/#primaryimage\",\"inLanguage\":\"es-AR\",\"url\":\"https:\/\/consejomagistratura.gov.ar\/wp-content\/uploads\/2019\/09\/DSC_0113-copia.jpg\",\"contentUrl\":\"https:\/\/consejomagistratura.gov.ar\/wp-content\/uploads\/2019\/09\/DSC_0113-copia.jpg\",\"width\":800,\"height\":536},{\"@type\":\"WebPage\",\"@id\":\"https:\/\/consejomagistratura.gov.ar\/index.php\/2021\/07\/06\/asumieron-el-secretario-de-la-comision-de-disciplina-y-acusacion-y-la-secretaria-de-la-comision-de-reglamentacion\/#webpage\",\"url\":\"https:\/\/consejomagistratura.gov.ar\/index.php\/2021\/07\/06\/asumieron-el-secretario-de-la-comision-de-disciplina-y-acusacion-y-la-secretaria-de-la-comision-de-reglamentacion\/\",\"name\":\"Asumieron el Secretario de la Comisi\\u00f3n de Disciplina y Acusaci\\u00f3n y la Secretaria de la Comisi\\u00f3n de Reglamentaci\\u00f3n | Consejo de la Magistratura\",\"isPartOf\":{\"@id\":\"https:\/\/consejomagistratura.gov.ar\/#website\"},\"primaryImageOfPage\":{\"@id\":\"https:\/\/consejomagistratura.gov.ar\/index.php\/2021\/07\/06\/asumieron-el-secretario-de-la-comision-de-disciplina-y-acusacion-y-la-secretaria-de-la-comision-de-reglamentacion\/#primaryimage\"},\"datePublished\":\"2021-07-06T18:27:20+00:00\",\"dateModified\":\"2021-07-14T19:45:26+00:00\",\"breadcrumb\":{\"@id\":\"https:\/\/consejomagistratura.gov.ar\/index.php\/2021\/07\/06\/asumieron-el-secretario-de-la-comision-de-disciplina-y-acusacion-y-la-secretaria-de-la-comision-de-reglamentacion\/#breadcrumb\"},\"inLanguage\":\"es-AR\",\"potentialAction\":[{\"@type\":\"ReadAction\",\"target\":[\"https:\/\/consejomagistratura.gov.ar\/index.php\/2021\/07\/06\/asumieron-el-secretario-de-la-comision-de-disciplina-y-acusacion-y-la-secretaria-de-la-comision-de-reglamentacion\/\"]}]},{\"@type\":\"BreadcrumbList\",\"@id\":\"https:\/\/consejomagistratura.gov.ar\/index.php\/2021\/07\/06\/asumieron-el-secretario-de-la-comision-de-disciplina-y-acusacion-y-la-secretaria-de-la-comision-de-reglamentacion\/#breadcrumb\",\"itemListElement\":[{\"@type\":\"ListItem\",\"position\":1,\"name\":\"Inicio\",\"item\":\"https:\/\/consejomagistratura.gov.ar\/\"},{\"@type\":\"ListItem\",\"position\":2,\"name\":\"Asumieron el Secretario de la Comisi\\u00f3n de Disciplina y Acusaci\\u00f3n y la Secretaria de la Comisi\\u00f3n de Reglamentaci\\u00f3n\"}]},{\"@type\":\"Article\",\"@id\":\"https:\/\/consejomagistratura.gov.ar\/index.php\/2021\/07\/06\/asumieron-el-secretario-de-la-comision-de-disciplina-y-acusacion-y-la-secretaria-de-la-comision-de-reglamentacion\/#article\",\"isPartOf\":{\"@id\":\"https:\/\/consejomagistratura.gov.ar\/index.php\/2021\/07\/06\/asumieron-el-secretario-de-la-comision-de-disciplina-y-acusacion-y-la-secretaria-de-la-comision-de-reglamentacion\/#webpage\"},\"author\":{\"@id\":\"https:\/\/consejomagistratura.gov.ar\/#\/schema\/person\/f4d8b3521c35f97155ae7f20dfb56842\"},\"headline\":\"Asumieron el Secretario de la Comisi\\u00f3n de Disciplina y Acusaci\\u00f3n y la Secretaria de la Comisi\\u00f3n de Reglamentaci\\u00f3n\",\"datePublished\":\"2021-07-06T18:27:20+00:00\",\"dateModified\":\"2021-07-14T19:45:26+00:00\",\"mainEntityOfPage\":{\"@id\":\"https:\/\/consejomagistratura.gov.ar\/index.php\/2021\/07\/06\/asumieron-el-secretario-de-la-comision-de-disciplina-y-acusacion-y-la-secretaria-de-la-comision-de-reglamentacion\/#webpage\"},\"wordCount\":243,\"publisher\":{\"@id\":\"https:\/\/consejomagistratura.gov.ar\/#organization\"},\"image\":{\"@id\":\"https:\/\/consejomagistratura.gov.ar\/index.php\/2021\/07\/06\/asumieron-el-secretario-de-la-comision-de-disciplina-y-acusacion-y-la-secretaria-de-la-comision-de-reglamentacion\/#primaryimage\"},\"thumbnailUrl\":\"https:\/\/consejomagistratura.gov.ar\/wp-content\/uploads\/2019\/09\/DSC_0113-copia.jpg\",\"articleSection\":[\"Comisi\\u00f3n de Disciplina y Acusaci\\u00f3n\",\"Comisi\\u00f3n de Reglamentaci\\u00f3n\",\"Informaci\\u00f3n General\"],\"inLanguage\":\"es-AR\"},{\"@type\":\"Person\",\"@id\":\"https:\/\/consejomagistratura.gov.ar\/#\/schema\/person\/f4d8b3521c35f97155ae7f20dfb56842\",\"name\":\"Juan Pia\",\"image\":{\"@type\":\"ImageObject\",\"@id\":\"https:\/\/consejomagistratura.gov.ar\/#personlogo\",\"inLanguage\":\"es-AR\",\"url\":\"https:\/\/secure.gravatar.com\/avatar\/1b6e654a3f0c5c5d08057e227b031732b3b62c44fd483b51f93433e49e0aead1?s=96&d=mm&r=g\",\"contentUrl\":\"https:\/\/secure.gravatar.com\/avatar\/1b6e654a3f0c5c5d08057e227b031732b3b62c44fd483b51f93433e49e0aead1?s=96&d=mm&r=g\",\"caption\":\"Juan Pia\"},\"url\":\"https:\/\/consejomagistratura.gov.ar\/index.php\/author\/jpia\/\"}]}<\/script>\n<!-- \/ Yoast SEO Premium plugin. -->","yoast_head_json":{"title":"Asumieron el Secretario de la Comisi\u00f3n de Disciplina y Acusaci\u00f3n y la Secretaria de la Comisi\u00f3n de Reglamentaci\u00f3n | Consejo de la Magistratura","robots":{"index":"index","follow":"follow","max-snippet":"max-snippet:-1","max-image-preview":"max-image-preview:large","max-video-preview":"max-video-preview:-1"},"canonical":"https:\/\/consejomagistratura.gov.ar\/index.php\/2021\/07\/06\/asumieron-el-secretario-de-la-comision-de-disciplina-y-acusacion-y-la-secretaria-de-la-comision-de-reglamentacion\/","og_locale":"es_ES","og_type":"article","og_title":"Asumieron el Secretario de la Comisi\u00f3n de Disciplina y Acusaci\u00f3n y la Secretaria de la Comisi\u00f3n de Reglamentaci\u00f3n | Consejo de la Magistratura","og_description":"En el d\u00eda de hoy \u2013 6 de julio- asumieron en sus cargos el Secretario de la Comisi\u00f3n de Disciplina y Acusaci\u00f3n, Dr. Juan Carlos Cubr\u00eda y la Secretaria de la Comisi\u00f3n de Reglamentaci\u00f3n Dra. [&hellip;]","og_url":"https:\/\/consejomagistratura.gov.ar\/index.php\/2021\/07\/06\/asumieron-el-secretario-de-la-comision-de-disciplina-y-acusacion-y-la-secretaria-de-la-comision-de-reglamentacion\/","og_site_name":"Consejo de la Magistratura","article_publisher":"https:\/\/www.facebook.com\/consejomagistratura","article_published_time":"2021-07-06T18:27:20+00:00","article_modified_time":"2021-07-14T19:45:26+00:00","og_image":[{"width":800,"height":536,"url":"https:\/\/consejomagistratura.gov.ar\/wp-content\/uploads\/2019\/09\/DSC_0113-copia.jpg","type":"image\/jpeg"}],"twitter_card":"summary_large_image","twitter_creator":"@cmagistratura","twitter_site":"@cmagistratura","twitter_misc":{"Escrito por":"Juan Pia","Tiempo de lectura":"1 minuto"},"schema":{"@context":"https:\/\/schema.org","@graph":[{"@type":"Organization","@id":"https:\/\/consejomagistratura.gov.ar\/#organization","name":"Consejo de la Magistratura","url":"https:\/\/consejomagistratura.gov.ar\/","sameAs":["https:\/\/www.facebook.com\/consejomagistratura","https:\/\/www.instagram.com\/consejodelamagistratura\/","https:\/\/www.youtube.com\/c\/consejodelamagistraturadelanacion","https:\/\/es.wikipedia.org\/wiki\/Consejo_de_la_Magistratura_(Argentina)","https:\/\/twitter.com\/cmagistratura"],"logo":{"@type":"ImageObject","@id":"https:\/\/consejomagistratura.gov.ar\/#logo","inLanguage":"es-AR","url":"https:\/\/consejomagistratura.gov.ar\/wp-content\/uploads\/2021\/08\/logo_link_2_Mesa-de-trabajo-1.png","contentUrl":"https:\/\/consejomagistratura.gov.ar\/wp-content\/uploads\/2021\/08\/logo_link_2_Mesa-de-trabajo-1.png","width":1067,"height":780,"caption":"Consejo de la Magistratura"},"image":{"@id":"https:\/\/consejomagistratura.gov.ar\/#logo"}},{"@type":"WebSite","@id":"https:\/\/consejomagistratura.gov.ar\/#website","url":"https:\/\/consejomagistratura.gov.ar\/","name":"Consejo de la Magistratura","description":"","publisher":{"@id":"https:\/\/consejomagistratura.gov.ar\/#organization"},"potentialAction":[{"@type":"SearchAction","target":{"@type":"EntryPoint","urlTemplate":"https:\/\/consejomagistratura.gov.ar\/?s={search_term_string}"},"query-input":"required name=search_term_string"}],"inLanguage":"es-AR"},{"@type":"ImageObject","@id":"https:\/\/consejomagistratura.gov.ar\/index.php\/2021\/07\/06\/asumieron-el-secretario-de-la-comision-de-disciplina-y-acusacion-y-la-secretaria-de-la-comision-de-reglamentacion\/#primaryimage","inLanguage":"es-AR","url":"https:\/\/consejomagistratura.gov.ar\/wp-content\/uploads\/2019\/09\/DSC_0113-copia.jpg","contentUrl":"https:\/\/consejomagistratura.gov.ar\/wp-content\/uploads\/2019\/09\/DSC_0113-copia.jpg","width":800,"height":536},{"@type":"WebPage","@id":"https:\/\/consejomagistratura.gov.ar\/index.php\/2021\/07\/06\/asumieron-el-secretario-de-la-comision-de-disciplina-y-acusacion-y-la-secretaria-de-la-comision-de-reglamentacion\/#webpage","url":"https:\/\/consejomagistratura.gov.ar\/index.php\/2021\/07\/06\/asumieron-el-secretario-de-la-comision-de-disciplina-y-acusacion-y-la-secretaria-de-la-comision-de-reglamentacion\/","name":"Asumieron el Secretario de la Comisi\u00f3n de Disciplina y Acusaci\u00f3n y la Secretaria de la Comisi\u00f3n de Reglamentaci\u00f3n | Consejo de la Magistratura","isPartOf":{"@id":"https:\/\/consejomagistratura.gov.ar\/#website"},"primaryImageOfPage":{"@id":"https:\/\/consejomagistratura.gov.ar\/index.php\/2021\/07\/06\/asumieron-el-secretario-de-la-comision-de-disciplina-y-acusacion-y-la-secretaria-de-la-comision-de-reglamentacion\/#primaryimage"},"datePublished":"2021-07-06T18:27:20+00:00","dateModified":"2021-07-14T19:45:26+00:00","breadcrumb":{"@id":"https:\/\/consejomagistratura.gov.ar\/index.php\/2021\/07\/06\/asumieron-el-secretario-de-la-comision-de-disciplina-y-acusacion-y-la-secretaria-de-la-comision-de-reglamentacion\/#breadcrumb"},"inLanguage":"es-AR","potentialAction":[{"@type":"ReadAction","target":["https:\/\/consejomagistratura.gov.ar\/index.php\/2021\/07\/06\/asumieron-el-secretario-de-la-comision-de-disciplina-y-acusacion-y-la-secretaria-de-la-comision-de-reglamentacion\/"]}]},{"@type":"BreadcrumbList","@id":"https:\/\/consejomagistratura.gov.ar\/index.php\/2021\/07\/06\/asumieron-el-secretario-de-la-comision-de-disciplina-y-acusacion-y-la-secretaria-de-la-comision-de-reglamentacion\/#breadcrumb","itemListElement":[{"@type":"ListItem","position":1,"name":"Inicio","item":"https:\/\/consejomagistratura.gov.ar\/"},{"@type":"ListItem","position":2,"name":"Asumieron el Secretario de la Comisi\u00f3n de Disciplina y Acusaci\u00f3n y la Secretaria de la Comisi\u00f3n de Reglamentaci\u00f3n"}]},{"@type":"Article","@id":"https:\/\/consejomagistratura.gov.ar\/index.php\/2021\/07\/06\/asumieron-el-secretario-de-la-comision-de-disciplina-y-acusacion-y-la-secretaria-de-la-comision-de-reglamentacion\/#article","isPartOf":{"@id":"https:\/\/consejomagistratura.gov.ar\/index.php\/2021\/07\/06\/asumieron-el-secretario-de-la-comision-de-disciplina-y-acusacion-y-la-secretaria-de-la-comision-de-reglamentacion\/#webpage"},"author":{"@id":"https:\/\/consejomagistratura.gov.ar\/#\/schema\/person\/f4d8b3521c35f97155ae7f20dfb56842"},"headline":"Asumieron el Secretario de la Comisi\u00f3n de Disciplina y Acusaci\u00f3n y la Secretaria de la Comisi\u00f3n de Reglamentaci\u00f3n","datePublished":"2021-07-06T18:27:20+00:00","dateModified":"2021-07-14T19:45:26+00:00","mainEntityOfPage":{"@id":"https:\/\/consejomagistratura.gov.ar\/index.php\/2021\/07\/06\/asumieron-el-secretario-de-la-comision-de-disciplina-y-acusacion-y-la-secretaria-de-la-comision-de-reglamentacion\/#webpage"},"wordCount":243,"publisher":{"@id":"https:\/\/consejomagistratura.gov.ar\/#organization"},"image":{"@id":"https:\/\/consejomagistratura.gov.ar\/index.php\/2021\/07\/06\/asumieron-el-secretario-de-la-comision-de-disciplina-y-acusacion-y-la-secretaria-de-la-comision-de-reglamentacion\/#primaryimage"},"thumbnailUrl":"https:\/\/consejomagistratura.gov.ar\/wp-content\/uploads\/2019\/09\/DSC_0113-copia.jpg","articleSection":["Comisi\u00f3n de Disciplina y Acusaci\u00f3n","Comisi\u00f3n de Reglamentaci\u00f3n","Informaci\u00f3n General"],"inLanguage":"es-AR"},{"@type":"Person","@id":"https:\/\/consejomagistratura.gov.ar\/#\/schema\/person\/f4d8b3521c35f97155ae7f20dfb56842","name":"Juan Pia","image":{"@type":"ImageObject","@id":"https:\/\/consejomagistratura.gov.ar\/#personlogo","inLanguage":"es-AR","url":"https:\/\/secure.gravatar.com\/avatar\/1b6e654a3f0c5c5d08057e227b031732b3b62c44fd483b51f93433e49e0aead1?s=96&d=mm&r=g","contentUrl":"https:\/\/secure.gravatar.com\/avatar\/1b6e654a3f0c5c5d08057e227b031732b3b62c44fd483b51f93433e49e0aead1?s=96&d=mm&r=g","caption":"Juan Pia"},"url":"https:\/\/consejomagistratura.gov.ar\/index.php\/author\/jpia\/"}]}},"_links":{"self":[{"href":"https:\/\/consejomagistratura.gov.ar\/index.php\/wp-json\/wp\/v2\/posts\/11347","targetHints":{"allow":["GET"]}}],"collection":[{"href":"https:\/\/consejomagistratura.gov.ar\/index.php\/wp-json\/wp\/v2\/posts"}],"about":[{"href":"https:\/\/consejomagistratura.gov.ar\/index.php\/wp-json\/wp\/v2\/types\/post"}],"author":[{"embeddable":true,"href":"https:\/\/consejomagistratura.gov.ar\/index.php\/wp-json\/wp\/v2\/users\/13"}],"replies":[{"embeddable":true,"href":"https:\/\/consejomagistratura.gov.ar\/index.php\/wp-json\/wp\/v2\/comments?post=11347"}],"version-history":[{"count":1,"href":"https:\/\/consejomagistratura.gov.ar\/index.php\/wp-json\/wp\/v2\/posts\/11347\/revisions"}],"predecessor-version":[{"id":11369,"href":"https:\/\/consejomagistratura.gov.ar\/index.php\/wp-json\/wp\/v2\/posts\/11347\/revisions\/11369"}],"wp:featuredmedia":[{"embeddable":true,"href":"https:\/\/consejomagistratura.gov.ar\/index.php\/wp-json\/wp\/v2\/media\/8135"}],"wp:attachment":[{"href":"https:\/\/consejomagistratura.gov.ar\/index.php\/wp-json\/wp\/v2\/media?parent=11347"}],"wp:term":[{"taxonomy":"category","embeddable":true,"href":"https:\/\/consejomagistratura.gov.ar\/index.php\/wp-json\/wp\/v2\/categories?post=11347"},{"taxonomy":"post_tag","embeddable":true,"href":"https:\/\/consejomagistratura.gov.ar\/index.php\/wp-json\/wp\/v2\/tags?post=11347"}],"curies":[{"name":"wp","href":"https:\/\/api.w.org\/{rel}","templated":true}]}}