{"id":13361,"date":"2021-09-08T16:40:12","date_gmt":"2021-09-08T19:40:12","guid":{"rendered":"https:\/\/consejomagistratura.gov.ar\/?p=13361"},"modified":"2021-09-09T14:52:52","modified_gmt":"2021-09-09T17:52:52","slug":"se-creo-la-direccion-de-cooperacion-internacional-del-consejo-de-la-magistratura-de-la-nacion","status":"publish","type":"post","link":"https:\/\/consejomagistratura.gov.ar\/index.php\/2021\/09\/08\/se-creo-la-direccion-de-cooperacion-internacional-del-consejo-de-la-magistratura-de-la-nacion\/","title":{"rendered":"Se cre\u00f3 la Direcci\u00f3n de Cooperaci\u00f3n Internacional del Consejo de la Magistratura de la Naci\u00f3n"},"content":{"rendered":"\n<p>El 1 de julio del corriente, a trav\u00e9s de la Resoluci\u00f3n N\u00b0 175\/2021, se cre\u00f3 la &#8220;Direcci\u00f3n de Cooperaci\u00f3n Internacional&#8221; del Consejo de la Magistratura de la Naci\u00f3n.<\/p>\n\n\n\n<p>Contexto<br>Ejerciendo sus competencias constitucionales y legales, el Consejo de la Magistratura de la Naci\u00f3n se vincula con instituciones an\u00e1logas de Estados extranjeros, con Organismos Internacionales, Instituciones y actores del sector de la Justicia.<\/p>\n\n\n\n<p>La Cooperaci\u00f3n Internacional permite afianzar v\u00ednculos con otros pa\u00edses, a trav\u00e9s del di\u00e1logo y la b\u00fasqueda de complementariedades, generando resultados de impacto social y econ\u00f3mico que redundan en el bienestar y el progreso de nuestras sociedades.<\/p>\n\n\n\n<p>\u00bfQu\u00e9 es la Direcci\u00f3n?<br>La Direcci\u00f3n es un \u00f3rgano que asiste a la Presidencia del Consejo para que los objetivos vinculados con tales competencias sean alcanzados en su m\u00e1ximo nivel de efectividad y eficiencia.<br>Asimismo, gestiona fondos de Cooperaci\u00f3n t\u00e9cnica y financiera a trav\u00e9s de acciones bilaterales y multilaterales con estados extranjeros, organismos internacionales y multilaterales y dem\u00e1s instituciones de cooperaci\u00f3n t\u00e9cnica y de apoyo al desarrollo de los pa\u00edses.<\/p>\n\n\n\n<p>El desarrollo del derecho y de la Cooperaci\u00f3n Judicial Internacional constituyen elementos necesarios para coadyuvar y fortalecer los procesos de integraci\u00f3n ya que la creciente integraci\u00f3n econ\u00f3mica de los Estados; la necesidad de preservar un medio ambiente sostenible y sustentable; el progreso de las telecomunicaciones, de la ciencia y la tecnolog\u00eda; los flujos migratorios masivos; la lucha conjunta contra el narcotr\u00e1fico, la corrupci\u00f3n, el terrorismo, el tr\u00e1fico de armas, el tr\u00e1fico de personas y el crimen organizado en general, han creado las condiciones necesarias para que exista una mayor cooperaci\u00f3n entre los Estados.<\/p>\n\n\n\n<p>MISION<br>\u2022 La Direcci\u00f3n de Cooperaci\u00f3n Internacional,\u00a0tiene como misi\u00f3n fortalecer la presencia del Consejo de la Magistratura \u00a0en el \u00e1mbito internacional. La misma nos permite afianzar v\u00ednculos con otros pa\u00edses, mejorando de esta manera la eficacia en diferentes actos de auxilio judicial Internacional.<br>\u2022 Contribuir, dentro de los l\u00edmites de nuestra competencia, a la consecuci\u00f3n de los objetivos generales de la pol\u00edtica exterior Argentina en materia de cooperaci\u00f3n internacional al desarrollo, mediante el dise\u00f1o y ejecuci\u00f3n de programas y proyectos que alcancen al Sector de la Justicia.<br>\u2022 Fomentar la participaci\u00f3n de nuestros magistrados en foros, redes internacionales, misiones diplom\u00e1ticas, encuentros, talleres, seminarios y otras actividades internacionales, as\u00ed como en organismos y tribunales internacionales.<br>\u2022 Asistir activamente a la actividad del Estado en Gesti\u00f3n de Crisis y restauraci\u00f3n del Estado de Derecho.<br>\u2022 Estudiar y generar procesos de reforma, modernizaci\u00f3n y fortalecimiento institucional y organizativo del Poder Judicial, como asimismo cooperar con los pa\u00edses de nuestro entorno geogr\u00e1fico, pol\u00edtico, ling\u00fc\u00edstico, hist\u00f3rico y socioecon\u00f3mico.<br>\u2022 Trabajar en la gesti\u00f3n de las relaciones de cooperaci\u00f3n t\u00e9cnica y financiera y de apoyo al desarrollo de los pa\u00edses, as\u00ed como las vinculadas con la obtenci\u00f3n de fondos de tal naturaleza, tanto con Estados extranjeros como con organismos internacionales y multilaterales y dem\u00e1s instituciones an\u00e1logas.<br>\u2022 Finalmente, se prestar\u00e1 apoyo administrativo y asistencia t\u00e9cnica en el \u00e1mbito de su competencia al Comit\u00e9 de Relaciones Internacionales del Poder Judicial de la Naci\u00f3n, creado por la Acordada CSJN 30\/2011.<\/p>\n\n\n\n<p>Para contactarse con la Direcci\u00f3n de Cooperaci\u00f3n Internacional, se encuentra disponible la casilla de correo electr\u00f3nico cm.cooperacion.internacional@pjn.gov.ar<\/p>\n\n\n\n<p><a href=\"https:\/\/consejomagistratura.gov.ar\/wp-content\/uploads\/2021\/09\/rrii.pdf\" target=\"_blank\" rel=\"noreferrer noopener\">Acced\u00e9 a la resoluci\u00f3n completa aqu\u00ed<\/a><\/p>\n","protected":false},"excerpt":{"rendered":"<p>El 1 de julio del corriente, a trav\u00e9s de la Resoluci\u00f3n N\u00b0 175\/2021, se cre\u00f3 la &#8220;Direcci\u00f3n de Cooperaci\u00f3n Internacional&#8221; del Consejo de la Magistratura de la Naci\u00f3n. ContextoEjerciendo sus competencias constitucionales y legales, el [&hellip;]<\/p>\n","protected":false},"author":6,"featured_media":12728,"comment_status":"closed","ping_status":"open","sticky":false,"template":"","format":"standard","meta":{"footnotes":""},"categories":[3],"tags":[],"class_list":["post-13361","post","type-post","status-publish","format-standard","has-post-thumbnail","hentry","category-institucional"],"yoast_head":"<!-- This site is optimized with the Yoast SEO Premium plugin v16.2 (Yoast SEO v17.9) - https:\/\/yoast.com\/wordpress\/plugins\/seo\/ -->\n<title>Se cre\u00f3 la Direcci\u00f3n de Cooperaci\u00f3n Internacional del Consejo de la Magistratura de la Naci\u00f3n | Consejo de la Magistratura<\/title>\n<meta name=\"description\" content=\"El 1 de julio del corriente, a trav\u00e9s de la Resoluci\u00f3n N\u00b0 175\/2021, se cre\u00f3 la &quot;Direcci\u00f3n de Cooperaci\u00f3n Internacional&quot; del Consejo de la Magistratura de la Naci\u00f3n.\" \/>\n<meta name=\"robots\" content=\"index, follow, max-snippet:-1, max-image-preview:large, max-video-preview:-1\" \/>\n<link rel=\"canonical\" href=\"https:\/\/consejomagistratura.gov.ar\/index.php\/2021\/09\/08\/se-creo-la-direccion-de-cooperacion-internacional-del-consejo-de-la-magistratura-de-la-nacion\/\" \/>\n<meta property=\"og:locale\" content=\"es_ES\" \/>\n<meta property=\"og:type\" content=\"article\" \/>\n<meta property=\"og:title\" content=\"Se cre\u00f3 la Direcci\u00f3n de Cooperaci\u00f3n Internacional del Consejo de la Magistratura de la Naci\u00f3n | Consejo de la Magistratura\" \/>\n<meta property=\"og:description\" content=\"El 1 de julio del corriente, a trav\u00e9s de la Resoluci\u00f3n N\u00b0 175\/2021, se cre\u00f3 la &quot;Direcci\u00f3n de Cooperaci\u00f3n Internacional&quot; del Consejo de la Magistratura de la Naci\u00f3n.\" \/>\n<meta property=\"og:url\" content=\"https:\/\/consejomagistratura.gov.ar\/index.php\/2021\/09\/08\/se-creo-la-direccion-de-cooperacion-internacional-del-consejo-de-la-magistratura-de-la-nacion\/\" \/>\n<meta property=\"og:site_name\" content=\"Consejo de la Magistratura\" \/>\n<meta property=\"article:publisher\" content=\"https:\/\/www.facebook.com\/consejomagistratura\" \/>\n<meta property=\"article:published_time\" content=\"2021-09-08T19:40:12+00:00\" \/>\n<meta property=\"article:modified_time\" content=\"2021-09-09T17:52:52+00:00\" \/>\n<meta property=\"og:image\" content=\"https:\/\/consejomagistratura.gov.ar\/wp-content\/uploads\/2021\/08\/logo_link_2_Mesa-de-trabajo-1.png\" \/>\n\t<meta property=\"og:image:width\" content=\"1067\" \/>\n\t<meta property=\"og:image:height\" content=\"780\" \/>\n\t<meta property=\"og:image:type\" content=\"image\/png\" \/>\n<meta name=\"twitter:card\" content=\"summary_large_image\" \/>\n<meta name=\"twitter:creator\" content=\"@cmagistratura\" \/>\n<meta name=\"twitter:site\" content=\"@cmagistratura\" \/>\n<meta name=\"twitter:label1\" content=\"Escrito por\" \/>\n\t<meta name=\"twitter:data1\" content=\"hernanelman\" \/>\n\t<meta name=\"twitter:label2\" content=\"Tiempo de lectura\" \/>\n\t<meta name=\"twitter:data2\" content=\"3 minutos\" \/>\n<script type=\"application\/ld+json\" class=\"yoast-schema-graph\">{\"@context\":\"https:\/\/schema.org\",\"@graph\":[{\"@type\":\"Organization\",\"@id\":\"https:\/\/consejomagistratura.gov.ar\/#organization\",\"name\":\"Consejo de la Magistratura\",\"url\":\"https:\/\/consejomagistratura.gov.ar\/\",\"sameAs\":[\"https:\/\/www.facebook.com\/consejomagistratura\",\"https:\/\/www.instagram.com\/consejodelamagistratura\/\",\"https:\/\/www.youtube.com\/c\/consejodelamagistraturadelanacion\",\"https:\/\/es.wikipedia.org\/wiki\/Consejo_de_la_Magistratura_(Argentina)\",\"https:\/\/twitter.com\/cmagistratura\"],\"logo\":{\"@type\":\"ImageObject\",\"@id\":\"https:\/\/consejomagistratura.gov.ar\/#logo\",\"inLanguage\":\"es-AR\",\"url\":\"https:\/\/consejomagistratura.gov.ar\/wp-content\/uploads\/2021\/08\/logo_link_2_Mesa-de-trabajo-1.png\",\"contentUrl\":\"https:\/\/consejomagistratura.gov.ar\/wp-content\/uploads\/2021\/08\/logo_link_2_Mesa-de-trabajo-1.png\",\"width\":1067,\"height\":780,\"caption\":\"Consejo de la Magistratura\"},\"image\":{\"@id\":\"https:\/\/consejomagistratura.gov.ar\/#logo\"}},{\"@type\":\"WebSite\",\"@id\":\"https:\/\/consejomagistratura.gov.ar\/#website\",\"url\":\"https:\/\/consejomagistratura.gov.ar\/\",\"name\":\"Consejo de la Magistratura\",\"description\":\"\",\"publisher\":{\"@id\":\"https:\/\/consejomagistratura.gov.ar\/#organization\"},\"potentialAction\":[{\"@type\":\"SearchAction\",\"target\":{\"@type\":\"EntryPoint\",\"urlTemplate\":\"https:\/\/consejomagistratura.gov.ar\/?s={search_term_string}\"},\"query-input\":\"required name=search_term_string\"}],\"inLanguage\":\"es-AR\"},{\"@type\":\"ImageObject\",\"@id\":\"https:\/\/consejomagistratura.gov.ar\/index.php\/2021\/09\/08\/se-creo-la-direccion-de-cooperacion-internacional-del-consejo-de-la-magistratura-de-la-nacion\/#primaryimage\",\"inLanguage\":\"es-AR\",\"url\":\"https:\/\/consejomagistratura.gov.ar\/wp-content\/uploads\/2021\/08\/logo_link_2_Mesa-de-trabajo-1.png\",\"contentUrl\":\"https:\/\/consejomagistratura.gov.ar\/wp-content\/uploads\/2021\/08\/logo_link_2_Mesa-de-trabajo-1.png\",\"width\":1067,\"height\":780},{\"@type\":\"WebPage\",\"@id\":\"https:\/\/consejomagistratura.gov.ar\/index.php\/2021\/09\/08\/se-creo-la-direccion-de-cooperacion-internacional-del-consejo-de-la-magistratura-de-la-nacion\/#webpage\",\"url\":\"https:\/\/consejomagistratura.gov.ar\/index.php\/2021\/09\/08\/se-creo-la-direccion-de-cooperacion-internacional-del-consejo-de-la-magistratura-de-la-nacion\/\",\"name\":\"Se cre\\u00f3 la Direcci\\u00f3n de Cooperaci\\u00f3n Internacional del Consejo de la Magistratura de la Naci\\u00f3n | Consejo de la Magistratura\",\"isPartOf\":{\"@id\":\"https:\/\/consejomagistratura.gov.ar\/#website\"},\"primaryImageOfPage\":{\"@id\":\"https:\/\/consejomagistratura.gov.ar\/index.php\/2021\/09\/08\/se-creo-la-direccion-de-cooperacion-internacional-del-consejo-de-la-magistratura-de-la-nacion\/#primaryimage\"},\"datePublished\":\"2021-09-08T19:40:12+00:00\",\"dateModified\":\"2021-09-09T17:52:52+00:00\",\"description\":\"El 1 de julio del corriente, a trav\\u00e9s de la Resoluci\\u00f3n N\\u00b0 175\/2021, se cre\\u00f3 la \\\"Direcci\\u00f3n de Cooperaci\\u00f3n Internacional\\\" del Consejo de la Magistratura de la Naci\\u00f3n.\",\"breadcrumb\":{\"@id\":\"https:\/\/consejomagistratura.gov.ar\/index.php\/2021\/09\/08\/se-creo-la-direccion-de-cooperacion-internacional-del-consejo-de-la-magistratura-de-la-nacion\/#breadcrumb\"},\"inLanguage\":\"es-AR\",\"potentialAction\":[{\"@type\":\"ReadAction\",\"target\":[\"https:\/\/consejomagistratura.gov.ar\/index.php\/2021\/09\/08\/se-creo-la-direccion-de-cooperacion-internacional-del-consejo-de-la-magistratura-de-la-nacion\/\"]}]},{\"@type\":\"BreadcrumbList\",\"@id\":\"https:\/\/consejomagistratura.gov.ar\/index.php\/2021\/09\/08\/se-creo-la-direccion-de-cooperacion-internacional-del-consejo-de-la-magistratura-de-la-nacion\/#breadcrumb\",\"itemListElement\":[{\"@type\":\"ListItem\",\"position\":1,\"name\":\"Inicio\",\"item\":\"https:\/\/consejomagistratura.gov.ar\/\"},{\"@type\":\"ListItem\",\"position\":2,\"name\":\"Se cre\\u00f3 la Direcci\\u00f3n de Cooperaci\\u00f3n Internacional del Consejo de la Magistratura de la Naci\\u00f3n\"}]},{\"@type\":\"Article\",\"@id\":\"https:\/\/consejomagistratura.gov.ar\/index.php\/2021\/09\/08\/se-creo-la-direccion-de-cooperacion-internacional-del-consejo-de-la-magistratura-de-la-nacion\/#article\",\"isPartOf\":{\"@id\":\"https:\/\/consejomagistratura.gov.ar\/index.php\/2021\/09\/08\/se-creo-la-direccion-de-cooperacion-internacional-del-consejo-de-la-magistratura-de-la-nacion\/#webpage\"},\"author\":{\"@id\":\"https:\/\/consejomagistratura.gov.ar\/#\/schema\/person\/4da57063f408a85d886d958badf8f6df\"},\"headline\":\"Se cre\\u00f3 la Direcci\\u00f3n de Cooperaci\\u00f3n Internacional del Consejo de la Magistratura de la Naci\\u00f3n\",\"datePublished\":\"2021-09-08T19:40:12+00:00\",\"dateModified\":\"2021-09-09T17:52:52+00:00\",\"mainEntityOfPage\":{\"@id\":\"https:\/\/consejomagistratura.gov.ar\/index.php\/2021\/09\/08\/se-creo-la-direccion-de-cooperacion-internacional-del-consejo-de-la-magistratura-de-la-nacion\/#webpage\"},\"wordCount\":608,\"publisher\":{\"@id\":\"https:\/\/consejomagistratura.gov.ar\/#organization\"},\"image\":{\"@id\":\"https:\/\/consejomagistratura.gov.ar\/index.php\/2021\/09\/08\/se-creo-la-direccion-de-cooperacion-internacional-del-consejo-de-la-magistratura-de-la-nacion\/#primaryimage\"},\"thumbnailUrl\":\"https:\/\/consejomagistratura.gov.ar\/wp-content\/uploads\/2021\/08\/logo_link_2_Mesa-de-trabajo-1.png\",\"articleSection\":[\"Institucional\"],\"inLanguage\":\"es-AR\"},{\"@type\":\"Person\",\"@id\":\"https:\/\/consejomagistratura.gov.ar\/#\/schema\/person\/4da57063f408a85d886d958badf8f6df\",\"name\":\"hernanelman\",\"image\":{\"@type\":\"ImageObject\",\"@id\":\"https:\/\/consejomagistratura.gov.ar\/#personlogo\",\"inLanguage\":\"es-AR\",\"url\":\"https:\/\/secure.gravatar.com\/avatar\/cb37cc646e6a84fe6e78061c6d9d5fb02a35404aaf0d46840fd3257e6c0131f2?s=96&d=mm&r=g\",\"contentUrl\":\"https:\/\/secure.gravatar.com\/avatar\/cb37cc646e6a84fe6e78061c6d9d5fb02a35404aaf0d46840fd3257e6c0131f2?s=96&d=mm&r=g\",\"caption\":\"hernanelman\"},\"url\":\"https:\/\/consejomagistratura.gov.ar\/index.php\/author\/hernanelman\/\"}]}<\/script>\n<!-- \/ Yoast SEO Premium plugin. -->","yoast_head_json":{"title":"Se cre\u00f3 la Direcci\u00f3n de Cooperaci\u00f3n Internacional del Consejo de la Magistratura de la Naci\u00f3n | Consejo de la Magistratura","description":"El 1 de julio del corriente, a trav\u00e9s de la Resoluci\u00f3n N\u00b0 175\/2021, se cre\u00f3 la \"Direcci\u00f3n de Cooperaci\u00f3n Internacional\" del Consejo de la Magistratura de la Naci\u00f3n.","robots":{"index":"index","follow":"follow","max-snippet":"max-snippet:-1","max-image-preview":"max-image-preview:large","max-video-preview":"max-video-preview:-1"},"canonical":"https:\/\/consejomagistratura.gov.ar\/index.php\/2021\/09\/08\/se-creo-la-direccion-de-cooperacion-internacional-del-consejo-de-la-magistratura-de-la-nacion\/","og_locale":"es_ES","og_type":"article","og_title":"Se cre\u00f3 la Direcci\u00f3n de Cooperaci\u00f3n Internacional del Consejo de la Magistratura de la Naci\u00f3n | Consejo de la Magistratura","og_description":"El 1 de julio del corriente, a trav\u00e9s de la Resoluci\u00f3n N\u00b0 175\/2021, se cre\u00f3 la \"Direcci\u00f3n de Cooperaci\u00f3n Internacional\" del Consejo de la Magistratura de la Naci\u00f3n.","og_url":"https:\/\/consejomagistratura.gov.ar\/index.php\/2021\/09\/08\/se-creo-la-direccion-de-cooperacion-internacional-del-consejo-de-la-magistratura-de-la-nacion\/","og_site_name":"Consejo de la Magistratura","article_publisher":"https:\/\/www.facebook.com\/consejomagistratura","article_published_time":"2021-09-08T19:40:12+00:00","article_modified_time":"2021-09-09T17:52:52+00:00","og_image":[{"width":1067,"height":780,"url":"https:\/\/consejomagistratura.gov.ar\/wp-content\/uploads\/2021\/08\/logo_link_2_Mesa-de-trabajo-1.png","type":"image\/png"}],"twitter_card":"summary_large_image","twitter_creator":"@cmagistratura","twitter_site":"@cmagistratura","twitter_misc":{"Escrito por":"hernanelman","Tiempo de lectura":"3 minutos"},"schema":{"@context":"https:\/\/schema.org","@graph":[{"@type":"Organization","@id":"https:\/\/consejomagistratura.gov.ar\/#organization","name":"Consejo de la Magistratura","url":"https:\/\/consejomagistratura.gov.ar\/","sameAs":["https:\/\/www.facebook.com\/consejomagistratura","https:\/\/www.instagram.com\/consejodelamagistratura\/","https:\/\/www.youtube.com\/c\/consejodelamagistraturadelanacion","https:\/\/es.wikipedia.org\/wiki\/Consejo_de_la_Magistratura_(Argentina)","https:\/\/twitter.com\/cmagistratura"],"logo":{"@type":"ImageObject","@id":"https:\/\/consejomagistratura.gov.ar\/#logo","inLanguage":"es-AR","url":"https:\/\/consejomagistratura.gov.ar\/wp-content\/uploads\/2021\/08\/logo_link_2_Mesa-de-trabajo-1.png","contentUrl":"https:\/\/consejomagistratura.gov.ar\/wp-content\/uploads\/2021\/08\/logo_link_2_Mesa-de-trabajo-1.png","width":1067,"height":780,"caption":"Consejo de la Magistratura"},"image":{"@id":"https:\/\/consejomagistratura.gov.ar\/#logo"}},{"@type":"WebSite","@id":"https:\/\/consejomagistratura.gov.ar\/#website","url":"https:\/\/consejomagistratura.gov.ar\/","name":"Consejo de la Magistratura","description":"","publisher":{"@id":"https:\/\/consejomagistratura.gov.ar\/#organization"},"potentialAction":[{"@type":"SearchAction","target":{"@type":"EntryPoint","urlTemplate":"https:\/\/consejomagistratura.gov.ar\/?s={search_term_string}"},"query-input":"required name=search_term_string"}],"inLanguage":"es-AR"},{"@type":"ImageObject","@id":"https:\/\/consejomagistratura.gov.ar\/index.php\/2021\/09\/08\/se-creo-la-direccion-de-cooperacion-internacional-del-consejo-de-la-magistratura-de-la-nacion\/#primaryimage","inLanguage":"es-AR","url":"https:\/\/consejomagistratura.gov.ar\/wp-content\/uploads\/2021\/08\/logo_link_2_Mesa-de-trabajo-1.png","contentUrl":"https:\/\/consejomagistratura.gov.ar\/wp-content\/uploads\/2021\/08\/logo_link_2_Mesa-de-trabajo-1.png","width":1067,"height":780},{"@type":"WebPage","@id":"https:\/\/consejomagistratura.gov.ar\/index.php\/2021\/09\/08\/se-creo-la-direccion-de-cooperacion-internacional-del-consejo-de-la-magistratura-de-la-nacion\/#webpage","url":"https:\/\/consejomagistratura.gov.ar\/index.php\/2021\/09\/08\/se-creo-la-direccion-de-cooperacion-internacional-del-consejo-de-la-magistratura-de-la-nacion\/","name":"Se cre\u00f3 la Direcci\u00f3n de Cooperaci\u00f3n Internacional del Consejo de la Magistratura de la Naci\u00f3n | Consejo de la Magistratura","isPartOf":{"@id":"https:\/\/consejomagistratura.gov.ar\/#website"},"primaryImageOfPage":{"@id":"https:\/\/consejomagistratura.gov.ar\/index.php\/2021\/09\/08\/se-creo-la-direccion-de-cooperacion-internacional-del-consejo-de-la-magistratura-de-la-nacion\/#primaryimage"},"datePublished":"2021-09-08T19:40:12+00:00","dateModified":"2021-09-09T17:52:52+00:00","description":"El 1 de julio del corriente, a trav\u00e9s de la Resoluci\u00f3n N\u00b0 175\/2021, se cre\u00f3 la \"Direcci\u00f3n de Cooperaci\u00f3n Internacional\" del Consejo de la Magistratura de la Naci\u00f3n.","breadcrumb":{"@id":"https:\/\/consejomagistratura.gov.ar\/index.php\/2021\/09\/08\/se-creo-la-direccion-de-cooperacion-internacional-del-consejo-de-la-magistratura-de-la-nacion\/#breadcrumb"},"inLanguage":"es-AR","potentialAction":[{"@type":"ReadAction","target":["https:\/\/consejomagistratura.gov.ar\/index.php\/2021\/09\/08\/se-creo-la-direccion-de-cooperacion-internacional-del-consejo-de-la-magistratura-de-la-nacion\/"]}]},{"@type":"BreadcrumbList","@id":"https:\/\/consejomagistratura.gov.ar\/index.php\/2021\/09\/08\/se-creo-la-direccion-de-cooperacion-internacional-del-consejo-de-la-magistratura-de-la-nacion\/#breadcrumb","itemListElement":[{"@type":"ListItem","position":1,"name":"Inicio","item":"https:\/\/consejomagistratura.gov.ar\/"},{"@type":"ListItem","position":2,"name":"Se cre\u00f3 la Direcci\u00f3n de Cooperaci\u00f3n Internacional del Consejo de la Magistratura de la Naci\u00f3n"}]},{"@type":"Article","@id":"https:\/\/consejomagistratura.gov.ar\/index.php\/2021\/09\/08\/se-creo-la-direccion-de-cooperacion-internacional-del-consejo-de-la-magistratura-de-la-nacion\/#article","isPartOf":{"@id":"https:\/\/consejomagistratura.gov.ar\/index.php\/2021\/09\/08\/se-creo-la-direccion-de-cooperacion-internacional-del-consejo-de-la-magistratura-de-la-nacion\/#webpage"},"author":{"@id":"https:\/\/consejomagistratura.gov.ar\/#\/schema\/person\/4da57063f408a85d886d958badf8f6df"},"headline":"Se cre\u00f3 la Direcci\u00f3n de Cooperaci\u00f3n Internacional del Consejo de la Magistratura de la Naci\u00f3n","datePublished":"2021-09-08T19:40:12+00:00","dateModified":"2021-09-09T17:52:52+00:00","mainEntityOfPage":{"@id":"https:\/\/consejomagistratura.gov.ar\/index.php\/2021\/09\/08\/se-creo-la-direccion-de-cooperacion-internacional-del-consejo-de-la-magistratura-de-la-nacion\/#webpage"},"wordCount":608,"publisher":{"@id":"https:\/\/consejomagistratura.gov.ar\/#organization"},"image":{"@id":"https:\/\/consejomagistratura.gov.ar\/index.php\/2021\/09\/08\/se-creo-la-direccion-de-cooperacion-internacional-del-consejo-de-la-magistratura-de-la-nacion\/#primaryimage"},"thumbnailUrl":"https:\/\/consejomagistratura.gov.ar\/wp-content\/uploads\/2021\/08\/logo_link_2_Mesa-de-trabajo-1.png","articleSection":["Institucional"],"inLanguage":"es-AR"},{"@type":"Person","@id":"https:\/\/consejomagistratura.gov.ar\/#\/schema\/person\/4da57063f408a85d886d958badf8f6df","name":"hernanelman","image":{"@type":"ImageObject","@id":"https:\/\/consejomagistratura.gov.ar\/#personlogo","inLanguage":"es-AR","url":"https:\/\/secure.gravatar.com\/avatar\/cb37cc646e6a84fe6e78061c6d9d5fb02a35404aaf0d46840fd3257e6c0131f2?s=96&d=mm&r=g","contentUrl":"https:\/\/secure.gravatar.com\/avatar\/cb37cc646e6a84fe6e78061c6d9d5fb02a35404aaf0d46840fd3257e6c0131f2?s=96&d=mm&r=g","caption":"hernanelman"},"url":"https:\/\/consejomagistratura.gov.ar\/index.php\/author\/hernanelman\/"}]}},"_links":{"self":[{"href":"https:\/\/consejomagistratura.gov.ar\/index.php\/wp-json\/wp\/v2\/posts\/13361","targetHints":{"allow":["GET"]}}],"collection":[{"href":"https:\/\/consejomagistratura.gov.ar\/index.php\/wp-json\/wp\/v2\/posts"}],"about":[{"href":"https:\/\/consejomagistratura.gov.ar\/index.php\/wp-json\/wp\/v2\/types\/post"}],"author":[{"embeddable":true,"href":"https:\/\/consejomagistratura.gov.ar\/index.php\/wp-json\/wp\/v2\/users\/6"}],"replies":[{"embeddable":true,"href":"https:\/\/consejomagistratura.gov.ar\/index.php\/wp-json\/wp\/v2\/comments?post=13361"}],"version-history":[{"count":2,"href":"https:\/\/consejomagistratura.gov.ar\/index.php\/wp-json\/wp\/v2\/posts\/13361\/revisions"}],"predecessor-version":[{"id":13367,"href":"https:\/\/consejomagistratura.gov.ar\/index.php\/wp-json\/wp\/v2\/posts\/13361\/revisions\/13367"}],"wp:featuredmedia":[{"embeddable":true,"href":"https:\/\/consejomagistratura.gov.ar\/index.php\/wp-json\/wp\/v2\/media\/12728"}],"wp:attachment":[{"href":"https:\/\/consejomagistratura.gov.ar\/index.php\/wp-json\/wp\/v2\/media?parent=13361"}],"wp:term":[{"taxonomy":"category","embeddable":true,"href":"https:\/\/consejomagistratura.gov.ar\/index.php\/wp-json\/wp\/v2\/categories?post=13361"},{"taxonomy":"post_tag","embeddable":true,"href":"https:\/\/consejomagistratura.gov.ar\/index.php\/wp-json\/wp\/v2\/tags?post=13361"}],"curies":[{"name":"wp","href":"https:\/\/api.w.org\/{rel}","templated":true}]}}