{"id":15129,"date":"2021-11-23T09:45:56","date_gmt":"2021-11-23T12:45:56","guid":{"rendered":"https:\/\/consejomagistratura.gov.ar\/?p=15129"},"modified":"2021-11-23T10:04:35","modified_gmt":"2021-11-23T13:04:35","slug":"las-mariposas","status":"publish","type":"post","link":"https:\/\/consejomagistratura.gov.ar\/index.php\/2021\/11\/23\/las-mariposas\/","title":{"rendered":"Las Mariposas"},"content":{"rendered":"\n<p>Cada 25 de noviembre se conmemora el D\u00eda Internacional de la Eliminaci\u00f3n de la Violencia contra la Mujer, en honor a las hermanas Mirabal y a todas las mujeres v\u00edctimas de violencia. Las hermanas Mirabal, tambi\u00e9n conocidas como Las Mirabal o Mariposas, fueron tres hermanas dominicanas que se opusieron a la dictadura de Rafael Le\u00f3nidas Trujillo, por lo que fueron asesinadas el 25 de noviembre de 1960.<\/p>\n\n\n\n<p>La fecha fue establecida de manera extraoficial en el Primer Encuentro Feminista Latinoamericano y del Caribe celebrado en Bogot\u00e1, Colombia en 1981, luego respaldado y aprobado por la resoluci\u00f3n oficial de la ONU, en su asamblea el 7 de febrero de 2000.<\/p>\n\n\n\n<p>Cumpli\u00e9ndose 61 a\u00f1os de ese hecho tr\u00e1gico, en la semana de la Eliminaci\u00f3n de la Violencia contra la Mujer, la Unidad de Derechos Humanos, G\u00e9nero, Trata de Personas y Narcotr\u00e1fico del Consejo de la Magistratura, publica un texto del Dr. Ricardo Fessia, miembro de esa Unidad, a modo de homenaje. A continuaci\u00f3n, el texto completo de \u201cLas Mariposas\u201d.<\/p>\n\n\n\n<p class=\"has-text-align-center has-large-font-size\"><strong>LAS MARIPOSAS<\/strong><\/p>\n\n\n\n<p class=\"has-drop-cap\">Un viernes como cualquier otro, la poblaci\u00f3n de Santo Domingo, Rep\u00fablica Dominicana, se anotician de la muerte violenta de las hermanas Mirabal, Patria, Minerva y Mar\u00eda Teresa; era el 25 de noviembre de 1960.<\/p>\n\n\n\n<p>Sin que nada lo disponga, todos quedaron estremecidos y luego de los primeros estertores, domin\u00f3 tanta impotencia como rabia; el \u201cJefe\u201d ahora hab\u00eda llegado demasiado lejos.<\/p>\n\n\n\n<p>Por expreso pedido de Trujillo, una de los tantos grupos de sicarios, ejecut\u00f3 a las \u201ctres mariposas\u201d, tal como las llamaban los compa\u00f1eros, y al chofer de ellas, Rufino de la Cruz.<\/p>\n\n\n\n<p>El encargo fue una faena simple en comparaci\u00f3n con otras tantas realizadas. Pero en este caso las v\u00edctimas eran referentes de perfil bajo en los sectores contrarios a la dictadura, con ganado respeto entre los sectores sociales que soportaban el r\u00e9gimen e incluso entre algunos que estaban cercanos.<\/p>\n\n\n\n<figure class=\"wp-block-image size-large\"><img fetchpriority=\"high\" decoding=\"async\" width=\"1024\" height=\"702\" src=\"https:\/\/consejomagistratura.gov.ar\/wp-content\/uploads\/2021\/11\/MIRABAL-2-1024x702.jpg\" alt=\"\" class=\"wp-image-15135\" srcset=\"https:\/\/consejomagistratura.gov.ar\/wp-content\/uploads\/2021\/11\/MIRABAL-2-1024x702.jpg 1024w, https:\/\/consejomagistratura.gov.ar\/wp-content\/uploads\/2021\/11\/MIRABAL-2-300x206.jpg 300w, https:\/\/consejomagistratura.gov.ar\/wp-content\/uploads\/2021\/11\/MIRABAL-2-768x527.jpg 768w, https:\/\/consejomagistratura.gov.ar\/wp-content\/uploads\/2021\/11\/MIRABAL-2.jpg 1384w\" sizes=\"(max-width: 1024px) 100vw, 1024px\" \/><\/figure>\n\n\n\n<p>Pero, como la historia lo tiene escrito varias veces, el r\u00e9gimen estaba desgastado, el 14 de junio de 1959 se hab\u00eda llevado adelante una expedici\u00f3n guerrillera que, a\u00fan con su fracaso, logr\u00f3 demostrar que la dictadura era vulnerable, el asesinato de las j\u00f3venes en Salcedo fue la piedra del esc\u00e1ndalo.<\/p>\n\n\n\n<p>R\u00e1pidamente se fue gestando un sentimiento de rechazo en amplios sectores sociales y todos, sintieron la necesidad de expresar su rechazo y voluntad de retomar la senda de la democracia. Se disipaba el sentimiento de miedo que hab\u00eda dominado en esas tres largas d\u00e9cadas trujillistas. Estas muertes fueron distintas a las otras tantas ordenadas, ya no \u201cse afirmaba el r\u00e9gimen\u201d o se sosten\u00eda el \u201crespeto\u201d, todo lo contrario, emergi\u00f3 la indignaci\u00f3n.<\/p>\n\n\n\n<p>Apenas pasaron unos meses, el 30 de mayo de 1961 cuando el dictador se trasladaba a su natal San Crist\u00f3bal, fue emboscado por disparos de metralla, muriendo en el acto. Los ejecutores fueron sus ex colaboradores, con el apoyo de la CIA. Mor\u00eda como hab\u00eda vivido; a sangre y fuego.<\/p>\n\n\n\n<p>El 10 de enero de 1960, j\u00f3venes de distinta extracci\u00f3n se hab\u00edan congregado en la finca de Charlie Bogaert, en Mao, y constituyeron el \u201cMovimiento revolucionario 14 de junio\u201d, nombre que viene de la avanzada de resistencia. En esos momentos, casi como l\u00edder natural, surge \u201cManolo\u201d el abogado Manuel Aurelio Tav\u00e1rez Justo, esposo de Minerva. El objetivo era llegar a derrocar al dictador. A los pocos d\u00edas, los servicios de inteligencia detectaron el movimiento y unos diez d\u00edas despu\u00e9s comenzaron las detenciones, las torturas y desapariciones. Entre los encarcelados figuran \u201cManolo\u201d y Minerva, los esposos de Mar\u00eda Teresa y Patria, el ingeniero Leandro Guzm\u00e1n y el hacendado Pedro Gonz\u00e1lez. Algunas semanas despu\u00e9s las tres mujeres fueron liberadas, pero los esposos fueron condenados a 30 a\u00f1os de prisi\u00f3n. Luego de varios traslados, terminaron en el penal de Puerto Plata al que se le permit\u00eda como graciosa liberalidad una visita semanal, los viernes.<\/p>\n\n\n\n<p>Todas las semanas, las tres hermanas con el chofer montaban un Jeep para la visita. Las amistades y los conmilitantes las desaconsejaban, pero la voluntad de las j\u00f3venes pod\u00eda m\u00e1s, no conoc\u00eda el miedo.<\/p>\n\n\n\n<p>Seg\u00fan ha quedado registrado, el 4 de noviembre, Trujillo orden\u00f3 deshacerse de las mujeres, y desde ese d\u00eda, los esbirros esperaron el momento.<\/p>\n\n\n\n<p>El viernes 25, pasadas las 4 de la tarde, las hermanas regresaban de la c\u00e1rcel de San Felipe en Puerto Plata. A poco de salir, se encuentran con un coche que estaba detenido casi en medio de la ruta con signos de estar descompuesto. Por lo que Rufino de la Cruz se detuvo y apenas esto, el jeep fue asaltado, las mujeres expulsadas y cargadas en otro veh\u00edculo. Marcharon con de la Cruz sobre el jeep circulando atr\u00e1s y apuntando con armas de los secuestradores. Ingresaron a un camino secundario y junto a un ca\u00f1averal, golpearon y acuchillaron a las muchachas y el chofer fue ahorcado.<\/p>\n\n\n\n<p>Acomodaron los cuatro cuerpos en el veh\u00edculo y lo desbarrancaron. Al d\u00eda siguiente el titular del diario era \u201cTres mujeres y un chofer perecen en vuelco\u201d. La noticia corri\u00f3 boca a boca en versi\u00f3n encontrada, con el firme convencimiento que era otra de los asesinatos del tirano.<\/p>\n\n\n\n<p>Ese d\u00eda, las mariposas vencieron a la dictadura.<\/p>\n\n\n\n<p>Por Ricardo Miguel Fessia<br>Miembro de la Unidad de Derechos Humanos, G\u00e9nero, Trata de Personas y Narcotr\u00e1fico<\/p>\n","protected":false},"excerpt":{"rendered":"<p>Cada 25 de noviembre se conmemora el D\u00eda Internacional de la Eliminaci\u00f3n de la Violencia contra la Mujer, en honor a las hermanas Mirabal y a todas las mujeres v\u00edctimas de violencia. Las hermanas Mirabal, [&hellip;]<\/p>\n","protected":false},"author":6,"featured_media":15131,"comment_status":"open","ping_status":"open","sticky":false,"template":"","format":"standard","meta":{"footnotes":""},"categories":[21],"tags":[],"class_list":["post-15129","post","type-post","status-publish","format-standard","has-post-thumbnail","hentry","category-derechos-humanos"],"yoast_head":"<!-- This site is optimized with the Yoast SEO Premium plugin v16.2 (Yoast SEO v17.9) - https:\/\/yoast.com\/wordpress\/plugins\/seo\/ -->\n<title>Las Mariposas | Consejo de la Magistratura<\/title>\n<meta name=\"robots\" content=\"index, follow, max-snippet:-1, max-image-preview:large, max-video-preview:-1\" \/>\n<link rel=\"canonical\" href=\"https:\/\/consejomagistratura.gov.ar\/index.php\/2021\/11\/23\/las-mariposas\/\" \/>\n<meta property=\"og:locale\" content=\"es_ES\" \/>\n<meta property=\"og:type\" content=\"article\" \/>\n<meta property=\"og:title\" content=\"Las Mariposas | Consejo de la Magistratura\" \/>\n<meta property=\"og:description\" content=\"Cada 25 de noviembre se conmemora el D\u00eda Internacional de la Eliminaci\u00f3n de la Violencia contra la Mujer, en honor a las hermanas Mirabal y a todas las mujeres v\u00edctimas de violencia. Las hermanas Mirabal, [&hellip;]\" \/>\n<meta property=\"og:url\" content=\"https:\/\/consejomagistratura.gov.ar\/index.php\/2021\/11\/23\/las-mariposas\/\" \/>\n<meta property=\"og:site_name\" content=\"Consejo de la Magistratura\" \/>\n<meta property=\"article:publisher\" content=\"https:\/\/www.facebook.com\/consejomagistratura\" \/>\n<meta property=\"article:published_time\" content=\"2021-11-23T12:45:56+00:00\" \/>\n<meta property=\"article:modified_time\" content=\"2021-11-23T13:04:35+00:00\" \/>\n<meta property=\"og:image\" content=\"https:\/\/consejomagistratura.gov.ar\/wp-content\/uploads\/2021\/11\/25nlasmariposas.jpg\" \/>\n\t<meta property=\"og:image:width\" content=\"271\" \/>\n\t<meta property=\"og:image:height\" content=\"186\" \/>\n\t<meta property=\"og:image:type\" content=\"image\/jpeg\" \/>\n<meta name=\"twitter:card\" content=\"summary_large_image\" \/>\n<meta name=\"twitter:creator\" content=\"@cmagistratura\" \/>\n<meta name=\"twitter:site\" content=\"@cmagistratura\" \/>\n<meta name=\"twitter:label1\" content=\"Escrito por\" \/>\n\t<meta name=\"twitter:data1\" content=\"hernanelman\" \/>\n\t<meta name=\"twitter:label2\" content=\"Tiempo de lectura\" \/>\n\t<meta name=\"twitter:data2\" content=\"4 minutos\" \/>\n<script type=\"application\/ld+json\" class=\"yoast-schema-graph\">{\"@context\":\"https:\/\/schema.org\",\"@graph\":[{\"@type\":\"Organization\",\"@id\":\"https:\/\/consejomagistratura.gov.ar\/#organization\",\"name\":\"Consejo de la Magistratura\",\"url\":\"https:\/\/consejomagistratura.gov.ar\/\",\"sameAs\":[\"https:\/\/www.facebook.com\/consejomagistratura\",\"https:\/\/www.instagram.com\/consejodelamagistratura\/\",\"https:\/\/www.youtube.com\/c\/consejodelamagistraturadelanacion\",\"https:\/\/es.wikipedia.org\/wiki\/Consejo_de_la_Magistratura_(Argentina)\",\"https:\/\/twitter.com\/cmagistratura\"],\"logo\":{\"@type\":\"ImageObject\",\"@id\":\"https:\/\/consejomagistratura.gov.ar\/#logo\",\"inLanguage\":\"es-AR\",\"url\":\"https:\/\/consejomagistratura.gov.ar\/wp-content\/uploads\/2021\/08\/logo_link_2_Mesa-de-trabajo-1.png\",\"contentUrl\":\"https:\/\/consejomagistratura.gov.ar\/wp-content\/uploads\/2021\/08\/logo_link_2_Mesa-de-trabajo-1.png\",\"width\":1067,\"height\":780,\"caption\":\"Consejo de la Magistratura\"},\"image\":{\"@id\":\"https:\/\/consejomagistratura.gov.ar\/#logo\"}},{\"@type\":\"WebSite\",\"@id\":\"https:\/\/consejomagistratura.gov.ar\/#website\",\"url\":\"https:\/\/consejomagistratura.gov.ar\/\",\"name\":\"Consejo de la Magistratura\",\"description\":\"\",\"publisher\":{\"@id\":\"https:\/\/consejomagistratura.gov.ar\/#organization\"},\"potentialAction\":[{\"@type\":\"SearchAction\",\"target\":{\"@type\":\"EntryPoint\",\"urlTemplate\":\"https:\/\/consejomagistratura.gov.ar\/?s={search_term_string}\"},\"query-input\":\"required name=search_term_string\"}],\"inLanguage\":\"es-AR\"},{\"@type\":\"ImageObject\",\"@id\":\"https:\/\/consejomagistratura.gov.ar\/index.php\/2021\/11\/23\/las-mariposas\/#primaryimage\",\"inLanguage\":\"es-AR\",\"url\":\"https:\/\/consejomagistratura.gov.ar\/wp-content\/uploads\/2021\/11\/25nlasmariposas.jpg\",\"contentUrl\":\"https:\/\/consejomagistratura.gov.ar\/wp-content\/uploads\/2021\/11\/25nlasmariposas.jpg\",\"width\":271,\"height\":186},{\"@type\":\"WebPage\",\"@id\":\"https:\/\/consejomagistratura.gov.ar\/index.php\/2021\/11\/23\/las-mariposas\/#webpage\",\"url\":\"https:\/\/consejomagistratura.gov.ar\/index.php\/2021\/11\/23\/las-mariposas\/\",\"name\":\"Las Mariposas | Consejo de la Magistratura\",\"isPartOf\":{\"@id\":\"https:\/\/consejomagistratura.gov.ar\/#website\"},\"primaryImageOfPage\":{\"@id\":\"https:\/\/consejomagistratura.gov.ar\/index.php\/2021\/11\/23\/las-mariposas\/#primaryimage\"},\"datePublished\":\"2021-11-23T12:45:56+00:00\",\"dateModified\":\"2021-11-23T13:04:35+00:00\",\"breadcrumb\":{\"@id\":\"https:\/\/consejomagistratura.gov.ar\/index.php\/2021\/11\/23\/las-mariposas\/#breadcrumb\"},\"inLanguage\":\"es-AR\",\"potentialAction\":[{\"@type\":\"ReadAction\",\"target\":[\"https:\/\/consejomagistratura.gov.ar\/index.php\/2021\/11\/23\/las-mariposas\/\"]}]},{\"@type\":\"BreadcrumbList\",\"@id\":\"https:\/\/consejomagistratura.gov.ar\/index.php\/2021\/11\/23\/las-mariposas\/#breadcrumb\",\"itemListElement\":[{\"@type\":\"ListItem\",\"position\":1,\"name\":\"Inicio\",\"item\":\"https:\/\/consejomagistratura.gov.ar\/\"},{\"@type\":\"ListItem\",\"position\":2,\"name\":\"Las Mariposas\"}]},{\"@type\":\"Article\",\"@id\":\"https:\/\/consejomagistratura.gov.ar\/index.php\/2021\/11\/23\/las-mariposas\/#article\",\"isPartOf\":{\"@id\":\"https:\/\/consejomagistratura.gov.ar\/index.php\/2021\/11\/23\/las-mariposas\/#webpage\"},\"author\":{\"@id\":\"https:\/\/consejomagistratura.gov.ar\/#\/schema\/person\/4da57063f408a85d886d958badf8f6df\"},\"headline\":\"Las Mariposas\",\"datePublished\":\"2021-11-23T12:45:56+00:00\",\"dateModified\":\"2021-11-23T13:04:35+00:00\",\"mainEntityOfPage\":{\"@id\":\"https:\/\/consejomagistratura.gov.ar\/index.php\/2021\/11\/23\/las-mariposas\/#webpage\"},\"wordCount\":914,\"commentCount\":0,\"publisher\":{\"@id\":\"https:\/\/consejomagistratura.gov.ar\/#organization\"},\"image\":{\"@id\":\"https:\/\/consejomagistratura.gov.ar\/index.php\/2021\/11\/23\/las-mariposas\/#primaryimage\"},\"thumbnailUrl\":\"https:\/\/consejomagistratura.gov.ar\/wp-content\/uploads\/2021\/11\/25nlasmariposas.jpg\",\"articleSection\":[\"Derechos Humanos\"],\"inLanguage\":\"es-AR\",\"potentialAction\":[{\"@type\":\"CommentAction\",\"name\":\"Comment\",\"target\":[\"https:\/\/consejomagistratura.gov.ar\/index.php\/2021\/11\/23\/las-mariposas\/#respond\"]}]},{\"@type\":\"Person\",\"@id\":\"https:\/\/consejomagistratura.gov.ar\/#\/schema\/person\/4da57063f408a85d886d958badf8f6df\",\"name\":\"hernanelman\",\"image\":{\"@type\":\"ImageObject\",\"@id\":\"https:\/\/consejomagistratura.gov.ar\/#personlogo\",\"inLanguage\":\"es-AR\",\"url\":\"https:\/\/secure.gravatar.com\/avatar\/cb37cc646e6a84fe6e78061c6d9d5fb02a35404aaf0d46840fd3257e6c0131f2?s=96&d=mm&r=g\",\"contentUrl\":\"https:\/\/secure.gravatar.com\/avatar\/cb37cc646e6a84fe6e78061c6d9d5fb02a35404aaf0d46840fd3257e6c0131f2?s=96&d=mm&r=g\",\"caption\":\"hernanelman\"},\"url\":\"https:\/\/consejomagistratura.gov.ar\/index.php\/author\/hernanelman\/\"}]}<\/script>\n<!-- \/ Yoast SEO Premium plugin. -->","yoast_head_json":{"title":"Las Mariposas | Consejo de la Magistratura","robots":{"index":"index","follow":"follow","max-snippet":"max-snippet:-1","max-image-preview":"max-image-preview:large","max-video-preview":"max-video-preview:-1"},"canonical":"https:\/\/consejomagistratura.gov.ar\/index.php\/2021\/11\/23\/las-mariposas\/","og_locale":"es_ES","og_type":"article","og_title":"Las Mariposas | Consejo de la Magistratura","og_description":"Cada 25 de noviembre se conmemora el D\u00eda Internacional de la Eliminaci\u00f3n de la Violencia contra la Mujer, en honor a las hermanas Mirabal y a todas las mujeres v\u00edctimas de violencia. Las hermanas Mirabal, [&hellip;]","og_url":"https:\/\/consejomagistratura.gov.ar\/index.php\/2021\/11\/23\/las-mariposas\/","og_site_name":"Consejo de la Magistratura","article_publisher":"https:\/\/www.facebook.com\/consejomagistratura","article_published_time":"2021-11-23T12:45:56+00:00","article_modified_time":"2021-11-23T13:04:35+00:00","og_image":[{"width":271,"height":186,"url":"https:\/\/consejomagistratura.gov.ar\/wp-content\/uploads\/2021\/11\/25nlasmariposas.jpg","type":"image\/jpeg"}],"twitter_card":"summary_large_image","twitter_creator":"@cmagistratura","twitter_site":"@cmagistratura","twitter_misc":{"Escrito por":"hernanelman","Tiempo de lectura":"4 minutos"},"schema":{"@context":"https:\/\/schema.org","@graph":[{"@type":"Organization","@id":"https:\/\/consejomagistratura.gov.ar\/#organization","name":"Consejo de la Magistratura","url":"https:\/\/consejomagistratura.gov.ar\/","sameAs":["https:\/\/www.facebook.com\/consejomagistratura","https:\/\/www.instagram.com\/consejodelamagistratura\/","https:\/\/www.youtube.com\/c\/consejodelamagistraturadelanacion","https:\/\/es.wikipedia.org\/wiki\/Consejo_de_la_Magistratura_(Argentina)","https:\/\/twitter.com\/cmagistratura"],"logo":{"@type":"ImageObject","@id":"https:\/\/consejomagistratura.gov.ar\/#logo","inLanguage":"es-AR","url":"https:\/\/consejomagistratura.gov.ar\/wp-content\/uploads\/2021\/08\/logo_link_2_Mesa-de-trabajo-1.png","contentUrl":"https:\/\/consejomagistratura.gov.ar\/wp-content\/uploads\/2021\/08\/logo_link_2_Mesa-de-trabajo-1.png","width":1067,"height":780,"caption":"Consejo de la Magistratura"},"image":{"@id":"https:\/\/consejomagistratura.gov.ar\/#logo"}},{"@type":"WebSite","@id":"https:\/\/consejomagistratura.gov.ar\/#website","url":"https:\/\/consejomagistratura.gov.ar\/","name":"Consejo de la Magistratura","description":"","publisher":{"@id":"https:\/\/consejomagistratura.gov.ar\/#organization"},"potentialAction":[{"@type":"SearchAction","target":{"@type":"EntryPoint","urlTemplate":"https:\/\/consejomagistratura.gov.ar\/?s={search_term_string}"},"query-input":"required name=search_term_string"}],"inLanguage":"es-AR"},{"@type":"ImageObject","@id":"https:\/\/consejomagistratura.gov.ar\/index.php\/2021\/11\/23\/las-mariposas\/#primaryimage","inLanguage":"es-AR","url":"https:\/\/consejomagistratura.gov.ar\/wp-content\/uploads\/2021\/11\/25nlasmariposas.jpg","contentUrl":"https:\/\/consejomagistratura.gov.ar\/wp-content\/uploads\/2021\/11\/25nlasmariposas.jpg","width":271,"height":186},{"@type":"WebPage","@id":"https:\/\/consejomagistratura.gov.ar\/index.php\/2021\/11\/23\/las-mariposas\/#webpage","url":"https:\/\/consejomagistratura.gov.ar\/index.php\/2021\/11\/23\/las-mariposas\/","name":"Las Mariposas | Consejo de la Magistratura","isPartOf":{"@id":"https:\/\/consejomagistratura.gov.ar\/#website"},"primaryImageOfPage":{"@id":"https:\/\/consejomagistratura.gov.ar\/index.php\/2021\/11\/23\/las-mariposas\/#primaryimage"},"datePublished":"2021-11-23T12:45:56+00:00","dateModified":"2021-11-23T13:04:35+00:00","breadcrumb":{"@id":"https:\/\/consejomagistratura.gov.ar\/index.php\/2021\/11\/23\/las-mariposas\/#breadcrumb"},"inLanguage":"es-AR","potentialAction":[{"@type":"ReadAction","target":["https:\/\/consejomagistratura.gov.ar\/index.php\/2021\/11\/23\/las-mariposas\/"]}]},{"@type":"BreadcrumbList","@id":"https:\/\/consejomagistratura.gov.ar\/index.php\/2021\/11\/23\/las-mariposas\/#breadcrumb","itemListElement":[{"@type":"ListItem","position":1,"name":"Inicio","item":"https:\/\/consejomagistratura.gov.ar\/"},{"@type":"ListItem","position":2,"name":"Las Mariposas"}]},{"@type":"Article","@id":"https:\/\/consejomagistratura.gov.ar\/index.php\/2021\/11\/23\/las-mariposas\/#article","isPartOf":{"@id":"https:\/\/consejomagistratura.gov.ar\/index.php\/2021\/11\/23\/las-mariposas\/#webpage"},"author":{"@id":"https:\/\/consejomagistratura.gov.ar\/#\/schema\/person\/4da57063f408a85d886d958badf8f6df"},"headline":"Las Mariposas","datePublished":"2021-11-23T12:45:56+00:00","dateModified":"2021-11-23T13:04:35+00:00","mainEntityOfPage":{"@id":"https:\/\/consejomagistratura.gov.ar\/index.php\/2021\/11\/23\/las-mariposas\/#webpage"},"wordCount":914,"commentCount":0,"publisher":{"@id":"https:\/\/consejomagistratura.gov.ar\/#organization"},"image":{"@id":"https:\/\/consejomagistratura.gov.ar\/index.php\/2021\/11\/23\/las-mariposas\/#primaryimage"},"thumbnailUrl":"https:\/\/consejomagistratura.gov.ar\/wp-content\/uploads\/2021\/11\/25nlasmariposas.jpg","articleSection":["Derechos Humanos"],"inLanguage":"es-AR","potentialAction":[{"@type":"CommentAction","name":"Comment","target":["https:\/\/consejomagistratura.gov.ar\/index.php\/2021\/11\/23\/las-mariposas\/#respond"]}]},{"@type":"Person","@id":"https:\/\/consejomagistratura.gov.ar\/#\/schema\/person\/4da57063f408a85d886d958badf8f6df","name":"hernanelman","image":{"@type":"ImageObject","@id":"https:\/\/consejomagistratura.gov.ar\/#personlogo","inLanguage":"es-AR","url":"https:\/\/secure.gravatar.com\/avatar\/cb37cc646e6a84fe6e78061c6d9d5fb02a35404aaf0d46840fd3257e6c0131f2?s=96&d=mm&r=g","contentUrl":"https:\/\/secure.gravatar.com\/avatar\/cb37cc646e6a84fe6e78061c6d9d5fb02a35404aaf0d46840fd3257e6c0131f2?s=96&d=mm&r=g","caption":"hernanelman"},"url":"https:\/\/consejomagistratura.gov.ar\/index.php\/author\/hernanelman\/"}]}},"_links":{"self":[{"href":"https:\/\/consejomagistratura.gov.ar\/index.php\/wp-json\/wp\/v2\/posts\/15129","targetHints":{"allow":["GET"]}}],"collection":[{"href":"https:\/\/consejomagistratura.gov.ar\/index.php\/wp-json\/wp\/v2\/posts"}],"about":[{"href":"https:\/\/consejomagistratura.gov.ar\/index.php\/wp-json\/wp\/v2\/types\/post"}],"author":[{"embeddable":true,"href":"https:\/\/consejomagistratura.gov.ar\/index.php\/wp-json\/wp\/v2\/users\/6"}],"replies":[{"embeddable":true,"href":"https:\/\/consejomagistratura.gov.ar\/index.php\/wp-json\/wp\/v2\/comments?post=15129"}],"version-history":[{"count":3,"href":"https:\/\/consejomagistratura.gov.ar\/index.php\/wp-json\/wp\/v2\/posts\/15129\/revisions"}],"predecessor-version":[{"id":15136,"href":"https:\/\/consejomagistratura.gov.ar\/index.php\/wp-json\/wp\/v2\/posts\/15129\/revisions\/15136"}],"wp:featuredmedia":[{"embeddable":true,"href":"https:\/\/consejomagistratura.gov.ar\/index.php\/wp-json\/wp\/v2\/media\/15131"}],"wp:attachment":[{"href":"https:\/\/consejomagistratura.gov.ar\/index.php\/wp-json\/wp\/v2\/media?parent=15129"}],"wp:term":[{"taxonomy":"category","embeddable":true,"href":"https:\/\/consejomagistratura.gov.ar\/index.php\/wp-json\/wp\/v2\/categories?post=15129"},{"taxonomy":"post_tag","embeddable":true,"href":"https:\/\/consejomagistratura.gov.ar\/index.php\/wp-json\/wp\/v2\/tags?post=15129"}],"curies":[{"name":"wp","href":"https:\/\/api.w.org\/{rel}","templated":true}]}}