{"id":15244,"date":"2021-12-09T14:18:15","date_gmt":"2021-12-09T17:18:15","guid":{"rendered":"https:\/\/consejomagistratura.gov.ar\/?p=15244"},"modified":"2021-12-09T14:27:24","modified_gmt":"2021-12-09T17:27:24","slug":"sesiono-la-comision-de-seleccion","status":"publish","type":"post","link":"https:\/\/consejomagistratura.gov.ar\/index.php\/2021\/12\/09\/sesiono-la-comision-de-seleccion\/","title":{"rendered":"Sesion\u00f3 la Comisi\u00f3n de Selecci\u00f3n"},"content":{"rendered":"\n<figure class=\"wp-block-image size-large\"><img fetchpriority=\"high\" decoding=\"async\" width=\"1024\" height=\"576\" src=\"https:\/\/consejomagistratura.gov.ar\/wp-content\/uploads\/2021\/12\/WhatsApp-Image-2021-12-09-at-10.15.09-AM-1024x576.jpeg\" alt=\"\" class=\"wp-image-15246\" srcset=\"https:\/\/consejomagistratura.gov.ar\/wp-content\/uploads\/2021\/12\/WhatsApp-Image-2021-12-09-at-10.15.09-AM-1024x576.jpeg 1024w, https:\/\/consejomagistratura.gov.ar\/wp-content\/uploads\/2021\/12\/WhatsApp-Image-2021-12-09-at-10.15.09-AM-300x169.jpeg 300w, https:\/\/consejomagistratura.gov.ar\/wp-content\/uploads\/2021\/12\/WhatsApp-Image-2021-12-09-at-10.15.09-AM-768x432.jpeg 768w, https:\/\/consejomagistratura.gov.ar\/wp-content\/uploads\/2021\/12\/WhatsApp-Image-2021-12-09-at-10.15.09-AM.jpeg 1280w\" sizes=\"(max-width: 1024px) 100vw, 1024px\" \/><\/figure>\n\n\n\n<p>En el marco de actividades del Consejo de la Magistratura de la Naci\u00f3n, durante la ma\u00f1ana de hoy \u20139 de diciembre\u2013 tuvo lugar la reuni\u00f3n convocada por la Comisi\u00f3n de Selecci\u00f3n y Escuela Judicial.<br>El encuentro fue conducido por la Presidenta de la Comisi\u00f3n Graciela Cama\u00f1o y estuvieron presentes los\/as Consejeros\/as Juan Manuel Culotta, Alberto Agust\u00edn Lugones, Diego Mar\u00edas, Carlos Matterson, Diego Molea, Ricardo Recondo, Vanesa Siley, Pablo Tonelli y Ger\u00f3nimo Ustarroz, con la asistencia de la Secretaria Ingrid Jorgensen.<br>La reuni\u00f3n comenz\u00f3 con la consideraci\u00f3n del acta de la reuni\u00f3n anterior y los informes de la Presidencia y de la Secretar\u00eda.<\/p>\n\n\n\n<figure class=\"wp-block-image size-large\"><img decoding=\"async\" width=\"1024\" height=\"576\" src=\"https:\/\/consejomagistratura.gov.ar\/wp-content\/uploads\/2021\/12\/WhatsApp-Image-2021-12-09-at-10.46.35-AM-1024x576.jpeg\" alt=\"\" class=\"wp-image-15248\" srcset=\"https:\/\/consejomagistratura.gov.ar\/wp-content\/uploads\/2021\/12\/WhatsApp-Image-2021-12-09-at-10.46.35-AM-1024x576.jpeg 1024w, https:\/\/consejomagistratura.gov.ar\/wp-content\/uploads\/2021\/12\/WhatsApp-Image-2021-12-09-at-10.46.35-AM-300x169.jpeg 300w, https:\/\/consejomagistratura.gov.ar\/wp-content\/uploads\/2021\/12\/WhatsApp-Image-2021-12-09-at-10.46.35-AM-768x432.jpeg 768w, https:\/\/consejomagistratura.gov.ar\/wp-content\/uploads\/2021\/12\/WhatsApp-Image-2021-12-09-at-10.46.35-AM.jpeg 1280w\" sizes=\"(max-width: 1024px) 100vw, 1024px\" \/><\/figure>\n\n\n\n<p><br>Entre los temas previstos en el orden del d\u00eda, la Comisi\u00f3n trat\u00f3 y aprob\u00f3 los informes con el resultado de las entrevistas personales en los Concursos 340 (Juzgado Federal de Primera Instancia de Puerto Iguaz\u00fa, provincia de Misiones -no habilitado -), 427 (Juzgados Nacionales de Primera Instancia en lo Civil y Comercial Federal N\u00ba 2 y 6 de la Capital), 460 (Juzgado Federal de Primera Instancia N\u00ba 1 de Corrientes), 329 (Tribunal Oral en lo Criminal Federal de Santiago del Estero, un cargo), 356 (Tribunal Oral en lo Criminal Federal de Formosa, un cargo) y 423 (Juzgados Nacionales de Primera Instancia en lo Civil -Familia- N\u00ba 9, 25, 77 y 85 de la Capital).<br>Los dict\u00e1menes emitidos con las ternas propuestas ser\u00e1n elevados a la consideraci\u00f3n del Plenario del Cuerpo.<br>Por otra parte, en el marco de la reuni\u00f3n se dio lugar al sorteo de las subcomisiones que intervendr\u00e1n en los Concursos 444 (C\u00e1mara Nacional de Apelaciones en lo Civil de la Capital, Salas E -2 cargos F, I, K -2 cargos- y M), 453 (Tribunal Oral en lo Criminal Federal de Catamarca) y 459 (Tribunal Oral en lo Criminal Federal de Posadas, provincia de Misiones).<\/p>\n\n\n\n<figure class=\"wp-block-image size-large\"><img decoding=\"async\" width=\"1024\" height=\"576\" src=\"https:\/\/consejomagistratura.gov.ar\/wp-content\/uploads\/2021\/12\/WhatsApp-Image-2021-12-09-at-10.46.35-AM-1-1024x576.jpeg\" alt=\"\" class=\"wp-image-15247\" srcset=\"https:\/\/consejomagistratura.gov.ar\/wp-content\/uploads\/2021\/12\/WhatsApp-Image-2021-12-09-at-10.46.35-AM-1-1024x576.jpeg 1024w, https:\/\/consejomagistratura.gov.ar\/wp-content\/uploads\/2021\/12\/WhatsApp-Image-2021-12-09-at-10.46.35-AM-1-300x169.jpeg 300w, https:\/\/consejomagistratura.gov.ar\/wp-content\/uploads\/2021\/12\/WhatsApp-Image-2021-12-09-at-10.46.35-AM-1-768x432.jpeg 768w, https:\/\/consejomagistratura.gov.ar\/wp-content\/uploads\/2021\/12\/WhatsApp-Image-2021-12-09-at-10.46.35-AM-1.jpeg 1280w\" sizes=\"(max-width: 1024px) 100vw, 1024px\" \/><\/figure>\n\n\n\n<p><br>Asimismo, se realiz\u00f3 el sorteo de los jurados en los Concursos 475 (C\u00e1mara Federal de Casaci\u00f3n Penal, Sala III), 476 (Tribunal Oral en lo Criminal Federal de Santa Cruz) y 477 (Tribunal Oral en lo Criminal Federal N\u00ba 2 de C\u00f3rdoba) y el resorteo en el Concurso N\u00ba 472 (Tribunal Oral en lo Criminal Federal de Corrientes).<br>Hacia el final de la reuni\u00f3n, la Comisi\u00f3n aprob\u00f3 el Programa de Capacitaci\u00f3n \u201cLey Yolanda\u201d, acreditado por el Ministerio de Ambiente y Desarrollo Sostenible de la Naci\u00f3n, que se desarrollar\u00e1 en el marco de las propuestas educativas de la Escuela Judicial. La citada ley establece la capacitaci\u00f3n obligatoria en la tem\u00e1tica de ambiente, con perspectiva de desarrollo sostenible y con especial \u00e9nfasis en cambio clim\u00e1tico, para todas las personas que se desempe\u00f1en en la funci\u00f3n p\u00fablica en todos sus niveles y jerarqu\u00edas en los poderes Ejecutivo, Legislativo y Judicial de la Naci\u00f3n.<br>La sesi\u00f3n tuvo lugar en la modalidad semipresencial, con transmisi\u00f3n en vivo a trav\u00e9s de este portal y el Canal en YouTube del Consejo de la Magistratura.<\/p>\n\n\n\n<figure class=\"wp-block-embed is-type-video is-provider-youtube wp-block-embed-youtube wp-embed-aspect-16-9 wp-has-aspect-ratio\"><div class=\"wp-block-embed__wrapper\">\n<iframe title=\"Reuni\u00f3n de la Comisi\u00f3n de Selecci\u00f3n 09\/12\/2021\" width=\"640\" height=\"360\" src=\"https:\/\/www.youtube.com\/embed\/Y0JgwPD9O3E?feature=oembed\" frameborder=\"0\" allow=\"accelerometer; autoplay; clipboard-write; encrypted-media; gyroscope; picture-in-picture; web-share\" referrerpolicy=\"strict-origin-when-cross-origin\" allowfullscreen><\/iframe>\n<\/div><\/figure>\n","protected":false},"excerpt":{"rendered":"<p>En el marco de actividades del Consejo de la Magistratura de la Naci\u00f3n, durante la ma\u00f1ana de hoy \u20139 de diciembre\u2013 tuvo lugar la reuni\u00f3n convocada por la Comisi\u00f3n de Selecci\u00f3n y Escuela Judicial.El encuentro [&hellip;]<\/p>\n","protected":false},"author":6,"featured_media":15246,"comment_status":"closed","ping_status":"open","sticky":false,"template":"","format":"standard","meta":{"footnotes":""},"categories":[18,4],"tags":[],"class_list":["post-15244","post","type-post","status-publish","format-standard","has-post-thumbnail","hentry","category-seleccion","category-comisiones"],"yoast_head":"<!-- This site is optimized with the Yoast SEO Premium plugin v16.2 (Yoast SEO v17.9) - https:\/\/yoast.com\/wordpress\/plugins\/seo\/ -->\n<title>Sesion\u00f3 la Comisi\u00f3n de Selecci\u00f3n | Consejo de la Magistratura<\/title>\n<meta name=\"robots\" content=\"index, follow, max-snippet:-1, max-image-preview:large, max-video-preview:-1\" \/>\n<link rel=\"canonical\" href=\"https:\/\/consejomagistratura.gov.ar\/index.php\/2021\/12\/09\/sesiono-la-comision-de-seleccion\/\" \/>\n<meta property=\"og:locale\" content=\"es_ES\" \/>\n<meta property=\"og:type\" content=\"article\" \/>\n<meta property=\"og:title\" content=\"Sesion\u00f3 la Comisi\u00f3n de Selecci\u00f3n | Consejo de la Magistratura\" \/>\n<meta property=\"og:description\" content=\"En el marco de actividades del Consejo de la Magistratura de la Naci\u00f3n, durante la ma\u00f1ana de hoy \u20139 de diciembre\u2013 tuvo lugar la reuni\u00f3n convocada por la Comisi\u00f3n de Selecci\u00f3n y Escuela Judicial.El encuentro [&hellip;]\" \/>\n<meta property=\"og:url\" content=\"https:\/\/consejomagistratura.gov.ar\/index.php\/2021\/12\/09\/sesiono-la-comision-de-seleccion\/\" \/>\n<meta property=\"og:site_name\" content=\"Consejo de la Magistratura\" \/>\n<meta property=\"article:publisher\" content=\"https:\/\/www.facebook.com\/consejomagistratura\" \/>\n<meta property=\"article:published_time\" content=\"2021-12-09T17:18:15+00:00\" \/>\n<meta property=\"article:modified_time\" content=\"2021-12-09T17:27:24+00:00\" \/>\n<meta property=\"og:image\" content=\"https:\/\/consejomagistratura.gov.ar\/wp-content\/uploads\/2021\/12\/WhatsApp-Image-2021-12-09-at-10.15.09-AM.jpeg\" \/>\n\t<meta property=\"og:image:width\" content=\"1280\" \/>\n\t<meta property=\"og:image:height\" content=\"720\" \/>\n\t<meta property=\"og:image:type\" content=\"image\/jpeg\" \/>\n<meta name=\"twitter:card\" content=\"summary_large_image\" \/>\n<meta name=\"twitter:creator\" content=\"@cmagistratura\" \/>\n<meta name=\"twitter:site\" content=\"@cmagistratura\" \/>\n<meta name=\"twitter:label1\" content=\"Escrito por\" \/>\n\t<meta name=\"twitter:data1\" content=\"hernanelman\" \/>\n\t<meta name=\"twitter:label2\" content=\"Tiempo de lectura\" \/>\n\t<meta name=\"twitter:data2\" content=\"3 minutos\" \/>\n<script type=\"application\/ld+json\" class=\"yoast-schema-graph\">{\"@context\":\"https:\/\/schema.org\",\"@graph\":[{\"@type\":\"Organization\",\"@id\":\"https:\/\/consejomagistratura.gov.ar\/#organization\",\"name\":\"Consejo de la Magistratura\",\"url\":\"https:\/\/consejomagistratura.gov.ar\/\",\"sameAs\":[\"https:\/\/www.facebook.com\/consejomagistratura\",\"https:\/\/www.instagram.com\/consejodelamagistratura\/\",\"https:\/\/www.youtube.com\/c\/consejodelamagistraturadelanacion\",\"https:\/\/es.wikipedia.org\/wiki\/Consejo_de_la_Magistratura_(Argentina)\",\"https:\/\/twitter.com\/cmagistratura\"],\"logo\":{\"@type\":\"ImageObject\",\"@id\":\"https:\/\/consejomagistratura.gov.ar\/#logo\",\"inLanguage\":\"es-AR\",\"url\":\"https:\/\/consejomagistratura.gov.ar\/wp-content\/uploads\/2021\/08\/logo_link_2_Mesa-de-trabajo-1.png\",\"contentUrl\":\"https:\/\/consejomagistratura.gov.ar\/wp-content\/uploads\/2021\/08\/logo_link_2_Mesa-de-trabajo-1.png\",\"width\":1067,\"height\":780,\"caption\":\"Consejo de la Magistratura\"},\"image\":{\"@id\":\"https:\/\/consejomagistratura.gov.ar\/#logo\"}},{\"@type\":\"WebSite\",\"@id\":\"https:\/\/consejomagistratura.gov.ar\/#website\",\"url\":\"https:\/\/consejomagistratura.gov.ar\/\",\"name\":\"Consejo de la Magistratura\",\"description\":\"\",\"publisher\":{\"@id\":\"https:\/\/consejomagistratura.gov.ar\/#organization\"},\"potentialAction\":[{\"@type\":\"SearchAction\",\"target\":{\"@type\":\"EntryPoint\",\"urlTemplate\":\"https:\/\/consejomagistratura.gov.ar\/?s={search_term_string}\"},\"query-input\":\"required name=search_term_string\"}],\"inLanguage\":\"es-AR\"},{\"@type\":\"ImageObject\",\"@id\":\"https:\/\/consejomagistratura.gov.ar\/index.php\/2021\/12\/09\/sesiono-la-comision-de-seleccion\/#primaryimage\",\"inLanguage\":\"es-AR\",\"url\":\"https:\/\/consejomagistratura.gov.ar\/wp-content\/uploads\/2021\/12\/WhatsApp-Image-2021-12-09-at-10.15.09-AM.jpeg\",\"contentUrl\":\"https:\/\/consejomagistratura.gov.ar\/wp-content\/uploads\/2021\/12\/WhatsApp-Image-2021-12-09-at-10.15.09-AM.jpeg\",\"width\":1280,\"height\":720},{\"@type\":\"WebPage\",\"@id\":\"https:\/\/consejomagistratura.gov.ar\/index.php\/2021\/12\/09\/sesiono-la-comision-de-seleccion\/#webpage\",\"url\":\"https:\/\/consejomagistratura.gov.ar\/index.php\/2021\/12\/09\/sesiono-la-comision-de-seleccion\/\",\"name\":\"Sesion\\u00f3 la Comisi\\u00f3n de Selecci\\u00f3n | Consejo de la Magistratura\",\"isPartOf\":{\"@id\":\"https:\/\/consejomagistratura.gov.ar\/#website\"},\"primaryImageOfPage\":{\"@id\":\"https:\/\/consejomagistratura.gov.ar\/index.php\/2021\/12\/09\/sesiono-la-comision-de-seleccion\/#primaryimage\"},\"datePublished\":\"2021-12-09T17:18:15+00:00\",\"dateModified\":\"2021-12-09T17:27:24+00:00\",\"breadcrumb\":{\"@id\":\"https:\/\/consejomagistratura.gov.ar\/index.php\/2021\/12\/09\/sesiono-la-comision-de-seleccion\/#breadcrumb\"},\"inLanguage\":\"es-AR\",\"potentialAction\":[{\"@type\":\"ReadAction\",\"target\":[\"https:\/\/consejomagistratura.gov.ar\/index.php\/2021\/12\/09\/sesiono-la-comision-de-seleccion\/\"]}]},{\"@type\":\"BreadcrumbList\",\"@id\":\"https:\/\/consejomagistratura.gov.ar\/index.php\/2021\/12\/09\/sesiono-la-comision-de-seleccion\/#breadcrumb\",\"itemListElement\":[{\"@type\":\"ListItem\",\"position\":1,\"name\":\"Inicio\",\"item\":\"https:\/\/consejomagistratura.gov.ar\/\"},{\"@type\":\"ListItem\",\"position\":2,\"name\":\"Sesion\\u00f3 la Comisi\\u00f3n de Selecci\\u00f3n\"}]},{\"@type\":\"Article\",\"@id\":\"https:\/\/consejomagistratura.gov.ar\/index.php\/2021\/12\/09\/sesiono-la-comision-de-seleccion\/#article\",\"isPartOf\":{\"@id\":\"https:\/\/consejomagistratura.gov.ar\/index.php\/2021\/12\/09\/sesiono-la-comision-de-seleccion\/#webpage\"},\"author\":{\"@id\":\"https:\/\/consejomagistratura.gov.ar\/#\/schema\/person\/4da57063f408a85d886d958badf8f6df\"},\"headline\":\"Sesion\\u00f3 la Comisi\\u00f3n de Selecci\\u00f3n\",\"datePublished\":\"2021-12-09T17:18:15+00:00\",\"dateModified\":\"2021-12-09T17:27:24+00:00\",\"mainEntityOfPage\":{\"@id\":\"https:\/\/consejomagistratura.gov.ar\/index.php\/2021\/12\/09\/sesiono-la-comision-de-seleccion\/#webpage\"},\"wordCount\":508,\"publisher\":{\"@id\":\"https:\/\/consejomagistratura.gov.ar\/#organization\"},\"image\":{\"@id\":\"https:\/\/consejomagistratura.gov.ar\/index.php\/2021\/12\/09\/sesiono-la-comision-de-seleccion\/#primaryimage\"},\"thumbnailUrl\":\"https:\/\/consejomagistratura.gov.ar\/wp-content\/uploads\/2021\/12\/WhatsApp-Image-2021-12-09-at-10.15.09-AM.jpeg\",\"articleSection\":[\"Comisi\\u00f3n de Selecci\\u00f3n de Magistrados y Escuela Judicial\",\"Comisiones\"],\"inLanguage\":\"es-AR\"},{\"@type\":\"Person\",\"@id\":\"https:\/\/consejomagistratura.gov.ar\/#\/schema\/person\/4da57063f408a85d886d958badf8f6df\",\"name\":\"hernanelman\",\"image\":{\"@type\":\"ImageObject\",\"@id\":\"https:\/\/consejomagistratura.gov.ar\/#personlogo\",\"inLanguage\":\"es-AR\",\"url\":\"https:\/\/secure.gravatar.com\/avatar\/cb37cc646e6a84fe6e78061c6d9d5fb02a35404aaf0d46840fd3257e6c0131f2?s=96&d=mm&r=g\",\"contentUrl\":\"https:\/\/secure.gravatar.com\/avatar\/cb37cc646e6a84fe6e78061c6d9d5fb02a35404aaf0d46840fd3257e6c0131f2?s=96&d=mm&r=g\",\"caption\":\"hernanelman\"},\"url\":\"https:\/\/consejomagistratura.gov.ar\/index.php\/author\/hernanelman\/\"}]}<\/script>\n<!-- \/ Yoast SEO Premium plugin. -->","yoast_head_json":{"title":"Sesion\u00f3 la Comisi\u00f3n de Selecci\u00f3n | Consejo de la Magistratura","robots":{"index":"index","follow":"follow","max-snippet":"max-snippet:-1","max-image-preview":"max-image-preview:large","max-video-preview":"max-video-preview:-1"},"canonical":"https:\/\/consejomagistratura.gov.ar\/index.php\/2021\/12\/09\/sesiono-la-comision-de-seleccion\/","og_locale":"es_ES","og_type":"article","og_title":"Sesion\u00f3 la Comisi\u00f3n de Selecci\u00f3n | Consejo de la Magistratura","og_description":"En el marco de actividades del Consejo de la Magistratura de la Naci\u00f3n, durante la ma\u00f1ana de hoy \u20139 de diciembre\u2013 tuvo lugar la reuni\u00f3n convocada por la Comisi\u00f3n de Selecci\u00f3n y Escuela Judicial.El encuentro [&hellip;]","og_url":"https:\/\/consejomagistratura.gov.ar\/index.php\/2021\/12\/09\/sesiono-la-comision-de-seleccion\/","og_site_name":"Consejo de la Magistratura","article_publisher":"https:\/\/www.facebook.com\/consejomagistratura","article_published_time":"2021-12-09T17:18:15+00:00","article_modified_time":"2021-12-09T17:27:24+00:00","og_image":[{"width":1280,"height":720,"url":"https:\/\/consejomagistratura.gov.ar\/wp-content\/uploads\/2021\/12\/WhatsApp-Image-2021-12-09-at-10.15.09-AM.jpeg","type":"image\/jpeg"}],"twitter_card":"summary_large_image","twitter_creator":"@cmagistratura","twitter_site":"@cmagistratura","twitter_misc":{"Escrito por":"hernanelman","Tiempo de lectura":"3 minutos"},"schema":{"@context":"https:\/\/schema.org","@graph":[{"@type":"Organization","@id":"https:\/\/consejomagistratura.gov.ar\/#organization","name":"Consejo de la Magistratura","url":"https:\/\/consejomagistratura.gov.ar\/","sameAs":["https:\/\/www.facebook.com\/consejomagistratura","https:\/\/www.instagram.com\/consejodelamagistratura\/","https:\/\/www.youtube.com\/c\/consejodelamagistraturadelanacion","https:\/\/es.wikipedia.org\/wiki\/Consejo_de_la_Magistratura_(Argentina)","https:\/\/twitter.com\/cmagistratura"],"logo":{"@type":"ImageObject","@id":"https:\/\/consejomagistratura.gov.ar\/#logo","inLanguage":"es-AR","url":"https:\/\/consejomagistratura.gov.ar\/wp-content\/uploads\/2021\/08\/logo_link_2_Mesa-de-trabajo-1.png","contentUrl":"https:\/\/consejomagistratura.gov.ar\/wp-content\/uploads\/2021\/08\/logo_link_2_Mesa-de-trabajo-1.png","width":1067,"height":780,"caption":"Consejo de la Magistratura"},"image":{"@id":"https:\/\/consejomagistratura.gov.ar\/#logo"}},{"@type":"WebSite","@id":"https:\/\/consejomagistratura.gov.ar\/#website","url":"https:\/\/consejomagistratura.gov.ar\/","name":"Consejo de la Magistratura","description":"","publisher":{"@id":"https:\/\/consejomagistratura.gov.ar\/#organization"},"potentialAction":[{"@type":"SearchAction","target":{"@type":"EntryPoint","urlTemplate":"https:\/\/consejomagistratura.gov.ar\/?s={search_term_string}"},"query-input":"required name=search_term_string"}],"inLanguage":"es-AR"},{"@type":"ImageObject","@id":"https:\/\/consejomagistratura.gov.ar\/index.php\/2021\/12\/09\/sesiono-la-comision-de-seleccion\/#primaryimage","inLanguage":"es-AR","url":"https:\/\/consejomagistratura.gov.ar\/wp-content\/uploads\/2021\/12\/WhatsApp-Image-2021-12-09-at-10.15.09-AM.jpeg","contentUrl":"https:\/\/consejomagistratura.gov.ar\/wp-content\/uploads\/2021\/12\/WhatsApp-Image-2021-12-09-at-10.15.09-AM.jpeg","width":1280,"height":720},{"@type":"WebPage","@id":"https:\/\/consejomagistratura.gov.ar\/index.php\/2021\/12\/09\/sesiono-la-comision-de-seleccion\/#webpage","url":"https:\/\/consejomagistratura.gov.ar\/index.php\/2021\/12\/09\/sesiono-la-comision-de-seleccion\/","name":"Sesion\u00f3 la Comisi\u00f3n de Selecci\u00f3n | Consejo de la Magistratura","isPartOf":{"@id":"https:\/\/consejomagistratura.gov.ar\/#website"},"primaryImageOfPage":{"@id":"https:\/\/consejomagistratura.gov.ar\/index.php\/2021\/12\/09\/sesiono-la-comision-de-seleccion\/#primaryimage"},"datePublished":"2021-12-09T17:18:15+00:00","dateModified":"2021-12-09T17:27:24+00:00","breadcrumb":{"@id":"https:\/\/consejomagistratura.gov.ar\/index.php\/2021\/12\/09\/sesiono-la-comision-de-seleccion\/#breadcrumb"},"inLanguage":"es-AR","potentialAction":[{"@type":"ReadAction","target":["https:\/\/consejomagistratura.gov.ar\/index.php\/2021\/12\/09\/sesiono-la-comision-de-seleccion\/"]}]},{"@type":"BreadcrumbList","@id":"https:\/\/consejomagistratura.gov.ar\/index.php\/2021\/12\/09\/sesiono-la-comision-de-seleccion\/#breadcrumb","itemListElement":[{"@type":"ListItem","position":1,"name":"Inicio","item":"https:\/\/consejomagistratura.gov.ar\/"},{"@type":"ListItem","position":2,"name":"Sesion\u00f3 la Comisi\u00f3n de Selecci\u00f3n"}]},{"@type":"Article","@id":"https:\/\/consejomagistratura.gov.ar\/index.php\/2021\/12\/09\/sesiono-la-comision-de-seleccion\/#article","isPartOf":{"@id":"https:\/\/consejomagistratura.gov.ar\/index.php\/2021\/12\/09\/sesiono-la-comision-de-seleccion\/#webpage"},"author":{"@id":"https:\/\/consejomagistratura.gov.ar\/#\/schema\/person\/4da57063f408a85d886d958badf8f6df"},"headline":"Sesion\u00f3 la Comisi\u00f3n de Selecci\u00f3n","datePublished":"2021-12-09T17:18:15+00:00","dateModified":"2021-12-09T17:27:24+00:00","mainEntityOfPage":{"@id":"https:\/\/consejomagistratura.gov.ar\/index.php\/2021\/12\/09\/sesiono-la-comision-de-seleccion\/#webpage"},"wordCount":508,"publisher":{"@id":"https:\/\/consejomagistratura.gov.ar\/#organization"},"image":{"@id":"https:\/\/consejomagistratura.gov.ar\/index.php\/2021\/12\/09\/sesiono-la-comision-de-seleccion\/#primaryimage"},"thumbnailUrl":"https:\/\/consejomagistratura.gov.ar\/wp-content\/uploads\/2021\/12\/WhatsApp-Image-2021-12-09-at-10.15.09-AM.jpeg","articleSection":["Comisi\u00f3n de Selecci\u00f3n de Magistrados y Escuela Judicial","Comisiones"],"inLanguage":"es-AR"},{"@type":"Person","@id":"https:\/\/consejomagistratura.gov.ar\/#\/schema\/person\/4da57063f408a85d886d958badf8f6df","name":"hernanelman","image":{"@type":"ImageObject","@id":"https:\/\/consejomagistratura.gov.ar\/#personlogo","inLanguage":"es-AR","url":"https:\/\/secure.gravatar.com\/avatar\/cb37cc646e6a84fe6e78061c6d9d5fb02a35404aaf0d46840fd3257e6c0131f2?s=96&d=mm&r=g","contentUrl":"https:\/\/secure.gravatar.com\/avatar\/cb37cc646e6a84fe6e78061c6d9d5fb02a35404aaf0d46840fd3257e6c0131f2?s=96&d=mm&r=g","caption":"hernanelman"},"url":"https:\/\/consejomagistratura.gov.ar\/index.php\/author\/hernanelman\/"}]}},"_links":{"self":[{"href":"https:\/\/consejomagistratura.gov.ar\/index.php\/wp-json\/wp\/v2\/posts\/15244","targetHints":{"allow":["GET"]}}],"collection":[{"href":"https:\/\/consejomagistratura.gov.ar\/index.php\/wp-json\/wp\/v2\/posts"}],"about":[{"href":"https:\/\/consejomagistratura.gov.ar\/index.php\/wp-json\/wp\/v2\/types\/post"}],"author":[{"embeddable":true,"href":"https:\/\/consejomagistratura.gov.ar\/index.php\/wp-json\/wp\/v2\/users\/6"}],"replies":[{"embeddable":true,"href":"https:\/\/consejomagistratura.gov.ar\/index.php\/wp-json\/wp\/v2\/comments?post=15244"}],"version-history":[{"count":2,"href":"https:\/\/consejomagistratura.gov.ar\/index.php\/wp-json\/wp\/v2\/posts\/15244\/revisions"}],"predecessor-version":[{"id":15250,"href":"https:\/\/consejomagistratura.gov.ar\/index.php\/wp-json\/wp\/v2\/posts\/15244\/revisions\/15250"}],"wp:featuredmedia":[{"embeddable":true,"href":"https:\/\/consejomagistratura.gov.ar\/index.php\/wp-json\/wp\/v2\/media\/15246"}],"wp:attachment":[{"href":"https:\/\/consejomagistratura.gov.ar\/index.php\/wp-json\/wp\/v2\/media?parent=15244"}],"wp:term":[{"taxonomy":"category","embeddable":true,"href":"https:\/\/consejomagistratura.gov.ar\/index.php\/wp-json\/wp\/v2\/categories?post=15244"},{"taxonomy":"post_tag","embeddable":true,"href":"https:\/\/consejomagistratura.gov.ar\/index.php\/wp-json\/wp\/v2\/tags?post=15244"}],"curies":[{"name":"wp","href":"https:\/\/api.w.org\/{rel}","templated":true}]}}