{"id":3460,"date":"2019-09-13T12:37:54","date_gmt":"2019-09-13T15:37:54","guid":{"rendered":"http:\/\/5.0.32.155\/wordpress\/?p=799"},"modified":"2021-07-14T16:44:25","modified_gmt":"2021-07-14T19:44:25","slug":"sesionara-el-plenario","status":"publish","type":"post","link":"https:\/\/consejomagistratura.gov.ar\/index.php\/2019\/09\/13\/sesionara-el-plenario\/","title":{"rendered":"Sesionar\u00e1 el Plenario"},"content":{"rendered":"\n<figure class=\"wp-block-image\"><img decoding=\"async\" src=\"https:\/\/www.consejomagistratura.gov.ar\/wp-content\/uploads\/2019\/09\/DSC_0113copia.jpg\" alt=\"\" class=\"wp-image-800\"\/><\/figure>\n\n\n\n<p>El p\u00f3ximo jueves 6 de diciembre a las 10 horas tendr\u00e1 lugar la primera Sesi\u00f3n Plenaria con la nueva integraci\u00f3n del Cuerpo. Conforme la convocatoria, la reuni\u00f3n tiene como orden del d\u00eda la designaci\u00f3n de autoridades e integraci\u00f3n de las Comisiones del Consejo.<\/p>\n\n\n\n<p>Corresponde recordar que en virtud del art\u00edculo 10 de la ley 24.937 &#8220;el presidente del Consejo de la Magistratura ser\u00e1 designado por mayor\u00eda absoluta del total de sus miembros y ejercer\u00e1 las atribuciones que dispone esta ley y las dem\u00e1s que establezcan los reglamentos que dicte el Consejo. Durar\u00e1 un a\u00f1o en sus funciones y podr\u00e1 ser reelegido con intervalo de un per\u00edodo. El presidente tiene los mismos derechos y responsabilidades que los restantes miembros del Consejo y cuenta con voto simple, salvo en caso de empate, en el que tendr\u00e1 doble voto.&#8221;<\/p>\n\n\n\n<p>En relaci\u00f3n a las Comisiones, el art\u00edculo 12 establece que &#8220;El Consejo de la Magistratura se dividir\u00e1 en cuatro comisiones, integradas de la siguiente manera:<\/p>\n\n\n\n<p>1.<strong>&nbsp;De Selecci\u00f3n de Magistrados y Escuela Judicial<\/strong>: tres jueces, tres diputados, el representante del Poder Ejecutivo y el representante del \u00e1mbito acad\u00e9mico y cient\u00edfico.<\/p>\n\n\n\n<p>2.&nbsp;<strong>De Disciplina y Acusaci\u00f3n<\/strong>: un representante de los abogados de la matr\u00edcula federal, dos senadores, dos diputados, dos jueces, el representante del \u00e1mbito acad\u00e9mico y cient\u00edfico y el representante del Poder Ejecutivo.<\/p>\n\n\n\n<p>3.&nbsp;<strong>De Administraci\u00f3n y Financiera<\/strong>: dos diputados, un senador, dos jueces, un representante de los abogados de la matr\u00edcula federal y el representante del Poder Ejecutivo.&#8221;<\/p>\n\n\n\n<p>4.&nbsp;<strong>De Reglamentaci\u00f3n<\/strong>: dos jueces, un diputado, un senador, un abogado y el representante del \u00e1mbito acad\u00e9mico y cient\u00edfico.&#8221;<\/p>\n","protected":false},"excerpt":{"rendered":"<p>El p\u00f3ximo jueves 6 de diciembre a las 10 horas tendr\u00e1 lugar la primera Sesi\u00f3n Plenaria con la nueva integraci\u00f3n del Cuerpo. Conforme la convocatoria, la reuni\u00f3n tiene como orden del d\u00eda la designaci\u00f3n de [&hellip;]<\/p>\n","protected":false},"author":13,"featured_media":8137,"comment_status":"closed","ping_status":"open","sticky":false,"template":"","format":"standard","meta":{"footnotes":""},"categories":[17],"tags":[],"class_list":["post-3460","post","type-post","status-publish","format-standard","has-post-thumbnail","hentry","category-plenario"],"yoast_head":"<!-- This site is optimized with the Yoast SEO Premium plugin v16.2 (Yoast SEO v17.9) - https:\/\/yoast.com\/wordpress\/plugins\/seo\/ -->\n<title>Sesionar\u00e1 el Plenario | Consejo de la Magistratura<\/title>\n<meta name=\"robots\" content=\"index, follow, max-snippet:-1, max-image-preview:large, max-video-preview:-1\" \/>\n<link rel=\"canonical\" href=\"https:\/\/consejomagistratura.gov.ar\/index.php\/2019\/09\/13\/sesionara-el-plenario\/\" \/>\n<meta property=\"og:locale\" content=\"es_ES\" \/>\n<meta property=\"og:type\" content=\"article\" \/>\n<meta property=\"og:title\" content=\"Sesionar\u00e1 el Plenario | Consejo de la Magistratura\" \/>\n<meta property=\"og:description\" content=\"El p\u00f3ximo jueves 6 de diciembre a las 10 horas tendr\u00e1 lugar la primera Sesi\u00f3n Plenaria con la nueva integraci\u00f3n del Cuerpo. Conforme la convocatoria, la reuni\u00f3n tiene como orden del d\u00eda la designaci\u00f3n de [&hellip;]\" \/>\n<meta property=\"og:url\" content=\"https:\/\/consejomagistratura.gov.ar\/index.php\/2019\/09\/13\/sesionara-el-plenario\/\" \/>\n<meta property=\"og:site_name\" content=\"Consejo de la Magistratura\" \/>\n<meta property=\"article:publisher\" content=\"https:\/\/www.facebook.com\/consejomagistratura\" \/>\n<meta property=\"article:published_time\" content=\"2019-09-13T15:37:54+00:00\" \/>\n<meta property=\"article:modified_time\" content=\"2021-07-14T19:44:25+00:00\" \/>\n<meta property=\"og:image\" content=\"https:\/\/consejomagistratura.gov.ar\/wp-content\/uploads\/2019\/09\/DSC_0113copia.jpg\" \/>\n\t<meta property=\"og:image:width\" content=\"800\" \/>\n\t<meta property=\"og:image:height\" content=\"536\" \/>\n\t<meta property=\"og:image:type\" content=\"image\/jpeg\" \/>\n<meta name=\"twitter:card\" content=\"summary_large_image\" \/>\n<meta name=\"twitter:creator\" content=\"@cmagistratura\" \/>\n<meta name=\"twitter:site\" content=\"@cmagistratura\" \/>\n<meta name=\"twitter:label1\" content=\"Escrito por\" \/>\n\t<meta name=\"twitter:data1\" content=\"Juan Pia\" \/>\n\t<meta name=\"twitter:label2\" content=\"Tiempo de lectura\" \/>\n\t<meta name=\"twitter:data2\" content=\"1 minuto\" \/>\n<script type=\"application\/ld+json\" class=\"yoast-schema-graph\">{\"@context\":\"https:\/\/schema.org\",\"@graph\":[{\"@type\":\"Organization\",\"@id\":\"https:\/\/consejomagistratura.gov.ar\/#organization\",\"name\":\"Consejo de la Magistratura\",\"url\":\"https:\/\/consejomagistratura.gov.ar\/\",\"sameAs\":[\"https:\/\/www.facebook.com\/consejomagistratura\",\"https:\/\/www.instagram.com\/consejodelamagistratura\/\",\"https:\/\/www.youtube.com\/c\/consejodelamagistraturadelanacion\",\"https:\/\/es.wikipedia.org\/wiki\/Consejo_de_la_Magistratura_(Argentina)\",\"https:\/\/twitter.com\/cmagistratura\"],\"logo\":{\"@type\":\"ImageObject\",\"@id\":\"https:\/\/consejomagistratura.gov.ar\/#logo\",\"inLanguage\":\"es-AR\",\"url\":\"https:\/\/consejomagistratura.gov.ar\/wp-content\/uploads\/2021\/08\/logo_link_2_Mesa-de-trabajo-1.png\",\"contentUrl\":\"https:\/\/consejomagistratura.gov.ar\/wp-content\/uploads\/2021\/08\/logo_link_2_Mesa-de-trabajo-1.png\",\"width\":1067,\"height\":780,\"caption\":\"Consejo de la Magistratura\"},\"image\":{\"@id\":\"https:\/\/consejomagistratura.gov.ar\/#logo\"}},{\"@type\":\"WebSite\",\"@id\":\"https:\/\/consejomagistratura.gov.ar\/#website\",\"url\":\"https:\/\/consejomagistratura.gov.ar\/\",\"name\":\"Consejo de la Magistratura\",\"description\":\"\",\"publisher\":{\"@id\":\"https:\/\/consejomagistratura.gov.ar\/#organization\"},\"potentialAction\":[{\"@type\":\"SearchAction\",\"target\":{\"@type\":\"EntryPoint\",\"urlTemplate\":\"https:\/\/consejomagistratura.gov.ar\/?s={search_term_string}\"},\"query-input\":\"required name=search_term_string\"}],\"inLanguage\":\"es-AR\"},{\"@type\":\"ImageObject\",\"@id\":\"https:\/\/consejomagistratura.gov.ar\/index.php\/2019\/09\/13\/sesionara-el-plenario\/#primaryimage\",\"inLanguage\":\"es-AR\",\"url\":\"https:\/\/consejomagistratura.gov.ar\/wp-content\/uploads\/2019\/09\/DSC_0113copia.jpg\",\"contentUrl\":\"https:\/\/consejomagistratura.gov.ar\/wp-content\/uploads\/2019\/09\/DSC_0113copia.jpg\",\"width\":800,\"height\":536},{\"@type\":\"WebPage\",\"@id\":\"https:\/\/consejomagistratura.gov.ar\/index.php\/2019\/09\/13\/sesionara-el-plenario\/#webpage\",\"url\":\"https:\/\/consejomagistratura.gov.ar\/index.php\/2019\/09\/13\/sesionara-el-plenario\/\",\"name\":\"Sesionar\\u00e1 el Plenario | Consejo de la Magistratura\",\"isPartOf\":{\"@id\":\"https:\/\/consejomagistratura.gov.ar\/#website\"},\"primaryImageOfPage\":{\"@id\":\"https:\/\/consejomagistratura.gov.ar\/index.php\/2019\/09\/13\/sesionara-el-plenario\/#primaryimage\"},\"datePublished\":\"2019-09-13T15:37:54+00:00\",\"dateModified\":\"2021-07-14T19:44:25+00:00\",\"breadcrumb\":{\"@id\":\"https:\/\/consejomagistratura.gov.ar\/index.php\/2019\/09\/13\/sesionara-el-plenario\/#breadcrumb\"},\"inLanguage\":\"es-AR\",\"potentialAction\":[{\"@type\":\"ReadAction\",\"target\":[\"https:\/\/consejomagistratura.gov.ar\/index.php\/2019\/09\/13\/sesionara-el-plenario\/\"]}]},{\"@type\":\"BreadcrumbList\",\"@id\":\"https:\/\/consejomagistratura.gov.ar\/index.php\/2019\/09\/13\/sesionara-el-plenario\/#breadcrumb\",\"itemListElement\":[{\"@type\":\"ListItem\",\"position\":1,\"name\":\"Inicio\",\"item\":\"https:\/\/consejomagistratura.gov.ar\/\"},{\"@type\":\"ListItem\",\"position\":2,\"name\":\"Sesionar\\u00e1 el Plenario\"}]},{\"@type\":\"Article\",\"@id\":\"https:\/\/consejomagistratura.gov.ar\/index.php\/2019\/09\/13\/sesionara-el-plenario\/#article\",\"isPartOf\":{\"@id\":\"https:\/\/consejomagistratura.gov.ar\/index.php\/2019\/09\/13\/sesionara-el-plenario\/#webpage\"},\"author\":{\"@id\":\"https:\/\/consejomagistratura.gov.ar\/#\/schema\/person\/f4d8b3521c35f97155ae7f20dfb56842\"},\"headline\":\"Sesionar\\u00e1 el Plenario\",\"datePublished\":\"2019-09-13T15:37:54+00:00\",\"dateModified\":\"2021-07-14T19:44:25+00:00\",\"mainEntityOfPage\":{\"@id\":\"https:\/\/consejomagistratura.gov.ar\/index.php\/2019\/09\/13\/sesionara-el-plenario\/#webpage\"},\"wordCount\":288,\"publisher\":{\"@id\":\"https:\/\/consejomagistratura.gov.ar\/#organization\"},\"image\":{\"@id\":\"https:\/\/consejomagistratura.gov.ar\/index.php\/2019\/09\/13\/sesionara-el-plenario\/#primaryimage\"},\"thumbnailUrl\":\"https:\/\/consejomagistratura.gov.ar\/wp-content\/uploads\/2019\/09\/DSC_0113copia.jpg\",\"articleSection\":[\"Plenario\"],\"inLanguage\":\"es-AR\"},{\"@type\":\"Person\",\"@id\":\"https:\/\/consejomagistratura.gov.ar\/#\/schema\/person\/f4d8b3521c35f97155ae7f20dfb56842\",\"name\":\"Juan Pia\",\"image\":{\"@type\":\"ImageObject\",\"@id\":\"https:\/\/consejomagistratura.gov.ar\/#personlogo\",\"inLanguage\":\"es-AR\",\"url\":\"https:\/\/secure.gravatar.com\/avatar\/1b6e654a3f0c5c5d08057e227b031732b3b62c44fd483b51f93433e49e0aead1?s=96&d=mm&r=g\",\"contentUrl\":\"https:\/\/secure.gravatar.com\/avatar\/1b6e654a3f0c5c5d08057e227b031732b3b62c44fd483b51f93433e49e0aead1?s=96&d=mm&r=g\",\"caption\":\"Juan Pia\"},\"url\":\"https:\/\/consejomagistratura.gov.ar\/index.php\/author\/jpia\/\"}]}<\/script>\n<!-- \/ Yoast SEO Premium plugin. -->","yoast_head_json":{"title":"Sesionar\u00e1 el Plenario | Consejo de la Magistratura","robots":{"index":"index","follow":"follow","max-snippet":"max-snippet:-1","max-image-preview":"max-image-preview:large","max-video-preview":"max-video-preview:-1"},"canonical":"https:\/\/consejomagistratura.gov.ar\/index.php\/2019\/09\/13\/sesionara-el-plenario\/","og_locale":"es_ES","og_type":"article","og_title":"Sesionar\u00e1 el Plenario | Consejo de la Magistratura","og_description":"El p\u00f3ximo jueves 6 de diciembre a las 10 horas tendr\u00e1 lugar la primera Sesi\u00f3n Plenaria con la nueva integraci\u00f3n del Cuerpo. Conforme la convocatoria, la reuni\u00f3n tiene como orden del d\u00eda la designaci\u00f3n de [&hellip;]","og_url":"https:\/\/consejomagistratura.gov.ar\/index.php\/2019\/09\/13\/sesionara-el-plenario\/","og_site_name":"Consejo de la Magistratura","article_publisher":"https:\/\/www.facebook.com\/consejomagistratura","article_published_time":"2019-09-13T15:37:54+00:00","article_modified_time":"2021-07-14T19:44:25+00:00","og_image":[{"width":800,"height":536,"url":"https:\/\/consejomagistratura.gov.ar\/wp-content\/uploads\/2019\/09\/DSC_0113copia.jpg","type":"image\/jpeg"}],"twitter_card":"summary_large_image","twitter_creator":"@cmagistratura","twitter_site":"@cmagistratura","twitter_misc":{"Escrito por":"Juan Pia","Tiempo de lectura":"1 minuto"},"schema":{"@context":"https:\/\/schema.org","@graph":[{"@type":"Organization","@id":"https:\/\/consejomagistratura.gov.ar\/#organization","name":"Consejo de la Magistratura","url":"https:\/\/consejomagistratura.gov.ar\/","sameAs":["https:\/\/www.facebook.com\/consejomagistratura","https:\/\/www.instagram.com\/consejodelamagistratura\/","https:\/\/www.youtube.com\/c\/consejodelamagistraturadelanacion","https:\/\/es.wikipedia.org\/wiki\/Consejo_de_la_Magistratura_(Argentina)","https:\/\/twitter.com\/cmagistratura"],"logo":{"@type":"ImageObject","@id":"https:\/\/consejomagistratura.gov.ar\/#logo","inLanguage":"es-AR","url":"https:\/\/consejomagistratura.gov.ar\/wp-content\/uploads\/2021\/08\/logo_link_2_Mesa-de-trabajo-1.png","contentUrl":"https:\/\/consejomagistratura.gov.ar\/wp-content\/uploads\/2021\/08\/logo_link_2_Mesa-de-trabajo-1.png","width":1067,"height":780,"caption":"Consejo de la Magistratura"},"image":{"@id":"https:\/\/consejomagistratura.gov.ar\/#logo"}},{"@type":"WebSite","@id":"https:\/\/consejomagistratura.gov.ar\/#website","url":"https:\/\/consejomagistratura.gov.ar\/","name":"Consejo de la Magistratura","description":"","publisher":{"@id":"https:\/\/consejomagistratura.gov.ar\/#organization"},"potentialAction":[{"@type":"SearchAction","target":{"@type":"EntryPoint","urlTemplate":"https:\/\/consejomagistratura.gov.ar\/?s={search_term_string}"},"query-input":"required name=search_term_string"}],"inLanguage":"es-AR"},{"@type":"ImageObject","@id":"https:\/\/consejomagistratura.gov.ar\/index.php\/2019\/09\/13\/sesionara-el-plenario\/#primaryimage","inLanguage":"es-AR","url":"https:\/\/consejomagistratura.gov.ar\/wp-content\/uploads\/2019\/09\/DSC_0113copia.jpg","contentUrl":"https:\/\/consejomagistratura.gov.ar\/wp-content\/uploads\/2019\/09\/DSC_0113copia.jpg","width":800,"height":536},{"@type":"WebPage","@id":"https:\/\/consejomagistratura.gov.ar\/index.php\/2019\/09\/13\/sesionara-el-plenario\/#webpage","url":"https:\/\/consejomagistratura.gov.ar\/index.php\/2019\/09\/13\/sesionara-el-plenario\/","name":"Sesionar\u00e1 el Plenario | Consejo de la Magistratura","isPartOf":{"@id":"https:\/\/consejomagistratura.gov.ar\/#website"},"primaryImageOfPage":{"@id":"https:\/\/consejomagistratura.gov.ar\/index.php\/2019\/09\/13\/sesionara-el-plenario\/#primaryimage"},"datePublished":"2019-09-13T15:37:54+00:00","dateModified":"2021-07-14T19:44:25+00:00","breadcrumb":{"@id":"https:\/\/consejomagistratura.gov.ar\/index.php\/2019\/09\/13\/sesionara-el-plenario\/#breadcrumb"},"inLanguage":"es-AR","potentialAction":[{"@type":"ReadAction","target":["https:\/\/consejomagistratura.gov.ar\/index.php\/2019\/09\/13\/sesionara-el-plenario\/"]}]},{"@type":"BreadcrumbList","@id":"https:\/\/consejomagistratura.gov.ar\/index.php\/2019\/09\/13\/sesionara-el-plenario\/#breadcrumb","itemListElement":[{"@type":"ListItem","position":1,"name":"Inicio","item":"https:\/\/consejomagistratura.gov.ar\/"},{"@type":"ListItem","position":2,"name":"Sesionar\u00e1 el Plenario"}]},{"@type":"Article","@id":"https:\/\/consejomagistratura.gov.ar\/index.php\/2019\/09\/13\/sesionara-el-plenario\/#article","isPartOf":{"@id":"https:\/\/consejomagistratura.gov.ar\/index.php\/2019\/09\/13\/sesionara-el-plenario\/#webpage"},"author":{"@id":"https:\/\/consejomagistratura.gov.ar\/#\/schema\/person\/f4d8b3521c35f97155ae7f20dfb56842"},"headline":"Sesionar\u00e1 el Plenario","datePublished":"2019-09-13T15:37:54+00:00","dateModified":"2021-07-14T19:44:25+00:00","mainEntityOfPage":{"@id":"https:\/\/consejomagistratura.gov.ar\/index.php\/2019\/09\/13\/sesionara-el-plenario\/#webpage"},"wordCount":288,"publisher":{"@id":"https:\/\/consejomagistratura.gov.ar\/#organization"},"image":{"@id":"https:\/\/consejomagistratura.gov.ar\/index.php\/2019\/09\/13\/sesionara-el-plenario\/#primaryimage"},"thumbnailUrl":"https:\/\/consejomagistratura.gov.ar\/wp-content\/uploads\/2019\/09\/DSC_0113copia.jpg","articleSection":["Plenario"],"inLanguage":"es-AR"},{"@type":"Person","@id":"https:\/\/consejomagistratura.gov.ar\/#\/schema\/person\/f4d8b3521c35f97155ae7f20dfb56842","name":"Juan Pia","image":{"@type":"ImageObject","@id":"https:\/\/consejomagistratura.gov.ar\/#personlogo","inLanguage":"es-AR","url":"https:\/\/secure.gravatar.com\/avatar\/1b6e654a3f0c5c5d08057e227b031732b3b62c44fd483b51f93433e49e0aead1?s=96&d=mm&r=g","contentUrl":"https:\/\/secure.gravatar.com\/avatar\/1b6e654a3f0c5c5d08057e227b031732b3b62c44fd483b51f93433e49e0aead1?s=96&d=mm&r=g","caption":"Juan Pia"},"url":"https:\/\/consejomagistratura.gov.ar\/index.php\/author\/jpia\/"}]}},"_links":{"self":[{"href":"https:\/\/consejomagistratura.gov.ar\/index.php\/wp-json\/wp\/v2\/posts\/3460","targetHints":{"allow":["GET"]}}],"collection":[{"href":"https:\/\/consejomagistratura.gov.ar\/index.php\/wp-json\/wp\/v2\/posts"}],"about":[{"href":"https:\/\/consejomagistratura.gov.ar\/index.php\/wp-json\/wp\/v2\/types\/post"}],"author":[{"embeddable":true,"href":"https:\/\/consejomagistratura.gov.ar\/index.php\/wp-json\/wp\/v2\/users\/13"}],"replies":[{"embeddable":true,"href":"https:\/\/consejomagistratura.gov.ar\/index.php\/wp-json\/wp\/v2\/comments?post=3460"}],"version-history":[{"count":1,"href":"https:\/\/consejomagistratura.gov.ar\/index.php\/wp-json\/wp\/v2\/posts\/3460\/revisions"}],"predecessor-version":[{"id":9997,"href":"https:\/\/consejomagistratura.gov.ar\/index.php\/wp-json\/wp\/v2\/posts\/3460\/revisions\/9997"}],"wp:featuredmedia":[{"embeddable":true,"href":"https:\/\/consejomagistratura.gov.ar\/index.php\/wp-json\/wp\/v2\/media\/8137"}],"wp:attachment":[{"href":"https:\/\/consejomagistratura.gov.ar\/index.php\/wp-json\/wp\/v2\/media?parent=3460"}],"wp:term":[{"taxonomy":"category","embeddable":true,"href":"https:\/\/consejomagistratura.gov.ar\/index.php\/wp-json\/wp\/v2\/categories?post=3460"},{"taxonomy":"post_tag","embeddable":true,"href":"https:\/\/consejomagistratura.gov.ar\/index.php\/wp-json\/wp\/v2\/tags?post=3460"}],"curies":[{"name":"wp","href":"https:\/\/api.w.org\/{rel}","templated":true}]}}