{"id":34861,"date":"2022-03-03T12:47:29","date_gmt":"2022-03-03T15:47:29","guid":{"rendered":"https:\/\/consejomagistratura.gov.ar\/?p=34861"},"modified":"2022-03-03T12:47:30","modified_gmt":"2022-03-03T15:47:30","slug":"se-celebro-un-convenio-de-cooperacion-con-la-provincia-de-la-pampa","status":"publish","type":"post","link":"https:\/\/consejomagistratura.gov.ar\/index.php\/2022\/03\/03\/se-celebro-un-convenio-de-cooperacion-con-la-provincia-de-la-pampa\/","title":{"rendered":"Se celebr\u00f3 un Convenio de Cooperaci\u00f3n con la Provincia de La Pampa"},"content":{"rendered":"\n<figure class=\"wp-block-image size-large\"><img fetchpriority=\"high\" decoding=\"async\" width=\"1024\" height=\"687\" src=\"https:\/\/consejomagistratura.gov.ar\/wp-content\/uploads\/2022\/03\/WhatsApp-Image-2022-03-03-at-11.47.56-AM-1024x687.jpeg\" alt=\"\" class=\"wp-image-34863\" srcset=\"https:\/\/consejomagistratura.gov.ar\/wp-content\/uploads\/2022\/03\/WhatsApp-Image-2022-03-03-at-11.47.56-AM-1024x687.jpeg 1024w, https:\/\/consejomagistratura.gov.ar\/wp-content\/uploads\/2022\/03\/WhatsApp-Image-2022-03-03-at-11.47.56-AM-300x201.jpeg 300w, https:\/\/consejomagistratura.gov.ar\/wp-content\/uploads\/2022\/03\/WhatsApp-Image-2022-03-03-at-11.47.56-AM-768x515.jpeg 768w, https:\/\/consejomagistratura.gov.ar\/wp-content\/uploads\/2022\/03\/WhatsApp-Image-2022-03-03-at-11.47.56-AM.jpeg 1280w\" sizes=\"(max-width: 1024px) 100vw, 1024px\" \/><\/figure>\n\n\n\n<p>En la ma\u00f1ana de hoy, el presidente del Consejo de la Magistratura Dr. Alberto A. Lugones, suscribi\u00f3 un Convenio de Coooperaci\u00f3n con la Provincia de La Pampa, junto al Gobernador de la Provincia Sergio Ziliotto.<\/p>\n\n\n\n<p>Participaron del acto los\/as consejeros\/as Ger\u00f3nimo Ustarroz y Vanesa Siley, el Seandor Nacional por La Pampa Pablo Daniel Bensusan, el Administrador General del Poder Judicial Claudio Cholaki\u00e1n y el Secretario General de la Gobernaci\u00f3n de La Pampa Jos\u00e9 Vanini.<\/p>\n\n\n\n<p>El instrumento tiene como fin establecer las pautas para la construcci\u00f3n de un nuevo edificio para el Juzgado Federal de Santa Rosa, junto a otras importantes obras de adecuaci\u00f3n, ampliaci\u00f3n y refuncionalizaci\u00f3n de las instalaciones del edificio sito sobre calle San Mart\u00edn (oeste) N\u00b0 153 para albergar las dependencias del Tribunal Oral en lo Criminal de Santa Rosa, y del inmueble sito en calle 18 N\u00b0845 de General Pico para el funcionamiento de dependencias del Juzgado Federal con asiento en esa Ciudad.<\/p>\n\n\n\n<figure class=\"wp-block-image size-large\"><img decoding=\"async\" width=\"1024\" height=\"682\" src=\"https:\/\/consejomagistratura.gov.ar\/wp-content\/uploads\/2022\/03\/WhatsApp-Image-2022-03-03-at-11.47.53-AM-1024x682.jpeg\" alt=\"\" class=\"wp-image-34864\" srcset=\"https:\/\/consejomagistratura.gov.ar\/wp-content\/uploads\/2022\/03\/WhatsApp-Image-2022-03-03-at-11.47.53-AM-1024x682.jpeg 1024w, https:\/\/consejomagistratura.gov.ar\/wp-content\/uploads\/2022\/03\/WhatsApp-Image-2022-03-03-at-11.47.53-AM-300x200.jpeg 300w, https:\/\/consejomagistratura.gov.ar\/wp-content\/uploads\/2022\/03\/WhatsApp-Image-2022-03-03-at-11.47.53-AM-768x512.jpeg 768w, https:\/\/consejomagistratura.gov.ar\/wp-content\/uploads\/2022\/03\/WhatsApp-Image-2022-03-03-at-11.47.53-AM.jpeg 1280w\" sizes=\"(max-width: 1024px) 100vw, 1024px\" \/><\/figure>\n\n\n\n<p>Conforme lo convenido, la Provincia ser\u00e1 responsable de la obra mientras que el Consejo se hace cargo del financiamiento correspondiente, con una inversi\u00f3n que superar\u00e1 los 650 millones de pesos.<\/p>\n\n\n\n<p>La suscripci\u00f3n del convenio tuvo lugar en la Sala \u201cLino E. Palacio\u201d ubicada en la calle Libertad 731, 2\u00b0 piso, de la Ciudad Aut\u00f3noma de Buenos Aires.<\/p>\n","protected":false},"excerpt":{"rendered":"<p>En la ma\u00f1ana de hoy, el presidente del Consejo de la Magistratura Dr. Alberto A. Lugones, suscribi\u00f3 un Convenio de Coooperaci\u00f3n con la Provincia de La Pampa, junto al Gobernador de la Provincia Sergio Ziliotto. [&hellip;]<\/p>\n","protected":false},"author":6,"featured_media":34864,"comment_status":"closed","ping_status":"open","sticky":false,"template":"","format":"standard","meta":{"footnotes":""},"categories":[3,20],"tags":[],"class_list":["post-34861","post","type-post","status-publish","format-standard","has-post-thumbnail","hentry","category-institucional","category-presidencia"],"yoast_head":"<!-- This site is optimized with the Yoast SEO Premium plugin v16.2 (Yoast SEO v17.9) - https:\/\/yoast.com\/wordpress\/plugins\/seo\/ -->\n<title>Se celebr\u00f3 un Convenio de Cooperaci\u00f3n con la Provincia de La Pampa | Consejo de la Magistratura<\/title>\n<meta name=\"robots\" content=\"index, follow, max-snippet:-1, max-image-preview:large, max-video-preview:-1\" \/>\n<link rel=\"canonical\" href=\"https:\/\/consejomagistratura.gov.ar\/index.php\/2022\/03\/03\/se-celebro-un-convenio-de-cooperacion-con-la-provincia-de-la-pampa\/\" \/>\n<meta property=\"og:locale\" content=\"es_ES\" \/>\n<meta property=\"og:type\" content=\"article\" \/>\n<meta property=\"og:title\" content=\"Se celebr\u00f3 un Convenio de Cooperaci\u00f3n con la Provincia de La Pampa | Consejo de la Magistratura\" \/>\n<meta property=\"og:description\" content=\"En la ma\u00f1ana de hoy, el presidente del Consejo de la Magistratura Dr. Alberto A. Lugones, suscribi\u00f3 un Convenio de Coooperaci\u00f3n con la Provincia de La Pampa, junto al Gobernador de la Provincia Sergio Ziliotto. [&hellip;]\" \/>\n<meta property=\"og:url\" content=\"https:\/\/consejomagistratura.gov.ar\/index.php\/2022\/03\/03\/se-celebro-un-convenio-de-cooperacion-con-la-provincia-de-la-pampa\/\" \/>\n<meta property=\"og:site_name\" content=\"Consejo de la Magistratura\" \/>\n<meta property=\"article:publisher\" content=\"https:\/\/www.facebook.com\/consejomagistratura\" \/>\n<meta property=\"article:published_time\" content=\"2022-03-03T15:47:29+00:00\" \/>\n<meta property=\"article:modified_time\" content=\"2022-03-03T15:47:30+00:00\" \/>\n<meta property=\"og:image\" content=\"https:\/\/consejomagistratura.gov.ar\/wp-content\/uploads\/2022\/03\/WhatsApp-Image-2022-03-03-at-11.47.53-AM.jpeg\" \/>\n\t<meta property=\"og:image:width\" content=\"1280\" \/>\n\t<meta property=\"og:image:height\" content=\"853\" \/>\n\t<meta property=\"og:image:type\" content=\"image\/jpeg\" \/>\n<meta name=\"twitter:card\" content=\"summary_large_image\" \/>\n<meta name=\"twitter:creator\" content=\"@cmagistratura\" \/>\n<meta name=\"twitter:site\" content=\"@cmagistratura\" \/>\n<meta name=\"twitter:label1\" content=\"Escrito por\" \/>\n\t<meta name=\"twitter:data1\" content=\"hernanelman\" \/>\n\t<meta name=\"twitter:label2\" content=\"Tiempo de lectura\" \/>\n\t<meta name=\"twitter:data2\" content=\"2 minutos\" \/>\n<script type=\"application\/ld+json\" class=\"yoast-schema-graph\">{\"@context\":\"https:\/\/schema.org\",\"@graph\":[{\"@type\":\"Organization\",\"@id\":\"https:\/\/consejomagistratura.gov.ar\/#organization\",\"name\":\"Consejo de la Magistratura\",\"url\":\"https:\/\/consejomagistratura.gov.ar\/\",\"sameAs\":[\"https:\/\/www.facebook.com\/consejomagistratura\",\"https:\/\/www.instagram.com\/consejodelamagistratura\/\",\"https:\/\/www.youtube.com\/c\/consejodelamagistraturadelanacion\",\"https:\/\/es.wikipedia.org\/wiki\/Consejo_de_la_Magistratura_(Argentina)\",\"https:\/\/twitter.com\/cmagistratura\"],\"logo\":{\"@type\":\"ImageObject\",\"@id\":\"https:\/\/consejomagistratura.gov.ar\/#logo\",\"inLanguage\":\"es-AR\",\"url\":\"https:\/\/consejomagistratura.gov.ar\/wp-content\/uploads\/2021\/08\/logo_link_2_Mesa-de-trabajo-1.png\",\"contentUrl\":\"https:\/\/consejomagistratura.gov.ar\/wp-content\/uploads\/2021\/08\/logo_link_2_Mesa-de-trabajo-1.png\",\"width\":1067,\"height\":780,\"caption\":\"Consejo de la Magistratura\"},\"image\":{\"@id\":\"https:\/\/consejomagistratura.gov.ar\/#logo\"}},{\"@type\":\"WebSite\",\"@id\":\"https:\/\/consejomagistratura.gov.ar\/#website\",\"url\":\"https:\/\/consejomagistratura.gov.ar\/\",\"name\":\"Consejo de la Magistratura\",\"description\":\"\",\"publisher\":{\"@id\":\"https:\/\/consejomagistratura.gov.ar\/#organization\"},\"potentialAction\":[{\"@type\":\"SearchAction\",\"target\":{\"@type\":\"EntryPoint\",\"urlTemplate\":\"https:\/\/consejomagistratura.gov.ar\/?s={search_term_string}\"},\"query-input\":\"required name=search_term_string\"}],\"inLanguage\":\"es-AR\"},{\"@type\":\"ImageObject\",\"@id\":\"https:\/\/consejomagistratura.gov.ar\/index.php\/2022\/03\/03\/se-celebro-un-convenio-de-cooperacion-con-la-provincia-de-la-pampa\/#primaryimage\",\"inLanguage\":\"es-AR\",\"url\":\"https:\/\/consejomagistratura.gov.ar\/wp-content\/uploads\/2022\/03\/WhatsApp-Image-2022-03-03-at-11.47.53-AM.jpeg\",\"contentUrl\":\"https:\/\/consejomagistratura.gov.ar\/wp-content\/uploads\/2022\/03\/WhatsApp-Image-2022-03-03-at-11.47.53-AM.jpeg\",\"width\":1280,\"height\":853},{\"@type\":\"WebPage\",\"@id\":\"https:\/\/consejomagistratura.gov.ar\/index.php\/2022\/03\/03\/se-celebro-un-convenio-de-cooperacion-con-la-provincia-de-la-pampa\/#webpage\",\"url\":\"https:\/\/consejomagistratura.gov.ar\/index.php\/2022\/03\/03\/se-celebro-un-convenio-de-cooperacion-con-la-provincia-de-la-pampa\/\",\"name\":\"Se celebr\\u00f3 un Convenio de Cooperaci\\u00f3n con la Provincia de La Pampa | Consejo de la Magistratura\",\"isPartOf\":{\"@id\":\"https:\/\/consejomagistratura.gov.ar\/#website\"},\"primaryImageOfPage\":{\"@id\":\"https:\/\/consejomagistratura.gov.ar\/index.php\/2022\/03\/03\/se-celebro-un-convenio-de-cooperacion-con-la-provincia-de-la-pampa\/#primaryimage\"},\"datePublished\":\"2022-03-03T15:47:29+00:00\",\"dateModified\":\"2022-03-03T15:47:30+00:00\",\"breadcrumb\":{\"@id\":\"https:\/\/consejomagistratura.gov.ar\/index.php\/2022\/03\/03\/se-celebro-un-convenio-de-cooperacion-con-la-provincia-de-la-pampa\/#breadcrumb\"},\"inLanguage\":\"es-AR\",\"potentialAction\":[{\"@type\":\"ReadAction\",\"target\":[\"https:\/\/consejomagistratura.gov.ar\/index.php\/2022\/03\/03\/se-celebro-un-convenio-de-cooperacion-con-la-provincia-de-la-pampa\/\"]}]},{\"@type\":\"BreadcrumbList\",\"@id\":\"https:\/\/consejomagistratura.gov.ar\/index.php\/2022\/03\/03\/se-celebro-un-convenio-de-cooperacion-con-la-provincia-de-la-pampa\/#breadcrumb\",\"itemListElement\":[{\"@type\":\"ListItem\",\"position\":1,\"name\":\"Inicio\",\"item\":\"https:\/\/consejomagistratura.gov.ar\/\"},{\"@type\":\"ListItem\",\"position\":2,\"name\":\"Se celebr\\u00f3 un Convenio de Cooperaci\\u00f3n con la Provincia de La Pampa\"}]},{\"@type\":\"Article\",\"@id\":\"https:\/\/consejomagistratura.gov.ar\/index.php\/2022\/03\/03\/se-celebro-un-convenio-de-cooperacion-con-la-provincia-de-la-pampa\/#article\",\"isPartOf\":{\"@id\":\"https:\/\/consejomagistratura.gov.ar\/index.php\/2022\/03\/03\/se-celebro-un-convenio-de-cooperacion-con-la-provincia-de-la-pampa\/#webpage\"},\"author\":{\"@id\":\"https:\/\/consejomagistratura.gov.ar\/#\/schema\/person\/4da57063f408a85d886d958badf8f6df\"},\"headline\":\"Se celebr\\u00f3 un Convenio de Cooperaci\\u00f3n con la Provincia de La Pampa\",\"datePublished\":\"2022-03-03T15:47:29+00:00\",\"dateModified\":\"2022-03-03T15:47:30+00:00\",\"mainEntityOfPage\":{\"@id\":\"https:\/\/consejomagistratura.gov.ar\/index.php\/2022\/03\/03\/se-celebro-un-convenio-de-cooperacion-con-la-provincia-de-la-pampa\/#webpage\"},\"wordCount\":236,\"publisher\":{\"@id\":\"https:\/\/consejomagistratura.gov.ar\/#organization\"},\"image\":{\"@id\":\"https:\/\/consejomagistratura.gov.ar\/index.php\/2022\/03\/03\/se-celebro-un-convenio-de-cooperacion-con-la-provincia-de-la-pampa\/#primaryimage\"},\"thumbnailUrl\":\"https:\/\/consejomagistratura.gov.ar\/wp-content\/uploads\/2022\/03\/WhatsApp-Image-2022-03-03-at-11.47.53-AM.jpeg\",\"articleSection\":[\"Institucional\",\"Presidencia\"],\"inLanguage\":\"es-AR\"},{\"@type\":\"Person\",\"@id\":\"https:\/\/consejomagistratura.gov.ar\/#\/schema\/person\/4da57063f408a85d886d958badf8f6df\",\"name\":\"hernanelman\",\"image\":{\"@type\":\"ImageObject\",\"@id\":\"https:\/\/consejomagistratura.gov.ar\/#personlogo\",\"inLanguage\":\"es-AR\",\"url\":\"https:\/\/secure.gravatar.com\/avatar\/cb37cc646e6a84fe6e78061c6d9d5fb02a35404aaf0d46840fd3257e6c0131f2?s=96&d=mm&r=g\",\"contentUrl\":\"https:\/\/secure.gravatar.com\/avatar\/cb37cc646e6a84fe6e78061c6d9d5fb02a35404aaf0d46840fd3257e6c0131f2?s=96&d=mm&r=g\",\"caption\":\"hernanelman\"},\"url\":\"https:\/\/consejomagistratura.gov.ar\/index.php\/author\/hernanelman\/\"}]}<\/script>\n<!-- \/ Yoast SEO Premium plugin. -->","yoast_head_json":{"title":"Se celebr\u00f3 un Convenio de Cooperaci\u00f3n con la Provincia de La Pampa | Consejo de la Magistratura","robots":{"index":"index","follow":"follow","max-snippet":"max-snippet:-1","max-image-preview":"max-image-preview:large","max-video-preview":"max-video-preview:-1"},"canonical":"https:\/\/consejomagistratura.gov.ar\/index.php\/2022\/03\/03\/se-celebro-un-convenio-de-cooperacion-con-la-provincia-de-la-pampa\/","og_locale":"es_ES","og_type":"article","og_title":"Se celebr\u00f3 un Convenio de Cooperaci\u00f3n con la Provincia de La Pampa | Consejo de la Magistratura","og_description":"En la ma\u00f1ana de hoy, el presidente del Consejo de la Magistratura Dr. Alberto A. Lugones, suscribi\u00f3 un Convenio de Coooperaci\u00f3n con la Provincia de La Pampa, junto al Gobernador de la Provincia Sergio Ziliotto. [&hellip;]","og_url":"https:\/\/consejomagistratura.gov.ar\/index.php\/2022\/03\/03\/se-celebro-un-convenio-de-cooperacion-con-la-provincia-de-la-pampa\/","og_site_name":"Consejo de la Magistratura","article_publisher":"https:\/\/www.facebook.com\/consejomagistratura","article_published_time":"2022-03-03T15:47:29+00:00","article_modified_time":"2022-03-03T15:47:30+00:00","og_image":[{"width":1280,"height":853,"url":"https:\/\/consejomagistratura.gov.ar\/wp-content\/uploads\/2022\/03\/WhatsApp-Image-2022-03-03-at-11.47.53-AM.jpeg","type":"image\/jpeg"}],"twitter_card":"summary_large_image","twitter_creator":"@cmagistratura","twitter_site":"@cmagistratura","twitter_misc":{"Escrito por":"hernanelman","Tiempo de lectura":"2 minutos"},"schema":{"@context":"https:\/\/schema.org","@graph":[{"@type":"Organization","@id":"https:\/\/consejomagistratura.gov.ar\/#organization","name":"Consejo de la Magistratura","url":"https:\/\/consejomagistratura.gov.ar\/","sameAs":["https:\/\/www.facebook.com\/consejomagistratura","https:\/\/www.instagram.com\/consejodelamagistratura\/","https:\/\/www.youtube.com\/c\/consejodelamagistraturadelanacion","https:\/\/es.wikipedia.org\/wiki\/Consejo_de_la_Magistratura_(Argentina)","https:\/\/twitter.com\/cmagistratura"],"logo":{"@type":"ImageObject","@id":"https:\/\/consejomagistratura.gov.ar\/#logo","inLanguage":"es-AR","url":"https:\/\/consejomagistratura.gov.ar\/wp-content\/uploads\/2021\/08\/logo_link_2_Mesa-de-trabajo-1.png","contentUrl":"https:\/\/consejomagistratura.gov.ar\/wp-content\/uploads\/2021\/08\/logo_link_2_Mesa-de-trabajo-1.png","width":1067,"height":780,"caption":"Consejo de la Magistratura"},"image":{"@id":"https:\/\/consejomagistratura.gov.ar\/#logo"}},{"@type":"WebSite","@id":"https:\/\/consejomagistratura.gov.ar\/#website","url":"https:\/\/consejomagistratura.gov.ar\/","name":"Consejo de la Magistratura","description":"","publisher":{"@id":"https:\/\/consejomagistratura.gov.ar\/#organization"},"potentialAction":[{"@type":"SearchAction","target":{"@type":"EntryPoint","urlTemplate":"https:\/\/consejomagistratura.gov.ar\/?s={search_term_string}"},"query-input":"required name=search_term_string"}],"inLanguage":"es-AR"},{"@type":"ImageObject","@id":"https:\/\/consejomagistratura.gov.ar\/index.php\/2022\/03\/03\/se-celebro-un-convenio-de-cooperacion-con-la-provincia-de-la-pampa\/#primaryimage","inLanguage":"es-AR","url":"https:\/\/consejomagistratura.gov.ar\/wp-content\/uploads\/2022\/03\/WhatsApp-Image-2022-03-03-at-11.47.53-AM.jpeg","contentUrl":"https:\/\/consejomagistratura.gov.ar\/wp-content\/uploads\/2022\/03\/WhatsApp-Image-2022-03-03-at-11.47.53-AM.jpeg","width":1280,"height":853},{"@type":"WebPage","@id":"https:\/\/consejomagistratura.gov.ar\/index.php\/2022\/03\/03\/se-celebro-un-convenio-de-cooperacion-con-la-provincia-de-la-pampa\/#webpage","url":"https:\/\/consejomagistratura.gov.ar\/index.php\/2022\/03\/03\/se-celebro-un-convenio-de-cooperacion-con-la-provincia-de-la-pampa\/","name":"Se celebr\u00f3 un Convenio de Cooperaci\u00f3n con la Provincia de La Pampa | Consejo de la Magistratura","isPartOf":{"@id":"https:\/\/consejomagistratura.gov.ar\/#website"},"primaryImageOfPage":{"@id":"https:\/\/consejomagistratura.gov.ar\/index.php\/2022\/03\/03\/se-celebro-un-convenio-de-cooperacion-con-la-provincia-de-la-pampa\/#primaryimage"},"datePublished":"2022-03-03T15:47:29+00:00","dateModified":"2022-03-03T15:47:30+00:00","breadcrumb":{"@id":"https:\/\/consejomagistratura.gov.ar\/index.php\/2022\/03\/03\/se-celebro-un-convenio-de-cooperacion-con-la-provincia-de-la-pampa\/#breadcrumb"},"inLanguage":"es-AR","potentialAction":[{"@type":"ReadAction","target":["https:\/\/consejomagistratura.gov.ar\/index.php\/2022\/03\/03\/se-celebro-un-convenio-de-cooperacion-con-la-provincia-de-la-pampa\/"]}]},{"@type":"BreadcrumbList","@id":"https:\/\/consejomagistratura.gov.ar\/index.php\/2022\/03\/03\/se-celebro-un-convenio-de-cooperacion-con-la-provincia-de-la-pampa\/#breadcrumb","itemListElement":[{"@type":"ListItem","position":1,"name":"Inicio","item":"https:\/\/consejomagistratura.gov.ar\/"},{"@type":"ListItem","position":2,"name":"Se celebr\u00f3 un Convenio de Cooperaci\u00f3n con la Provincia de La Pampa"}]},{"@type":"Article","@id":"https:\/\/consejomagistratura.gov.ar\/index.php\/2022\/03\/03\/se-celebro-un-convenio-de-cooperacion-con-la-provincia-de-la-pampa\/#article","isPartOf":{"@id":"https:\/\/consejomagistratura.gov.ar\/index.php\/2022\/03\/03\/se-celebro-un-convenio-de-cooperacion-con-la-provincia-de-la-pampa\/#webpage"},"author":{"@id":"https:\/\/consejomagistratura.gov.ar\/#\/schema\/person\/4da57063f408a85d886d958badf8f6df"},"headline":"Se celebr\u00f3 un Convenio de Cooperaci\u00f3n con la Provincia de La Pampa","datePublished":"2022-03-03T15:47:29+00:00","dateModified":"2022-03-03T15:47:30+00:00","mainEntityOfPage":{"@id":"https:\/\/consejomagistratura.gov.ar\/index.php\/2022\/03\/03\/se-celebro-un-convenio-de-cooperacion-con-la-provincia-de-la-pampa\/#webpage"},"wordCount":236,"publisher":{"@id":"https:\/\/consejomagistratura.gov.ar\/#organization"},"image":{"@id":"https:\/\/consejomagistratura.gov.ar\/index.php\/2022\/03\/03\/se-celebro-un-convenio-de-cooperacion-con-la-provincia-de-la-pampa\/#primaryimage"},"thumbnailUrl":"https:\/\/consejomagistratura.gov.ar\/wp-content\/uploads\/2022\/03\/WhatsApp-Image-2022-03-03-at-11.47.53-AM.jpeg","articleSection":["Institucional","Presidencia"],"inLanguage":"es-AR"},{"@type":"Person","@id":"https:\/\/consejomagistratura.gov.ar\/#\/schema\/person\/4da57063f408a85d886d958badf8f6df","name":"hernanelman","image":{"@type":"ImageObject","@id":"https:\/\/consejomagistratura.gov.ar\/#personlogo","inLanguage":"es-AR","url":"https:\/\/secure.gravatar.com\/avatar\/cb37cc646e6a84fe6e78061c6d9d5fb02a35404aaf0d46840fd3257e6c0131f2?s=96&d=mm&r=g","contentUrl":"https:\/\/secure.gravatar.com\/avatar\/cb37cc646e6a84fe6e78061c6d9d5fb02a35404aaf0d46840fd3257e6c0131f2?s=96&d=mm&r=g","caption":"hernanelman"},"url":"https:\/\/consejomagistratura.gov.ar\/index.php\/author\/hernanelman\/"}]}},"_links":{"self":[{"href":"https:\/\/consejomagistratura.gov.ar\/index.php\/wp-json\/wp\/v2\/posts\/34861","targetHints":{"allow":["GET"]}}],"collection":[{"href":"https:\/\/consejomagistratura.gov.ar\/index.php\/wp-json\/wp\/v2\/posts"}],"about":[{"href":"https:\/\/consejomagistratura.gov.ar\/index.php\/wp-json\/wp\/v2\/types\/post"}],"author":[{"embeddable":true,"href":"https:\/\/consejomagistratura.gov.ar\/index.php\/wp-json\/wp\/v2\/users\/6"}],"replies":[{"embeddable":true,"href":"https:\/\/consejomagistratura.gov.ar\/index.php\/wp-json\/wp\/v2\/comments?post=34861"}],"version-history":[{"count":1,"href":"https:\/\/consejomagistratura.gov.ar\/index.php\/wp-json\/wp\/v2\/posts\/34861\/revisions"}],"predecessor-version":[{"id":34865,"href":"https:\/\/consejomagistratura.gov.ar\/index.php\/wp-json\/wp\/v2\/posts\/34861\/revisions\/34865"}],"wp:featuredmedia":[{"embeddable":true,"href":"https:\/\/consejomagistratura.gov.ar\/index.php\/wp-json\/wp\/v2\/media\/34864"}],"wp:attachment":[{"href":"https:\/\/consejomagistratura.gov.ar\/index.php\/wp-json\/wp\/v2\/media?parent=34861"}],"wp:term":[{"taxonomy":"category","embeddable":true,"href":"https:\/\/consejomagistratura.gov.ar\/index.php\/wp-json\/wp\/v2\/categories?post=34861"},{"taxonomy":"post_tag","embeddable":true,"href":"https:\/\/consejomagistratura.gov.ar\/index.php\/wp-json\/wp\/v2\/tags?post=34861"}],"curies":[{"name":"wp","href":"https:\/\/api.w.org\/{rel}","templated":true}]}}