{"id":36633,"date":"2022-08-19T12:16:34","date_gmt":"2022-08-19T15:16:34","guid":{"rendered":"https:\/\/consejomagistratura.gov.ar\/?p=36633"},"modified":"2022-08-19T12:16:35","modified_gmt":"2022-08-19T15:16:35","slug":"mejora-de-infraestructura-en-el-tribunal-oral-en-lo-criminal-federal-no-3-de-rosario","status":"publish","type":"post","link":"https:\/\/consejomagistratura.gov.ar\/index.php\/2022\/08\/19\/mejora-de-infraestructura-en-el-tribunal-oral-en-lo-criminal-federal-no-3-de-rosario\/","title":{"rendered":"Mejora de infraestructura en el Tribunal Oral en lo Criminal Federal N\u00ba 3 de Rosario"},"content":{"rendered":"\n<figure class=\"wp-block-image size-full\"><img fetchpriority=\"high\" decoding=\"async\" width=\"1024\" height=\"768\" src=\"https:\/\/consejomagistratura.gov.ar\/wp-content\/uploads\/2022\/08\/WhatsApp-Image-2022-08-19-at-12.17.13-PM.jpeg\" alt=\"\" class=\"wp-image-36635\" srcset=\"https:\/\/consejomagistratura.gov.ar\/wp-content\/uploads\/2022\/08\/WhatsApp-Image-2022-08-19-at-12.17.13-PM.jpeg 1024w, https:\/\/consejomagistratura.gov.ar\/wp-content\/uploads\/2022\/08\/WhatsApp-Image-2022-08-19-at-12.17.13-PM-300x225.jpeg 300w, https:\/\/consejomagistratura.gov.ar\/wp-content\/uploads\/2022\/08\/WhatsApp-Image-2022-08-19-at-12.17.13-PM-768x576.jpeg 768w\" sizes=\"(max-width: 1024px) 100vw, 1024px\" \/><\/figure>\n\n\n\n<p>En el marco del plan integral de mejora de la infraestructura del Poder Judicial, el Consejo de la Magistratura de la Naci\u00f3n entreg\u00f3 nuevo equipamiento inform\u00e1tico al Tribunal Oral en lo Criminal Federal N\u00ba 3 de Rosario -con competencia en materia de Ejecuci\u00f3n Penal-. En ese marco, fue tambi\u00e9n construido y acondicionado un espacio dentro del Tribunal dedicado a tal finalidad y se moderniz\u00f3 el sistema de cableado de redes instalado.<\/p>\n\n\n\n<p>Las tareas fueron llevadas a cabo por la Direcci\u00f3n de Tecnolog\u00eda del Consejo de la Magistratura de la Naci\u00f3n, a cargo de Hern\u00e1n Rondinella, con participaci\u00f3n de Ra\u00fal Zelaya, Marcos Loaiza, Agust\u00edn Addesso y dem\u00e1s personal del Consejo.<\/p>\n\n\n\n<p>En mayo del corriente a\u00f1o, el Consejo de la Magistratura puso en marcha una sala de alta tecnolog\u00eda digital en los tribunales federales de Rosario, tras el compromiso manifestado por los jueces federales y los integrantes de la Corte Suprema de Justicia en combatir el narcotr\u00e1fico. La finalidad de la sala es poder registrar en detalle las declaraciones de testigos e imputados.<\/p>\n\n\n\n<figure class=\"wp-block-gallery has-nested-images columns-default is-cropped wp-block-gallery-1 is-layout-flex wp-block-gallery-is-layout-flex\">\n<figure class=\"wp-block-image size-large\"><img decoding=\"async\" width=\"1024\" height=\"768\" data-id=\"36638\" src=\"https:\/\/consejomagistratura.gov.ar\/wp-content\/uploads\/2022\/08\/WhatsApp-Image-2022-08-19-at-12.17.13-PM-1.jpeg\" alt=\"\" class=\"wp-image-36638\" srcset=\"https:\/\/consejomagistratura.gov.ar\/wp-content\/uploads\/2022\/08\/WhatsApp-Image-2022-08-19-at-12.17.13-PM-1.jpeg 1024w, https:\/\/consejomagistratura.gov.ar\/wp-content\/uploads\/2022\/08\/WhatsApp-Image-2022-08-19-at-12.17.13-PM-1-300x225.jpeg 300w, https:\/\/consejomagistratura.gov.ar\/wp-content\/uploads\/2022\/08\/WhatsApp-Image-2022-08-19-at-12.17.13-PM-1-768x576.jpeg 768w\" sizes=\"(max-width: 1024px) 100vw, 1024px\" \/><\/figure>\n\n\n\n<figure class=\"wp-block-image size-large\"><img decoding=\"async\" width=\"1024\" height=\"768\" data-id=\"36637\" src=\"https:\/\/consejomagistratura.gov.ar\/wp-content\/uploads\/2022\/08\/WhatsApp-Image-2022-08-19-at-12.17.14-PM.jpeg\" alt=\"\" class=\"wp-image-36637\" srcset=\"https:\/\/consejomagistratura.gov.ar\/wp-content\/uploads\/2022\/08\/WhatsApp-Image-2022-08-19-at-12.17.14-PM.jpeg 1024w, https:\/\/consejomagistratura.gov.ar\/wp-content\/uploads\/2022\/08\/WhatsApp-Image-2022-08-19-at-12.17.14-PM-300x225.jpeg 300w, https:\/\/consejomagistratura.gov.ar\/wp-content\/uploads\/2022\/08\/WhatsApp-Image-2022-08-19-at-12.17.14-PM-768x576.jpeg 768w\" sizes=\"(max-width: 1024px) 100vw, 1024px\" \/><\/figure>\n\n\n\n<figure class=\"wp-block-image size-large\"><img loading=\"lazy\" decoding=\"async\" width=\"1024\" height=\"768\" data-id=\"36636\" src=\"https:\/\/consejomagistratura.gov.ar\/wp-content\/uploads\/2022\/08\/WhatsApp-Image-2022-08-19-at-12.17.14-PM-1.jpeg\" alt=\"\" class=\"wp-image-36636\" srcset=\"https:\/\/consejomagistratura.gov.ar\/wp-content\/uploads\/2022\/08\/WhatsApp-Image-2022-08-19-at-12.17.14-PM-1.jpeg 1024w, https:\/\/consejomagistratura.gov.ar\/wp-content\/uploads\/2022\/08\/WhatsApp-Image-2022-08-19-at-12.17.14-PM-1-300x225.jpeg 300w, https:\/\/consejomagistratura.gov.ar\/wp-content\/uploads\/2022\/08\/WhatsApp-Image-2022-08-19-at-12.17.14-PM-1-768x576.jpeg 768w\" sizes=\"(max-width: 1024px) 100vw, 1024px\" \/><\/figure>\n<\/figure>\n\n\n\n<p>La sala multimedia de \u00faltima generaci\u00f3n incluye cuatro pantallas de resoluci\u00f3n 4k de ultra alta definici\u00f3n, c\u00e1maras con sensores de movimiento y altavoces ambientales.<\/p>\n\n\n\n<p>Adem\u00e1s, se trata del segundo equipamiento en dicha jurisdicci\u00f3n en un lapso menor a un a\u00f1o, ya que en septiembre del 2021 el Consejo de la Magistratura, representado entonces por la consejera Vanesa Siley, realiz\u00f3 entregas de equipamiento tecnol\u00f3gico para la C\u00e1mara de Apelaciones y en los Tribunales Orales en lo Criminal Federal de dicha ciudad santafecina.<\/p>\n","protected":false},"excerpt":{"rendered":"<p>En el marco del plan integral de mejora de la infraestructura del Poder Judicial, el Consejo de la Magistratura de la Naci\u00f3n entreg\u00f3 nuevo equipamiento inform\u00e1tico al Tribunal Oral en lo Criminal Federal N\u00ba 3 [&hellip;]<\/p>\n","protected":false},"author":6,"featured_media":36638,"comment_status":"closed","ping_status":"open","sticky":false,"template":"","format":"standard","meta":{"footnotes":""},"categories":[15,3],"tags":[],"class_list":["post-36633","post","type-post","status-publish","format-standard","has-post-thumbnail","hentry","category-info-general","category-institucional"],"yoast_head":"<!-- This site is optimized with the Yoast SEO Premium plugin v16.2 (Yoast SEO v17.9) - https:\/\/yoast.com\/wordpress\/plugins\/seo\/ -->\n<title>Mejora de infraestructura en el Tribunal Oral en lo Criminal Federal N\u00ba 3 de Rosario | Consejo de la Magistratura<\/title>\n<meta name=\"robots\" content=\"index, follow, max-snippet:-1, max-image-preview:large, max-video-preview:-1\" \/>\n<link rel=\"canonical\" href=\"https:\/\/consejomagistratura.gov.ar\/index.php\/2022\/08\/19\/mejora-de-infraestructura-en-el-tribunal-oral-en-lo-criminal-federal-no-3-de-rosario\/\" \/>\n<meta property=\"og:locale\" content=\"es_ES\" \/>\n<meta property=\"og:type\" content=\"article\" \/>\n<meta property=\"og:title\" content=\"Mejora de infraestructura en el Tribunal Oral en lo Criminal Federal N\u00ba 3 de Rosario | Consejo de la Magistratura\" \/>\n<meta property=\"og:description\" content=\"En el marco del plan integral de mejora de la infraestructura del Poder Judicial, el Consejo de la Magistratura de la Naci\u00f3n entreg\u00f3 nuevo equipamiento inform\u00e1tico al Tribunal Oral en lo Criminal Federal N\u00ba 3 [&hellip;]\" \/>\n<meta property=\"og:url\" content=\"https:\/\/consejomagistratura.gov.ar\/index.php\/2022\/08\/19\/mejora-de-infraestructura-en-el-tribunal-oral-en-lo-criminal-federal-no-3-de-rosario\/\" \/>\n<meta property=\"og:site_name\" content=\"Consejo de la Magistratura\" \/>\n<meta property=\"article:publisher\" content=\"https:\/\/www.facebook.com\/consejomagistratura\" \/>\n<meta property=\"article:published_time\" content=\"2022-08-19T15:16:34+00:00\" \/>\n<meta property=\"article:modified_time\" content=\"2022-08-19T15:16:35+00:00\" \/>\n<meta property=\"og:image\" content=\"https:\/\/consejomagistratura.gov.ar\/wp-content\/uploads\/2022\/08\/WhatsApp-Image-2022-08-19-at-12.17.13-PM-1.jpeg\" \/>\n\t<meta property=\"og:image:width\" content=\"1024\" \/>\n\t<meta property=\"og:image:height\" content=\"768\" \/>\n\t<meta property=\"og:image:type\" content=\"image\/jpeg\" \/>\n<meta name=\"twitter:card\" content=\"summary_large_image\" \/>\n<meta name=\"twitter:creator\" content=\"@cmagistratura\" \/>\n<meta name=\"twitter:site\" content=\"@cmagistratura\" \/>\n<meta name=\"twitter:label1\" content=\"Escrito por\" \/>\n\t<meta name=\"twitter:data1\" content=\"hernanelman\" \/>\n\t<meta name=\"twitter:label2\" content=\"Tiempo de lectura\" \/>\n\t<meta name=\"twitter:data2\" content=\"2 minutos\" \/>\n<script type=\"application\/ld+json\" class=\"yoast-schema-graph\">{\"@context\":\"https:\/\/schema.org\",\"@graph\":[{\"@type\":\"Organization\",\"@id\":\"https:\/\/consejomagistratura.gov.ar\/#organization\",\"name\":\"Consejo de la Magistratura\",\"url\":\"https:\/\/consejomagistratura.gov.ar\/\",\"sameAs\":[\"https:\/\/www.facebook.com\/consejomagistratura\",\"https:\/\/www.instagram.com\/consejodelamagistratura\/\",\"https:\/\/www.youtube.com\/c\/consejodelamagistraturadelanacion\",\"https:\/\/es.wikipedia.org\/wiki\/Consejo_de_la_Magistratura_(Argentina)\",\"https:\/\/twitter.com\/cmagistratura\"],\"logo\":{\"@type\":\"ImageObject\",\"@id\":\"https:\/\/consejomagistratura.gov.ar\/#logo\",\"inLanguage\":\"es-AR\",\"url\":\"https:\/\/consejomagistratura.gov.ar\/wp-content\/uploads\/2021\/08\/logo_link_2_Mesa-de-trabajo-1.png\",\"contentUrl\":\"https:\/\/consejomagistratura.gov.ar\/wp-content\/uploads\/2021\/08\/logo_link_2_Mesa-de-trabajo-1.png\",\"width\":1067,\"height\":780,\"caption\":\"Consejo de la Magistratura\"},\"image\":{\"@id\":\"https:\/\/consejomagistratura.gov.ar\/#logo\"}},{\"@type\":\"WebSite\",\"@id\":\"https:\/\/consejomagistratura.gov.ar\/#website\",\"url\":\"https:\/\/consejomagistratura.gov.ar\/\",\"name\":\"Consejo de la Magistratura\",\"description\":\"\",\"publisher\":{\"@id\":\"https:\/\/consejomagistratura.gov.ar\/#organization\"},\"potentialAction\":[{\"@type\":\"SearchAction\",\"target\":{\"@type\":\"EntryPoint\",\"urlTemplate\":\"https:\/\/consejomagistratura.gov.ar\/?s={search_term_string}\"},\"query-input\":\"required name=search_term_string\"}],\"inLanguage\":\"es-AR\"},{\"@type\":\"ImageObject\",\"@id\":\"https:\/\/consejomagistratura.gov.ar\/index.php\/2022\/08\/19\/mejora-de-infraestructura-en-el-tribunal-oral-en-lo-criminal-federal-no-3-de-rosario\/#primaryimage\",\"inLanguage\":\"es-AR\",\"url\":\"https:\/\/consejomagistratura.gov.ar\/wp-content\/uploads\/2022\/08\/WhatsApp-Image-2022-08-19-at-12.17.13-PM-1.jpeg\",\"contentUrl\":\"https:\/\/consejomagistratura.gov.ar\/wp-content\/uploads\/2022\/08\/WhatsApp-Image-2022-08-19-at-12.17.13-PM-1.jpeg\",\"width\":1024,\"height\":768},{\"@type\":\"WebPage\",\"@id\":\"https:\/\/consejomagistratura.gov.ar\/index.php\/2022\/08\/19\/mejora-de-infraestructura-en-el-tribunal-oral-en-lo-criminal-federal-no-3-de-rosario\/#webpage\",\"url\":\"https:\/\/consejomagistratura.gov.ar\/index.php\/2022\/08\/19\/mejora-de-infraestructura-en-el-tribunal-oral-en-lo-criminal-federal-no-3-de-rosario\/\",\"name\":\"Mejora de infraestructura en el Tribunal Oral en lo Criminal Federal N\\u00ba 3 de Rosario | Consejo de la Magistratura\",\"isPartOf\":{\"@id\":\"https:\/\/consejomagistratura.gov.ar\/#website\"},\"primaryImageOfPage\":{\"@id\":\"https:\/\/consejomagistratura.gov.ar\/index.php\/2022\/08\/19\/mejora-de-infraestructura-en-el-tribunal-oral-en-lo-criminal-federal-no-3-de-rosario\/#primaryimage\"},\"datePublished\":\"2022-08-19T15:16:34+00:00\",\"dateModified\":\"2022-08-19T15:16:35+00:00\",\"breadcrumb\":{\"@id\":\"https:\/\/consejomagistratura.gov.ar\/index.php\/2022\/08\/19\/mejora-de-infraestructura-en-el-tribunal-oral-en-lo-criminal-federal-no-3-de-rosario\/#breadcrumb\"},\"inLanguage\":\"es-AR\",\"potentialAction\":[{\"@type\":\"ReadAction\",\"target\":[\"https:\/\/consejomagistratura.gov.ar\/index.php\/2022\/08\/19\/mejora-de-infraestructura-en-el-tribunal-oral-en-lo-criminal-federal-no-3-de-rosario\/\"]}]},{\"@type\":\"BreadcrumbList\",\"@id\":\"https:\/\/consejomagistratura.gov.ar\/index.php\/2022\/08\/19\/mejora-de-infraestructura-en-el-tribunal-oral-en-lo-criminal-federal-no-3-de-rosario\/#breadcrumb\",\"itemListElement\":[{\"@type\":\"ListItem\",\"position\":1,\"name\":\"Inicio\",\"item\":\"https:\/\/consejomagistratura.gov.ar\/\"},{\"@type\":\"ListItem\",\"position\":2,\"name\":\"Mejora de infraestructura en el Tribunal Oral en lo Criminal Federal N\\u00ba 3 de Rosario\"}]},{\"@type\":\"Article\",\"@id\":\"https:\/\/consejomagistratura.gov.ar\/index.php\/2022\/08\/19\/mejora-de-infraestructura-en-el-tribunal-oral-en-lo-criminal-federal-no-3-de-rosario\/#article\",\"isPartOf\":{\"@id\":\"https:\/\/consejomagistratura.gov.ar\/index.php\/2022\/08\/19\/mejora-de-infraestructura-en-el-tribunal-oral-en-lo-criminal-federal-no-3-de-rosario\/#webpage\"},\"author\":{\"@id\":\"https:\/\/consejomagistratura.gov.ar\/#\/schema\/person\/4da57063f408a85d886d958badf8f6df\"},\"headline\":\"Mejora de infraestructura en el Tribunal Oral en lo Criminal Federal N\\u00ba 3 de Rosario\",\"datePublished\":\"2022-08-19T15:16:34+00:00\",\"dateModified\":\"2022-08-19T15:16:35+00:00\",\"mainEntityOfPage\":{\"@id\":\"https:\/\/consejomagistratura.gov.ar\/index.php\/2022\/08\/19\/mejora-de-infraestructura-en-el-tribunal-oral-en-lo-criminal-federal-no-3-de-rosario\/#webpage\"},\"wordCount\":288,\"publisher\":{\"@id\":\"https:\/\/consejomagistratura.gov.ar\/#organization\"},\"image\":{\"@id\":\"https:\/\/consejomagistratura.gov.ar\/index.php\/2022\/08\/19\/mejora-de-infraestructura-en-el-tribunal-oral-en-lo-criminal-federal-no-3-de-rosario\/#primaryimage\"},\"thumbnailUrl\":\"https:\/\/consejomagistratura.gov.ar\/wp-content\/uploads\/2022\/08\/WhatsApp-Image-2022-08-19-at-12.17.13-PM-1.jpeg\",\"articleSection\":[\"Informaci\\u00f3n General\",\"Institucional\"],\"inLanguage\":\"es-AR\"},{\"@type\":\"Person\",\"@id\":\"https:\/\/consejomagistratura.gov.ar\/#\/schema\/person\/4da57063f408a85d886d958badf8f6df\",\"name\":\"hernanelman\",\"image\":{\"@type\":\"ImageObject\",\"@id\":\"https:\/\/consejomagistratura.gov.ar\/#personlogo\",\"inLanguage\":\"es-AR\",\"url\":\"https:\/\/secure.gravatar.com\/avatar\/cb37cc646e6a84fe6e78061c6d9d5fb02a35404aaf0d46840fd3257e6c0131f2?s=96&d=mm&r=g\",\"contentUrl\":\"https:\/\/secure.gravatar.com\/avatar\/cb37cc646e6a84fe6e78061c6d9d5fb02a35404aaf0d46840fd3257e6c0131f2?s=96&d=mm&r=g\",\"caption\":\"hernanelman\"},\"url\":\"https:\/\/consejomagistratura.gov.ar\/index.php\/author\/hernanelman\/\"}]}<\/script>\n<!-- \/ Yoast SEO Premium plugin. -->","yoast_head_json":{"title":"Mejora de infraestructura en el Tribunal Oral en lo Criminal Federal N\u00ba 3 de Rosario | Consejo de la Magistratura","robots":{"index":"index","follow":"follow","max-snippet":"max-snippet:-1","max-image-preview":"max-image-preview:large","max-video-preview":"max-video-preview:-1"},"canonical":"https:\/\/consejomagistratura.gov.ar\/index.php\/2022\/08\/19\/mejora-de-infraestructura-en-el-tribunal-oral-en-lo-criminal-federal-no-3-de-rosario\/","og_locale":"es_ES","og_type":"article","og_title":"Mejora de infraestructura en el Tribunal Oral en lo Criminal Federal N\u00ba 3 de Rosario | Consejo de la Magistratura","og_description":"En el marco del plan integral de mejora de la infraestructura del Poder Judicial, el Consejo de la Magistratura de la Naci\u00f3n entreg\u00f3 nuevo equipamiento inform\u00e1tico al Tribunal Oral en lo Criminal Federal N\u00ba 3 [&hellip;]","og_url":"https:\/\/consejomagistratura.gov.ar\/index.php\/2022\/08\/19\/mejora-de-infraestructura-en-el-tribunal-oral-en-lo-criminal-federal-no-3-de-rosario\/","og_site_name":"Consejo de la Magistratura","article_publisher":"https:\/\/www.facebook.com\/consejomagistratura","article_published_time":"2022-08-19T15:16:34+00:00","article_modified_time":"2022-08-19T15:16:35+00:00","og_image":[{"width":1024,"height":768,"url":"https:\/\/consejomagistratura.gov.ar\/wp-content\/uploads\/2022\/08\/WhatsApp-Image-2022-08-19-at-12.17.13-PM-1.jpeg","type":"image\/jpeg"}],"twitter_card":"summary_large_image","twitter_creator":"@cmagistratura","twitter_site":"@cmagistratura","twitter_misc":{"Escrito por":"hernanelman","Tiempo de lectura":"2 minutos"},"schema":{"@context":"https:\/\/schema.org","@graph":[{"@type":"Organization","@id":"https:\/\/consejomagistratura.gov.ar\/#organization","name":"Consejo de la Magistratura","url":"https:\/\/consejomagistratura.gov.ar\/","sameAs":["https:\/\/www.facebook.com\/consejomagistratura","https:\/\/www.instagram.com\/consejodelamagistratura\/","https:\/\/www.youtube.com\/c\/consejodelamagistraturadelanacion","https:\/\/es.wikipedia.org\/wiki\/Consejo_de_la_Magistratura_(Argentina)","https:\/\/twitter.com\/cmagistratura"],"logo":{"@type":"ImageObject","@id":"https:\/\/consejomagistratura.gov.ar\/#logo","inLanguage":"es-AR","url":"https:\/\/consejomagistratura.gov.ar\/wp-content\/uploads\/2021\/08\/logo_link_2_Mesa-de-trabajo-1.png","contentUrl":"https:\/\/consejomagistratura.gov.ar\/wp-content\/uploads\/2021\/08\/logo_link_2_Mesa-de-trabajo-1.png","width":1067,"height":780,"caption":"Consejo de la Magistratura"},"image":{"@id":"https:\/\/consejomagistratura.gov.ar\/#logo"}},{"@type":"WebSite","@id":"https:\/\/consejomagistratura.gov.ar\/#website","url":"https:\/\/consejomagistratura.gov.ar\/","name":"Consejo de la Magistratura","description":"","publisher":{"@id":"https:\/\/consejomagistratura.gov.ar\/#organization"},"potentialAction":[{"@type":"SearchAction","target":{"@type":"EntryPoint","urlTemplate":"https:\/\/consejomagistratura.gov.ar\/?s={search_term_string}"},"query-input":"required name=search_term_string"}],"inLanguage":"es-AR"},{"@type":"ImageObject","@id":"https:\/\/consejomagistratura.gov.ar\/index.php\/2022\/08\/19\/mejora-de-infraestructura-en-el-tribunal-oral-en-lo-criminal-federal-no-3-de-rosario\/#primaryimage","inLanguage":"es-AR","url":"https:\/\/consejomagistratura.gov.ar\/wp-content\/uploads\/2022\/08\/WhatsApp-Image-2022-08-19-at-12.17.13-PM-1.jpeg","contentUrl":"https:\/\/consejomagistratura.gov.ar\/wp-content\/uploads\/2022\/08\/WhatsApp-Image-2022-08-19-at-12.17.13-PM-1.jpeg","width":1024,"height":768},{"@type":"WebPage","@id":"https:\/\/consejomagistratura.gov.ar\/index.php\/2022\/08\/19\/mejora-de-infraestructura-en-el-tribunal-oral-en-lo-criminal-federal-no-3-de-rosario\/#webpage","url":"https:\/\/consejomagistratura.gov.ar\/index.php\/2022\/08\/19\/mejora-de-infraestructura-en-el-tribunal-oral-en-lo-criminal-federal-no-3-de-rosario\/","name":"Mejora de infraestructura en el Tribunal Oral en lo Criminal Federal N\u00ba 3 de Rosario | Consejo de la Magistratura","isPartOf":{"@id":"https:\/\/consejomagistratura.gov.ar\/#website"},"primaryImageOfPage":{"@id":"https:\/\/consejomagistratura.gov.ar\/index.php\/2022\/08\/19\/mejora-de-infraestructura-en-el-tribunal-oral-en-lo-criminal-federal-no-3-de-rosario\/#primaryimage"},"datePublished":"2022-08-19T15:16:34+00:00","dateModified":"2022-08-19T15:16:35+00:00","breadcrumb":{"@id":"https:\/\/consejomagistratura.gov.ar\/index.php\/2022\/08\/19\/mejora-de-infraestructura-en-el-tribunal-oral-en-lo-criminal-federal-no-3-de-rosario\/#breadcrumb"},"inLanguage":"es-AR","potentialAction":[{"@type":"ReadAction","target":["https:\/\/consejomagistratura.gov.ar\/index.php\/2022\/08\/19\/mejora-de-infraestructura-en-el-tribunal-oral-en-lo-criminal-federal-no-3-de-rosario\/"]}]},{"@type":"BreadcrumbList","@id":"https:\/\/consejomagistratura.gov.ar\/index.php\/2022\/08\/19\/mejora-de-infraestructura-en-el-tribunal-oral-en-lo-criminal-federal-no-3-de-rosario\/#breadcrumb","itemListElement":[{"@type":"ListItem","position":1,"name":"Inicio","item":"https:\/\/consejomagistratura.gov.ar\/"},{"@type":"ListItem","position":2,"name":"Mejora de infraestructura en el Tribunal Oral en lo Criminal Federal N\u00ba 3 de Rosario"}]},{"@type":"Article","@id":"https:\/\/consejomagistratura.gov.ar\/index.php\/2022\/08\/19\/mejora-de-infraestructura-en-el-tribunal-oral-en-lo-criminal-federal-no-3-de-rosario\/#article","isPartOf":{"@id":"https:\/\/consejomagistratura.gov.ar\/index.php\/2022\/08\/19\/mejora-de-infraestructura-en-el-tribunal-oral-en-lo-criminal-federal-no-3-de-rosario\/#webpage"},"author":{"@id":"https:\/\/consejomagistratura.gov.ar\/#\/schema\/person\/4da57063f408a85d886d958badf8f6df"},"headline":"Mejora de infraestructura en el Tribunal Oral en lo Criminal Federal N\u00ba 3 de Rosario","datePublished":"2022-08-19T15:16:34+00:00","dateModified":"2022-08-19T15:16:35+00:00","mainEntityOfPage":{"@id":"https:\/\/consejomagistratura.gov.ar\/index.php\/2022\/08\/19\/mejora-de-infraestructura-en-el-tribunal-oral-en-lo-criminal-federal-no-3-de-rosario\/#webpage"},"wordCount":288,"publisher":{"@id":"https:\/\/consejomagistratura.gov.ar\/#organization"},"image":{"@id":"https:\/\/consejomagistratura.gov.ar\/index.php\/2022\/08\/19\/mejora-de-infraestructura-en-el-tribunal-oral-en-lo-criminal-federal-no-3-de-rosario\/#primaryimage"},"thumbnailUrl":"https:\/\/consejomagistratura.gov.ar\/wp-content\/uploads\/2022\/08\/WhatsApp-Image-2022-08-19-at-12.17.13-PM-1.jpeg","articleSection":["Informaci\u00f3n General","Institucional"],"inLanguage":"es-AR"},{"@type":"Person","@id":"https:\/\/consejomagistratura.gov.ar\/#\/schema\/person\/4da57063f408a85d886d958badf8f6df","name":"hernanelman","image":{"@type":"ImageObject","@id":"https:\/\/consejomagistratura.gov.ar\/#personlogo","inLanguage":"es-AR","url":"https:\/\/secure.gravatar.com\/avatar\/cb37cc646e6a84fe6e78061c6d9d5fb02a35404aaf0d46840fd3257e6c0131f2?s=96&d=mm&r=g","contentUrl":"https:\/\/secure.gravatar.com\/avatar\/cb37cc646e6a84fe6e78061c6d9d5fb02a35404aaf0d46840fd3257e6c0131f2?s=96&d=mm&r=g","caption":"hernanelman"},"url":"https:\/\/consejomagistratura.gov.ar\/index.php\/author\/hernanelman\/"}]}},"_links":{"self":[{"href":"https:\/\/consejomagistratura.gov.ar\/index.php\/wp-json\/wp\/v2\/posts\/36633","targetHints":{"allow":["GET"]}}],"collection":[{"href":"https:\/\/consejomagistratura.gov.ar\/index.php\/wp-json\/wp\/v2\/posts"}],"about":[{"href":"https:\/\/consejomagistratura.gov.ar\/index.php\/wp-json\/wp\/v2\/types\/post"}],"author":[{"embeddable":true,"href":"https:\/\/consejomagistratura.gov.ar\/index.php\/wp-json\/wp\/v2\/users\/6"}],"replies":[{"embeddable":true,"href":"https:\/\/consejomagistratura.gov.ar\/index.php\/wp-json\/wp\/v2\/comments?post=36633"}],"version-history":[{"count":1,"href":"https:\/\/consejomagistratura.gov.ar\/index.php\/wp-json\/wp\/v2\/posts\/36633\/revisions"}],"predecessor-version":[{"id":36639,"href":"https:\/\/consejomagistratura.gov.ar\/index.php\/wp-json\/wp\/v2\/posts\/36633\/revisions\/36639"}],"wp:featuredmedia":[{"embeddable":true,"href":"https:\/\/consejomagistratura.gov.ar\/index.php\/wp-json\/wp\/v2\/media\/36638"}],"wp:attachment":[{"href":"https:\/\/consejomagistratura.gov.ar\/index.php\/wp-json\/wp\/v2\/media?parent=36633"}],"wp:term":[{"taxonomy":"category","embeddable":true,"href":"https:\/\/consejomagistratura.gov.ar\/index.php\/wp-json\/wp\/v2\/categories?post=36633"},{"taxonomy":"post_tag","embeddable":true,"href":"https:\/\/consejomagistratura.gov.ar\/index.php\/wp-json\/wp\/v2\/tags?post=36633"}],"curies":[{"name":"wp","href":"https:\/\/api.w.org\/{rel}","templated":true}]}}