{"id":36700,"date":"2022-08-29T11:37:56","date_gmt":"2022-08-29T14:37:56","guid":{"rendered":"https:\/\/consejomagistratura.gov.ar\/?p=36700"},"modified":"2022-08-29T11:37:58","modified_gmt":"2022-08-29T14:37:58","slug":"entrevistas-personales-en-el-concurso-453","status":"publish","type":"post","link":"https:\/\/consejomagistratura.gov.ar\/index.php\/2022\/08\/29\/entrevistas-personales-en-el-concurso-453\/","title":{"rendered":"Entrevistas personales en el Concurso 453"},"content":{"rendered":"\n<figure class=\"wp-block-image size-large\"><img fetchpriority=\"high\" decoding=\"async\" width=\"1024\" height=\"682\" src=\"https:\/\/consejomagistratura.gov.ar\/wp-content\/uploads\/2022\/08\/DSC_6009-1024x682.jpg\" alt=\"\" class=\"wp-image-36705\" srcset=\"https:\/\/consejomagistratura.gov.ar\/wp-content\/uploads\/2022\/08\/DSC_6009-1024x682.jpg 1024w, https:\/\/consejomagistratura.gov.ar\/wp-content\/uploads\/2022\/08\/DSC_6009-300x200.jpg 300w, https:\/\/consejomagistratura.gov.ar\/wp-content\/uploads\/2022\/08\/DSC_6009-768x511.jpg 768w, https:\/\/consejomagistratura.gov.ar\/wp-content\/uploads\/2022\/08\/DSC_6009-1536x1023.jpg 1536w, https:\/\/consejomagistratura.gov.ar\/wp-content\/uploads\/2022\/08\/DSC_6009-2048x1364.jpg 2048w\" sizes=\"(max-width: 1024px) 100vw, 1024px\" \/><\/figure>\n\n\n\n<p>En el marco de actividades de la Comisi\u00f3n de Selecci\u00f3n de Magistrados y Escuela Judicial, durante la ma\u00f1ana del 29 de agosto, se llevaron a cabo las entrevistas personales convocadas en el Concurso 453, destinado a cubrir un cargo de juez\/a de c\u00e1mara en el Tribunal Oral en lo Criminal Federal de Catamarca.<br>El acto fue conducido por el Consejero Pablo Tonelli, con la asistencia de la Secretaria Ingrid Jorgensen.<br>Participaron tambi\u00e9n las\/os Consejeros\/as Juan Manuel Culotta, Jimena de la Torre, Agustina D\u00edaz Cordero y Pamela Tolosa.<\/p>\n\n\n\n<p>Para la fecha fueron convocados\/as los\/as postulantes: Carlos Felipe D\u00edaz Lannes, Mar\u00eda Virginia Miguel Carmona, Guillermo Antonio Altamirano, Ana Mar\u00eda Busleiman, Carlos Ezequiel Oneto, Pablo Javier Flores, Javier Roberto Merep, Carlos Eduardo Saltor y Sebasti\u00e1n Pedro Ruiz.<\/p>\n\n\n\n<figure class=\"wp-block-gallery has-nested-images columns-default is-cropped wp-block-gallery-1 is-layout-flex wp-block-gallery-is-layout-flex\">\n<figure class=\"wp-block-image size-large\"><img decoding=\"async\" width=\"2560\" height=\"1705\" data-id=\"36704\" src=\"https:\/\/consejomagistratura.gov.ar\/wp-content\/uploads\/2022\/08\/DSC_6017-scaled.jpg\" alt=\"\" class=\"wp-image-36704\" srcset=\"https:\/\/consejomagistratura.gov.ar\/wp-content\/uploads\/2022\/08\/DSC_6017-scaled.jpg 2560w, https:\/\/consejomagistratura.gov.ar\/wp-content\/uploads\/2022\/08\/DSC_6017-300x200.jpg 300w, https:\/\/consejomagistratura.gov.ar\/wp-content\/uploads\/2022\/08\/DSC_6017-1024x682.jpg 1024w, https:\/\/consejomagistratura.gov.ar\/wp-content\/uploads\/2022\/08\/DSC_6017-768x511.jpg 768w, https:\/\/consejomagistratura.gov.ar\/wp-content\/uploads\/2022\/08\/DSC_6017-1536x1023.jpg 1536w, https:\/\/consejomagistratura.gov.ar\/wp-content\/uploads\/2022\/08\/DSC_6017-2048x1364.jpg 2048w\" sizes=\"(max-width: 2560px) 100vw, 2560px\" \/><\/figure>\n\n\n\n<figure class=\"wp-block-image size-large\"><img decoding=\"async\" width=\"2560\" height=\"1705\" data-id=\"36703\" src=\"https:\/\/consejomagistratura.gov.ar\/wp-content\/uploads\/2022\/08\/DSC_6021-scaled.jpg\" alt=\"\" class=\"wp-image-36703\" srcset=\"https:\/\/consejomagistratura.gov.ar\/wp-content\/uploads\/2022\/08\/DSC_6021-scaled.jpg 2560w, https:\/\/consejomagistratura.gov.ar\/wp-content\/uploads\/2022\/08\/DSC_6021-300x200.jpg 300w, https:\/\/consejomagistratura.gov.ar\/wp-content\/uploads\/2022\/08\/DSC_6021-1024x682.jpg 1024w, https:\/\/consejomagistratura.gov.ar\/wp-content\/uploads\/2022\/08\/DSC_6021-768x511.jpg 768w, https:\/\/consejomagistratura.gov.ar\/wp-content\/uploads\/2022\/08\/DSC_6021-1536x1023.jpg 1536w, https:\/\/consejomagistratura.gov.ar\/wp-content\/uploads\/2022\/08\/DSC_6021-2048x1364.jpg 2048w\" sizes=\"(max-width: 2560px) 100vw, 2560px\" \/><\/figure>\n<\/figure>\n\n\n\n<p>La Subcomisi\u00f3n que interviene en esta etapa del Concurso est\u00e1 conformada por los Consejeros Alberto Agust\u00edn Lugones y Pablo Tonelli.<\/p>\n\n\n\n<p>Como es habitual, el acto tuvo lugar en la modalidad semipresencial desde la Sala de reuniones del Plenario \u201cLino E. Palacio\u201d, ubicada en Libertad 731, piso 2do., de la Ciudad de Buenos Aires.<\/p>\n\n\n\n<p>El Consejo de la Magistratura cont\u00f3 con la colaboraci\u00f3n de las C\u00e1maras Federales de Mar del Plata y de Tucum\u00e1n para recibir las entrevistas que requirieron de conexi\u00f3n por medios telem\u00e1ticos.<\/p>\n\n\n\n<figure class=\"wp-block-embed is-type-video is-provider-youtube wp-block-embed-youtube wp-embed-aspect-16-9 wp-has-aspect-ratio\"><div class=\"wp-block-embed__wrapper\">\n<iframe title=\"Entrevistas personales en el Concurso N\u00ba453\" width=\"640\" height=\"360\" src=\"https:\/\/www.youtube.com\/embed\/xe1i4cHkjyQ?feature=oembed\" frameborder=\"0\" allow=\"accelerometer; autoplay; clipboard-write; encrypted-media; gyroscope; picture-in-picture; web-share\" referrerpolicy=\"strict-origin-when-cross-origin\" allowfullscreen><\/iframe>\n<\/div><\/figure>\n\n\n\n<p>Al finalizar la sesi\u00f3n, se realiz\u00f3 el sorteo de jurados y subcomisiones, el que fue transmitido en vivo a trav\u00e9s del sitio oficial del organismo y del canal de YouTube.<\/p>\n\n\n\n<figure class=\"wp-block-image size-large\"><img loading=\"lazy\" decoding=\"async\" width=\"1024\" height=\"682\" src=\"https:\/\/consejomagistratura.gov.ar\/wp-content\/uploads\/2022\/08\/DSC_6053-1024x682.jpg\" alt=\"\" class=\"wp-image-36702\" srcset=\"https:\/\/consejomagistratura.gov.ar\/wp-content\/uploads\/2022\/08\/DSC_6053-1024x682.jpg 1024w, https:\/\/consejomagistratura.gov.ar\/wp-content\/uploads\/2022\/08\/DSC_6053-300x200.jpg 300w, https:\/\/consejomagistratura.gov.ar\/wp-content\/uploads\/2022\/08\/DSC_6053-768x511.jpg 768w, https:\/\/consejomagistratura.gov.ar\/wp-content\/uploads\/2022\/08\/DSC_6053-1536x1023.jpg 1536w, https:\/\/consejomagistratura.gov.ar\/wp-content\/uploads\/2022\/08\/DSC_6053-2048x1364.jpg 2048w\" sizes=\"(max-width: 1024px) 100vw, 1024px\" \/><\/figure>\n\n\n\n<figure class=\"wp-block-embed is-type-video is-provider-youtube wp-block-embed-youtube wp-embed-aspect-16-9 wp-has-aspect-ratio\"><div class=\"wp-block-embed__wrapper\">\n<iframe title=\"Sorteo de Jurados de la Comisi\u00f3n de Selecci\u00f3n 29\/08\/2022.\" width=\"640\" height=\"360\" src=\"https:\/\/www.youtube.com\/embed\/7IgWCzJ-MQ8?feature=oembed\" frameborder=\"0\" allow=\"accelerometer; autoplay; clipboard-write; encrypted-media; gyroscope; picture-in-picture; web-share\" referrerpolicy=\"strict-origin-when-cross-origin\" allowfullscreen><\/iframe>\n<\/div><\/figure>\n","protected":false},"excerpt":{"rendered":"<p>En el marco de actividades de la Comisi\u00f3n de Selecci\u00f3n de Magistrados y Escuela Judicial, durante la ma\u00f1ana del 29 de agosto, se llevaron a cabo las entrevistas personales convocadas en el Concurso 453, destinado [&hellip;]<\/p>\n","protected":false},"author":6,"featured_media":36705,"comment_status":"closed","ping_status":"open","sticky":false,"template":"","format":"standard","meta":{"footnotes":""},"categories":[18,4,79],"tags":[],"class_list":["post-36700","post","type-post","status-publish","format-standard","has-post-thumbnail","hentry","category-seleccion","category-comisiones","category-transmisiones-en-vivo"],"yoast_head":"<!-- This site is optimized with the Yoast SEO Premium plugin v16.2 (Yoast SEO v17.9) - https:\/\/yoast.com\/wordpress\/plugins\/seo\/ -->\n<title>Entrevistas personales en el Concurso 453 | Consejo de la Magistratura<\/title>\n<meta name=\"robots\" content=\"index, follow, max-snippet:-1, max-image-preview:large, max-video-preview:-1\" \/>\n<link rel=\"canonical\" href=\"https:\/\/consejomagistratura.gov.ar\/index.php\/2022\/08\/29\/entrevistas-personales-en-el-concurso-453\/\" \/>\n<meta property=\"og:locale\" content=\"es_ES\" \/>\n<meta property=\"og:type\" content=\"article\" \/>\n<meta property=\"og:title\" content=\"Entrevistas personales en el Concurso 453 | Consejo de la Magistratura\" \/>\n<meta property=\"og:description\" content=\"En el marco de actividades de la Comisi\u00f3n de Selecci\u00f3n de Magistrados y Escuela Judicial, durante la ma\u00f1ana del 29 de agosto, se llevaron a cabo las entrevistas personales convocadas en el Concurso 453, destinado [&hellip;]\" \/>\n<meta property=\"og:url\" content=\"https:\/\/consejomagistratura.gov.ar\/index.php\/2022\/08\/29\/entrevistas-personales-en-el-concurso-453\/\" \/>\n<meta property=\"og:site_name\" content=\"Consejo de la Magistratura\" \/>\n<meta property=\"article:publisher\" content=\"https:\/\/www.facebook.com\/consejomagistratura\" \/>\n<meta property=\"article:published_time\" content=\"2022-08-29T14:37:56+00:00\" \/>\n<meta property=\"article:modified_time\" content=\"2022-08-29T14:37:58+00:00\" \/>\n<meta property=\"og:image\" content=\"https:\/\/consejomagistratura.gov.ar\/wp-content\/uploads\/2022\/08\/DSC_6009-scaled.jpg\" \/>\n\t<meta property=\"og:image:width\" content=\"2560\" \/>\n\t<meta property=\"og:image:height\" content=\"1705\" \/>\n\t<meta property=\"og:image:type\" content=\"image\/jpeg\" \/>\n<meta name=\"twitter:card\" content=\"summary_large_image\" \/>\n<meta name=\"twitter:creator\" content=\"@cmagistratura\" \/>\n<meta name=\"twitter:site\" content=\"@cmagistratura\" \/>\n<meta name=\"twitter:label1\" content=\"Escrito por\" \/>\n\t<meta name=\"twitter:data1\" content=\"hernanelman\" \/>\n\t<meta name=\"twitter:label2\" content=\"Tiempo de lectura\" \/>\n\t<meta name=\"twitter:data2\" content=\"2 minutos\" \/>\n<script type=\"application\/ld+json\" class=\"yoast-schema-graph\">{\"@context\":\"https:\/\/schema.org\",\"@graph\":[{\"@type\":\"Organization\",\"@id\":\"https:\/\/consejomagistratura.gov.ar\/#organization\",\"name\":\"Consejo de la Magistratura\",\"url\":\"https:\/\/consejomagistratura.gov.ar\/\",\"sameAs\":[\"https:\/\/www.facebook.com\/consejomagistratura\",\"https:\/\/www.instagram.com\/consejodelamagistratura\/\",\"https:\/\/www.youtube.com\/c\/consejodelamagistraturadelanacion\",\"https:\/\/es.wikipedia.org\/wiki\/Consejo_de_la_Magistratura_(Argentina)\",\"https:\/\/twitter.com\/cmagistratura\"],\"logo\":{\"@type\":\"ImageObject\",\"@id\":\"https:\/\/consejomagistratura.gov.ar\/#logo\",\"inLanguage\":\"es-AR\",\"url\":\"https:\/\/consejomagistratura.gov.ar\/wp-content\/uploads\/2021\/08\/logo_link_2_Mesa-de-trabajo-1.png\",\"contentUrl\":\"https:\/\/consejomagistratura.gov.ar\/wp-content\/uploads\/2021\/08\/logo_link_2_Mesa-de-trabajo-1.png\",\"width\":1067,\"height\":780,\"caption\":\"Consejo de la Magistratura\"},\"image\":{\"@id\":\"https:\/\/consejomagistratura.gov.ar\/#logo\"}},{\"@type\":\"WebSite\",\"@id\":\"https:\/\/consejomagistratura.gov.ar\/#website\",\"url\":\"https:\/\/consejomagistratura.gov.ar\/\",\"name\":\"Consejo de la Magistratura\",\"description\":\"\",\"publisher\":{\"@id\":\"https:\/\/consejomagistratura.gov.ar\/#organization\"},\"potentialAction\":[{\"@type\":\"SearchAction\",\"target\":{\"@type\":\"EntryPoint\",\"urlTemplate\":\"https:\/\/consejomagistratura.gov.ar\/?s={search_term_string}\"},\"query-input\":\"required name=search_term_string\"}],\"inLanguage\":\"es-AR\"},{\"@type\":\"ImageObject\",\"@id\":\"https:\/\/consejomagistratura.gov.ar\/index.php\/2022\/08\/29\/entrevistas-personales-en-el-concurso-453\/#primaryimage\",\"inLanguage\":\"es-AR\",\"url\":\"https:\/\/consejomagistratura.gov.ar\/wp-content\/uploads\/2022\/08\/DSC_6009-scaled.jpg\",\"contentUrl\":\"https:\/\/consejomagistratura.gov.ar\/wp-content\/uploads\/2022\/08\/DSC_6009-scaled.jpg\",\"width\":2560,\"height\":1705},{\"@type\":\"WebPage\",\"@id\":\"https:\/\/consejomagistratura.gov.ar\/index.php\/2022\/08\/29\/entrevistas-personales-en-el-concurso-453\/#webpage\",\"url\":\"https:\/\/consejomagistratura.gov.ar\/index.php\/2022\/08\/29\/entrevistas-personales-en-el-concurso-453\/\",\"name\":\"Entrevistas personales en el Concurso 453 | Consejo de la Magistratura\",\"isPartOf\":{\"@id\":\"https:\/\/consejomagistratura.gov.ar\/#website\"},\"primaryImageOfPage\":{\"@id\":\"https:\/\/consejomagistratura.gov.ar\/index.php\/2022\/08\/29\/entrevistas-personales-en-el-concurso-453\/#primaryimage\"},\"datePublished\":\"2022-08-29T14:37:56+00:00\",\"dateModified\":\"2022-08-29T14:37:58+00:00\",\"breadcrumb\":{\"@id\":\"https:\/\/consejomagistratura.gov.ar\/index.php\/2022\/08\/29\/entrevistas-personales-en-el-concurso-453\/#breadcrumb\"},\"inLanguage\":\"es-AR\",\"potentialAction\":[{\"@type\":\"ReadAction\",\"target\":[\"https:\/\/consejomagistratura.gov.ar\/index.php\/2022\/08\/29\/entrevistas-personales-en-el-concurso-453\/\"]}]},{\"@type\":\"BreadcrumbList\",\"@id\":\"https:\/\/consejomagistratura.gov.ar\/index.php\/2022\/08\/29\/entrevistas-personales-en-el-concurso-453\/#breadcrumb\",\"itemListElement\":[{\"@type\":\"ListItem\",\"position\":1,\"name\":\"Inicio\",\"item\":\"https:\/\/consejomagistratura.gov.ar\/\"},{\"@type\":\"ListItem\",\"position\":2,\"name\":\"Entrevistas personales en el Concurso 453\"}]},{\"@type\":\"Article\",\"@id\":\"https:\/\/consejomagistratura.gov.ar\/index.php\/2022\/08\/29\/entrevistas-personales-en-el-concurso-453\/#article\",\"isPartOf\":{\"@id\":\"https:\/\/consejomagistratura.gov.ar\/index.php\/2022\/08\/29\/entrevistas-personales-en-el-concurso-453\/#webpage\"},\"author\":{\"@id\":\"https:\/\/consejomagistratura.gov.ar\/#\/schema\/person\/4da57063f408a85d886d958badf8f6df\"},\"headline\":\"Entrevistas personales en el Concurso 453\",\"datePublished\":\"2022-08-29T14:37:56+00:00\",\"dateModified\":\"2022-08-29T14:37:58+00:00\",\"mainEntityOfPage\":{\"@id\":\"https:\/\/consejomagistratura.gov.ar\/index.php\/2022\/08\/29\/entrevistas-personales-en-el-concurso-453\/#webpage\"},\"wordCount\":280,\"publisher\":{\"@id\":\"https:\/\/consejomagistratura.gov.ar\/#organization\"},\"image\":{\"@id\":\"https:\/\/consejomagistratura.gov.ar\/index.php\/2022\/08\/29\/entrevistas-personales-en-el-concurso-453\/#primaryimage\"},\"thumbnailUrl\":\"https:\/\/consejomagistratura.gov.ar\/wp-content\/uploads\/2022\/08\/DSC_6009-scaled.jpg\",\"articleSection\":[\"Comisi\\u00f3n de Selecci\\u00f3n de Magistrados y Escuela Judicial\",\"Comisiones\",\"Transmisiones en Vivo\"],\"inLanguage\":\"es-AR\"},{\"@type\":\"Person\",\"@id\":\"https:\/\/consejomagistratura.gov.ar\/#\/schema\/person\/4da57063f408a85d886d958badf8f6df\",\"name\":\"hernanelman\",\"image\":{\"@type\":\"ImageObject\",\"@id\":\"https:\/\/consejomagistratura.gov.ar\/#personlogo\",\"inLanguage\":\"es-AR\",\"url\":\"https:\/\/secure.gravatar.com\/avatar\/cb37cc646e6a84fe6e78061c6d9d5fb02a35404aaf0d46840fd3257e6c0131f2?s=96&d=mm&r=g\",\"contentUrl\":\"https:\/\/secure.gravatar.com\/avatar\/cb37cc646e6a84fe6e78061c6d9d5fb02a35404aaf0d46840fd3257e6c0131f2?s=96&d=mm&r=g\",\"caption\":\"hernanelman\"},\"url\":\"https:\/\/consejomagistratura.gov.ar\/index.php\/author\/hernanelman\/\"}]}<\/script>\n<!-- \/ Yoast SEO Premium plugin. -->","yoast_head_json":{"title":"Entrevistas personales en el Concurso 453 | Consejo de la Magistratura","robots":{"index":"index","follow":"follow","max-snippet":"max-snippet:-1","max-image-preview":"max-image-preview:large","max-video-preview":"max-video-preview:-1"},"canonical":"https:\/\/consejomagistratura.gov.ar\/index.php\/2022\/08\/29\/entrevistas-personales-en-el-concurso-453\/","og_locale":"es_ES","og_type":"article","og_title":"Entrevistas personales en el Concurso 453 | Consejo de la Magistratura","og_description":"En el marco de actividades de la Comisi\u00f3n de Selecci\u00f3n de Magistrados y Escuela Judicial, durante la ma\u00f1ana del 29 de agosto, se llevaron a cabo las entrevistas personales convocadas en el Concurso 453, destinado [&hellip;]","og_url":"https:\/\/consejomagistratura.gov.ar\/index.php\/2022\/08\/29\/entrevistas-personales-en-el-concurso-453\/","og_site_name":"Consejo de la Magistratura","article_publisher":"https:\/\/www.facebook.com\/consejomagistratura","article_published_time":"2022-08-29T14:37:56+00:00","article_modified_time":"2022-08-29T14:37:58+00:00","og_image":[{"width":2560,"height":1705,"url":"https:\/\/consejomagistratura.gov.ar\/wp-content\/uploads\/2022\/08\/DSC_6009-scaled.jpg","type":"image\/jpeg"}],"twitter_card":"summary_large_image","twitter_creator":"@cmagistratura","twitter_site":"@cmagistratura","twitter_misc":{"Escrito por":"hernanelman","Tiempo de lectura":"2 minutos"},"schema":{"@context":"https:\/\/schema.org","@graph":[{"@type":"Organization","@id":"https:\/\/consejomagistratura.gov.ar\/#organization","name":"Consejo de la Magistratura","url":"https:\/\/consejomagistratura.gov.ar\/","sameAs":["https:\/\/www.facebook.com\/consejomagistratura","https:\/\/www.instagram.com\/consejodelamagistratura\/","https:\/\/www.youtube.com\/c\/consejodelamagistraturadelanacion","https:\/\/es.wikipedia.org\/wiki\/Consejo_de_la_Magistratura_(Argentina)","https:\/\/twitter.com\/cmagistratura"],"logo":{"@type":"ImageObject","@id":"https:\/\/consejomagistratura.gov.ar\/#logo","inLanguage":"es-AR","url":"https:\/\/consejomagistratura.gov.ar\/wp-content\/uploads\/2021\/08\/logo_link_2_Mesa-de-trabajo-1.png","contentUrl":"https:\/\/consejomagistratura.gov.ar\/wp-content\/uploads\/2021\/08\/logo_link_2_Mesa-de-trabajo-1.png","width":1067,"height":780,"caption":"Consejo de la Magistratura"},"image":{"@id":"https:\/\/consejomagistratura.gov.ar\/#logo"}},{"@type":"WebSite","@id":"https:\/\/consejomagistratura.gov.ar\/#website","url":"https:\/\/consejomagistratura.gov.ar\/","name":"Consejo de la Magistratura","description":"","publisher":{"@id":"https:\/\/consejomagistratura.gov.ar\/#organization"},"potentialAction":[{"@type":"SearchAction","target":{"@type":"EntryPoint","urlTemplate":"https:\/\/consejomagistratura.gov.ar\/?s={search_term_string}"},"query-input":"required name=search_term_string"}],"inLanguage":"es-AR"},{"@type":"ImageObject","@id":"https:\/\/consejomagistratura.gov.ar\/index.php\/2022\/08\/29\/entrevistas-personales-en-el-concurso-453\/#primaryimage","inLanguage":"es-AR","url":"https:\/\/consejomagistratura.gov.ar\/wp-content\/uploads\/2022\/08\/DSC_6009-scaled.jpg","contentUrl":"https:\/\/consejomagistratura.gov.ar\/wp-content\/uploads\/2022\/08\/DSC_6009-scaled.jpg","width":2560,"height":1705},{"@type":"WebPage","@id":"https:\/\/consejomagistratura.gov.ar\/index.php\/2022\/08\/29\/entrevistas-personales-en-el-concurso-453\/#webpage","url":"https:\/\/consejomagistratura.gov.ar\/index.php\/2022\/08\/29\/entrevistas-personales-en-el-concurso-453\/","name":"Entrevistas personales en el Concurso 453 | Consejo de la Magistratura","isPartOf":{"@id":"https:\/\/consejomagistratura.gov.ar\/#website"},"primaryImageOfPage":{"@id":"https:\/\/consejomagistratura.gov.ar\/index.php\/2022\/08\/29\/entrevistas-personales-en-el-concurso-453\/#primaryimage"},"datePublished":"2022-08-29T14:37:56+00:00","dateModified":"2022-08-29T14:37:58+00:00","breadcrumb":{"@id":"https:\/\/consejomagistratura.gov.ar\/index.php\/2022\/08\/29\/entrevistas-personales-en-el-concurso-453\/#breadcrumb"},"inLanguage":"es-AR","potentialAction":[{"@type":"ReadAction","target":["https:\/\/consejomagistratura.gov.ar\/index.php\/2022\/08\/29\/entrevistas-personales-en-el-concurso-453\/"]}]},{"@type":"BreadcrumbList","@id":"https:\/\/consejomagistratura.gov.ar\/index.php\/2022\/08\/29\/entrevistas-personales-en-el-concurso-453\/#breadcrumb","itemListElement":[{"@type":"ListItem","position":1,"name":"Inicio","item":"https:\/\/consejomagistratura.gov.ar\/"},{"@type":"ListItem","position":2,"name":"Entrevistas personales en el Concurso 453"}]},{"@type":"Article","@id":"https:\/\/consejomagistratura.gov.ar\/index.php\/2022\/08\/29\/entrevistas-personales-en-el-concurso-453\/#article","isPartOf":{"@id":"https:\/\/consejomagistratura.gov.ar\/index.php\/2022\/08\/29\/entrevistas-personales-en-el-concurso-453\/#webpage"},"author":{"@id":"https:\/\/consejomagistratura.gov.ar\/#\/schema\/person\/4da57063f408a85d886d958badf8f6df"},"headline":"Entrevistas personales en el Concurso 453","datePublished":"2022-08-29T14:37:56+00:00","dateModified":"2022-08-29T14:37:58+00:00","mainEntityOfPage":{"@id":"https:\/\/consejomagistratura.gov.ar\/index.php\/2022\/08\/29\/entrevistas-personales-en-el-concurso-453\/#webpage"},"wordCount":280,"publisher":{"@id":"https:\/\/consejomagistratura.gov.ar\/#organization"},"image":{"@id":"https:\/\/consejomagistratura.gov.ar\/index.php\/2022\/08\/29\/entrevistas-personales-en-el-concurso-453\/#primaryimage"},"thumbnailUrl":"https:\/\/consejomagistratura.gov.ar\/wp-content\/uploads\/2022\/08\/DSC_6009-scaled.jpg","articleSection":["Comisi\u00f3n de Selecci\u00f3n de Magistrados y Escuela Judicial","Comisiones","Transmisiones en Vivo"],"inLanguage":"es-AR"},{"@type":"Person","@id":"https:\/\/consejomagistratura.gov.ar\/#\/schema\/person\/4da57063f408a85d886d958badf8f6df","name":"hernanelman","image":{"@type":"ImageObject","@id":"https:\/\/consejomagistratura.gov.ar\/#personlogo","inLanguage":"es-AR","url":"https:\/\/secure.gravatar.com\/avatar\/cb37cc646e6a84fe6e78061c6d9d5fb02a35404aaf0d46840fd3257e6c0131f2?s=96&d=mm&r=g","contentUrl":"https:\/\/secure.gravatar.com\/avatar\/cb37cc646e6a84fe6e78061c6d9d5fb02a35404aaf0d46840fd3257e6c0131f2?s=96&d=mm&r=g","caption":"hernanelman"},"url":"https:\/\/consejomagistratura.gov.ar\/index.php\/author\/hernanelman\/"}]}},"_links":{"self":[{"href":"https:\/\/consejomagistratura.gov.ar\/index.php\/wp-json\/wp\/v2\/posts\/36700","targetHints":{"allow":["GET"]}}],"collection":[{"href":"https:\/\/consejomagistratura.gov.ar\/index.php\/wp-json\/wp\/v2\/posts"}],"about":[{"href":"https:\/\/consejomagistratura.gov.ar\/index.php\/wp-json\/wp\/v2\/types\/post"}],"author":[{"embeddable":true,"href":"https:\/\/consejomagistratura.gov.ar\/index.php\/wp-json\/wp\/v2\/users\/6"}],"replies":[{"embeddable":true,"href":"https:\/\/consejomagistratura.gov.ar\/index.php\/wp-json\/wp\/v2\/comments?post=36700"}],"version-history":[{"count":1,"href":"https:\/\/consejomagistratura.gov.ar\/index.php\/wp-json\/wp\/v2\/posts\/36700\/revisions"}],"predecessor-version":[{"id":36706,"href":"https:\/\/consejomagistratura.gov.ar\/index.php\/wp-json\/wp\/v2\/posts\/36700\/revisions\/36706"}],"wp:featuredmedia":[{"embeddable":true,"href":"https:\/\/consejomagistratura.gov.ar\/index.php\/wp-json\/wp\/v2\/media\/36705"}],"wp:attachment":[{"href":"https:\/\/consejomagistratura.gov.ar\/index.php\/wp-json\/wp\/v2\/media?parent=36700"}],"wp:term":[{"taxonomy":"category","embeddable":true,"href":"https:\/\/consejomagistratura.gov.ar\/index.php\/wp-json\/wp\/v2\/categories?post=36700"},{"taxonomy":"post_tag","embeddable":true,"href":"https:\/\/consejomagistratura.gov.ar\/index.php\/wp-json\/wp\/v2\/tags?post=36700"}],"curies":[{"name":"wp","href":"https:\/\/api.w.org\/{rel}","templated":true}]}}