{"id":42219,"date":"2023-04-04T14:01:55","date_gmt":"2023-04-04T17:01:55","guid":{"rendered":"https:\/\/consejomagistratura.gov.ar\/?p=42219"},"modified":"2023-05-30T11:15:21","modified_gmt":"2023-05-30T14:15:21","slug":"sesiono-el-plenario-del-consejo-de-la-magistratura-8","status":"publish","type":"post","link":"https:\/\/consejomagistratura.gov.ar\/index.php\/2023\/04\/04\/sesiono-el-plenario-del-consejo-de-la-magistratura-8\/","title":{"rendered":"Sesion\u00f3 el Plenario del Consejo de la Magistratura"},"content":{"rendered":"\n<figure class=\"wp-block-image size-full\"><img fetchpriority=\"high\" decoding=\"async\" width=\"1024\" height=\"682\" src=\"https:\/\/consejomagistratura.gov.ar\/wp-content\/uploads\/2023\/04\/WhatsApp-Image-2023-04-04-at-13.57.21.jpeg\" alt=\"\" class=\"wp-image-42221\" srcset=\"https:\/\/consejomagistratura.gov.ar\/wp-content\/uploads\/2023\/04\/WhatsApp-Image-2023-04-04-at-13.57.21.jpeg 1024w, https:\/\/consejomagistratura.gov.ar\/wp-content\/uploads\/2023\/04\/WhatsApp-Image-2023-04-04-at-13.57.21-300x200.jpeg 300w, https:\/\/consejomagistratura.gov.ar\/wp-content\/uploads\/2023\/04\/WhatsApp-Image-2023-04-04-at-13.57.21-768x512.jpeg 768w\" sizes=\"(max-width: 1024px) 100vw, 1024px\" \/><\/figure>\n\n\n\n<p>Durante la ma\u00f1ana del 4 de abril, con la presencia de la totalidad de sus integrantes, tuvo lugar el primer Plenario del Organismo en su nueva conformaci\u00f3n.<\/p>\n\n\n\n<p>La reuni\u00f3n fue presidida por el Presidente del Consejo de la Magistratura y de la Corte Suprema de Justicia de la Naci\u00f3n Horacio Rosatti, con la asistencia el Secretario General Mariano P\u00e9rez Roller y el Administrador General del Poder Judicial Claudio Cholakian.<\/p>\n\n\n\n<p>Participaron del encuentro los\/as Consejeros\/as Diego Barroetave\u00f1a, Jimena de la Torre, Agustina D\u00edaz Cordero, Hugo Galderisi, \u00c1lvaro Gonz\u00e1lez, Alberto Agust\u00edn Lugones, Miguel Piedecasas, Mar\u00eda In\u00e9s Pilatti Vergara, Mar\u00eda Alejandra Prov\u00edtola, H\u00e9ctor Recalde, Mariano Recalde, Roxana Reyes, Vanesa Siley, Rodolfo Tailhade, Guillermo Tamarit, Ger\u00f3nimo Ustarroz, Mar\u00eda Fernanda V\u00e1zquez y Eduardo Vischi.<\/p>\n\n\n\n<p>Al comienzo y en el marco de su informe, el Administrador General comunic\u00f3 a los\/as Consejeros\/as la actividad desarrollada con el objeto de mantener el adecuado funcionamiento del Poder Judicial.<\/p>\n\n\n\n<p>Tras un cuarto intermedio, siguiendo el orden previsto en el temario, el Plenario design\u00f3 a la Consejera Agustina D\u00edaz Cordero como Vicepresidenta del Cuerpo.<\/p>\n\n\n\n<p>Posteriormente, se someti\u00f3 a consideraci\u00f3n y se aprob\u00f3 por unanimidad la propuesta que establece la nueva integraci\u00f3n de las comisiones, que quedaron conformadas de la siguiente manera:<\/p>\n\n\n\n<p>Comisi\u00f3n de Selecci\u00f3n de Magistrados y Escuela Judicial: Consejeros\/as Diego Barroetave\u00f1a, Jimena de la Torre, Hugo Galderisi, Alberto Agust\u00edn Lugones, Miguel Piedecasas, Mar\u00eda Alejandra Prov\u00edtola, H\u00e9ctor Recalde, Roxana Reyes, Vanesa Siley, Guillermo Tamarit, Ger\u00f3nimo Ustarroz y Mar\u00eda Fernanda V\u00e1zquez.<\/p>\n\n\n\n<p>Comisi\u00f3n de Acusaci\u00f3n: Consejeros\/as \u00c1lvaro Gonz\u00e1lez, Miguel Piedecasas, H\u00e9ctor Recalde, Roxana Reyes, Vanesa Siley, Rodolfo Tailhade y Eduardo Vischi.<\/p>\n\n\n\n<p>Comisi\u00f3n de Disciplina: Consejeros\/as Diego Barroetave\u00f1a, Agustina D\u00edaz Cordero, Hugo Galderisi, Alberto Agust\u00edn Lugones, Mar\u00eda In\u00e9s Pilatti Vergara, Mar\u00eda Alejandra Prov\u00edtola, H\u00e9ctor Recalde, Mariano Recalde y Eduardo Vischi.<\/p>\n\n\n\n<p>Comisi\u00f3n de Administraci\u00f3n y Financiera: Consejeros\/as Diego Barroetave\u00f1a, Jimena de la Torre, Agustina D\u00edaz Cordero, \u00c1lvaro Gonz\u00e1lez, Alberto Agust\u00edn Lugones, Mar\u00eda In\u00e9s Pilatti Vergara, Mar\u00eda Alejandra Prov\u00edtola, Mariano Recalde, Rodolfo Tailhade, Guillermo Tamarit, Ger\u00f3nimo Ustarroz y Eduardo Vischi.<\/p>\n\n\n\n<p>Comisi\u00f3n Auxiliar Permanente de Reglamentaci\u00f3n: Consejeros\/as Diego Barroetave\u00f1a, Jimena de la Torre, Hugo Galderisi, Alberto Agust\u00edn Lugones, Mar\u00eda In\u00e9s Pilatti Vergara, Roxana Reyes, Guillermo Tamarit, Ger\u00f3nimo Ustarroz y Mar\u00eda Fernanda V\u00e1zquez.<\/p>\n\n\n\n<p>La reuni\u00f3n tuvo lugar en la Sala de reuniones del Consejo de la Magistratura \u201cLino E. Palacio\u201d y fue transmitida en tiempo real a trav\u00e9s del portal oficial del Organismo y su canal en YouTube<\/p>\n","protected":false},"excerpt":{"rendered":"<p>Durante la ma\u00f1ana del 4 de abril, con la presencia de la totalidad de sus integrantes, tuvo lugar el primer Plenario del Organismo en su nueva conformaci\u00f3n. La reuni\u00f3n fue presidida por el Presidente del [&hellip;]<\/p>\n","protected":false},"author":6,"featured_media":42221,"comment_status":"closed","ping_status":"closed","sticky":false,"template":"","format":"standard","meta":{"footnotes":""},"categories":[15,3,17,20],"tags":[],"class_list":["post-42219","post","type-post","status-publish","format-standard","has-post-thumbnail","hentry","category-info-general","category-institucional","category-plenario","category-presidencia"],"yoast_head":"<!-- This site is optimized with the Yoast SEO Premium plugin v16.2 (Yoast SEO v17.9) - https:\/\/yoast.com\/wordpress\/plugins\/seo\/ -->\n<title>Sesion\u00f3 el Plenario del Consejo de la Magistratura | Consejo de la Magistratura<\/title>\n<meta name=\"robots\" content=\"index, follow, max-snippet:-1, max-image-preview:large, max-video-preview:-1\" \/>\n<link rel=\"canonical\" href=\"https:\/\/consejomagistratura.gov.ar\/index.php\/2023\/04\/04\/sesiono-el-plenario-del-consejo-de-la-magistratura-8\/\" \/>\n<meta property=\"og:locale\" content=\"es_ES\" \/>\n<meta property=\"og:type\" content=\"article\" \/>\n<meta property=\"og:title\" content=\"Sesion\u00f3 el Plenario del Consejo de la Magistratura | Consejo de la Magistratura\" \/>\n<meta property=\"og:description\" content=\"Durante la ma\u00f1ana del 4 de abril, con la presencia de la totalidad de sus integrantes, tuvo lugar el primer Plenario del Organismo en su nueva conformaci\u00f3n. La reuni\u00f3n fue presidida por el Presidente del [&hellip;]\" \/>\n<meta property=\"og:url\" content=\"https:\/\/consejomagistratura.gov.ar\/index.php\/2023\/04\/04\/sesiono-el-plenario-del-consejo-de-la-magistratura-8\/\" \/>\n<meta property=\"og:site_name\" content=\"Consejo de la Magistratura\" \/>\n<meta property=\"article:publisher\" content=\"https:\/\/www.facebook.com\/consejomagistratura\" \/>\n<meta property=\"article:published_time\" content=\"2023-04-04T17:01:55+00:00\" \/>\n<meta property=\"article:modified_time\" content=\"2023-05-30T14:15:21+00:00\" \/>\n<meta property=\"og:image\" content=\"https:\/\/consejomagistratura.gov.ar\/wp-content\/uploads\/2023\/04\/WhatsApp-Image-2023-04-04-at-13.57.21.jpeg\" \/>\n\t<meta property=\"og:image:width\" content=\"1024\" \/>\n\t<meta property=\"og:image:height\" content=\"682\" \/>\n\t<meta property=\"og:image:type\" content=\"image\/jpeg\" \/>\n<meta name=\"twitter:card\" content=\"summary_large_image\" \/>\n<meta name=\"twitter:creator\" content=\"@cmagistratura\" \/>\n<meta name=\"twitter:site\" content=\"@cmagistratura\" \/>\n<meta name=\"twitter:label1\" content=\"Escrito por\" \/>\n\t<meta name=\"twitter:data1\" content=\"hernanelman\" \/>\n\t<meta name=\"twitter:label2\" content=\"Tiempo de lectura\" \/>\n\t<meta name=\"twitter:data2\" content=\"2 minutos\" \/>\n<script type=\"application\/ld+json\" class=\"yoast-schema-graph\">{\"@context\":\"https:\/\/schema.org\",\"@graph\":[{\"@type\":\"Organization\",\"@id\":\"https:\/\/consejomagistratura.gov.ar\/#organization\",\"name\":\"Consejo de la Magistratura\",\"url\":\"https:\/\/consejomagistratura.gov.ar\/\",\"sameAs\":[\"https:\/\/www.facebook.com\/consejomagistratura\",\"https:\/\/www.instagram.com\/consejodelamagistratura\/\",\"https:\/\/www.youtube.com\/c\/consejodelamagistraturadelanacion\",\"https:\/\/es.wikipedia.org\/wiki\/Consejo_de_la_Magistratura_(Argentina)\",\"https:\/\/twitter.com\/cmagistratura\"],\"logo\":{\"@type\":\"ImageObject\",\"@id\":\"https:\/\/consejomagistratura.gov.ar\/#logo\",\"inLanguage\":\"es-AR\",\"url\":\"https:\/\/consejomagistratura.gov.ar\/wp-content\/uploads\/2021\/08\/logo_link_2_Mesa-de-trabajo-1.png\",\"contentUrl\":\"https:\/\/consejomagistratura.gov.ar\/wp-content\/uploads\/2021\/08\/logo_link_2_Mesa-de-trabajo-1.png\",\"width\":1067,\"height\":780,\"caption\":\"Consejo de la Magistratura\"},\"image\":{\"@id\":\"https:\/\/consejomagistratura.gov.ar\/#logo\"}},{\"@type\":\"WebSite\",\"@id\":\"https:\/\/consejomagistratura.gov.ar\/#website\",\"url\":\"https:\/\/consejomagistratura.gov.ar\/\",\"name\":\"Consejo de la Magistratura\",\"description\":\"\",\"publisher\":{\"@id\":\"https:\/\/consejomagistratura.gov.ar\/#organization\"},\"potentialAction\":[{\"@type\":\"SearchAction\",\"target\":{\"@type\":\"EntryPoint\",\"urlTemplate\":\"https:\/\/consejomagistratura.gov.ar\/?s={search_term_string}\"},\"query-input\":\"required name=search_term_string\"}],\"inLanguage\":\"es-AR\"},{\"@type\":\"ImageObject\",\"@id\":\"https:\/\/consejomagistratura.gov.ar\/index.php\/2023\/04\/04\/sesiono-el-plenario-del-consejo-de-la-magistratura-8\/#primaryimage\",\"inLanguage\":\"es-AR\",\"url\":\"https:\/\/consejomagistratura.gov.ar\/wp-content\/uploads\/2023\/04\/WhatsApp-Image-2023-04-04-at-13.57.21.jpeg\",\"contentUrl\":\"https:\/\/consejomagistratura.gov.ar\/wp-content\/uploads\/2023\/04\/WhatsApp-Image-2023-04-04-at-13.57.21.jpeg\",\"width\":1024,\"height\":682},{\"@type\":\"WebPage\",\"@id\":\"https:\/\/consejomagistratura.gov.ar\/index.php\/2023\/04\/04\/sesiono-el-plenario-del-consejo-de-la-magistratura-8\/#webpage\",\"url\":\"https:\/\/consejomagistratura.gov.ar\/index.php\/2023\/04\/04\/sesiono-el-plenario-del-consejo-de-la-magistratura-8\/\",\"name\":\"Sesion\\u00f3 el Plenario del Consejo de la Magistratura | Consejo de la Magistratura\",\"isPartOf\":{\"@id\":\"https:\/\/consejomagistratura.gov.ar\/#website\"},\"primaryImageOfPage\":{\"@id\":\"https:\/\/consejomagistratura.gov.ar\/index.php\/2023\/04\/04\/sesiono-el-plenario-del-consejo-de-la-magistratura-8\/#primaryimage\"},\"datePublished\":\"2023-04-04T17:01:55+00:00\",\"dateModified\":\"2023-05-30T14:15:21+00:00\",\"breadcrumb\":{\"@id\":\"https:\/\/consejomagistratura.gov.ar\/index.php\/2023\/04\/04\/sesiono-el-plenario-del-consejo-de-la-magistratura-8\/#breadcrumb\"},\"inLanguage\":\"es-AR\",\"potentialAction\":[{\"@type\":\"ReadAction\",\"target\":[\"https:\/\/consejomagistratura.gov.ar\/index.php\/2023\/04\/04\/sesiono-el-plenario-del-consejo-de-la-magistratura-8\/\"]}]},{\"@type\":\"BreadcrumbList\",\"@id\":\"https:\/\/consejomagistratura.gov.ar\/index.php\/2023\/04\/04\/sesiono-el-plenario-del-consejo-de-la-magistratura-8\/#breadcrumb\",\"itemListElement\":[{\"@type\":\"ListItem\",\"position\":1,\"name\":\"Inicio\",\"item\":\"https:\/\/consejomagistratura.gov.ar\/\"},{\"@type\":\"ListItem\",\"position\":2,\"name\":\"Sesion\\u00f3 el Plenario del Consejo de la Magistratura\"}]},{\"@type\":\"Article\",\"@id\":\"https:\/\/consejomagistratura.gov.ar\/index.php\/2023\/04\/04\/sesiono-el-plenario-del-consejo-de-la-magistratura-8\/#article\",\"isPartOf\":{\"@id\":\"https:\/\/consejomagistratura.gov.ar\/index.php\/2023\/04\/04\/sesiono-el-plenario-del-consejo-de-la-magistratura-8\/#webpage\"},\"author\":{\"@id\":\"https:\/\/consejomagistratura.gov.ar\/#\/schema\/person\/4da57063f408a85d886d958badf8f6df\"},\"headline\":\"Sesion\\u00f3 el Plenario del Consejo de la Magistratura\",\"datePublished\":\"2023-04-04T17:01:55+00:00\",\"dateModified\":\"2023-05-30T14:15:21+00:00\",\"mainEntityOfPage\":{\"@id\":\"https:\/\/consejomagistratura.gov.ar\/index.php\/2023\/04\/04\/sesiono-el-plenario-del-consejo-de-la-magistratura-8\/#webpage\"},\"wordCount\":471,\"publisher\":{\"@id\":\"https:\/\/consejomagistratura.gov.ar\/#organization\"},\"image\":{\"@id\":\"https:\/\/consejomagistratura.gov.ar\/index.php\/2023\/04\/04\/sesiono-el-plenario-del-consejo-de-la-magistratura-8\/#primaryimage\"},\"thumbnailUrl\":\"https:\/\/consejomagistratura.gov.ar\/wp-content\/uploads\/2023\/04\/WhatsApp-Image-2023-04-04-at-13.57.21.jpeg\",\"articleSection\":[\"Informaci\\u00f3n General\",\"Institucional\",\"Plenario\",\"Presidencia\"],\"inLanguage\":\"es-AR\"},{\"@type\":\"Person\",\"@id\":\"https:\/\/consejomagistratura.gov.ar\/#\/schema\/person\/4da57063f408a85d886d958badf8f6df\",\"name\":\"hernanelman\",\"image\":{\"@type\":\"ImageObject\",\"@id\":\"https:\/\/consejomagistratura.gov.ar\/#personlogo\",\"inLanguage\":\"es-AR\",\"url\":\"https:\/\/secure.gravatar.com\/avatar\/cb37cc646e6a84fe6e78061c6d9d5fb02a35404aaf0d46840fd3257e6c0131f2?s=96&d=mm&r=g\",\"contentUrl\":\"https:\/\/secure.gravatar.com\/avatar\/cb37cc646e6a84fe6e78061c6d9d5fb02a35404aaf0d46840fd3257e6c0131f2?s=96&d=mm&r=g\",\"caption\":\"hernanelman\"},\"url\":\"https:\/\/consejomagistratura.gov.ar\/index.php\/author\/hernanelman\/\"}]}<\/script>\n<!-- \/ Yoast SEO Premium plugin. -->","yoast_head_json":{"title":"Sesion\u00f3 el Plenario del Consejo de la Magistratura | Consejo de la Magistratura","robots":{"index":"index","follow":"follow","max-snippet":"max-snippet:-1","max-image-preview":"max-image-preview:large","max-video-preview":"max-video-preview:-1"},"canonical":"https:\/\/consejomagistratura.gov.ar\/index.php\/2023\/04\/04\/sesiono-el-plenario-del-consejo-de-la-magistratura-8\/","og_locale":"es_ES","og_type":"article","og_title":"Sesion\u00f3 el Plenario del Consejo de la Magistratura | Consejo de la Magistratura","og_description":"Durante la ma\u00f1ana del 4 de abril, con la presencia de la totalidad de sus integrantes, tuvo lugar el primer Plenario del Organismo en su nueva conformaci\u00f3n. La reuni\u00f3n fue presidida por el Presidente del [&hellip;]","og_url":"https:\/\/consejomagistratura.gov.ar\/index.php\/2023\/04\/04\/sesiono-el-plenario-del-consejo-de-la-magistratura-8\/","og_site_name":"Consejo de la Magistratura","article_publisher":"https:\/\/www.facebook.com\/consejomagistratura","article_published_time":"2023-04-04T17:01:55+00:00","article_modified_time":"2023-05-30T14:15:21+00:00","og_image":[{"width":1024,"height":682,"url":"https:\/\/consejomagistratura.gov.ar\/wp-content\/uploads\/2023\/04\/WhatsApp-Image-2023-04-04-at-13.57.21.jpeg","type":"image\/jpeg"}],"twitter_card":"summary_large_image","twitter_creator":"@cmagistratura","twitter_site":"@cmagistratura","twitter_misc":{"Escrito por":"hernanelman","Tiempo de lectura":"2 minutos"},"schema":{"@context":"https:\/\/schema.org","@graph":[{"@type":"Organization","@id":"https:\/\/consejomagistratura.gov.ar\/#organization","name":"Consejo de la Magistratura","url":"https:\/\/consejomagistratura.gov.ar\/","sameAs":["https:\/\/www.facebook.com\/consejomagistratura","https:\/\/www.instagram.com\/consejodelamagistratura\/","https:\/\/www.youtube.com\/c\/consejodelamagistraturadelanacion","https:\/\/es.wikipedia.org\/wiki\/Consejo_de_la_Magistratura_(Argentina)","https:\/\/twitter.com\/cmagistratura"],"logo":{"@type":"ImageObject","@id":"https:\/\/consejomagistratura.gov.ar\/#logo","inLanguage":"es-AR","url":"https:\/\/consejomagistratura.gov.ar\/wp-content\/uploads\/2021\/08\/logo_link_2_Mesa-de-trabajo-1.png","contentUrl":"https:\/\/consejomagistratura.gov.ar\/wp-content\/uploads\/2021\/08\/logo_link_2_Mesa-de-trabajo-1.png","width":1067,"height":780,"caption":"Consejo de la Magistratura"},"image":{"@id":"https:\/\/consejomagistratura.gov.ar\/#logo"}},{"@type":"WebSite","@id":"https:\/\/consejomagistratura.gov.ar\/#website","url":"https:\/\/consejomagistratura.gov.ar\/","name":"Consejo de la Magistratura","description":"","publisher":{"@id":"https:\/\/consejomagistratura.gov.ar\/#organization"},"potentialAction":[{"@type":"SearchAction","target":{"@type":"EntryPoint","urlTemplate":"https:\/\/consejomagistratura.gov.ar\/?s={search_term_string}"},"query-input":"required name=search_term_string"}],"inLanguage":"es-AR"},{"@type":"ImageObject","@id":"https:\/\/consejomagistratura.gov.ar\/index.php\/2023\/04\/04\/sesiono-el-plenario-del-consejo-de-la-magistratura-8\/#primaryimage","inLanguage":"es-AR","url":"https:\/\/consejomagistratura.gov.ar\/wp-content\/uploads\/2023\/04\/WhatsApp-Image-2023-04-04-at-13.57.21.jpeg","contentUrl":"https:\/\/consejomagistratura.gov.ar\/wp-content\/uploads\/2023\/04\/WhatsApp-Image-2023-04-04-at-13.57.21.jpeg","width":1024,"height":682},{"@type":"WebPage","@id":"https:\/\/consejomagistratura.gov.ar\/index.php\/2023\/04\/04\/sesiono-el-plenario-del-consejo-de-la-magistratura-8\/#webpage","url":"https:\/\/consejomagistratura.gov.ar\/index.php\/2023\/04\/04\/sesiono-el-plenario-del-consejo-de-la-magistratura-8\/","name":"Sesion\u00f3 el Plenario del Consejo de la Magistratura | Consejo de la Magistratura","isPartOf":{"@id":"https:\/\/consejomagistratura.gov.ar\/#website"},"primaryImageOfPage":{"@id":"https:\/\/consejomagistratura.gov.ar\/index.php\/2023\/04\/04\/sesiono-el-plenario-del-consejo-de-la-magistratura-8\/#primaryimage"},"datePublished":"2023-04-04T17:01:55+00:00","dateModified":"2023-05-30T14:15:21+00:00","breadcrumb":{"@id":"https:\/\/consejomagistratura.gov.ar\/index.php\/2023\/04\/04\/sesiono-el-plenario-del-consejo-de-la-magistratura-8\/#breadcrumb"},"inLanguage":"es-AR","potentialAction":[{"@type":"ReadAction","target":["https:\/\/consejomagistratura.gov.ar\/index.php\/2023\/04\/04\/sesiono-el-plenario-del-consejo-de-la-magistratura-8\/"]}]},{"@type":"BreadcrumbList","@id":"https:\/\/consejomagistratura.gov.ar\/index.php\/2023\/04\/04\/sesiono-el-plenario-del-consejo-de-la-magistratura-8\/#breadcrumb","itemListElement":[{"@type":"ListItem","position":1,"name":"Inicio","item":"https:\/\/consejomagistratura.gov.ar\/"},{"@type":"ListItem","position":2,"name":"Sesion\u00f3 el Plenario del Consejo de la Magistratura"}]},{"@type":"Article","@id":"https:\/\/consejomagistratura.gov.ar\/index.php\/2023\/04\/04\/sesiono-el-plenario-del-consejo-de-la-magistratura-8\/#article","isPartOf":{"@id":"https:\/\/consejomagistratura.gov.ar\/index.php\/2023\/04\/04\/sesiono-el-plenario-del-consejo-de-la-magistratura-8\/#webpage"},"author":{"@id":"https:\/\/consejomagistratura.gov.ar\/#\/schema\/person\/4da57063f408a85d886d958badf8f6df"},"headline":"Sesion\u00f3 el Plenario del Consejo de la Magistratura","datePublished":"2023-04-04T17:01:55+00:00","dateModified":"2023-05-30T14:15:21+00:00","mainEntityOfPage":{"@id":"https:\/\/consejomagistratura.gov.ar\/index.php\/2023\/04\/04\/sesiono-el-plenario-del-consejo-de-la-magistratura-8\/#webpage"},"wordCount":471,"publisher":{"@id":"https:\/\/consejomagistratura.gov.ar\/#organization"},"image":{"@id":"https:\/\/consejomagistratura.gov.ar\/index.php\/2023\/04\/04\/sesiono-el-plenario-del-consejo-de-la-magistratura-8\/#primaryimage"},"thumbnailUrl":"https:\/\/consejomagistratura.gov.ar\/wp-content\/uploads\/2023\/04\/WhatsApp-Image-2023-04-04-at-13.57.21.jpeg","articleSection":["Informaci\u00f3n General","Institucional","Plenario","Presidencia"],"inLanguage":"es-AR"},{"@type":"Person","@id":"https:\/\/consejomagistratura.gov.ar\/#\/schema\/person\/4da57063f408a85d886d958badf8f6df","name":"hernanelman","image":{"@type":"ImageObject","@id":"https:\/\/consejomagistratura.gov.ar\/#personlogo","inLanguage":"es-AR","url":"https:\/\/secure.gravatar.com\/avatar\/cb37cc646e6a84fe6e78061c6d9d5fb02a35404aaf0d46840fd3257e6c0131f2?s=96&d=mm&r=g","contentUrl":"https:\/\/secure.gravatar.com\/avatar\/cb37cc646e6a84fe6e78061c6d9d5fb02a35404aaf0d46840fd3257e6c0131f2?s=96&d=mm&r=g","caption":"hernanelman"},"url":"https:\/\/consejomagistratura.gov.ar\/index.php\/author\/hernanelman\/"}]}},"_links":{"self":[{"href":"https:\/\/consejomagistratura.gov.ar\/index.php\/wp-json\/wp\/v2\/posts\/42219","targetHints":{"allow":["GET"]}}],"collection":[{"href":"https:\/\/consejomagistratura.gov.ar\/index.php\/wp-json\/wp\/v2\/posts"}],"about":[{"href":"https:\/\/consejomagistratura.gov.ar\/index.php\/wp-json\/wp\/v2\/types\/post"}],"author":[{"embeddable":true,"href":"https:\/\/consejomagistratura.gov.ar\/index.php\/wp-json\/wp\/v2\/users\/6"}],"replies":[{"embeddable":true,"href":"https:\/\/consejomagistratura.gov.ar\/index.php\/wp-json\/wp\/v2\/comments?post=42219"}],"version-history":[{"count":1,"href":"https:\/\/consejomagistratura.gov.ar\/index.php\/wp-json\/wp\/v2\/posts\/42219\/revisions"}],"predecessor-version":[{"id":42222,"href":"https:\/\/consejomagistratura.gov.ar\/index.php\/wp-json\/wp\/v2\/posts\/42219\/revisions\/42222"}],"wp:featuredmedia":[{"embeddable":true,"href":"https:\/\/consejomagistratura.gov.ar\/index.php\/wp-json\/wp\/v2\/media\/42221"}],"wp:attachment":[{"href":"https:\/\/consejomagistratura.gov.ar\/index.php\/wp-json\/wp\/v2\/media?parent=42219"}],"wp:term":[{"taxonomy":"category","embeddable":true,"href":"https:\/\/consejomagistratura.gov.ar\/index.php\/wp-json\/wp\/v2\/categories?post=42219"},{"taxonomy":"post_tag","embeddable":true,"href":"https:\/\/consejomagistratura.gov.ar\/index.php\/wp-json\/wp\/v2\/tags?post=42219"}],"curies":[{"name":"wp","href":"https:\/\/api.w.org\/{rel}","templated":true}]}}