{"id":42667,"date":"2023-05-22T13:14:18","date_gmt":"2023-05-22T16:14:18","guid":{"rendered":"https:\/\/consejomagistratura.gov.ar\/?p=42667"},"modified":"2023-05-30T10:32:56","modified_gmt":"2023-05-30T13:32:56","slug":"segundo-encuentro-institucional-entre-la-unidad-de-genero-y-la-om","status":"publish","type":"post","link":"https:\/\/consejomagistratura.gov.ar\/index.php\/2023\/05\/22\/segundo-encuentro-institucional-entre-la-unidad-de-genero-y-la-om\/","title":{"rendered":"Segundo encuentro institucional entre la Unidad de G\u00e9nero y la OM"},"content":{"rendered":"\n<figure class=\"wp-block-image size-large\"><img fetchpriority=\"high\" decoding=\"async\" width=\"1024\" height=\"682\" src=\"https:\/\/consejomagistratura.gov.ar\/wp-content\/uploads\/2023\/05\/DSC_3651-1024x682.jpg\" alt=\"\" class=\"wp-image-42670\" srcset=\"https:\/\/consejomagistratura.gov.ar\/wp-content\/uploads\/2023\/05\/DSC_3651-1024x682.jpg 1024w, https:\/\/consejomagistratura.gov.ar\/wp-content\/uploads\/2023\/05\/DSC_3651-300x200.jpg 300w, https:\/\/consejomagistratura.gov.ar\/wp-content\/uploads\/2023\/05\/DSC_3651-768x511.jpg 768w, https:\/\/consejomagistratura.gov.ar\/wp-content\/uploads\/2023\/05\/DSC_3651-1536x1023.jpg 1536w, https:\/\/consejomagistratura.gov.ar\/wp-content\/uploads\/2023\/05\/DSC_3651-2048x1364.jpg 2048w\" sizes=\"(max-width: 1024px) 100vw, 1024px\" \/><\/figure>\n\n\n\n<p>En la ma\u00f1ana de hoy -22 de mayo- se realiz\u00f3 una reuni\u00f3n de trabajo que cont\u00f3 con la presencia de la Directora de la Unidad de G\u00e9nero, Trata de Personas y Narcotr\u00e1fico del Consejo de la Magistratura de la Naci\u00f3n, Virginia Croatto, y la responsable de la Oficina de la Mujer de la Corte Suprema de Justicia de la Naci\u00f3n, Mar\u00eda Delia Casta\u00f1ares, con la asistencia de la Secretaria de la Comisi\u00f3n de Reglamentaci\u00f3n, Lucila Pampillo, en el marco del trabajo conjunto que llevan adelante ambos Organismos.<\/p>\n\n\n\n<p>El encuentro tuvo por objeto avanzar en la creaci\u00f3n del Protocolo para la prevenci\u00f3n, abordaje e intervenci\u00f3n en casos de violencia y acoso laboral con perspectiva de g\u00e9nero en el \u00e1mbito del Consejo de la Magistratura, y es el segundo que se lleva a cabo con este fin.<\/p>\n\n\n\n<p>Estuvieron tambi\u00e9n presentes representantes de la Uni\u00f3n de Empleados de la Justicia Nacional (UEJN), del Sindicato de Trabajadores Judiciales (SITRAJU), del \u00e1rea de capacitaci\u00f3n de la OM, y asesores\/as de las distintas vocal\u00edas, entre otros\/as asistentes.<\/p>\n\n\n\n<p>El encuentro tuvo lugar en la Sala de reuniones del Plenario del Consejo de la Magistratura, ubicada en Libertad 731, piso 2\u00b0, de la Ciudad de Buenos Aires.<\/p>\n","protected":false},"excerpt":{"rendered":"<p>En la ma\u00f1ana de hoy -22 de mayo- se realiz\u00f3 una reuni\u00f3n de trabajo que cont\u00f3 con la presencia de la Directora de la Unidad de G\u00e9nero, Trata de Personas y Narcotr\u00e1fico del Consejo de [&hellip;]<\/p>\n","protected":false},"author":6,"featured_media":42670,"comment_status":"closed","ping_status":"closed","sticky":false,"template":"","format":"standard","meta":{"footnotes":""},"categories":[15,3],"tags":[],"class_list":["post-42667","post","type-post","status-publish","format-standard","has-post-thumbnail","hentry","category-info-general","category-institucional"],"yoast_head":"<!-- This site is optimized with the Yoast SEO Premium plugin v16.2 (Yoast SEO v17.9) - https:\/\/yoast.com\/wordpress\/plugins\/seo\/ -->\n<title>Segundo encuentro institucional entre la Unidad de G\u00e9nero y la OM | Consejo de la Magistratura<\/title>\n<meta name=\"robots\" content=\"index, follow, max-snippet:-1, max-image-preview:large, max-video-preview:-1\" \/>\n<link rel=\"canonical\" href=\"https:\/\/consejomagistratura.gov.ar\/index.php\/2023\/05\/22\/segundo-encuentro-institucional-entre-la-unidad-de-genero-y-la-om\/\" \/>\n<meta property=\"og:locale\" content=\"es_ES\" \/>\n<meta property=\"og:type\" content=\"article\" \/>\n<meta property=\"og:title\" content=\"Segundo encuentro institucional entre la Unidad de G\u00e9nero y la OM | Consejo de la Magistratura\" \/>\n<meta property=\"og:description\" content=\"En la ma\u00f1ana de hoy -22 de mayo- se realiz\u00f3 una reuni\u00f3n de trabajo que cont\u00f3 con la presencia de la Directora de la Unidad de G\u00e9nero, Trata de Personas y Narcotr\u00e1fico del Consejo de [&hellip;]\" \/>\n<meta property=\"og:url\" content=\"https:\/\/consejomagistratura.gov.ar\/index.php\/2023\/05\/22\/segundo-encuentro-institucional-entre-la-unidad-de-genero-y-la-om\/\" \/>\n<meta property=\"og:site_name\" content=\"Consejo de la Magistratura\" \/>\n<meta property=\"article:publisher\" content=\"https:\/\/www.facebook.com\/consejomagistratura\" \/>\n<meta property=\"article:published_time\" content=\"2023-05-22T16:14:18+00:00\" \/>\n<meta property=\"article:modified_time\" content=\"2023-05-30T13:32:56+00:00\" \/>\n<meta property=\"og:image\" content=\"https:\/\/consejomagistratura.gov.ar\/wp-content\/uploads\/2023\/05\/DSC_3651-scaled.jpg\" \/>\n\t<meta property=\"og:image:width\" content=\"2560\" \/>\n\t<meta property=\"og:image:height\" content=\"1705\" \/>\n\t<meta property=\"og:image:type\" content=\"image\/jpeg\" \/>\n<meta name=\"twitter:card\" content=\"summary_large_image\" \/>\n<meta name=\"twitter:creator\" content=\"@cmagistratura\" \/>\n<meta name=\"twitter:site\" content=\"@cmagistratura\" \/>\n<meta name=\"twitter:label1\" content=\"Escrito por\" \/>\n\t<meta name=\"twitter:data1\" content=\"hernanelman\" \/>\n\t<meta name=\"twitter:label2\" content=\"Tiempo de lectura\" \/>\n\t<meta name=\"twitter:data2\" content=\"2 minutos\" \/>\n<script type=\"application\/ld+json\" class=\"yoast-schema-graph\">{\"@context\":\"https:\/\/schema.org\",\"@graph\":[{\"@type\":\"Organization\",\"@id\":\"https:\/\/consejomagistratura.gov.ar\/#organization\",\"name\":\"Consejo de la Magistratura\",\"url\":\"https:\/\/consejomagistratura.gov.ar\/\",\"sameAs\":[\"https:\/\/www.facebook.com\/consejomagistratura\",\"https:\/\/www.instagram.com\/consejodelamagistratura\/\",\"https:\/\/www.youtube.com\/c\/consejodelamagistraturadelanacion\",\"https:\/\/es.wikipedia.org\/wiki\/Consejo_de_la_Magistratura_(Argentina)\",\"https:\/\/twitter.com\/cmagistratura\"],\"logo\":{\"@type\":\"ImageObject\",\"@id\":\"https:\/\/consejomagistratura.gov.ar\/#logo\",\"inLanguage\":\"es-AR\",\"url\":\"https:\/\/consejomagistratura.gov.ar\/wp-content\/uploads\/2021\/08\/logo_link_2_Mesa-de-trabajo-1.png\",\"contentUrl\":\"https:\/\/consejomagistratura.gov.ar\/wp-content\/uploads\/2021\/08\/logo_link_2_Mesa-de-trabajo-1.png\",\"width\":1067,\"height\":780,\"caption\":\"Consejo de la Magistratura\"},\"image\":{\"@id\":\"https:\/\/consejomagistratura.gov.ar\/#logo\"}},{\"@type\":\"WebSite\",\"@id\":\"https:\/\/consejomagistratura.gov.ar\/#website\",\"url\":\"https:\/\/consejomagistratura.gov.ar\/\",\"name\":\"Consejo de la Magistratura\",\"description\":\"\",\"publisher\":{\"@id\":\"https:\/\/consejomagistratura.gov.ar\/#organization\"},\"potentialAction\":[{\"@type\":\"SearchAction\",\"target\":{\"@type\":\"EntryPoint\",\"urlTemplate\":\"https:\/\/consejomagistratura.gov.ar\/?s={search_term_string}\"},\"query-input\":\"required name=search_term_string\"}],\"inLanguage\":\"es-AR\"},{\"@type\":\"ImageObject\",\"@id\":\"https:\/\/consejomagistratura.gov.ar\/index.php\/2023\/05\/22\/segundo-encuentro-institucional-entre-la-unidad-de-genero-y-la-om\/#primaryimage\",\"inLanguage\":\"es-AR\",\"url\":\"https:\/\/consejomagistratura.gov.ar\/wp-content\/uploads\/2023\/05\/DSC_3651-scaled.jpg\",\"contentUrl\":\"https:\/\/consejomagistratura.gov.ar\/wp-content\/uploads\/2023\/05\/DSC_3651-scaled.jpg\",\"width\":2560,\"height\":1705},{\"@type\":\"WebPage\",\"@id\":\"https:\/\/consejomagistratura.gov.ar\/index.php\/2023\/05\/22\/segundo-encuentro-institucional-entre-la-unidad-de-genero-y-la-om\/#webpage\",\"url\":\"https:\/\/consejomagistratura.gov.ar\/index.php\/2023\/05\/22\/segundo-encuentro-institucional-entre-la-unidad-de-genero-y-la-om\/\",\"name\":\"Segundo encuentro institucional entre la Unidad de G\\u00e9nero y la OM | Consejo de la Magistratura\",\"isPartOf\":{\"@id\":\"https:\/\/consejomagistratura.gov.ar\/#website\"},\"primaryImageOfPage\":{\"@id\":\"https:\/\/consejomagistratura.gov.ar\/index.php\/2023\/05\/22\/segundo-encuentro-institucional-entre-la-unidad-de-genero-y-la-om\/#primaryimage\"},\"datePublished\":\"2023-05-22T16:14:18+00:00\",\"dateModified\":\"2023-05-30T13:32:56+00:00\",\"breadcrumb\":{\"@id\":\"https:\/\/consejomagistratura.gov.ar\/index.php\/2023\/05\/22\/segundo-encuentro-institucional-entre-la-unidad-de-genero-y-la-om\/#breadcrumb\"},\"inLanguage\":\"es-AR\",\"potentialAction\":[{\"@type\":\"ReadAction\",\"target\":[\"https:\/\/consejomagistratura.gov.ar\/index.php\/2023\/05\/22\/segundo-encuentro-institucional-entre-la-unidad-de-genero-y-la-om\/\"]}]},{\"@type\":\"BreadcrumbList\",\"@id\":\"https:\/\/consejomagistratura.gov.ar\/index.php\/2023\/05\/22\/segundo-encuentro-institucional-entre-la-unidad-de-genero-y-la-om\/#breadcrumb\",\"itemListElement\":[{\"@type\":\"ListItem\",\"position\":1,\"name\":\"Inicio\",\"item\":\"https:\/\/consejomagistratura.gov.ar\/\"},{\"@type\":\"ListItem\",\"position\":2,\"name\":\"Segundo encuentro institucional entre la Unidad de G\\u00e9nero y la OM\"}]},{\"@type\":\"Article\",\"@id\":\"https:\/\/consejomagistratura.gov.ar\/index.php\/2023\/05\/22\/segundo-encuentro-institucional-entre-la-unidad-de-genero-y-la-om\/#article\",\"isPartOf\":{\"@id\":\"https:\/\/consejomagistratura.gov.ar\/index.php\/2023\/05\/22\/segundo-encuentro-institucional-entre-la-unidad-de-genero-y-la-om\/#webpage\"},\"author\":{\"@id\":\"https:\/\/consejomagistratura.gov.ar\/#\/schema\/person\/4da57063f408a85d886d958badf8f6df\"},\"headline\":\"Segundo encuentro institucional entre la Unidad de G\\u00e9nero y la OM\",\"datePublished\":\"2023-05-22T16:14:18+00:00\",\"dateModified\":\"2023-05-30T13:32:56+00:00\",\"mainEntityOfPage\":{\"@id\":\"https:\/\/consejomagistratura.gov.ar\/index.php\/2023\/05\/22\/segundo-encuentro-institucional-entre-la-unidad-de-genero-y-la-om\/#webpage\"},\"wordCount\":229,\"publisher\":{\"@id\":\"https:\/\/consejomagistratura.gov.ar\/#organization\"},\"image\":{\"@id\":\"https:\/\/consejomagistratura.gov.ar\/index.php\/2023\/05\/22\/segundo-encuentro-institucional-entre-la-unidad-de-genero-y-la-om\/#primaryimage\"},\"thumbnailUrl\":\"https:\/\/consejomagistratura.gov.ar\/wp-content\/uploads\/2023\/05\/DSC_3651-scaled.jpg\",\"articleSection\":[\"Informaci\\u00f3n General\",\"Institucional\"],\"inLanguage\":\"es-AR\"},{\"@type\":\"Person\",\"@id\":\"https:\/\/consejomagistratura.gov.ar\/#\/schema\/person\/4da57063f408a85d886d958badf8f6df\",\"name\":\"hernanelman\",\"image\":{\"@type\":\"ImageObject\",\"@id\":\"https:\/\/consejomagistratura.gov.ar\/#personlogo\",\"inLanguage\":\"es-AR\",\"url\":\"https:\/\/secure.gravatar.com\/avatar\/cb37cc646e6a84fe6e78061c6d9d5fb02a35404aaf0d46840fd3257e6c0131f2?s=96&d=mm&r=g\",\"contentUrl\":\"https:\/\/secure.gravatar.com\/avatar\/cb37cc646e6a84fe6e78061c6d9d5fb02a35404aaf0d46840fd3257e6c0131f2?s=96&d=mm&r=g\",\"caption\":\"hernanelman\"},\"url\":\"https:\/\/consejomagistratura.gov.ar\/index.php\/author\/hernanelman\/\"}]}<\/script>\n<!-- \/ Yoast SEO Premium plugin. -->","yoast_head_json":{"title":"Segundo encuentro institucional entre la Unidad de G\u00e9nero y la OM | Consejo de la Magistratura","robots":{"index":"index","follow":"follow","max-snippet":"max-snippet:-1","max-image-preview":"max-image-preview:large","max-video-preview":"max-video-preview:-1"},"canonical":"https:\/\/consejomagistratura.gov.ar\/index.php\/2023\/05\/22\/segundo-encuentro-institucional-entre-la-unidad-de-genero-y-la-om\/","og_locale":"es_ES","og_type":"article","og_title":"Segundo encuentro institucional entre la Unidad de G\u00e9nero y la OM | Consejo de la Magistratura","og_description":"En la ma\u00f1ana de hoy -22 de mayo- se realiz\u00f3 una reuni\u00f3n de trabajo que cont\u00f3 con la presencia de la Directora de la Unidad de G\u00e9nero, Trata de Personas y Narcotr\u00e1fico del Consejo de [&hellip;]","og_url":"https:\/\/consejomagistratura.gov.ar\/index.php\/2023\/05\/22\/segundo-encuentro-institucional-entre-la-unidad-de-genero-y-la-om\/","og_site_name":"Consejo de la Magistratura","article_publisher":"https:\/\/www.facebook.com\/consejomagistratura","article_published_time":"2023-05-22T16:14:18+00:00","article_modified_time":"2023-05-30T13:32:56+00:00","og_image":[{"width":2560,"height":1705,"url":"https:\/\/consejomagistratura.gov.ar\/wp-content\/uploads\/2023\/05\/DSC_3651-scaled.jpg","type":"image\/jpeg"}],"twitter_card":"summary_large_image","twitter_creator":"@cmagistratura","twitter_site":"@cmagistratura","twitter_misc":{"Escrito por":"hernanelman","Tiempo de lectura":"2 minutos"},"schema":{"@context":"https:\/\/schema.org","@graph":[{"@type":"Organization","@id":"https:\/\/consejomagistratura.gov.ar\/#organization","name":"Consejo de la Magistratura","url":"https:\/\/consejomagistratura.gov.ar\/","sameAs":["https:\/\/www.facebook.com\/consejomagistratura","https:\/\/www.instagram.com\/consejodelamagistratura\/","https:\/\/www.youtube.com\/c\/consejodelamagistraturadelanacion","https:\/\/es.wikipedia.org\/wiki\/Consejo_de_la_Magistratura_(Argentina)","https:\/\/twitter.com\/cmagistratura"],"logo":{"@type":"ImageObject","@id":"https:\/\/consejomagistratura.gov.ar\/#logo","inLanguage":"es-AR","url":"https:\/\/consejomagistratura.gov.ar\/wp-content\/uploads\/2021\/08\/logo_link_2_Mesa-de-trabajo-1.png","contentUrl":"https:\/\/consejomagistratura.gov.ar\/wp-content\/uploads\/2021\/08\/logo_link_2_Mesa-de-trabajo-1.png","width":1067,"height":780,"caption":"Consejo de la Magistratura"},"image":{"@id":"https:\/\/consejomagistratura.gov.ar\/#logo"}},{"@type":"WebSite","@id":"https:\/\/consejomagistratura.gov.ar\/#website","url":"https:\/\/consejomagistratura.gov.ar\/","name":"Consejo de la Magistratura","description":"","publisher":{"@id":"https:\/\/consejomagistratura.gov.ar\/#organization"},"potentialAction":[{"@type":"SearchAction","target":{"@type":"EntryPoint","urlTemplate":"https:\/\/consejomagistratura.gov.ar\/?s={search_term_string}"},"query-input":"required name=search_term_string"}],"inLanguage":"es-AR"},{"@type":"ImageObject","@id":"https:\/\/consejomagistratura.gov.ar\/index.php\/2023\/05\/22\/segundo-encuentro-institucional-entre-la-unidad-de-genero-y-la-om\/#primaryimage","inLanguage":"es-AR","url":"https:\/\/consejomagistratura.gov.ar\/wp-content\/uploads\/2023\/05\/DSC_3651-scaled.jpg","contentUrl":"https:\/\/consejomagistratura.gov.ar\/wp-content\/uploads\/2023\/05\/DSC_3651-scaled.jpg","width":2560,"height":1705},{"@type":"WebPage","@id":"https:\/\/consejomagistratura.gov.ar\/index.php\/2023\/05\/22\/segundo-encuentro-institucional-entre-la-unidad-de-genero-y-la-om\/#webpage","url":"https:\/\/consejomagistratura.gov.ar\/index.php\/2023\/05\/22\/segundo-encuentro-institucional-entre-la-unidad-de-genero-y-la-om\/","name":"Segundo encuentro institucional entre la Unidad de G\u00e9nero y la OM | Consejo de la Magistratura","isPartOf":{"@id":"https:\/\/consejomagistratura.gov.ar\/#website"},"primaryImageOfPage":{"@id":"https:\/\/consejomagistratura.gov.ar\/index.php\/2023\/05\/22\/segundo-encuentro-institucional-entre-la-unidad-de-genero-y-la-om\/#primaryimage"},"datePublished":"2023-05-22T16:14:18+00:00","dateModified":"2023-05-30T13:32:56+00:00","breadcrumb":{"@id":"https:\/\/consejomagistratura.gov.ar\/index.php\/2023\/05\/22\/segundo-encuentro-institucional-entre-la-unidad-de-genero-y-la-om\/#breadcrumb"},"inLanguage":"es-AR","potentialAction":[{"@type":"ReadAction","target":["https:\/\/consejomagistratura.gov.ar\/index.php\/2023\/05\/22\/segundo-encuentro-institucional-entre-la-unidad-de-genero-y-la-om\/"]}]},{"@type":"BreadcrumbList","@id":"https:\/\/consejomagistratura.gov.ar\/index.php\/2023\/05\/22\/segundo-encuentro-institucional-entre-la-unidad-de-genero-y-la-om\/#breadcrumb","itemListElement":[{"@type":"ListItem","position":1,"name":"Inicio","item":"https:\/\/consejomagistratura.gov.ar\/"},{"@type":"ListItem","position":2,"name":"Segundo encuentro institucional entre la Unidad de G\u00e9nero y la OM"}]},{"@type":"Article","@id":"https:\/\/consejomagistratura.gov.ar\/index.php\/2023\/05\/22\/segundo-encuentro-institucional-entre-la-unidad-de-genero-y-la-om\/#article","isPartOf":{"@id":"https:\/\/consejomagistratura.gov.ar\/index.php\/2023\/05\/22\/segundo-encuentro-institucional-entre-la-unidad-de-genero-y-la-om\/#webpage"},"author":{"@id":"https:\/\/consejomagistratura.gov.ar\/#\/schema\/person\/4da57063f408a85d886d958badf8f6df"},"headline":"Segundo encuentro institucional entre la Unidad de G\u00e9nero y la OM","datePublished":"2023-05-22T16:14:18+00:00","dateModified":"2023-05-30T13:32:56+00:00","mainEntityOfPage":{"@id":"https:\/\/consejomagistratura.gov.ar\/index.php\/2023\/05\/22\/segundo-encuentro-institucional-entre-la-unidad-de-genero-y-la-om\/#webpage"},"wordCount":229,"publisher":{"@id":"https:\/\/consejomagistratura.gov.ar\/#organization"},"image":{"@id":"https:\/\/consejomagistratura.gov.ar\/index.php\/2023\/05\/22\/segundo-encuentro-institucional-entre-la-unidad-de-genero-y-la-om\/#primaryimage"},"thumbnailUrl":"https:\/\/consejomagistratura.gov.ar\/wp-content\/uploads\/2023\/05\/DSC_3651-scaled.jpg","articleSection":["Informaci\u00f3n General","Institucional"],"inLanguage":"es-AR"},{"@type":"Person","@id":"https:\/\/consejomagistratura.gov.ar\/#\/schema\/person\/4da57063f408a85d886d958badf8f6df","name":"hernanelman","image":{"@type":"ImageObject","@id":"https:\/\/consejomagistratura.gov.ar\/#personlogo","inLanguage":"es-AR","url":"https:\/\/secure.gravatar.com\/avatar\/cb37cc646e6a84fe6e78061c6d9d5fb02a35404aaf0d46840fd3257e6c0131f2?s=96&d=mm&r=g","contentUrl":"https:\/\/secure.gravatar.com\/avatar\/cb37cc646e6a84fe6e78061c6d9d5fb02a35404aaf0d46840fd3257e6c0131f2?s=96&d=mm&r=g","caption":"hernanelman"},"url":"https:\/\/consejomagistratura.gov.ar\/index.php\/author\/hernanelman\/"}]}},"_links":{"self":[{"href":"https:\/\/consejomagistratura.gov.ar\/index.php\/wp-json\/wp\/v2\/posts\/42667","targetHints":{"allow":["GET"]}}],"collection":[{"href":"https:\/\/consejomagistratura.gov.ar\/index.php\/wp-json\/wp\/v2\/posts"}],"about":[{"href":"https:\/\/consejomagistratura.gov.ar\/index.php\/wp-json\/wp\/v2\/types\/post"}],"author":[{"embeddable":true,"href":"https:\/\/consejomagistratura.gov.ar\/index.php\/wp-json\/wp\/v2\/users\/6"}],"replies":[{"embeddable":true,"href":"https:\/\/consejomagistratura.gov.ar\/index.php\/wp-json\/wp\/v2\/comments?post=42667"}],"version-history":[{"count":1,"href":"https:\/\/consejomagistratura.gov.ar\/index.php\/wp-json\/wp\/v2\/posts\/42667\/revisions"}],"predecessor-version":[{"id":42671,"href":"https:\/\/consejomagistratura.gov.ar\/index.php\/wp-json\/wp\/v2\/posts\/42667\/revisions\/42671"}],"wp:featuredmedia":[{"embeddable":true,"href":"https:\/\/consejomagistratura.gov.ar\/index.php\/wp-json\/wp\/v2\/media\/42670"}],"wp:attachment":[{"href":"https:\/\/consejomagistratura.gov.ar\/index.php\/wp-json\/wp\/v2\/media?parent=42667"}],"wp:term":[{"taxonomy":"category","embeddable":true,"href":"https:\/\/consejomagistratura.gov.ar\/index.php\/wp-json\/wp\/v2\/categories?post=42667"},{"taxonomy":"post_tag","embeddable":true,"href":"https:\/\/consejomagistratura.gov.ar\/index.php\/wp-json\/wp\/v2\/tags?post=42667"}],"curies":[{"name":"wp","href":"https:\/\/api.w.org\/{rel}","templated":true}]}}