{"id":43915,"date":"2023-08-15T10:46:43","date_gmt":"2023-08-15T13:46:43","guid":{"rendered":"https:\/\/consejomagistratura.gov.ar\/?p=43915"},"modified":"2023-08-15T10:46:45","modified_gmt":"2023-08-15T13:46:45","slug":"entrega-de-equipos-tecnologicos-a-la-camara-federal-de-corrientes","status":"publish","type":"post","link":"https:\/\/consejomagistratura.gov.ar\/index.php\/2023\/08\/15\/entrega-de-equipos-tecnologicos-a-la-camara-federal-de-corrientes\/","title":{"rendered":"Entrega de equipos tecnol\u00f3gicos a la C\u00e1mara Federal de Corrientes"},"content":{"rendered":"\n<figure class=\"wp-block-image size-large\"><img fetchpriority=\"high\" decoding=\"async\" width=\"1024\" height=\"576\" src=\"https:\/\/consejomagistratura.gov.ar\/wp-content\/uploads\/2023\/08\/WhatsApp-Image-2023-08-15-at-10.55.29-1024x576.jpeg\" alt=\"\" class=\"wp-image-43917\" srcset=\"https:\/\/consejomagistratura.gov.ar\/wp-content\/uploads\/2023\/08\/WhatsApp-Image-2023-08-15-at-10.55.29-1024x576.jpeg 1024w, https:\/\/consejomagistratura.gov.ar\/wp-content\/uploads\/2023\/08\/WhatsApp-Image-2023-08-15-at-10.55.29-300x169.jpeg 300w, https:\/\/consejomagistratura.gov.ar\/wp-content\/uploads\/2023\/08\/WhatsApp-Image-2023-08-15-at-10.55.29-768x432.jpeg 768w, https:\/\/consejomagistratura.gov.ar\/wp-content\/uploads\/2023\/08\/WhatsApp-Image-2023-08-15-at-10.55.29.jpeg 1280w\" sizes=\"(max-width: 1024px) 100vw, 1024px\" \/><\/figure>\n\n\n\n<p>El pasado jueves 10 de agosto, el Consejo de la Magistratura de la Naci\u00f3n mantuvo una reuni\u00f3n institucional con el presidente de la C\u00e1mara Federal de Corrientes, Ram\u00f3n Luis Gonz\u00e1lez, a fin de hacer entrega de equipos tecnol\u00f3gicos para dicha C\u00e1mara y todos los juzgados de esa jurisdicci\u00f3n.<br>A fin de dar continuidad al plan integral de dotaci\u00f3n de recursos t\u00e9cnicos a todas las jurisdicciones judiciales de pa\u00eds y agilizar as\u00ed el servicio de justicia llevado a cabo por la Direcci\u00f3n General de Tecnolog\u00eda, el titular Hern\u00e1n Rondinella y Laura Tocco fueron los encargados de realizar este viaje institucional. All\u00ed recorrieron tambi\u00e9n el edificio del ex Correo, donde se establecer\u00e1 el Juzgado Federal N\u00b0 1.<\/p>\n\n\n\n<figure class=\"wp-block-image size-full\"><img decoding=\"async\" width=\"768\" height=\"1024\" src=\"https:\/\/consejomagistratura.gov.ar\/wp-content\/uploads\/2023\/08\/WhatsApp-Image-2023-08-15-at-10.56.10.jpeg\" alt=\"\" class=\"wp-image-43918\" srcset=\"https:\/\/consejomagistratura.gov.ar\/wp-content\/uploads\/2023\/08\/WhatsApp-Image-2023-08-15-at-10.56.10.jpeg 768w, https:\/\/consejomagistratura.gov.ar\/wp-content\/uploads\/2023\/08\/WhatsApp-Image-2023-08-15-at-10.56.10-225x300.jpeg 225w\" sizes=\"(max-width: 768px) 100vw, 768px\" \/><\/figure>\n\n\n\n<p>Cabe recordar que esta provincia fue tambi\u00e9n beneficiada el pasado a\u00f1o a trav\u00e9s de un acuerdo entre este Consejo de la Magistratura y la Agencia de Administraci\u00f3n de Bienes del Estado para habilitar el uso gratuito de un inmueble propiedad del Estado Nacional, ubicado en la calle San Juan N\u00ba 1.098 de la Ciudad de Corrientes, que fue destinado a la sede de los Juzgados Federales de Primera Instancia N\u00b0 1 y N\u00b0 2 de Corrientes.<\/p>\n","protected":false},"excerpt":{"rendered":"<p>El pasado jueves 10 de agosto, el Consejo de la Magistratura de la Naci\u00f3n mantuvo una reuni\u00f3n institucional con el presidente de la C\u00e1mara Federal de Corrientes, Ram\u00f3n Luis Gonz\u00e1lez, a fin de hacer entrega [&hellip;]<\/p>\n","protected":false},"author":6,"featured_media":43917,"comment_status":"closed","ping_status":"closed","sticky":false,"template":"","format":"standard","meta":{"footnotes":""},"categories":[15,3],"tags":[],"class_list":["post-43915","post","type-post","status-publish","format-standard","has-post-thumbnail","hentry","category-info-general","category-institucional"],"yoast_head":"<!-- This site is optimized with the Yoast SEO Premium plugin v16.2 (Yoast SEO v17.9) - https:\/\/yoast.com\/wordpress\/plugins\/seo\/ -->\n<title>Entrega de equipos tecnol\u00f3gicos a la C\u00e1mara Federal de Corrientes | Consejo de la Magistratura<\/title>\n<meta name=\"robots\" content=\"index, follow, max-snippet:-1, max-image-preview:large, max-video-preview:-1\" \/>\n<link rel=\"canonical\" href=\"https:\/\/consejomagistratura.gov.ar\/index.php\/2023\/08\/15\/entrega-de-equipos-tecnologicos-a-la-camara-federal-de-corrientes\/\" \/>\n<meta property=\"og:locale\" content=\"es_ES\" \/>\n<meta property=\"og:type\" content=\"article\" \/>\n<meta property=\"og:title\" content=\"Entrega de equipos tecnol\u00f3gicos a la C\u00e1mara Federal de Corrientes | Consejo de la Magistratura\" \/>\n<meta property=\"og:description\" content=\"El pasado jueves 10 de agosto, el Consejo de la Magistratura de la Naci\u00f3n mantuvo una reuni\u00f3n institucional con el presidente de la C\u00e1mara Federal de Corrientes, Ram\u00f3n Luis Gonz\u00e1lez, a fin de hacer entrega [&hellip;]\" \/>\n<meta property=\"og:url\" content=\"https:\/\/consejomagistratura.gov.ar\/index.php\/2023\/08\/15\/entrega-de-equipos-tecnologicos-a-la-camara-federal-de-corrientes\/\" \/>\n<meta property=\"og:site_name\" content=\"Consejo de la Magistratura\" \/>\n<meta property=\"article:publisher\" content=\"https:\/\/www.facebook.com\/consejomagistratura\" \/>\n<meta property=\"article:published_time\" content=\"2023-08-15T13:46:43+00:00\" \/>\n<meta property=\"article:modified_time\" content=\"2023-08-15T13:46:45+00:00\" \/>\n<meta property=\"og:image\" content=\"https:\/\/consejomagistratura.gov.ar\/wp-content\/uploads\/2023\/08\/WhatsApp-Image-2023-08-15-at-10.55.29.jpeg\" \/>\n\t<meta property=\"og:image:width\" content=\"1280\" \/>\n\t<meta property=\"og:image:height\" content=\"720\" \/>\n\t<meta property=\"og:image:type\" content=\"image\/jpeg\" \/>\n<meta name=\"twitter:card\" content=\"summary_large_image\" \/>\n<meta name=\"twitter:creator\" content=\"@cmagistratura\" \/>\n<meta name=\"twitter:site\" content=\"@cmagistratura\" \/>\n<meta name=\"twitter:label1\" content=\"Escrito por\" \/>\n\t<meta name=\"twitter:data1\" content=\"hernanelman\" \/>\n\t<meta name=\"twitter:label2\" content=\"Tiempo de lectura\" \/>\n\t<meta name=\"twitter:data2\" content=\"2 minutos\" \/>\n<script type=\"application\/ld+json\" class=\"yoast-schema-graph\">{\"@context\":\"https:\/\/schema.org\",\"@graph\":[{\"@type\":\"Organization\",\"@id\":\"https:\/\/consejomagistratura.gov.ar\/#organization\",\"name\":\"Consejo de la Magistratura\",\"url\":\"https:\/\/consejomagistratura.gov.ar\/\",\"sameAs\":[\"https:\/\/www.facebook.com\/consejomagistratura\",\"https:\/\/www.instagram.com\/consejodelamagistratura\/\",\"https:\/\/www.youtube.com\/c\/consejodelamagistraturadelanacion\",\"https:\/\/es.wikipedia.org\/wiki\/Consejo_de_la_Magistratura_(Argentina)\",\"https:\/\/twitter.com\/cmagistratura\"],\"logo\":{\"@type\":\"ImageObject\",\"@id\":\"https:\/\/consejomagistratura.gov.ar\/#logo\",\"inLanguage\":\"es-AR\",\"url\":\"https:\/\/consejomagistratura.gov.ar\/wp-content\/uploads\/2021\/08\/logo_link_2_Mesa-de-trabajo-1.png\",\"contentUrl\":\"https:\/\/consejomagistratura.gov.ar\/wp-content\/uploads\/2021\/08\/logo_link_2_Mesa-de-trabajo-1.png\",\"width\":1067,\"height\":780,\"caption\":\"Consejo de la Magistratura\"},\"image\":{\"@id\":\"https:\/\/consejomagistratura.gov.ar\/#logo\"}},{\"@type\":\"WebSite\",\"@id\":\"https:\/\/consejomagistratura.gov.ar\/#website\",\"url\":\"https:\/\/consejomagistratura.gov.ar\/\",\"name\":\"Consejo de la Magistratura\",\"description\":\"\",\"publisher\":{\"@id\":\"https:\/\/consejomagistratura.gov.ar\/#organization\"},\"potentialAction\":[{\"@type\":\"SearchAction\",\"target\":{\"@type\":\"EntryPoint\",\"urlTemplate\":\"https:\/\/consejomagistratura.gov.ar\/?s={search_term_string}\"},\"query-input\":\"required name=search_term_string\"}],\"inLanguage\":\"es-AR\"},{\"@type\":\"ImageObject\",\"@id\":\"https:\/\/consejomagistratura.gov.ar\/index.php\/2023\/08\/15\/entrega-de-equipos-tecnologicos-a-la-camara-federal-de-corrientes\/#primaryimage\",\"inLanguage\":\"es-AR\",\"url\":\"https:\/\/consejomagistratura.gov.ar\/wp-content\/uploads\/2023\/08\/WhatsApp-Image-2023-08-15-at-10.55.29.jpeg\",\"contentUrl\":\"https:\/\/consejomagistratura.gov.ar\/wp-content\/uploads\/2023\/08\/WhatsApp-Image-2023-08-15-at-10.55.29.jpeg\",\"width\":1280,\"height\":720},{\"@type\":\"WebPage\",\"@id\":\"https:\/\/consejomagistratura.gov.ar\/index.php\/2023\/08\/15\/entrega-de-equipos-tecnologicos-a-la-camara-federal-de-corrientes\/#webpage\",\"url\":\"https:\/\/consejomagistratura.gov.ar\/index.php\/2023\/08\/15\/entrega-de-equipos-tecnologicos-a-la-camara-federal-de-corrientes\/\",\"name\":\"Entrega de equipos tecnol\\u00f3gicos a la C\\u00e1mara Federal de Corrientes | Consejo de la Magistratura\",\"isPartOf\":{\"@id\":\"https:\/\/consejomagistratura.gov.ar\/#website\"},\"primaryImageOfPage\":{\"@id\":\"https:\/\/consejomagistratura.gov.ar\/index.php\/2023\/08\/15\/entrega-de-equipos-tecnologicos-a-la-camara-federal-de-corrientes\/#primaryimage\"},\"datePublished\":\"2023-08-15T13:46:43+00:00\",\"dateModified\":\"2023-08-15T13:46:45+00:00\",\"breadcrumb\":{\"@id\":\"https:\/\/consejomagistratura.gov.ar\/index.php\/2023\/08\/15\/entrega-de-equipos-tecnologicos-a-la-camara-federal-de-corrientes\/#breadcrumb\"},\"inLanguage\":\"es-AR\",\"potentialAction\":[{\"@type\":\"ReadAction\",\"target\":[\"https:\/\/consejomagistratura.gov.ar\/index.php\/2023\/08\/15\/entrega-de-equipos-tecnologicos-a-la-camara-federal-de-corrientes\/\"]}]},{\"@type\":\"BreadcrumbList\",\"@id\":\"https:\/\/consejomagistratura.gov.ar\/index.php\/2023\/08\/15\/entrega-de-equipos-tecnologicos-a-la-camara-federal-de-corrientes\/#breadcrumb\",\"itemListElement\":[{\"@type\":\"ListItem\",\"position\":1,\"name\":\"Inicio\",\"item\":\"https:\/\/consejomagistratura.gov.ar\/\"},{\"@type\":\"ListItem\",\"position\":2,\"name\":\"Entrega de equipos tecnol\\u00f3gicos a la C\\u00e1mara Federal de Corrientes\"}]},{\"@type\":\"Article\",\"@id\":\"https:\/\/consejomagistratura.gov.ar\/index.php\/2023\/08\/15\/entrega-de-equipos-tecnologicos-a-la-camara-federal-de-corrientes\/#article\",\"isPartOf\":{\"@id\":\"https:\/\/consejomagistratura.gov.ar\/index.php\/2023\/08\/15\/entrega-de-equipos-tecnologicos-a-la-camara-federal-de-corrientes\/#webpage\"},\"author\":{\"@id\":\"https:\/\/consejomagistratura.gov.ar\/#\/schema\/person\/4da57063f408a85d886d958badf8f6df\"},\"headline\":\"Entrega de equipos tecnol\\u00f3gicos a la C\\u00e1mara Federal de Corrientes\",\"datePublished\":\"2023-08-15T13:46:43+00:00\",\"dateModified\":\"2023-08-15T13:46:45+00:00\",\"mainEntityOfPage\":{\"@id\":\"https:\/\/consejomagistratura.gov.ar\/index.php\/2023\/08\/15\/entrega-de-equipos-tecnologicos-a-la-camara-federal-de-corrientes\/#webpage\"},\"wordCount\":217,\"publisher\":{\"@id\":\"https:\/\/consejomagistratura.gov.ar\/#organization\"},\"image\":{\"@id\":\"https:\/\/consejomagistratura.gov.ar\/index.php\/2023\/08\/15\/entrega-de-equipos-tecnologicos-a-la-camara-federal-de-corrientes\/#primaryimage\"},\"thumbnailUrl\":\"https:\/\/consejomagistratura.gov.ar\/wp-content\/uploads\/2023\/08\/WhatsApp-Image-2023-08-15-at-10.55.29.jpeg\",\"articleSection\":[\"Informaci\\u00f3n General\",\"Institucional\"],\"inLanguage\":\"es-AR\"},{\"@type\":\"Person\",\"@id\":\"https:\/\/consejomagistratura.gov.ar\/#\/schema\/person\/4da57063f408a85d886d958badf8f6df\",\"name\":\"hernanelman\",\"image\":{\"@type\":\"ImageObject\",\"@id\":\"https:\/\/consejomagistratura.gov.ar\/#personlogo\",\"inLanguage\":\"es-AR\",\"url\":\"https:\/\/secure.gravatar.com\/avatar\/cb37cc646e6a84fe6e78061c6d9d5fb02a35404aaf0d46840fd3257e6c0131f2?s=96&d=mm&r=g\",\"contentUrl\":\"https:\/\/secure.gravatar.com\/avatar\/cb37cc646e6a84fe6e78061c6d9d5fb02a35404aaf0d46840fd3257e6c0131f2?s=96&d=mm&r=g\",\"caption\":\"hernanelman\"},\"url\":\"https:\/\/consejomagistratura.gov.ar\/index.php\/author\/hernanelman\/\"}]}<\/script>\n<!-- \/ Yoast SEO Premium plugin. -->","yoast_head_json":{"title":"Entrega de equipos tecnol\u00f3gicos a la C\u00e1mara Federal de Corrientes | Consejo de la Magistratura","robots":{"index":"index","follow":"follow","max-snippet":"max-snippet:-1","max-image-preview":"max-image-preview:large","max-video-preview":"max-video-preview:-1"},"canonical":"https:\/\/consejomagistratura.gov.ar\/index.php\/2023\/08\/15\/entrega-de-equipos-tecnologicos-a-la-camara-federal-de-corrientes\/","og_locale":"es_ES","og_type":"article","og_title":"Entrega de equipos tecnol\u00f3gicos a la C\u00e1mara Federal de Corrientes | Consejo de la Magistratura","og_description":"El pasado jueves 10 de agosto, el Consejo de la Magistratura de la Naci\u00f3n mantuvo una reuni\u00f3n institucional con el presidente de la C\u00e1mara Federal de Corrientes, Ram\u00f3n Luis Gonz\u00e1lez, a fin de hacer entrega [&hellip;]","og_url":"https:\/\/consejomagistratura.gov.ar\/index.php\/2023\/08\/15\/entrega-de-equipos-tecnologicos-a-la-camara-federal-de-corrientes\/","og_site_name":"Consejo de la Magistratura","article_publisher":"https:\/\/www.facebook.com\/consejomagistratura","article_published_time":"2023-08-15T13:46:43+00:00","article_modified_time":"2023-08-15T13:46:45+00:00","og_image":[{"width":1280,"height":720,"url":"https:\/\/consejomagistratura.gov.ar\/wp-content\/uploads\/2023\/08\/WhatsApp-Image-2023-08-15-at-10.55.29.jpeg","type":"image\/jpeg"}],"twitter_card":"summary_large_image","twitter_creator":"@cmagistratura","twitter_site":"@cmagistratura","twitter_misc":{"Escrito por":"hernanelman","Tiempo de lectura":"2 minutos"},"schema":{"@context":"https:\/\/schema.org","@graph":[{"@type":"Organization","@id":"https:\/\/consejomagistratura.gov.ar\/#organization","name":"Consejo de la Magistratura","url":"https:\/\/consejomagistratura.gov.ar\/","sameAs":["https:\/\/www.facebook.com\/consejomagistratura","https:\/\/www.instagram.com\/consejodelamagistratura\/","https:\/\/www.youtube.com\/c\/consejodelamagistraturadelanacion","https:\/\/es.wikipedia.org\/wiki\/Consejo_de_la_Magistratura_(Argentina)","https:\/\/twitter.com\/cmagistratura"],"logo":{"@type":"ImageObject","@id":"https:\/\/consejomagistratura.gov.ar\/#logo","inLanguage":"es-AR","url":"https:\/\/consejomagistratura.gov.ar\/wp-content\/uploads\/2021\/08\/logo_link_2_Mesa-de-trabajo-1.png","contentUrl":"https:\/\/consejomagistratura.gov.ar\/wp-content\/uploads\/2021\/08\/logo_link_2_Mesa-de-trabajo-1.png","width":1067,"height":780,"caption":"Consejo de la Magistratura"},"image":{"@id":"https:\/\/consejomagistratura.gov.ar\/#logo"}},{"@type":"WebSite","@id":"https:\/\/consejomagistratura.gov.ar\/#website","url":"https:\/\/consejomagistratura.gov.ar\/","name":"Consejo de la Magistratura","description":"","publisher":{"@id":"https:\/\/consejomagistratura.gov.ar\/#organization"},"potentialAction":[{"@type":"SearchAction","target":{"@type":"EntryPoint","urlTemplate":"https:\/\/consejomagistratura.gov.ar\/?s={search_term_string}"},"query-input":"required name=search_term_string"}],"inLanguage":"es-AR"},{"@type":"ImageObject","@id":"https:\/\/consejomagistratura.gov.ar\/index.php\/2023\/08\/15\/entrega-de-equipos-tecnologicos-a-la-camara-federal-de-corrientes\/#primaryimage","inLanguage":"es-AR","url":"https:\/\/consejomagistratura.gov.ar\/wp-content\/uploads\/2023\/08\/WhatsApp-Image-2023-08-15-at-10.55.29.jpeg","contentUrl":"https:\/\/consejomagistratura.gov.ar\/wp-content\/uploads\/2023\/08\/WhatsApp-Image-2023-08-15-at-10.55.29.jpeg","width":1280,"height":720},{"@type":"WebPage","@id":"https:\/\/consejomagistratura.gov.ar\/index.php\/2023\/08\/15\/entrega-de-equipos-tecnologicos-a-la-camara-federal-de-corrientes\/#webpage","url":"https:\/\/consejomagistratura.gov.ar\/index.php\/2023\/08\/15\/entrega-de-equipos-tecnologicos-a-la-camara-federal-de-corrientes\/","name":"Entrega de equipos tecnol\u00f3gicos a la C\u00e1mara Federal de Corrientes | Consejo de la Magistratura","isPartOf":{"@id":"https:\/\/consejomagistratura.gov.ar\/#website"},"primaryImageOfPage":{"@id":"https:\/\/consejomagistratura.gov.ar\/index.php\/2023\/08\/15\/entrega-de-equipos-tecnologicos-a-la-camara-federal-de-corrientes\/#primaryimage"},"datePublished":"2023-08-15T13:46:43+00:00","dateModified":"2023-08-15T13:46:45+00:00","breadcrumb":{"@id":"https:\/\/consejomagistratura.gov.ar\/index.php\/2023\/08\/15\/entrega-de-equipos-tecnologicos-a-la-camara-federal-de-corrientes\/#breadcrumb"},"inLanguage":"es-AR","potentialAction":[{"@type":"ReadAction","target":["https:\/\/consejomagistratura.gov.ar\/index.php\/2023\/08\/15\/entrega-de-equipos-tecnologicos-a-la-camara-federal-de-corrientes\/"]}]},{"@type":"BreadcrumbList","@id":"https:\/\/consejomagistratura.gov.ar\/index.php\/2023\/08\/15\/entrega-de-equipos-tecnologicos-a-la-camara-federal-de-corrientes\/#breadcrumb","itemListElement":[{"@type":"ListItem","position":1,"name":"Inicio","item":"https:\/\/consejomagistratura.gov.ar\/"},{"@type":"ListItem","position":2,"name":"Entrega de equipos tecnol\u00f3gicos a la C\u00e1mara Federal de Corrientes"}]},{"@type":"Article","@id":"https:\/\/consejomagistratura.gov.ar\/index.php\/2023\/08\/15\/entrega-de-equipos-tecnologicos-a-la-camara-federal-de-corrientes\/#article","isPartOf":{"@id":"https:\/\/consejomagistratura.gov.ar\/index.php\/2023\/08\/15\/entrega-de-equipos-tecnologicos-a-la-camara-federal-de-corrientes\/#webpage"},"author":{"@id":"https:\/\/consejomagistratura.gov.ar\/#\/schema\/person\/4da57063f408a85d886d958badf8f6df"},"headline":"Entrega de equipos tecnol\u00f3gicos a la C\u00e1mara Federal de Corrientes","datePublished":"2023-08-15T13:46:43+00:00","dateModified":"2023-08-15T13:46:45+00:00","mainEntityOfPage":{"@id":"https:\/\/consejomagistratura.gov.ar\/index.php\/2023\/08\/15\/entrega-de-equipos-tecnologicos-a-la-camara-federal-de-corrientes\/#webpage"},"wordCount":217,"publisher":{"@id":"https:\/\/consejomagistratura.gov.ar\/#organization"},"image":{"@id":"https:\/\/consejomagistratura.gov.ar\/index.php\/2023\/08\/15\/entrega-de-equipos-tecnologicos-a-la-camara-federal-de-corrientes\/#primaryimage"},"thumbnailUrl":"https:\/\/consejomagistratura.gov.ar\/wp-content\/uploads\/2023\/08\/WhatsApp-Image-2023-08-15-at-10.55.29.jpeg","articleSection":["Informaci\u00f3n General","Institucional"],"inLanguage":"es-AR"},{"@type":"Person","@id":"https:\/\/consejomagistratura.gov.ar\/#\/schema\/person\/4da57063f408a85d886d958badf8f6df","name":"hernanelman","image":{"@type":"ImageObject","@id":"https:\/\/consejomagistratura.gov.ar\/#personlogo","inLanguage":"es-AR","url":"https:\/\/secure.gravatar.com\/avatar\/cb37cc646e6a84fe6e78061c6d9d5fb02a35404aaf0d46840fd3257e6c0131f2?s=96&d=mm&r=g","contentUrl":"https:\/\/secure.gravatar.com\/avatar\/cb37cc646e6a84fe6e78061c6d9d5fb02a35404aaf0d46840fd3257e6c0131f2?s=96&d=mm&r=g","caption":"hernanelman"},"url":"https:\/\/consejomagistratura.gov.ar\/index.php\/author\/hernanelman\/"}]}},"_links":{"self":[{"href":"https:\/\/consejomagistratura.gov.ar\/index.php\/wp-json\/wp\/v2\/posts\/43915","targetHints":{"allow":["GET"]}}],"collection":[{"href":"https:\/\/consejomagistratura.gov.ar\/index.php\/wp-json\/wp\/v2\/posts"}],"about":[{"href":"https:\/\/consejomagistratura.gov.ar\/index.php\/wp-json\/wp\/v2\/types\/post"}],"author":[{"embeddable":true,"href":"https:\/\/consejomagistratura.gov.ar\/index.php\/wp-json\/wp\/v2\/users\/6"}],"replies":[{"embeddable":true,"href":"https:\/\/consejomagistratura.gov.ar\/index.php\/wp-json\/wp\/v2\/comments?post=43915"}],"version-history":[{"count":1,"href":"https:\/\/consejomagistratura.gov.ar\/index.php\/wp-json\/wp\/v2\/posts\/43915\/revisions"}],"predecessor-version":[{"id":43919,"href":"https:\/\/consejomagistratura.gov.ar\/index.php\/wp-json\/wp\/v2\/posts\/43915\/revisions\/43919"}],"wp:featuredmedia":[{"embeddable":true,"href":"https:\/\/consejomagistratura.gov.ar\/index.php\/wp-json\/wp\/v2\/media\/43917"}],"wp:attachment":[{"href":"https:\/\/consejomagistratura.gov.ar\/index.php\/wp-json\/wp\/v2\/media?parent=43915"}],"wp:term":[{"taxonomy":"category","embeddable":true,"href":"https:\/\/consejomagistratura.gov.ar\/index.php\/wp-json\/wp\/v2\/categories?post=43915"},{"taxonomy":"post_tag","embeddable":true,"href":"https:\/\/consejomagistratura.gov.ar\/index.php\/wp-json\/wp\/v2\/tags?post=43915"}],"curies":[{"name":"wp","href":"https:\/\/api.w.org\/{rel}","templated":true}]}}