{"id":44890,"date":"2023-10-20T14:07:24","date_gmt":"2023-10-20T17:07:24","guid":{"rendered":"https:\/\/consejomagistratura.gov.ar\/?p=44890"},"modified":"2023-10-20T14:07:26","modified_gmt":"2023-10-20T17:07:26","slug":"entrega-de-pcs-de-ultima-generacion-a-neuquen-y-rio-negro","status":"publish","type":"post","link":"https:\/\/consejomagistratura.gov.ar\/index.php\/2023\/10\/20\/entrega-de-pcs-de-ultima-generacion-a-neuquen-y-rio-negro\/","title":{"rendered":"Entrega de PCs de \u00faltima generaci\u00f3n a Neuqu\u00e9n y R\u00edo Negro"},"content":{"rendered":"\n<figure class=\"wp-block-image size-large\"><img fetchpriority=\"high\" decoding=\"async\" width=\"1024\" height=\"551\" src=\"https:\/\/consejomagistratura.gov.ar\/wp-content\/uploads\/2023\/10\/WhatsApp-Image-2023-10-20-at-2.27.50-PM-1024x551.jpeg\" alt=\"\" class=\"wp-image-44892\" srcset=\"https:\/\/consejomagistratura.gov.ar\/wp-content\/uploads\/2023\/10\/WhatsApp-Image-2023-10-20-at-2.27.50-PM-1024x551.jpeg 1024w, https:\/\/consejomagistratura.gov.ar\/wp-content\/uploads\/2023\/10\/WhatsApp-Image-2023-10-20-at-2.27.50-PM-300x162.jpeg 300w, https:\/\/consejomagistratura.gov.ar\/wp-content\/uploads\/2023\/10\/WhatsApp-Image-2023-10-20-at-2.27.50-PM-768x413.jpeg 768w, https:\/\/consejomagistratura.gov.ar\/wp-content\/uploads\/2023\/10\/WhatsApp-Image-2023-10-20-at-2.27.50-PM.jpeg 1120w\" sizes=\"(max-width: 1024px) 100vw, 1024px\" \/><\/figure>\n\n\n\n<p>El Consejo de la Magistratura de la Naci\u00f3n hizo entrega de 132 PCs de \u00faltima generaci\u00f3n a la provincia de Neuqu\u00e9n y a la ciudad rionegrina General Roca.<br>Esta actividad se dio en el marco del plan estrat\u00e9gico de la Direcci\u00f3n General de Tecnolog\u00eda, a cargo de Hern\u00e1n Rondinella, que busca dotar de insumos t\u00e9cnicos a todo el territorio nacional. Tambi\u00e9n es fruto de reuniones institucionales con la jueza del Juzgado Federal de Neuqu\u00e9n N\u00b0 1, Mar\u00eda Carolina Pandolfi; el juez del Juzgado Federal N\u00b0 2 de esa provincia, Gustavo Villanueva; el juez del Tribunal Oral en lo Criminal Federal de Neuqu\u00e9n, Alejandro Cabral; el presidente y vicepresidente de la C\u00e1mara Federal de Apelaciones de General Roca, Richar Fernando Gallego y Lozano Mariano Roberto, respectivamente; y el presidente de la Tribunal Oral en lo Criminal Federal de General Roca, Alejandro Silva.<br>En este sentido, el pasado a\u00f1o, General Roca recibi\u00f3 m\u00e1s equipamiento tecnol\u00f3gico basado en sus necesidades particulares y el Centro de C\u00f3mputos de Neuqu\u00e9n fue dotado de unidades de impresi\u00f3n, notebooks y PCs de escritorio, en un esfuerzo por brindarles las condiciones necesarias para el desempe\u00f1o de sus funciones.<\/p>\n\n\n\n<p><\/p>\n\n\n\n<figure class=\"wp-block-image size-large\"><img decoding=\"async\" width=\"1024\" height=\"1024\" src=\"https:\/\/consejomagistratura.gov.ar\/wp-content\/uploads\/2023\/10\/WhatsApp-Image-2023-10-20-at-2.27.50-PM-1-1024x1024.jpeg\" alt=\"\" class=\"wp-image-44893\" srcset=\"https:\/\/consejomagistratura.gov.ar\/wp-content\/uploads\/2023\/10\/WhatsApp-Image-2023-10-20-at-2.27.50-PM-1-1024x1024.jpeg 1024w, https:\/\/consejomagistratura.gov.ar\/wp-content\/uploads\/2023\/10\/WhatsApp-Image-2023-10-20-at-2.27.50-PM-1-300x300.jpeg 300w, https:\/\/consejomagistratura.gov.ar\/wp-content\/uploads\/2023\/10\/WhatsApp-Image-2023-10-20-at-2.27.50-PM-1-150x150.jpeg 150w, https:\/\/consejomagistratura.gov.ar\/wp-content\/uploads\/2023\/10\/WhatsApp-Image-2023-10-20-at-2.27.50-PM-1-768x768.jpeg 768w, https:\/\/consejomagistratura.gov.ar\/wp-content\/uploads\/2023\/10\/WhatsApp-Image-2023-10-20-at-2.27.50-PM-1-1536x1536.jpeg 1536w, https:\/\/consejomagistratura.gov.ar\/wp-content\/uploads\/2023\/10\/WhatsApp-Image-2023-10-20-at-2.27.50-PM-1.jpeg 1564w\" sizes=\"(max-width: 1024px) 100vw, 1024px\" \/><\/figure>\n","protected":false},"excerpt":{"rendered":"<p>El Consejo de la Magistratura de la Naci\u00f3n hizo entrega de 132 PCs de \u00faltima generaci\u00f3n a la provincia de Neuqu\u00e9n y a la ciudad rionegrina General Roca.Esta actividad se dio en el marco del [&hellip;]<\/p>\n","protected":false},"author":12,"featured_media":44892,"comment_status":"closed","ping_status":"open","sticky":false,"template":"","format":"standard","meta":{"footnotes":""},"categories":[15,3],"tags":[],"class_list":["post-44890","post","type-post","status-publish","format-standard","has-post-thumbnail","hentry","category-info-general","category-institucional"],"yoast_head":"<!-- This site is optimized with the Yoast SEO Premium plugin v16.2 (Yoast SEO v17.9) - https:\/\/yoast.com\/wordpress\/plugins\/seo\/ -->\n<title>Entrega de PCs de \u00faltima generaci\u00f3n a Neuqu\u00e9n y R\u00edo Negro | Consejo de la Magistratura<\/title>\n<meta name=\"robots\" content=\"index, follow, max-snippet:-1, max-image-preview:large, max-video-preview:-1\" \/>\n<link rel=\"canonical\" href=\"https:\/\/consejomagistratura.gov.ar\/index.php\/2023\/10\/20\/entrega-de-pcs-de-ultima-generacion-a-neuquen-y-rio-negro\/\" \/>\n<meta property=\"og:locale\" content=\"es_ES\" \/>\n<meta property=\"og:type\" content=\"article\" \/>\n<meta property=\"og:title\" content=\"Entrega de PCs de \u00faltima generaci\u00f3n a Neuqu\u00e9n y R\u00edo Negro | Consejo de la Magistratura\" \/>\n<meta property=\"og:description\" content=\"El Consejo de la Magistratura de la Naci\u00f3n hizo entrega de 132 PCs de \u00faltima generaci\u00f3n a la provincia de Neuqu\u00e9n y a la ciudad rionegrina General Roca.Esta actividad se dio en el marco del [&hellip;]\" \/>\n<meta property=\"og:url\" content=\"https:\/\/consejomagistratura.gov.ar\/index.php\/2023\/10\/20\/entrega-de-pcs-de-ultima-generacion-a-neuquen-y-rio-negro\/\" \/>\n<meta property=\"og:site_name\" content=\"Consejo de la Magistratura\" \/>\n<meta property=\"article:publisher\" content=\"https:\/\/www.facebook.com\/consejomagistratura\" \/>\n<meta property=\"article:published_time\" content=\"2023-10-20T17:07:24+00:00\" \/>\n<meta property=\"article:modified_time\" content=\"2023-10-20T17:07:26+00:00\" \/>\n<meta property=\"og:image\" content=\"https:\/\/consejomagistratura.gov.ar\/wp-content\/uploads\/2023\/10\/WhatsApp-Image-2023-10-20-at-2.27.50-PM.jpeg\" \/>\n\t<meta property=\"og:image:width\" content=\"1120\" \/>\n\t<meta property=\"og:image:height\" content=\"603\" \/>\n\t<meta property=\"og:image:type\" content=\"image\/jpeg\" \/>\n<meta name=\"twitter:card\" content=\"summary_large_image\" \/>\n<meta name=\"twitter:creator\" content=\"@cmagistratura\" \/>\n<meta name=\"twitter:site\" content=\"@cmagistratura\" \/>\n<meta name=\"twitter:label1\" content=\"Escrito por\" \/>\n\t<meta name=\"twitter:data1\" content=\"Florencia Galarza\" \/>\n\t<meta name=\"twitter:label2\" content=\"Tiempo de lectura\" \/>\n\t<meta name=\"twitter:data2\" content=\"2 minutos\" \/>\n<script type=\"application\/ld+json\" class=\"yoast-schema-graph\">{\"@context\":\"https:\/\/schema.org\",\"@graph\":[{\"@type\":\"Organization\",\"@id\":\"https:\/\/consejomagistratura.gov.ar\/#organization\",\"name\":\"Consejo de la Magistratura\",\"url\":\"https:\/\/consejomagistratura.gov.ar\/\",\"sameAs\":[\"https:\/\/www.facebook.com\/consejomagistratura\",\"https:\/\/www.instagram.com\/consejodelamagistratura\/\",\"https:\/\/www.youtube.com\/c\/consejodelamagistraturadelanacion\",\"https:\/\/es.wikipedia.org\/wiki\/Consejo_de_la_Magistratura_(Argentina)\",\"https:\/\/twitter.com\/cmagistratura\"],\"logo\":{\"@type\":\"ImageObject\",\"@id\":\"https:\/\/consejomagistratura.gov.ar\/#logo\",\"inLanguage\":\"es-AR\",\"url\":\"https:\/\/consejomagistratura.gov.ar\/wp-content\/uploads\/2021\/08\/logo_link_2_Mesa-de-trabajo-1.png\",\"contentUrl\":\"https:\/\/consejomagistratura.gov.ar\/wp-content\/uploads\/2021\/08\/logo_link_2_Mesa-de-trabajo-1.png\",\"width\":1067,\"height\":780,\"caption\":\"Consejo de la Magistratura\"},\"image\":{\"@id\":\"https:\/\/consejomagistratura.gov.ar\/#logo\"}},{\"@type\":\"WebSite\",\"@id\":\"https:\/\/consejomagistratura.gov.ar\/#website\",\"url\":\"https:\/\/consejomagistratura.gov.ar\/\",\"name\":\"Consejo de la Magistratura\",\"description\":\"\",\"publisher\":{\"@id\":\"https:\/\/consejomagistratura.gov.ar\/#organization\"},\"potentialAction\":[{\"@type\":\"SearchAction\",\"target\":{\"@type\":\"EntryPoint\",\"urlTemplate\":\"https:\/\/consejomagistratura.gov.ar\/?s={search_term_string}\"},\"query-input\":\"required name=search_term_string\"}],\"inLanguage\":\"es-AR\"},{\"@type\":\"ImageObject\",\"@id\":\"https:\/\/consejomagistratura.gov.ar\/index.php\/2023\/10\/20\/entrega-de-pcs-de-ultima-generacion-a-neuquen-y-rio-negro\/#primaryimage\",\"inLanguage\":\"es-AR\",\"url\":\"https:\/\/consejomagistratura.gov.ar\/wp-content\/uploads\/2023\/10\/WhatsApp-Image-2023-10-20-at-2.27.50-PM.jpeg\",\"contentUrl\":\"https:\/\/consejomagistratura.gov.ar\/wp-content\/uploads\/2023\/10\/WhatsApp-Image-2023-10-20-at-2.27.50-PM.jpeg\",\"width\":1120,\"height\":603},{\"@type\":\"WebPage\",\"@id\":\"https:\/\/consejomagistratura.gov.ar\/index.php\/2023\/10\/20\/entrega-de-pcs-de-ultima-generacion-a-neuquen-y-rio-negro\/#webpage\",\"url\":\"https:\/\/consejomagistratura.gov.ar\/index.php\/2023\/10\/20\/entrega-de-pcs-de-ultima-generacion-a-neuquen-y-rio-negro\/\",\"name\":\"Entrega de PCs de \\u00faltima generaci\\u00f3n a Neuqu\\u00e9n y R\\u00edo Negro | Consejo de la Magistratura\",\"isPartOf\":{\"@id\":\"https:\/\/consejomagistratura.gov.ar\/#website\"},\"primaryImageOfPage\":{\"@id\":\"https:\/\/consejomagistratura.gov.ar\/index.php\/2023\/10\/20\/entrega-de-pcs-de-ultima-generacion-a-neuquen-y-rio-negro\/#primaryimage\"},\"datePublished\":\"2023-10-20T17:07:24+00:00\",\"dateModified\":\"2023-10-20T17:07:26+00:00\",\"breadcrumb\":{\"@id\":\"https:\/\/consejomagistratura.gov.ar\/index.php\/2023\/10\/20\/entrega-de-pcs-de-ultima-generacion-a-neuquen-y-rio-negro\/#breadcrumb\"},\"inLanguage\":\"es-AR\",\"potentialAction\":[{\"@type\":\"ReadAction\",\"target\":[\"https:\/\/consejomagistratura.gov.ar\/index.php\/2023\/10\/20\/entrega-de-pcs-de-ultima-generacion-a-neuquen-y-rio-negro\/\"]}]},{\"@type\":\"BreadcrumbList\",\"@id\":\"https:\/\/consejomagistratura.gov.ar\/index.php\/2023\/10\/20\/entrega-de-pcs-de-ultima-generacion-a-neuquen-y-rio-negro\/#breadcrumb\",\"itemListElement\":[{\"@type\":\"ListItem\",\"position\":1,\"name\":\"Inicio\",\"item\":\"https:\/\/consejomagistratura.gov.ar\/\"},{\"@type\":\"ListItem\",\"position\":2,\"name\":\"Entrega de PCs de \\u00faltima generaci\\u00f3n a Neuqu\\u00e9n y R\\u00edo Negro\"}]},{\"@type\":\"Article\",\"@id\":\"https:\/\/consejomagistratura.gov.ar\/index.php\/2023\/10\/20\/entrega-de-pcs-de-ultima-generacion-a-neuquen-y-rio-negro\/#article\",\"isPartOf\":{\"@id\":\"https:\/\/consejomagistratura.gov.ar\/index.php\/2023\/10\/20\/entrega-de-pcs-de-ultima-generacion-a-neuquen-y-rio-negro\/#webpage\"},\"author\":{\"@id\":\"https:\/\/consejomagistratura.gov.ar\/#\/schema\/person\/877e8ea32c02304c323f0e52d16fea26\"},\"headline\":\"Entrega de PCs de \\u00faltima generaci\\u00f3n a Neuqu\\u00e9n y R\\u00edo Negro\",\"datePublished\":\"2023-10-20T17:07:24+00:00\",\"dateModified\":\"2023-10-20T17:07:26+00:00\",\"mainEntityOfPage\":{\"@id\":\"https:\/\/consejomagistratura.gov.ar\/index.php\/2023\/10\/20\/entrega-de-pcs-de-ultima-generacion-a-neuquen-y-rio-negro\/#webpage\"},\"wordCount\":221,\"publisher\":{\"@id\":\"https:\/\/consejomagistratura.gov.ar\/#organization\"},\"image\":{\"@id\":\"https:\/\/consejomagistratura.gov.ar\/index.php\/2023\/10\/20\/entrega-de-pcs-de-ultima-generacion-a-neuquen-y-rio-negro\/#primaryimage\"},\"thumbnailUrl\":\"https:\/\/consejomagistratura.gov.ar\/wp-content\/uploads\/2023\/10\/WhatsApp-Image-2023-10-20-at-2.27.50-PM.jpeg\",\"articleSection\":[\"Informaci\\u00f3n General\",\"Institucional\"],\"inLanguage\":\"es-AR\"},{\"@type\":\"Person\",\"@id\":\"https:\/\/consejomagistratura.gov.ar\/#\/schema\/person\/877e8ea32c02304c323f0e52d16fea26\",\"name\":\"Florencia Galarza\",\"image\":{\"@type\":\"ImageObject\",\"@id\":\"https:\/\/consejomagistratura.gov.ar\/#personlogo\",\"inLanguage\":\"es-AR\",\"url\":\"https:\/\/secure.gravatar.com\/avatar\/fc2383274334e515df9e440a8db3cf23c6102d089c38c516122475544987fce3?s=96&d=mm&r=g\",\"contentUrl\":\"https:\/\/secure.gravatar.com\/avatar\/fc2383274334e515df9e440a8db3cf23c6102d089c38c516122475544987fce3?s=96&d=mm&r=g\",\"caption\":\"Florencia Galarza\"},\"sameAs\":[\"mburgos\"],\"url\":\"https:\/\/consejomagistratura.gov.ar\/index.php\/author\/fgalarza\/\"}]}<\/script>\n<!-- \/ Yoast SEO Premium plugin. -->","yoast_head_json":{"title":"Entrega de PCs de \u00faltima generaci\u00f3n a Neuqu\u00e9n y R\u00edo Negro | Consejo de la Magistratura","robots":{"index":"index","follow":"follow","max-snippet":"max-snippet:-1","max-image-preview":"max-image-preview:large","max-video-preview":"max-video-preview:-1"},"canonical":"https:\/\/consejomagistratura.gov.ar\/index.php\/2023\/10\/20\/entrega-de-pcs-de-ultima-generacion-a-neuquen-y-rio-negro\/","og_locale":"es_ES","og_type":"article","og_title":"Entrega de PCs de \u00faltima generaci\u00f3n a Neuqu\u00e9n y R\u00edo Negro | Consejo de la Magistratura","og_description":"El Consejo de la Magistratura de la Naci\u00f3n hizo entrega de 132 PCs de \u00faltima generaci\u00f3n a la provincia de Neuqu\u00e9n y a la ciudad rionegrina General Roca.Esta actividad se dio en el marco del [&hellip;]","og_url":"https:\/\/consejomagistratura.gov.ar\/index.php\/2023\/10\/20\/entrega-de-pcs-de-ultima-generacion-a-neuquen-y-rio-negro\/","og_site_name":"Consejo de la Magistratura","article_publisher":"https:\/\/www.facebook.com\/consejomagistratura","article_published_time":"2023-10-20T17:07:24+00:00","article_modified_time":"2023-10-20T17:07:26+00:00","og_image":[{"width":1120,"height":603,"url":"https:\/\/consejomagistratura.gov.ar\/wp-content\/uploads\/2023\/10\/WhatsApp-Image-2023-10-20-at-2.27.50-PM.jpeg","type":"image\/jpeg"}],"twitter_card":"summary_large_image","twitter_creator":"@cmagistratura","twitter_site":"@cmagistratura","twitter_misc":{"Escrito por":"Florencia Galarza","Tiempo de lectura":"2 minutos"},"schema":{"@context":"https:\/\/schema.org","@graph":[{"@type":"Organization","@id":"https:\/\/consejomagistratura.gov.ar\/#organization","name":"Consejo de la Magistratura","url":"https:\/\/consejomagistratura.gov.ar\/","sameAs":["https:\/\/www.facebook.com\/consejomagistratura","https:\/\/www.instagram.com\/consejodelamagistratura\/","https:\/\/www.youtube.com\/c\/consejodelamagistraturadelanacion","https:\/\/es.wikipedia.org\/wiki\/Consejo_de_la_Magistratura_(Argentina)","https:\/\/twitter.com\/cmagistratura"],"logo":{"@type":"ImageObject","@id":"https:\/\/consejomagistratura.gov.ar\/#logo","inLanguage":"es-AR","url":"https:\/\/consejomagistratura.gov.ar\/wp-content\/uploads\/2021\/08\/logo_link_2_Mesa-de-trabajo-1.png","contentUrl":"https:\/\/consejomagistratura.gov.ar\/wp-content\/uploads\/2021\/08\/logo_link_2_Mesa-de-trabajo-1.png","width":1067,"height":780,"caption":"Consejo de la Magistratura"},"image":{"@id":"https:\/\/consejomagistratura.gov.ar\/#logo"}},{"@type":"WebSite","@id":"https:\/\/consejomagistratura.gov.ar\/#website","url":"https:\/\/consejomagistratura.gov.ar\/","name":"Consejo de la Magistratura","description":"","publisher":{"@id":"https:\/\/consejomagistratura.gov.ar\/#organization"},"potentialAction":[{"@type":"SearchAction","target":{"@type":"EntryPoint","urlTemplate":"https:\/\/consejomagistratura.gov.ar\/?s={search_term_string}"},"query-input":"required name=search_term_string"}],"inLanguage":"es-AR"},{"@type":"ImageObject","@id":"https:\/\/consejomagistratura.gov.ar\/index.php\/2023\/10\/20\/entrega-de-pcs-de-ultima-generacion-a-neuquen-y-rio-negro\/#primaryimage","inLanguage":"es-AR","url":"https:\/\/consejomagistratura.gov.ar\/wp-content\/uploads\/2023\/10\/WhatsApp-Image-2023-10-20-at-2.27.50-PM.jpeg","contentUrl":"https:\/\/consejomagistratura.gov.ar\/wp-content\/uploads\/2023\/10\/WhatsApp-Image-2023-10-20-at-2.27.50-PM.jpeg","width":1120,"height":603},{"@type":"WebPage","@id":"https:\/\/consejomagistratura.gov.ar\/index.php\/2023\/10\/20\/entrega-de-pcs-de-ultima-generacion-a-neuquen-y-rio-negro\/#webpage","url":"https:\/\/consejomagistratura.gov.ar\/index.php\/2023\/10\/20\/entrega-de-pcs-de-ultima-generacion-a-neuquen-y-rio-negro\/","name":"Entrega de PCs de \u00faltima generaci\u00f3n a Neuqu\u00e9n y R\u00edo Negro | Consejo de la Magistratura","isPartOf":{"@id":"https:\/\/consejomagistratura.gov.ar\/#website"},"primaryImageOfPage":{"@id":"https:\/\/consejomagistratura.gov.ar\/index.php\/2023\/10\/20\/entrega-de-pcs-de-ultima-generacion-a-neuquen-y-rio-negro\/#primaryimage"},"datePublished":"2023-10-20T17:07:24+00:00","dateModified":"2023-10-20T17:07:26+00:00","breadcrumb":{"@id":"https:\/\/consejomagistratura.gov.ar\/index.php\/2023\/10\/20\/entrega-de-pcs-de-ultima-generacion-a-neuquen-y-rio-negro\/#breadcrumb"},"inLanguage":"es-AR","potentialAction":[{"@type":"ReadAction","target":["https:\/\/consejomagistratura.gov.ar\/index.php\/2023\/10\/20\/entrega-de-pcs-de-ultima-generacion-a-neuquen-y-rio-negro\/"]}]},{"@type":"BreadcrumbList","@id":"https:\/\/consejomagistratura.gov.ar\/index.php\/2023\/10\/20\/entrega-de-pcs-de-ultima-generacion-a-neuquen-y-rio-negro\/#breadcrumb","itemListElement":[{"@type":"ListItem","position":1,"name":"Inicio","item":"https:\/\/consejomagistratura.gov.ar\/"},{"@type":"ListItem","position":2,"name":"Entrega de PCs de \u00faltima generaci\u00f3n a Neuqu\u00e9n y R\u00edo Negro"}]},{"@type":"Article","@id":"https:\/\/consejomagistratura.gov.ar\/index.php\/2023\/10\/20\/entrega-de-pcs-de-ultima-generacion-a-neuquen-y-rio-negro\/#article","isPartOf":{"@id":"https:\/\/consejomagistratura.gov.ar\/index.php\/2023\/10\/20\/entrega-de-pcs-de-ultima-generacion-a-neuquen-y-rio-negro\/#webpage"},"author":{"@id":"https:\/\/consejomagistratura.gov.ar\/#\/schema\/person\/877e8ea32c02304c323f0e52d16fea26"},"headline":"Entrega de PCs de \u00faltima generaci\u00f3n a Neuqu\u00e9n y R\u00edo Negro","datePublished":"2023-10-20T17:07:24+00:00","dateModified":"2023-10-20T17:07:26+00:00","mainEntityOfPage":{"@id":"https:\/\/consejomagistratura.gov.ar\/index.php\/2023\/10\/20\/entrega-de-pcs-de-ultima-generacion-a-neuquen-y-rio-negro\/#webpage"},"wordCount":221,"publisher":{"@id":"https:\/\/consejomagistratura.gov.ar\/#organization"},"image":{"@id":"https:\/\/consejomagistratura.gov.ar\/index.php\/2023\/10\/20\/entrega-de-pcs-de-ultima-generacion-a-neuquen-y-rio-negro\/#primaryimage"},"thumbnailUrl":"https:\/\/consejomagistratura.gov.ar\/wp-content\/uploads\/2023\/10\/WhatsApp-Image-2023-10-20-at-2.27.50-PM.jpeg","articleSection":["Informaci\u00f3n General","Institucional"],"inLanguage":"es-AR"},{"@type":"Person","@id":"https:\/\/consejomagistratura.gov.ar\/#\/schema\/person\/877e8ea32c02304c323f0e52d16fea26","name":"Florencia Galarza","image":{"@type":"ImageObject","@id":"https:\/\/consejomagistratura.gov.ar\/#personlogo","inLanguage":"es-AR","url":"https:\/\/secure.gravatar.com\/avatar\/fc2383274334e515df9e440a8db3cf23c6102d089c38c516122475544987fce3?s=96&d=mm&r=g","contentUrl":"https:\/\/secure.gravatar.com\/avatar\/fc2383274334e515df9e440a8db3cf23c6102d089c38c516122475544987fce3?s=96&d=mm&r=g","caption":"Florencia Galarza"},"sameAs":["mburgos"],"url":"https:\/\/consejomagistratura.gov.ar\/index.php\/author\/fgalarza\/"}]}},"_links":{"self":[{"href":"https:\/\/consejomagistratura.gov.ar\/index.php\/wp-json\/wp\/v2\/posts\/44890","targetHints":{"allow":["GET"]}}],"collection":[{"href":"https:\/\/consejomagistratura.gov.ar\/index.php\/wp-json\/wp\/v2\/posts"}],"about":[{"href":"https:\/\/consejomagistratura.gov.ar\/index.php\/wp-json\/wp\/v2\/types\/post"}],"author":[{"embeddable":true,"href":"https:\/\/consejomagistratura.gov.ar\/index.php\/wp-json\/wp\/v2\/users\/12"}],"replies":[{"embeddable":true,"href":"https:\/\/consejomagistratura.gov.ar\/index.php\/wp-json\/wp\/v2\/comments?post=44890"}],"version-history":[{"count":1,"href":"https:\/\/consejomagistratura.gov.ar\/index.php\/wp-json\/wp\/v2\/posts\/44890\/revisions"}],"predecessor-version":[{"id":44894,"href":"https:\/\/consejomagistratura.gov.ar\/index.php\/wp-json\/wp\/v2\/posts\/44890\/revisions\/44894"}],"wp:featuredmedia":[{"embeddable":true,"href":"https:\/\/consejomagistratura.gov.ar\/index.php\/wp-json\/wp\/v2\/media\/44892"}],"wp:attachment":[{"href":"https:\/\/consejomagistratura.gov.ar\/index.php\/wp-json\/wp\/v2\/media?parent=44890"}],"wp:term":[{"taxonomy":"category","embeddable":true,"href":"https:\/\/consejomagistratura.gov.ar\/index.php\/wp-json\/wp\/v2\/categories?post=44890"},{"taxonomy":"post_tag","embeddable":true,"href":"https:\/\/consejomagistratura.gov.ar\/index.php\/wp-json\/wp\/v2\/tags?post=44890"}],"curies":[{"name":"wp","href":"https:\/\/api.w.org\/{rel}","templated":true}]}}