{"id":49098,"date":"2024-12-04T13:13:59","date_gmt":"2024-12-04T16:13:59","guid":{"rendered":"https:\/\/consejomagistratura.gov.ar\/?p=49098"},"modified":"2024-12-04T13:15:27","modified_gmt":"2024-12-04T16:15:27","slug":"sesionaron-seleccion-y-acusacion","status":"publish","type":"post","link":"https:\/\/consejomagistratura.gov.ar\/index.php\/2024\/12\/04\/sesionaron-seleccion-y-acusacion\/","title":{"rendered":"Sesionaron las Comisiones de Selecci\u00f3n y de Acusaci\u00f3n"},"content":{"rendered":"\n<figure class=\"wp-block-image size-large\"><img fetchpriority=\"high\" decoding=\"async\" width=\"1024\" height=\"682\" src=\"https:\/\/consejomagistratura.gov.ar\/wp-content\/uploads\/2024\/12\/WhatsApp-Image-2024-12-04-at-12.51.31-1024x682.jpeg\" alt=\"\" class=\"wp-image-49103\" srcset=\"https:\/\/consejomagistratura.gov.ar\/wp-content\/uploads\/2024\/12\/WhatsApp-Image-2024-12-04-at-12.51.31-1024x682.jpeg 1024w, https:\/\/consejomagistratura.gov.ar\/wp-content\/uploads\/2024\/12\/WhatsApp-Image-2024-12-04-at-12.51.31-300x200.jpeg 300w, https:\/\/consejomagistratura.gov.ar\/wp-content\/uploads\/2024\/12\/WhatsApp-Image-2024-12-04-at-12.51.31-768x511.jpeg 768w, https:\/\/consejomagistratura.gov.ar\/wp-content\/uploads\/2024\/12\/WhatsApp-Image-2024-12-04-at-12.51.31-1536x1023.jpeg 1536w, https:\/\/consejomagistratura.gov.ar\/wp-content\/uploads\/2024\/12\/WhatsApp-Image-2024-12-04-at-12.51.31-2048x1364.jpeg 2048w\" sizes=\"(max-width: 1024px) 100vw, 1024px\" \/><\/figure>\n\n\n\n<p>Durante la ma\u00f1ana de hoy -4 de diciembre de 2024- tuvieron lugar las reuniones de las Comisiones de Selecci\u00f3n de Magistrados y Escuela Judicial y de Acusaci\u00f3n. A su t\u00e9rmino se realiz\u00f3 una reuni\u00f3n de asesores de la Comisi\u00f3n de Administraci\u00f3n y Financiera.<\/p>\n\n\n\n<p>La jornada comenz\u00f3 con la sesi\u00f3n de la Comisi\u00f3n de Selecci\u00f3n, presidida por.Mar\u00eda Fernanda V\u00e1zquez, con la asistencia de la Secretaria Ingrid Jorgensen. Participaron del encuentro los\/as consejeros\/as Sebasti\u00e1n Amerio, Diego Barroetave\u00f1a, Agustina D\u00edaz Cordero, Hugo Galderisi, Jimena De La Torre, Alberto Lugones, Miguel Piedecasas, Alejandra Prov\u00edtola, Roxana Reyes, Vanesa Siley y Guillermo Tamarit.<\/p>\n\n\n\n<p>En ese marco, la Comisi\u00f3n abord\u00f3 los procesos de selecci\u00f3n judicial. La presidenta destac\u00f3 durante su informe la notable cantidad de inscriptos en varios concursos recientemente convocados. Se refiri\u00f3 puntualmente al concurso 490 para del Juzgado Federal de Primera Instancia N\u00b01 de C\u00f3rdoba con 190 inscriptos; para el concurso 514 correspondiente del Juzgado Federal de Primera Instancia de Villa Mar\u00eda, con 180 inscriptos; para el concurso 515 de la C\u00e1mara Nacional de Casaci\u00f3n en lo Criminal y Correccional de la Capital, Sala Tercera, 119 inscriptos; para el concurso 516 del Tribunal Oral en lo Criminal Federal N\u00b03 de C\u00f3rdoba, un cargo, con 191 inscriptos; y para el concurso 517 del Juzgado Federal de Primera Instancia de San Francisco, provincia de C\u00f3rdoba, 158 inscriptos. Se anticip\u00f3 que los concursos de C\u00f3rdoba se realizar\u00e1n en el mes de febrero, esperando una muy importante concurrencia.<\/p>\n\n\n\n<figure class=\"wp-block-image size-large\"><img decoding=\"async\" width=\"1024\" height=\"682\" src=\"https:\/\/consejomagistratura.gov.ar\/wp-content\/uploads\/2024\/12\/WhatsApp-Image-2024-12-04-at-12.51.31-2-1024x682.jpeg\" alt=\"\" class=\"wp-image-49101\" srcset=\"https:\/\/consejomagistratura.gov.ar\/wp-content\/uploads\/2024\/12\/WhatsApp-Image-2024-12-04-at-12.51.31-2-1024x682.jpeg 1024w, https:\/\/consejomagistratura.gov.ar\/wp-content\/uploads\/2024\/12\/WhatsApp-Image-2024-12-04-at-12.51.31-2-300x200.jpeg 300w, https:\/\/consejomagistratura.gov.ar\/wp-content\/uploads\/2024\/12\/WhatsApp-Image-2024-12-04-at-12.51.31-2-768x511.jpeg 768w, https:\/\/consejomagistratura.gov.ar\/wp-content\/uploads\/2024\/12\/WhatsApp-Image-2024-12-04-at-12.51.31-2-1536x1023.jpeg 1536w, https:\/\/consejomagistratura.gov.ar\/wp-content\/uploads\/2024\/12\/WhatsApp-Image-2024-12-04-at-12.51.31-2-2048x1364.jpeg 2048w\" sizes=\"(max-width: 1024px) 100vw, 1024px\" \/><\/figure>\n\n\n\n<p>La reuni\u00f3n comprendi\u00f3 la revisi\u00f3n del acta de la sesi\u00f3n anterior, el an\u00e1lisis de vacantes en juzgados nacionales, informes de impugnaciones en concursos en curso, propuestas de integraci\u00f3n de ternas para distintos concursos en tr\u00e1mite y la evaluaci\u00f3n de pr\u00f3rrogas para concursos anticipados, entre otros temas.<\/p>\n\n\n\n<figure class=\"wp-block-image size-large\"><img decoding=\"async\" width=\"1024\" height=\"682\" src=\"https:\/\/consejomagistratura.gov.ar\/wp-content\/uploads\/2024\/12\/WhatsApp-Image-2024-12-04-at-12.51.31-1-1024x682.jpeg\" alt=\"\" class=\"wp-image-49102\" srcset=\"https:\/\/consejomagistratura.gov.ar\/wp-content\/uploads\/2024\/12\/WhatsApp-Image-2024-12-04-at-12.51.31-1-1024x682.jpeg 1024w, https:\/\/consejomagistratura.gov.ar\/wp-content\/uploads\/2024\/12\/WhatsApp-Image-2024-12-04-at-12.51.31-1-300x200.jpeg 300w, https:\/\/consejomagistratura.gov.ar\/wp-content\/uploads\/2024\/12\/WhatsApp-Image-2024-12-04-at-12.51.31-1-768x511.jpeg 768w, https:\/\/consejomagistratura.gov.ar\/wp-content\/uploads\/2024\/12\/WhatsApp-Image-2024-12-04-at-12.51.31-1-1536x1023.jpeg 1536w, https:\/\/consejomagistratura.gov.ar\/wp-content\/uploads\/2024\/12\/WhatsApp-Image-2024-12-04-at-12.51.31-1-2048x1364.jpeg 2048w\" sizes=\"(max-width: 1024px) 100vw, 1024px\" \/><\/figure>\n\n\n\n<p>Durante la sesi\u00f3n, los consejeros rindieron homenaje al Dr. Rafael Barreiro, exjuez de la C\u00e1mara Comercial, reconociendo su trayectoria profesional, que puede resumirse en las palabras de la consejera Alejandra Prov\u00edtola, quien manifest\u00f3 que \u201cadem\u00e1s de ser un excelente profesional y haber dado toda su vida por nuestra querida justicia, ha contado con el cari\u00f1o y con la amistad de muchos de nosotros\u201d.<\/p>\n\n\n\n<figure class=\"wp-block-image size-large\"><img loading=\"lazy\" decoding=\"async\" width=\"1024\" height=\"682\" src=\"https:\/\/consejomagistratura.gov.ar\/wp-content\/uploads\/2024\/12\/WhatsApp-Image-2024-12-04-at-13.02.17-1024x682.jpeg\" alt=\"\" class=\"wp-image-49105\" srcset=\"https:\/\/consejomagistratura.gov.ar\/wp-content\/uploads\/2024\/12\/WhatsApp-Image-2024-12-04-at-13.02.17-1024x682.jpeg 1024w, https:\/\/consejomagistratura.gov.ar\/wp-content\/uploads\/2024\/12\/WhatsApp-Image-2024-12-04-at-13.02.17-300x200.jpeg 300w, https:\/\/consejomagistratura.gov.ar\/wp-content\/uploads\/2024\/12\/WhatsApp-Image-2024-12-04-at-13.02.17-768x511.jpeg 768w, https:\/\/consejomagistratura.gov.ar\/wp-content\/uploads\/2024\/12\/WhatsApp-Image-2024-12-04-at-13.02.17-1536x1023.jpeg 1536w, https:\/\/consejomagistratura.gov.ar\/wp-content\/uploads\/2024\/12\/WhatsApp-Image-2024-12-04-at-13.02.17-2048x1364.jpeg 2048w\" sizes=\"(max-width: 1024px) 100vw, 1024px\" \/><\/figure>\n\n\n\n<p>A su t\u00e9rmino, la Comisi\u00f3n de Acusaci\u00f3n presidida por Miguel A. Piedecasas, con la asistencia del secretario Andr\u00e9s Leandro Garc\u00eda, se dedic\u00f3 a la revisi\u00f3n de expedientes en tr\u00e1mite, coordinaci\u00f3n de audiencias testimoniales y tratamiento de medidas de prueba en causas en curso.<\/p>\n\n\n\n<p>Participaron de la sesi\u00f3n los\/as consejeros\/as \u00c1lvaro Gonz\u00e1lez, Roxana Reyes, Vanesa Siley, Rodolfo Tailhade, y Mar\u00eda Fernanda V\u00e1zquez<\/p>\n\n\n\n<figure class=\"wp-block-image size-large\"><img loading=\"lazy\" decoding=\"async\" width=\"1024\" height=\"682\" src=\"https:\/\/consejomagistratura.gov.ar\/wp-content\/uploads\/2024\/12\/WhatsApp-Image-2024-12-04-at-13.02.17-1-1024x682.jpeg\" alt=\"\" class=\"wp-image-49104\" srcset=\"https:\/\/consejomagistratura.gov.ar\/wp-content\/uploads\/2024\/12\/WhatsApp-Image-2024-12-04-at-13.02.17-1-1024x682.jpeg 1024w, https:\/\/consejomagistratura.gov.ar\/wp-content\/uploads\/2024\/12\/WhatsApp-Image-2024-12-04-at-13.02.17-1-300x200.jpeg 300w, https:\/\/consejomagistratura.gov.ar\/wp-content\/uploads\/2024\/12\/WhatsApp-Image-2024-12-04-at-13.02.17-1-768x511.jpeg 768w, https:\/\/consejomagistratura.gov.ar\/wp-content\/uploads\/2024\/12\/WhatsApp-Image-2024-12-04-at-13.02.17-1-1536x1023.jpeg 1536w, https:\/\/consejomagistratura.gov.ar\/wp-content\/uploads\/2024\/12\/WhatsApp-Image-2024-12-04-at-13.02.17-1-2048x1364.jpeg 2048w\" sizes=\"(max-width: 1024px) 100vw, 1024px\" \/><\/figure>\n\n\n\n<p>Un punto de inter\u00e9s adicional fue la comunicaci\u00f3n sobre la \u00faltima prueba de oposici\u00f3n del a\u00f1o, programada para el 19 de diciembre en la C\u00e1mara Nacional de Casaci\u00f3n Criminal y Correccional, que representar\u00e1 la prueba n\u00famero veinticuatro del periodo.<\/p>\n\n\n\n<p>Las sesiones se desarrollaron en modalidad mixta, combinando participaci\u00f3n presencial y virtual, reafirmando el compromiso institucional con la transparencia y modernizaci\u00f3n del sistema de justicia.<\/p>\n\n\n\n<p><\/p>\n\n\n\n<p><strong>Reuni\u00f3n de Asesores de la Comisi\u00f3n de Administraci\u00f3n y Financiera<\/strong><\/p>\n\n\n\n<figure class=\"wp-block-image size-large\"><img loading=\"lazy\" decoding=\"async\" width=\"1024\" height=\"768\" src=\"https:\/\/consejomagistratura.gov.ar\/wp-content\/uploads\/2024\/12\/WhatsApp-Image-2024-12-04-at-12.36.48-1024x768.jpeg\" alt=\"\" class=\"wp-image-49100\" srcset=\"https:\/\/consejomagistratura.gov.ar\/wp-content\/uploads\/2024\/12\/WhatsApp-Image-2024-12-04-at-12.36.48-1024x768.jpeg 1024w, https:\/\/consejomagistratura.gov.ar\/wp-content\/uploads\/2024\/12\/WhatsApp-Image-2024-12-04-at-12.36.48-300x225.jpeg 300w, https:\/\/consejomagistratura.gov.ar\/wp-content\/uploads\/2024\/12\/WhatsApp-Image-2024-12-04-at-12.36.48-768x576.jpeg 768w, https:\/\/consejomagistratura.gov.ar\/wp-content\/uploads\/2024\/12\/WhatsApp-Image-2024-12-04-at-12.36.48.jpeg 1280w\" sizes=\"(max-width: 1024px) 100vw, 1024px\" \/><\/figure>\n\n\n\n<p>Al concluir las sesiones, la Comisi\u00f3n de Administraci\u00f3n Financiera llev\u00f3 a cabo una reuni\u00f3n de asesores encabezada por su secretario, Fernando \u00c1lvarez, con la participaci\u00f3n de colaboradores de las diversas vocal\u00edas. En el encuentro, se debatieron expedientes en tr\u00e1mite relacionados con vacaciones no gozadas, considerando la normativa m\u00e1s reciente aplicada por la Corte Suprema de Justicia de la Naci\u00f3n, as\u00ed como la implementaci\u00f3n del reglamento de Peritos.<\/p>\n\n\n\n<figure class=\"wp-block-embed is-type-video is-provider-youtube wp-block-embed-youtube wp-embed-aspect-4-3 wp-has-aspect-ratio\"><div class=\"wp-block-embed__wrapper\">\n<iframe title=\"Reuniones de las Comisiones de Selecci\u00f3n y de Acusaci\u00f3n 4\/12\/2024\" width=\"640\" height=\"360\" src=\"https:\/\/www.youtube.com\/embed\/9QgfmeLyPds?feature=oembed\" frameborder=\"0\" allow=\"accelerometer; autoplay; clipboard-write; encrypted-media; gyroscope; picture-in-picture; web-share\" referrerpolicy=\"strict-origin-when-cross-origin\" allowfullscreen><\/iframe>\n<\/div><\/figure>\n","protected":false},"excerpt":{"rendered":"<p>Durante la ma\u00f1ana de hoy -4 de diciembre de 2024- tuvieron lugar las reuniones de las Comisiones de Selecci\u00f3n de Magistrados y Escuela Judicial y de Acusaci\u00f3n. A su t\u00e9rmino se realiz\u00f3 una reuni\u00f3n de [&hellip;]<\/p>\n","protected":false},"author":6,"featured_media":49102,"comment_status":"closed","ping_status":"closed","sticky":false,"template":"","format":"standard","meta":{"footnotes":""},"categories":[129,24,18,4,79],"tags":[],"class_list":["post-49098","post","type-post","status-publish","format-standard","has-post-thumbnail","hentry","category-comision-de-acusacion","category-caf","category-seleccion","category-comisiones","category-transmisiones-en-vivo"],"yoast_head":"<!-- This site is optimized with the Yoast SEO Premium plugin v16.2 (Yoast SEO v17.9) - https:\/\/yoast.com\/wordpress\/plugins\/seo\/ -->\n<title>Sesionaron las Comisiones de Selecci\u00f3n y de Acusaci\u00f3n | Consejo de la Magistratura<\/title>\n<meta name=\"robots\" content=\"index, follow, max-snippet:-1, max-image-preview:large, max-video-preview:-1\" \/>\n<link rel=\"canonical\" href=\"https:\/\/consejomagistratura.gov.ar\/index.php\/2024\/12\/04\/sesionaron-seleccion-y-acusacion\/\" \/>\n<meta property=\"og:locale\" content=\"es_ES\" \/>\n<meta property=\"og:type\" content=\"article\" \/>\n<meta property=\"og:title\" content=\"Sesionaron las Comisiones de Selecci\u00f3n y de Acusaci\u00f3n | Consejo de la Magistratura\" \/>\n<meta property=\"og:description\" content=\"Durante la ma\u00f1ana de hoy -4 de diciembre de 2024- tuvieron lugar las reuniones de las Comisiones de Selecci\u00f3n de Magistrados y Escuela Judicial y de Acusaci\u00f3n. A su t\u00e9rmino se realiz\u00f3 una reuni\u00f3n de [&hellip;]\" \/>\n<meta property=\"og:url\" content=\"https:\/\/consejomagistratura.gov.ar\/index.php\/2024\/12\/04\/sesionaron-seleccion-y-acusacion\/\" \/>\n<meta property=\"og:site_name\" content=\"Consejo de la Magistratura\" \/>\n<meta property=\"article:publisher\" content=\"https:\/\/www.facebook.com\/consejomagistratura\" \/>\n<meta property=\"article:published_time\" content=\"2024-12-04T16:13:59+00:00\" \/>\n<meta property=\"article:modified_time\" content=\"2024-12-04T16:15:27+00:00\" \/>\n<meta property=\"og:image\" content=\"https:\/\/consejomagistratura.gov.ar\/wp-content\/uploads\/2024\/12\/WhatsApp-Image-2024-12-04-at-12.51.31-1-scaled.jpeg\" \/>\n\t<meta property=\"og:image:width\" content=\"2560\" \/>\n\t<meta property=\"og:image:height\" content=\"1705\" \/>\n\t<meta property=\"og:image:type\" content=\"image\/jpeg\" \/>\n<meta name=\"twitter:card\" content=\"summary_large_image\" \/>\n<meta name=\"twitter:creator\" content=\"@cmagistratura\" \/>\n<meta name=\"twitter:site\" content=\"@cmagistratura\" \/>\n<meta name=\"twitter:label1\" content=\"Escrito por\" \/>\n\t<meta name=\"twitter:data1\" content=\"hernanelman\" \/>\n\t<meta name=\"twitter:label2\" content=\"Tiempo de lectura\" \/>\n\t<meta name=\"twitter:data2\" content=\"4 minutos\" \/>\n<script type=\"application\/ld+json\" class=\"yoast-schema-graph\">{\"@context\":\"https:\/\/schema.org\",\"@graph\":[{\"@type\":\"Organization\",\"@id\":\"https:\/\/consejomagistratura.gov.ar\/#organization\",\"name\":\"Consejo de la Magistratura\",\"url\":\"https:\/\/consejomagistratura.gov.ar\/\",\"sameAs\":[\"https:\/\/www.facebook.com\/consejomagistratura\",\"https:\/\/www.instagram.com\/consejodelamagistratura\/\",\"https:\/\/www.youtube.com\/c\/consejodelamagistraturadelanacion\",\"https:\/\/es.wikipedia.org\/wiki\/Consejo_de_la_Magistratura_(Argentina)\",\"https:\/\/twitter.com\/cmagistratura\"],\"logo\":{\"@type\":\"ImageObject\",\"@id\":\"https:\/\/consejomagistratura.gov.ar\/#logo\",\"inLanguage\":\"es-AR\",\"url\":\"https:\/\/consejomagistratura.gov.ar\/wp-content\/uploads\/2021\/08\/logo_link_2_Mesa-de-trabajo-1.png\",\"contentUrl\":\"https:\/\/consejomagistratura.gov.ar\/wp-content\/uploads\/2021\/08\/logo_link_2_Mesa-de-trabajo-1.png\",\"width\":1067,\"height\":780,\"caption\":\"Consejo de la Magistratura\"},\"image\":{\"@id\":\"https:\/\/consejomagistratura.gov.ar\/#logo\"}},{\"@type\":\"WebSite\",\"@id\":\"https:\/\/consejomagistratura.gov.ar\/#website\",\"url\":\"https:\/\/consejomagistratura.gov.ar\/\",\"name\":\"Consejo de la Magistratura\",\"description\":\"\",\"publisher\":{\"@id\":\"https:\/\/consejomagistratura.gov.ar\/#organization\"},\"potentialAction\":[{\"@type\":\"SearchAction\",\"target\":{\"@type\":\"EntryPoint\",\"urlTemplate\":\"https:\/\/consejomagistratura.gov.ar\/?s={search_term_string}\"},\"query-input\":\"required name=search_term_string\"}],\"inLanguage\":\"es-AR\"},{\"@type\":\"ImageObject\",\"@id\":\"https:\/\/consejomagistratura.gov.ar\/index.php\/2024\/12\/04\/sesionaron-seleccion-y-acusacion\/#primaryimage\",\"inLanguage\":\"es-AR\",\"url\":\"https:\/\/consejomagistratura.gov.ar\/wp-content\/uploads\/2024\/12\/WhatsApp-Image-2024-12-04-at-12.51.31-1-scaled.jpeg\",\"contentUrl\":\"https:\/\/consejomagistratura.gov.ar\/wp-content\/uploads\/2024\/12\/WhatsApp-Image-2024-12-04-at-12.51.31-1-scaled.jpeg\",\"width\":2560,\"height\":1705},{\"@type\":\"WebPage\",\"@id\":\"https:\/\/consejomagistratura.gov.ar\/index.php\/2024\/12\/04\/sesionaron-seleccion-y-acusacion\/#webpage\",\"url\":\"https:\/\/consejomagistratura.gov.ar\/index.php\/2024\/12\/04\/sesionaron-seleccion-y-acusacion\/\",\"name\":\"Sesionaron las Comisiones de Selecci\\u00f3n y de Acusaci\\u00f3n | Consejo de la Magistratura\",\"isPartOf\":{\"@id\":\"https:\/\/consejomagistratura.gov.ar\/#website\"},\"primaryImageOfPage\":{\"@id\":\"https:\/\/consejomagistratura.gov.ar\/index.php\/2024\/12\/04\/sesionaron-seleccion-y-acusacion\/#primaryimage\"},\"datePublished\":\"2024-12-04T16:13:59+00:00\",\"dateModified\":\"2024-12-04T16:15:27+00:00\",\"breadcrumb\":{\"@id\":\"https:\/\/consejomagistratura.gov.ar\/index.php\/2024\/12\/04\/sesionaron-seleccion-y-acusacion\/#breadcrumb\"},\"inLanguage\":\"es-AR\",\"potentialAction\":[{\"@type\":\"ReadAction\",\"target\":[\"https:\/\/consejomagistratura.gov.ar\/index.php\/2024\/12\/04\/sesionaron-seleccion-y-acusacion\/\"]}]},{\"@type\":\"BreadcrumbList\",\"@id\":\"https:\/\/consejomagistratura.gov.ar\/index.php\/2024\/12\/04\/sesionaron-seleccion-y-acusacion\/#breadcrumb\",\"itemListElement\":[{\"@type\":\"ListItem\",\"position\":1,\"name\":\"Inicio\",\"item\":\"https:\/\/consejomagistratura.gov.ar\/\"},{\"@type\":\"ListItem\",\"position\":2,\"name\":\"Sesionaron las Comisiones de Selecci\\u00f3n y de Acusaci\\u00f3n\"}]},{\"@type\":\"Article\",\"@id\":\"https:\/\/consejomagistratura.gov.ar\/index.php\/2024\/12\/04\/sesionaron-seleccion-y-acusacion\/#article\",\"isPartOf\":{\"@id\":\"https:\/\/consejomagistratura.gov.ar\/index.php\/2024\/12\/04\/sesionaron-seleccion-y-acusacion\/#webpage\"},\"author\":{\"@id\":\"https:\/\/consejomagistratura.gov.ar\/#\/schema\/person\/4da57063f408a85d886d958badf8f6df\"},\"headline\":\"Sesionaron las Comisiones de Selecci\\u00f3n y de Acusaci\\u00f3n\",\"datePublished\":\"2024-12-04T16:13:59+00:00\",\"dateModified\":\"2024-12-04T16:15:27+00:00\",\"mainEntityOfPage\":{\"@id\":\"https:\/\/consejomagistratura.gov.ar\/index.php\/2024\/12\/04\/sesionaron-seleccion-y-acusacion\/#webpage\"},\"wordCount\":633,\"publisher\":{\"@id\":\"https:\/\/consejomagistratura.gov.ar\/#organization\"},\"image\":{\"@id\":\"https:\/\/consejomagistratura.gov.ar\/index.php\/2024\/12\/04\/sesionaron-seleccion-y-acusacion\/#primaryimage\"},\"thumbnailUrl\":\"https:\/\/consejomagistratura.gov.ar\/wp-content\/uploads\/2024\/12\/WhatsApp-Image-2024-12-04-at-12.51.31-1-scaled.jpeg\",\"articleSection\":[\"Comisi\\u00f3n de Acusaci\\u00f3n\",\"Comisi\\u00f3n de Administraci\\u00f3n y Financiera\",\"Comisi\\u00f3n de Selecci\\u00f3n de Magistrados y Escuela Judicial\",\"Comisiones\",\"Transmisiones en Vivo\"],\"inLanguage\":\"es-AR\"},{\"@type\":\"Person\",\"@id\":\"https:\/\/consejomagistratura.gov.ar\/#\/schema\/person\/4da57063f408a85d886d958badf8f6df\",\"name\":\"hernanelman\",\"image\":{\"@type\":\"ImageObject\",\"@id\":\"https:\/\/consejomagistratura.gov.ar\/#personlogo\",\"inLanguage\":\"es-AR\",\"url\":\"https:\/\/secure.gravatar.com\/avatar\/cb37cc646e6a84fe6e78061c6d9d5fb02a35404aaf0d46840fd3257e6c0131f2?s=96&d=mm&r=g\",\"contentUrl\":\"https:\/\/secure.gravatar.com\/avatar\/cb37cc646e6a84fe6e78061c6d9d5fb02a35404aaf0d46840fd3257e6c0131f2?s=96&d=mm&r=g\",\"caption\":\"hernanelman\"},\"url\":\"https:\/\/consejomagistratura.gov.ar\/index.php\/author\/hernanelman\/\"}]}<\/script>\n<!-- \/ Yoast SEO Premium plugin. -->","yoast_head_json":{"title":"Sesionaron las Comisiones de Selecci\u00f3n y de Acusaci\u00f3n | Consejo de la Magistratura","robots":{"index":"index","follow":"follow","max-snippet":"max-snippet:-1","max-image-preview":"max-image-preview:large","max-video-preview":"max-video-preview:-1"},"canonical":"https:\/\/consejomagistratura.gov.ar\/index.php\/2024\/12\/04\/sesionaron-seleccion-y-acusacion\/","og_locale":"es_ES","og_type":"article","og_title":"Sesionaron las Comisiones de Selecci\u00f3n y de Acusaci\u00f3n | Consejo de la Magistratura","og_description":"Durante la ma\u00f1ana de hoy -4 de diciembre de 2024- tuvieron lugar las reuniones de las Comisiones de Selecci\u00f3n de Magistrados y Escuela Judicial y de Acusaci\u00f3n. A su t\u00e9rmino se realiz\u00f3 una reuni\u00f3n de [&hellip;]","og_url":"https:\/\/consejomagistratura.gov.ar\/index.php\/2024\/12\/04\/sesionaron-seleccion-y-acusacion\/","og_site_name":"Consejo de la Magistratura","article_publisher":"https:\/\/www.facebook.com\/consejomagistratura","article_published_time":"2024-12-04T16:13:59+00:00","article_modified_time":"2024-12-04T16:15:27+00:00","og_image":[{"width":2560,"height":1705,"url":"https:\/\/consejomagistratura.gov.ar\/wp-content\/uploads\/2024\/12\/WhatsApp-Image-2024-12-04-at-12.51.31-1-scaled.jpeg","type":"image\/jpeg"}],"twitter_card":"summary_large_image","twitter_creator":"@cmagistratura","twitter_site":"@cmagistratura","twitter_misc":{"Escrito por":"hernanelman","Tiempo de lectura":"4 minutos"},"schema":{"@context":"https:\/\/schema.org","@graph":[{"@type":"Organization","@id":"https:\/\/consejomagistratura.gov.ar\/#organization","name":"Consejo de la Magistratura","url":"https:\/\/consejomagistratura.gov.ar\/","sameAs":["https:\/\/www.facebook.com\/consejomagistratura","https:\/\/www.instagram.com\/consejodelamagistratura\/","https:\/\/www.youtube.com\/c\/consejodelamagistraturadelanacion","https:\/\/es.wikipedia.org\/wiki\/Consejo_de_la_Magistratura_(Argentina)","https:\/\/twitter.com\/cmagistratura"],"logo":{"@type":"ImageObject","@id":"https:\/\/consejomagistratura.gov.ar\/#logo","inLanguage":"es-AR","url":"https:\/\/consejomagistratura.gov.ar\/wp-content\/uploads\/2021\/08\/logo_link_2_Mesa-de-trabajo-1.png","contentUrl":"https:\/\/consejomagistratura.gov.ar\/wp-content\/uploads\/2021\/08\/logo_link_2_Mesa-de-trabajo-1.png","width":1067,"height":780,"caption":"Consejo de la Magistratura"},"image":{"@id":"https:\/\/consejomagistratura.gov.ar\/#logo"}},{"@type":"WebSite","@id":"https:\/\/consejomagistratura.gov.ar\/#website","url":"https:\/\/consejomagistratura.gov.ar\/","name":"Consejo de la Magistratura","description":"","publisher":{"@id":"https:\/\/consejomagistratura.gov.ar\/#organization"},"potentialAction":[{"@type":"SearchAction","target":{"@type":"EntryPoint","urlTemplate":"https:\/\/consejomagistratura.gov.ar\/?s={search_term_string}"},"query-input":"required name=search_term_string"}],"inLanguage":"es-AR"},{"@type":"ImageObject","@id":"https:\/\/consejomagistratura.gov.ar\/index.php\/2024\/12\/04\/sesionaron-seleccion-y-acusacion\/#primaryimage","inLanguage":"es-AR","url":"https:\/\/consejomagistratura.gov.ar\/wp-content\/uploads\/2024\/12\/WhatsApp-Image-2024-12-04-at-12.51.31-1-scaled.jpeg","contentUrl":"https:\/\/consejomagistratura.gov.ar\/wp-content\/uploads\/2024\/12\/WhatsApp-Image-2024-12-04-at-12.51.31-1-scaled.jpeg","width":2560,"height":1705},{"@type":"WebPage","@id":"https:\/\/consejomagistratura.gov.ar\/index.php\/2024\/12\/04\/sesionaron-seleccion-y-acusacion\/#webpage","url":"https:\/\/consejomagistratura.gov.ar\/index.php\/2024\/12\/04\/sesionaron-seleccion-y-acusacion\/","name":"Sesionaron las Comisiones de Selecci\u00f3n y de Acusaci\u00f3n | Consejo de la Magistratura","isPartOf":{"@id":"https:\/\/consejomagistratura.gov.ar\/#website"},"primaryImageOfPage":{"@id":"https:\/\/consejomagistratura.gov.ar\/index.php\/2024\/12\/04\/sesionaron-seleccion-y-acusacion\/#primaryimage"},"datePublished":"2024-12-04T16:13:59+00:00","dateModified":"2024-12-04T16:15:27+00:00","breadcrumb":{"@id":"https:\/\/consejomagistratura.gov.ar\/index.php\/2024\/12\/04\/sesionaron-seleccion-y-acusacion\/#breadcrumb"},"inLanguage":"es-AR","potentialAction":[{"@type":"ReadAction","target":["https:\/\/consejomagistratura.gov.ar\/index.php\/2024\/12\/04\/sesionaron-seleccion-y-acusacion\/"]}]},{"@type":"BreadcrumbList","@id":"https:\/\/consejomagistratura.gov.ar\/index.php\/2024\/12\/04\/sesionaron-seleccion-y-acusacion\/#breadcrumb","itemListElement":[{"@type":"ListItem","position":1,"name":"Inicio","item":"https:\/\/consejomagistratura.gov.ar\/"},{"@type":"ListItem","position":2,"name":"Sesionaron las Comisiones de Selecci\u00f3n y de Acusaci\u00f3n"}]},{"@type":"Article","@id":"https:\/\/consejomagistratura.gov.ar\/index.php\/2024\/12\/04\/sesionaron-seleccion-y-acusacion\/#article","isPartOf":{"@id":"https:\/\/consejomagistratura.gov.ar\/index.php\/2024\/12\/04\/sesionaron-seleccion-y-acusacion\/#webpage"},"author":{"@id":"https:\/\/consejomagistratura.gov.ar\/#\/schema\/person\/4da57063f408a85d886d958badf8f6df"},"headline":"Sesionaron las Comisiones de Selecci\u00f3n y de Acusaci\u00f3n","datePublished":"2024-12-04T16:13:59+00:00","dateModified":"2024-12-04T16:15:27+00:00","mainEntityOfPage":{"@id":"https:\/\/consejomagistratura.gov.ar\/index.php\/2024\/12\/04\/sesionaron-seleccion-y-acusacion\/#webpage"},"wordCount":633,"publisher":{"@id":"https:\/\/consejomagistratura.gov.ar\/#organization"},"image":{"@id":"https:\/\/consejomagistratura.gov.ar\/index.php\/2024\/12\/04\/sesionaron-seleccion-y-acusacion\/#primaryimage"},"thumbnailUrl":"https:\/\/consejomagistratura.gov.ar\/wp-content\/uploads\/2024\/12\/WhatsApp-Image-2024-12-04-at-12.51.31-1-scaled.jpeg","articleSection":["Comisi\u00f3n de Acusaci\u00f3n","Comisi\u00f3n de Administraci\u00f3n y Financiera","Comisi\u00f3n de Selecci\u00f3n de Magistrados y Escuela Judicial","Comisiones","Transmisiones en Vivo"],"inLanguage":"es-AR"},{"@type":"Person","@id":"https:\/\/consejomagistratura.gov.ar\/#\/schema\/person\/4da57063f408a85d886d958badf8f6df","name":"hernanelman","image":{"@type":"ImageObject","@id":"https:\/\/consejomagistratura.gov.ar\/#personlogo","inLanguage":"es-AR","url":"https:\/\/secure.gravatar.com\/avatar\/cb37cc646e6a84fe6e78061c6d9d5fb02a35404aaf0d46840fd3257e6c0131f2?s=96&d=mm&r=g","contentUrl":"https:\/\/secure.gravatar.com\/avatar\/cb37cc646e6a84fe6e78061c6d9d5fb02a35404aaf0d46840fd3257e6c0131f2?s=96&d=mm&r=g","caption":"hernanelman"},"url":"https:\/\/consejomagistratura.gov.ar\/index.php\/author\/hernanelman\/"}]}},"_links":{"self":[{"href":"https:\/\/consejomagistratura.gov.ar\/index.php\/wp-json\/wp\/v2\/posts\/49098","targetHints":{"allow":["GET"]}}],"collection":[{"href":"https:\/\/consejomagistratura.gov.ar\/index.php\/wp-json\/wp\/v2\/posts"}],"about":[{"href":"https:\/\/consejomagistratura.gov.ar\/index.php\/wp-json\/wp\/v2\/types\/post"}],"author":[{"embeddable":true,"href":"https:\/\/consejomagistratura.gov.ar\/index.php\/wp-json\/wp\/v2\/users\/6"}],"replies":[{"embeddable":true,"href":"https:\/\/consejomagistratura.gov.ar\/index.php\/wp-json\/wp\/v2\/comments?post=49098"}],"version-history":[{"count":2,"href":"https:\/\/consejomagistratura.gov.ar\/index.php\/wp-json\/wp\/v2\/posts\/49098\/revisions"}],"predecessor-version":[{"id":49107,"href":"https:\/\/consejomagistratura.gov.ar\/index.php\/wp-json\/wp\/v2\/posts\/49098\/revisions\/49107"}],"wp:featuredmedia":[{"embeddable":true,"href":"https:\/\/consejomagistratura.gov.ar\/index.php\/wp-json\/wp\/v2\/media\/49102"}],"wp:attachment":[{"href":"https:\/\/consejomagistratura.gov.ar\/index.php\/wp-json\/wp\/v2\/media?parent=49098"}],"wp:term":[{"taxonomy":"category","embeddable":true,"href":"https:\/\/consejomagistratura.gov.ar\/index.php\/wp-json\/wp\/v2\/categories?post=49098"},{"taxonomy":"post_tag","embeddable":true,"href":"https:\/\/consejomagistratura.gov.ar\/index.php\/wp-json\/wp\/v2\/tags?post=49098"}],"curies":[{"name":"wp","href":"https:\/\/api.w.org\/{rel}","templated":true}]}}