{"id":49534,"date":"2025-03-11T19:47:17","date_gmt":"2025-03-11T22:47:17","guid":{"rendered":"https:\/\/consejomagistratura.gov.ar\/?p=49534"},"modified":"2025-03-11T19:47:56","modified_gmt":"2025-03-11T22:47:56","slug":"inicio-del-sistema-acusatorio-en-el-juzgado-federal-de-reconquista","status":"publish","type":"post","link":"https:\/\/consejomagistratura.gov.ar\/index.php\/2025\/03\/11\/inicio-del-sistema-acusatorio-en-el-juzgado-federal-de-reconquista\/","title":{"rendered":"Inicio del sistema acusatorio en el Juzgado Federal de Reconquista"},"content":{"rendered":"\n<figure class=\"wp-block-image size-full\"><img fetchpriority=\"high\" decoding=\"async\" width=\"900\" height=\"892\" src=\"https:\/\/consejomagistratura.gov.ar\/wp-content\/uploads\/2025\/03\/WhatsApp-Image-2025-03-11-at-19.34.52.jpeg\" alt=\"\" class=\"wp-image-49536\" srcset=\"https:\/\/consejomagistratura.gov.ar\/wp-content\/uploads\/2025\/03\/WhatsApp-Image-2025-03-11-at-19.34.52.jpeg 900w, https:\/\/consejomagistratura.gov.ar\/wp-content\/uploads\/2025\/03\/WhatsApp-Image-2025-03-11-at-19.34.52-300x297.jpeg 300w, https:\/\/consejomagistratura.gov.ar\/wp-content\/uploads\/2025\/03\/WhatsApp-Image-2025-03-11-at-19.34.52-150x150.jpeg 150w, https:\/\/consejomagistratura.gov.ar\/wp-content\/uploads\/2025\/03\/WhatsApp-Image-2025-03-11-at-19.34.52-768x761.jpeg 768w\" sizes=\"(max-width: 900px) 100vw, 900px\" \/><\/figure>\n\n\n\n<p>El pasado del 1 de marzo de 2025, y conforme la Resoluci\u00f3n N\u00ba 277\/24 del Ministerio de Justicia de la Naci\u00f3n, entr\u00f3 en vigencia del C\u00f3digo Procesal Penal Federal (T.O. 2019) en el \u00e1mbito territorial del Juzgado Federal de Reconquista, Provincia de Santa Fe, a cargo del Dr. Aldo Mario Alurralde.<\/p>\n\n\n\n<figure class=\"wp-block-gallery has-nested-images columns-default is-cropped wp-block-gallery-1 is-layout-flex wp-block-gallery-is-layout-flex\">\n<figure class=\"wp-block-image size-large\"><img decoding=\"async\" width=\"900\" height=\"1600\" data-id=\"49537\" src=\"https:\/\/consejomagistratura.gov.ar\/wp-content\/uploads\/2025\/03\/WhatsApp-Image-2025-03-11-at-19.30.13-1.jpeg\" alt=\"\" class=\"wp-image-49537\" srcset=\"https:\/\/consejomagistratura.gov.ar\/wp-content\/uploads\/2025\/03\/WhatsApp-Image-2025-03-11-at-19.30.13-1.jpeg 900w, https:\/\/consejomagistratura.gov.ar\/wp-content\/uploads\/2025\/03\/WhatsApp-Image-2025-03-11-at-19.30.13-1-169x300.jpeg 169w, https:\/\/consejomagistratura.gov.ar\/wp-content\/uploads\/2025\/03\/WhatsApp-Image-2025-03-11-at-19.30.13-1-576x1024.jpeg 576w, https:\/\/consejomagistratura.gov.ar\/wp-content\/uploads\/2025\/03\/WhatsApp-Image-2025-03-11-at-19.30.13-1-768x1365.jpeg 768w, https:\/\/consejomagistratura.gov.ar\/wp-content\/uploads\/2025\/03\/WhatsApp-Image-2025-03-11-at-19.30.13-1-864x1536.jpeg 864w\" sizes=\"(max-width: 900px) 100vw, 900px\" \/><\/figure>\n\n\n\n<figure class=\"wp-block-image size-large\"><img decoding=\"async\" width=\"900\" height=\"1600\" data-id=\"49538\" src=\"https:\/\/consejomagistratura.gov.ar\/wp-content\/uploads\/2025\/03\/WhatsApp-Image-2025-03-11-at-19.30.13.jpeg\" alt=\"\" class=\"wp-image-49538\" srcset=\"https:\/\/consejomagistratura.gov.ar\/wp-content\/uploads\/2025\/03\/WhatsApp-Image-2025-03-11-at-19.30.13.jpeg 900w, https:\/\/consejomagistratura.gov.ar\/wp-content\/uploads\/2025\/03\/WhatsApp-Image-2025-03-11-at-19.30.13-169x300.jpeg 169w, https:\/\/consejomagistratura.gov.ar\/wp-content\/uploads\/2025\/03\/WhatsApp-Image-2025-03-11-at-19.30.13-576x1024.jpeg 576w, https:\/\/consejomagistratura.gov.ar\/wp-content\/uploads\/2025\/03\/WhatsApp-Image-2025-03-11-at-19.30.13-768x1365.jpeg 768w, https:\/\/consejomagistratura.gov.ar\/wp-content\/uploads\/2025\/03\/WhatsApp-Image-2025-03-11-at-19.30.13-864x1536.jpeg 864w\" sizes=\"(max-width: 900px) 100vw, 900px\" \/><\/figure>\n<\/figure>\n\n\n\n<p><br>La implementaci\u00f3n fue un trabajo conjunto entre el Consejo de la Magistratura de la Naci\u00f3n y el Ministerio de Justicia de la Naci\u00f3n, que financi\u00f3 el equipamiento tecnol\u00f3gico para la sala de audiencia del tribunal.<\/p>\n\n\n\n<figure class=\"wp-block-gallery has-nested-images columns-default is-cropped wp-block-gallery-2 is-layout-flex wp-block-gallery-is-layout-flex\">\n<figure class=\"wp-block-image size-large\"><img loading=\"lazy\" decoding=\"async\" width=\"900\" height=\"1600\" data-id=\"49539\" src=\"https:\/\/consejomagistratura.gov.ar\/wp-content\/uploads\/2025\/03\/WhatsApp-Image-2025-03-11-at-19.30.14-1.jpeg\" alt=\"\" class=\"wp-image-49539\" srcset=\"https:\/\/consejomagistratura.gov.ar\/wp-content\/uploads\/2025\/03\/WhatsApp-Image-2025-03-11-at-19.30.14-1.jpeg 900w, https:\/\/consejomagistratura.gov.ar\/wp-content\/uploads\/2025\/03\/WhatsApp-Image-2025-03-11-at-19.30.14-1-169x300.jpeg 169w, https:\/\/consejomagistratura.gov.ar\/wp-content\/uploads\/2025\/03\/WhatsApp-Image-2025-03-11-at-19.30.14-1-576x1024.jpeg 576w, https:\/\/consejomagistratura.gov.ar\/wp-content\/uploads\/2025\/03\/WhatsApp-Image-2025-03-11-at-19.30.14-1-768x1365.jpeg 768w, https:\/\/consejomagistratura.gov.ar\/wp-content\/uploads\/2025\/03\/WhatsApp-Image-2025-03-11-at-19.30.14-1-864x1536.jpeg 864w\" sizes=\"(max-width: 900px) 100vw, 900px\" \/><\/figure>\n\n\n\n<figure class=\"wp-block-image size-large\"><img loading=\"lazy\" decoding=\"async\" width=\"900\" height=\"1600\" data-id=\"49540\" src=\"https:\/\/consejomagistratura.gov.ar\/wp-content\/uploads\/2025\/03\/WhatsApp-Image-2025-03-11-at-19.30.14.jpeg\" alt=\"\" class=\"wp-image-49540\" srcset=\"https:\/\/consejomagistratura.gov.ar\/wp-content\/uploads\/2025\/03\/WhatsApp-Image-2025-03-11-at-19.30.14.jpeg 900w, https:\/\/consejomagistratura.gov.ar\/wp-content\/uploads\/2025\/03\/WhatsApp-Image-2025-03-11-at-19.30.14-169x300.jpeg 169w, https:\/\/consejomagistratura.gov.ar\/wp-content\/uploads\/2025\/03\/WhatsApp-Image-2025-03-11-at-19.30.14-576x1024.jpeg 576w, https:\/\/consejomagistratura.gov.ar\/wp-content\/uploads\/2025\/03\/WhatsApp-Image-2025-03-11-at-19.30.14-768x1365.jpeg 768w, https:\/\/consejomagistratura.gov.ar\/wp-content\/uploads\/2025\/03\/WhatsApp-Image-2025-03-11-at-19.30.14-864x1536.jpeg 864w\" sizes=\"(max-width: 900px) 100vw, 900px\" \/><\/figure>\n<\/figure>\n\n\n\n<p><br>Asimismo, la implementaci\u00f3n fue supervisada por la C\u00e1mara Federal de Apelaciones de Rosario, presidida por la Dra. Silvina Andalaf, que pas\u00f3 a ser tribunal de Alzada del Juzgado Federal de Reconquista a partir de lo dispuesto por la Corte Suprema de Justicia de la Naci\u00f3n mediante resoluci\u00f3n 2185\/2024.<\/p>\n","protected":false},"excerpt":{"rendered":"<p>El pasado del 1 de marzo de 2025, y conforme la Resoluci\u00f3n N\u00ba 277\/24 del Ministerio de Justicia de la Naci\u00f3n, entr\u00f3 en vigencia del C\u00f3digo Procesal Penal Federal (T.O. 2019) en el \u00e1mbito territorial [&hellip;]<\/p>\n","protected":false},"author":6,"featured_media":49536,"comment_status":"closed","ping_status":"closed","sticky":false,"template":"","format":"standard","meta":{"footnotes":""},"categories":[3,20],"tags":[],"class_list":["post-49534","post","type-post","status-publish","format-standard","has-post-thumbnail","hentry","category-institucional","category-presidencia"],"yoast_head":"<!-- This site is optimized with the Yoast SEO Premium plugin v16.2 (Yoast SEO v17.9) - https:\/\/yoast.com\/wordpress\/plugins\/seo\/ -->\n<title>Inicio del sistema acusatorio en el Juzgado Federal de Reconquista | Consejo de la Magistratura<\/title>\n<meta name=\"robots\" content=\"index, follow, max-snippet:-1, max-image-preview:large, max-video-preview:-1\" \/>\n<link rel=\"canonical\" href=\"https:\/\/consejomagistratura.gov.ar\/index.php\/2025\/03\/11\/inicio-del-sistema-acusatorio-en-el-juzgado-federal-de-reconquista\/\" \/>\n<meta property=\"og:locale\" content=\"es_ES\" \/>\n<meta property=\"og:type\" content=\"article\" \/>\n<meta property=\"og:title\" content=\"Inicio del sistema acusatorio en el Juzgado Federal de Reconquista | Consejo de la Magistratura\" \/>\n<meta property=\"og:description\" content=\"El pasado del 1 de marzo de 2025, y conforme la Resoluci\u00f3n N\u00ba 277\/24 del Ministerio de Justicia de la Naci\u00f3n, entr\u00f3 en vigencia del C\u00f3digo Procesal Penal Federal (T.O. 2019) en el \u00e1mbito territorial [&hellip;]\" \/>\n<meta property=\"og:url\" content=\"https:\/\/consejomagistratura.gov.ar\/index.php\/2025\/03\/11\/inicio-del-sistema-acusatorio-en-el-juzgado-federal-de-reconquista\/\" \/>\n<meta property=\"og:site_name\" content=\"Consejo de la Magistratura\" \/>\n<meta property=\"article:publisher\" content=\"https:\/\/www.facebook.com\/consejomagistratura\" \/>\n<meta property=\"article:published_time\" content=\"2025-03-11T22:47:17+00:00\" \/>\n<meta property=\"article:modified_time\" content=\"2025-03-11T22:47:56+00:00\" \/>\n<meta property=\"og:image\" content=\"https:\/\/consejomagistratura.gov.ar\/wp-content\/uploads\/2025\/03\/WhatsApp-Image-2025-03-11-at-19.34.52.jpeg\" \/>\n\t<meta property=\"og:image:width\" content=\"900\" \/>\n\t<meta property=\"og:image:height\" content=\"892\" \/>\n\t<meta property=\"og:image:type\" content=\"image\/jpeg\" \/>\n<meta name=\"twitter:card\" content=\"summary_large_image\" \/>\n<meta name=\"twitter:creator\" content=\"@cmagistratura\" \/>\n<meta name=\"twitter:site\" content=\"@cmagistratura\" \/>\n<meta name=\"twitter:label1\" content=\"Escrito por\" \/>\n\t<meta name=\"twitter:data1\" content=\"hernanelman\" \/>\n\t<meta name=\"twitter:label2\" content=\"Tiempo de lectura\" \/>\n\t<meta name=\"twitter:data2\" content=\"2 minutos\" \/>\n<script type=\"application\/ld+json\" class=\"yoast-schema-graph\">{\"@context\":\"https:\/\/schema.org\",\"@graph\":[{\"@type\":\"Organization\",\"@id\":\"https:\/\/consejomagistratura.gov.ar\/#organization\",\"name\":\"Consejo de la Magistratura\",\"url\":\"https:\/\/consejomagistratura.gov.ar\/\",\"sameAs\":[\"https:\/\/www.facebook.com\/consejomagistratura\",\"https:\/\/www.instagram.com\/consejodelamagistratura\/\",\"https:\/\/www.youtube.com\/c\/consejodelamagistraturadelanacion\",\"https:\/\/es.wikipedia.org\/wiki\/Consejo_de_la_Magistratura_(Argentina)\",\"https:\/\/twitter.com\/cmagistratura\"],\"logo\":{\"@type\":\"ImageObject\",\"@id\":\"https:\/\/consejomagistratura.gov.ar\/#logo\",\"inLanguage\":\"es-AR\",\"url\":\"https:\/\/consejomagistratura.gov.ar\/wp-content\/uploads\/2021\/08\/logo_link_2_Mesa-de-trabajo-1.png\",\"contentUrl\":\"https:\/\/consejomagistratura.gov.ar\/wp-content\/uploads\/2021\/08\/logo_link_2_Mesa-de-trabajo-1.png\",\"width\":1067,\"height\":780,\"caption\":\"Consejo de la Magistratura\"},\"image\":{\"@id\":\"https:\/\/consejomagistratura.gov.ar\/#logo\"}},{\"@type\":\"WebSite\",\"@id\":\"https:\/\/consejomagistratura.gov.ar\/#website\",\"url\":\"https:\/\/consejomagistratura.gov.ar\/\",\"name\":\"Consejo de la Magistratura\",\"description\":\"\",\"publisher\":{\"@id\":\"https:\/\/consejomagistratura.gov.ar\/#organization\"},\"potentialAction\":[{\"@type\":\"SearchAction\",\"target\":{\"@type\":\"EntryPoint\",\"urlTemplate\":\"https:\/\/consejomagistratura.gov.ar\/?s={search_term_string}\"},\"query-input\":\"required name=search_term_string\"}],\"inLanguage\":\"es-AR\"},{\"@type\":\"ImageObject\",\"@id\":\"https:\/\/consejomagistratura.gov.ar\/index.php\/2025\/03\/11\/inicio-del-sistema-acusatorio-en-el-juzgado-federal-de-reconquista\/#primaryimage\",\"inLanguage\":\"es-AR\",\"url\":\"https:\/\/consejomagistratura.gov.ar\/wp-content\/uploads\/2025\/03\/WhatsApp-Image-2025-03-11-at-19.34.52.jpeg\",\"contentUrl\":\"https:\/\/consejomagistratura.gov.ar\/wp-content\/uploads\/2025\/03\/WhatsApp-Image-2025-03-11-at-19.34.52.jpeg\",\"width\":900,\"height\":892},{\"@type\":\"WebPage\",\"@id\":\"https:\/\/consejomagistratura.gov.ar\/index.php\/2025\/03\/11\/inicio-del-sistema-acusatorio-en-el-juzgado-federal-de-reconquista\/#webpage\",\"url\":\"https:\/\/consejomagistratura.gov.ar\/index.php\/2025\/03\/11\/inicio-del-sistema-acusatorio-en-el-juzgado-federal-de-reconquista\/\",\"name\":\"Inicio del sistema acusatorio en el Juzgado Federal de Reconquista | Consejo de la Magistratura\",\"isPartOf\":{\"@id\":\"https:\/\/consejomagistratura.gov.ar\/#website\"},\"primaryImageOfPage\":{\"@id\":\"https:\/\/consejomagistratura.gov.ar\/index.php\/2025\/03\/11\/inicio-del-sistema-acusatorio-en-el-juzgado-federal-de-reconquista\/#primaryimage\"},\"datePublished\":\"2025-03-11T22:47:17+00:00\",\"dateModified\":\"2025-03-11T22:47:56+00:00\",\"breadcrumb\":{\"@id\":\"https:\/\/consejomagistratura.gov.ar\/index.php\/2025\/03\/11\/inicio-del-sistema-acusatorio-en-el-juzgado-federal-de-reconquista\/#breadcrumb\"},\"inLanguage\":\"es-AR\",\"potentialAction\":[{\"@type\":\"ReadAction\",\"target\":[\"https:\/\/consejomagistratura.gov.ar\/index.php\/2025\/03\/11\/inicio-del-sistema-acusatorio-en-el-juzgado-federal-de-reconquista\/\"]}]},{\"@type\":\"BreadcrumbList\",\"@id\":\"https:\/\/consejomagistratura.gov.ar\/index.php\/2025\/03\/11\/inicio-del-sistema-acusatorio-en-el-juzgado-federal-de-reconquista\/#breadcrumb\",\"itemListElement\":[{\"@type\":\"ListItem\",\"position\":1,\"name\":\"Inicio\",\"item\":\"https:\/\/consejomagistratura.gov.ar\/\"},{\"@type\":\"ListItem\",\"position\":2,\"name\":\"Inicio del sistema acusatorio en el Juzgado Federal de Reconquista\"}]},{\"@type\":\"Article\",\"@id\":\"https:\/\/consejomagistratura.gov.ar\/index.php\/2025\/03\/11\/inicio-del-sistema-acusatorio-en-el-juzgado-federal-de-reconquista\/#article\",\"isPartOf\":{\"@id\":\"https:\/\/consejomagistratura.gov.ar\/index.php\/2025\/03\/11\/inicio-del-sistema-acusatorio-en-el-juzgado-federal-de-reconquista\/#webpage\"},\"author\":{\"@id\":\"https:\/\/consejomagistratura.gov.ar\/#\/schema\/person\/4da57063f408a85d886d958badf8f6df\"},\"headline\":\"Inicio del sistema acusatorio en el Juzgado Federal de Reconquista\",\"datePublished\":\"2025-03-11T22:47:17+00:00\",\"dateModified\":\"2025-03-11T22:47:56+00:00\",\"mainEntityOfPage\":{\"@id\":\"https:\/\/consejomagistratura.gov.ar\/index.php\/2025\/03\/11\/inicio-del-sistema-acusatorio-en-el-juzgado-federal-de-reconquista\/#webpage\"},\"wordCount\":151,\"publisher\":{\"@id\":\"https:\/\/consejomagistratura.gov.ar\/#organization\"},\"image\":{\"@id\":\"https:\/\/consejomagistratura.gov.ar\/index.php\/2025\/03\/11\/inicio-del-sistema-acusatorio-en-el-juzgado-federal-de-reconquista\/#primaryimage\"},\"thumbnailUrl\":\"https:\/\/consejomagistratura.gov.ar\/wp-content\/uploads\/2025\/03\/WhatsApp-Image-2025-03-11-at-19.34.52.jpeg\",\"articleSection\":[\"Institucional\",\"Presidencia\"],\"inLanguage\":\"es-AR\"},{\"@type\":\"Person\",\"@id\":\"https:\/\/consejomagistratura.gov.ar\/#\/schema\/person\/4da57063f408a85d886d958badf8f6df\",\"name\":\"hernanelman\",\"image\":{\"@type\":\"ImageObject\",\"@id\":\"https:\/\/consejomagistratura.gov.ar\/#personlogo\",\"inLanguage\":\"es-AR\",\"url\":\"https:\/\/secure.gravatar.com\/avatar\/cb37cc646e6a84fe6e78061c6d9d5fb02a35404aaf0d46840fd3257e6c0131f2?s=96&d=mm&r=g\",\"contentUrl\":\"https:\/\/secure.gravatar.com\/avatar\/cb37cc646e6a84fe6e78061c6d9d5fb02a35404aaf0d46840fd3257e6c0131f2?s=96&d=mm&r=g\",\"caption\":\"hernanelman\"},\"url\":\"https:\/\/consejomagistratura.gov.ar\/index.php\/author\/hernanelman\/\"}]}<\/script>\n<!-- \/ Yoast SEO Premium plugin. -->","yoast_head_json":{"title":"Inicio del sistema acusatorio en el Juzgado Federal de Reconquista | Consejo de la Magistratura","robots":{"index":"index","follow":"follow","max-snippet":"max-snippet:-1","max-image-preview":"max-image-preview:large","max-video-preview":"max-video-preview:-1"},"canonical":"https:\/\/consejomagistratura.gov.ar\/index.php\/2025\/03\/11\/inicio-del-sistema-acusatorio-en-el-juzgado-federal-de-reconquista\/","og_locale":"es_ES","og_type":"article","og_title":"Inicio del sistema acusatorio en el Juzgado Federal de Reconquista | Consejo de la Magistratura","og_description":"El pasado del 1 de marzo de 2025, y conforme la Resoluci\u00f3n N\u00ba 277\/24 del Ministerio de Justicia de la Naci\u00f3n, entr\u00f3 en vigencia del C\u00f3digo Procesal Penal Federal (T.O. 2019) en el \u00e1mbito territorial [&hellip;]","og_url":"https:\/\/consejomagistratura.gov.ar\/index.php\/2025\/03\/11\/inicio-del-sistema-acusatorio-en-el-juzgado-federal-de-reconquista\/","og_site_name":"Consejo de la Magistratura","article_publisher":"https:\/\/www.facebook.com\/consejomagistratura","article_published_time":"2025-03-11T22:47:17+00:00","article_modified_time":"2025-03-11T22:47:56+00:00","og_image":[{"width":900,"height":892,"url":"https:\/\/consejomagistratura.gov.ar\/wp-content\/uploads\/2025\/03\/WhatsApp-Image-2025-03-11-at-19.34.52.jpeg","type":"image\/jpeg"}],"twitter_card":"summary_large_image","twitter_creator":"@cmagistratura","twitter_site":"@cmagistratura","twitter_misc":{"Escrito por":"hernanelman","Tiempo de lectura":"2 minutos"},"schema":{"@context":"https:\/\/schema.org","@graph":[{"@type":"Organization","@id":"https:\/\/consejomagistratura.gov.ar\/#organization","name":"Consejo de la Magistratura","url":"https:\/\/consejomagistratura.gov.ar\/","sameAs":["https:\/\/www.facebook.com\/consejomagistratura","https:\/\/www.instagram.com\/consejodelamagistratura\/","https:\/\/www.youtube.com\/c\/consejodelamagistraturadelanacion","https:\/\/es.wikipedia.org\/wiki\/Consejo_de_la_Magistratura_(Argentina)","https:\/\/twitter.com\/cmagistratura"],"logo":{"@type":"ImageObject","@id":"https:\/\/consejomagistratura.gov.ar\/#logo","inLanguage":"es-AR","url":"https:\/\/consejomagistratura.gov.ar\/wp-content\/uploads\/2021\/08\/logo_link_2_Mesa-de-trabajo-1.png","contentUrl":"https:\/\/consejomagistratura.gov.ar\/wp-content\/uploads\/2021\/08\/logo_link_2_Mesa-de-trabajo-1.png","width":1067,"height":780,"caption":"Consejo de la Magistratura"},"image":{"@id":"https:\/\/consejomagistratura.gov.ar\/#logo"}},{"@type":"WebSite","@id":"https:\/\/consejomagistratura.gov.ar\/#website","url":"https:\/\/consejomagistratura.gov.ar\/","name":"Consejo de la Magistratura","description":"","publisher":{"@id":"https:\/\/consejomagistratura.gov.ar\/#organization"},"potentialAction":[{"@type":"SearchAction","target":{"@type":"EntryPoint","urlTemplate":"https:\/\/consejomagistratura.gov.ar\/?s={search_term_string}"},"query-input":"required name=search_term_string"}],"inLanguage":"es-AR"},{"@type":"ImageObject","@id":"https:\/\/consejomagistratura.gov.ar\/index.php\/2025\/03\/11\/inicio-del-sistema-acusatorio-en-el-juzgado-federal-de-reconquista\/#primaryimage","inLanguage":"es-AR","url":"https:\/\/consejomagistratura.gov.ar\/wp-content\/uploads\/2025\/03\/WhatsApp-Image-2025-03-11-at-19.34.52.jpeg","contentUrl":"https:\/\/consejomagistratura.gov.ar\/wp-content\/uploads\/2025\/03\/WhatsApp-Image-2025-03-11-at-19.34.52.jpeg","width":900,"height":892},{"@type":"WebPage","@id":"https:\/\/consejomagistratura.gov.ar\/index.php\/2025\/03\/11\/inicio-del-sistema-acusatorio-en-el-juzgado-federal-de-reconquista\/#webpage","url":"https:\/\/consejomagistratura.gov.ar\/index.php\/2025\/03\/11\/inicio-del-sistema-acusatorio-en-el-juzgado-federal-de-reconquista\/","name":"Inicio del sistema acusatorio en el Juzgado Federal de Reconquista | Consejo de la Magistratura","isPartOf":{"@id":"https:\/\/consejomagistratura.gov.ar\/#website"},"primaryImageOfPage":{"@id":"https:\/\/consejomagistratura.gov.ar\/index.php\/2025\/03\/11\/inicio-del-sistema-acusatorio-en-el-juzgado-federal-de-reconquista\/#primaryimage"},"datePublished":"2025-03-11T22:47:17+00:00","dateModified":"2025-03-11T22:47:56+00:00","breadcrumb":{"@id":"https:\/\/consejomagistratura.gov.ar\/index.php\/2025\/03\/11\/inicio-del-sistema-acusatorio-en-el-juzgado-federal-de-reconquista\/#breadcrumb"},"inLanguage":"es-AR","potentialAction":[{"@type":"ReadAction","target":["https:\/\/consejomagistratura.gov.ar\/index.php\/2025\/03\/11\/inicio-del-sistema-acusatorio-en-el-juzgado-federal-de-reconquista\/"]}]},{"@type":"BreadcrumbList","@id":"https:\/\/consejomagistratura.gov.ar\/index.php\/2025\/03\/11\/inicio-del-sistema-acusatorio-en-el-juzgado-federal-de-reconquista\/#breadcrumb","itemListElement":[{"@type":"ListItem","position":1,"name":"Inicio","item":"https:\/\/consejomagistratura.gov.ar\/"},{"@type":"ListItem","position":2,"name":"Inicio del sistema acusatorio en el Juzgado Federal de Reconquista"}]},{"@type":"Article","@id":"https:\/\/consejomagistratura.gov.ar\/index.php\/2025\/03\/11\/inicio-del-sistema-acusatorio-en-el-juzgado-federal-de-reconquista\/#article","isPartOf":{"@id":"https:\/\/consejomagistratura.gov.ar\/index.php\/2025\/03\/11\/inicio-del-sistema-acusatorio-en-el-juzgado-federal-de-reconquista\/#webpage"},"author":{"@id":"https:\/\/consejomagistratura.gov.ar\/#\/schema\/person\/4da57063f408a85d886d958badf8f6df"},"headline":"Inicio del sistema acusatorio en el Juzgado Federal de Reconquista","datePublished":"2025-03-11T22:47:17+00:00","dateModified":"2025-03-11T22:47:56+00:00","mainEntityOfPage":{"@id":"https:\/\/consejomagistratura.gov.ar\/index.php\/2025\/03\/11\/inicio-del-sistema-acusatorio-en-el-juzgado-federal-de-reconquista\/#webpage"},"wordCount":151,"publisher":{"@id":"https:\/\/consejomagistratura.gov.ar\/#organization"},"image":{"@id":"https:\/\/consejomagistratura.gov.ar\/index.php\/2025\/03\/11\/inicio-del-sistema-acusatorio-en-el-juzgado-federal-de-reconquista\/#primaryimage"},"thumbnailUrl":"https:\/\/consejomagistratura.gov.ar\/wp-content\/uploads\/2025\/03\/WhatsApp-Image-2025-03-11-at-19.34.52.jpeg","articleSection":["Institucional","Presidencia"],"inLanguage":"es-AR"},{"@type":"Person","@id":"https:\/\/consejomagistratura.gov.ar\/#\/schema\/person\/4da57063f408a85d886d958badf8f6df","name":"hernanelman","image":{"@type":"ImageObject","@id":"https:\/\/consejomagistratura.gov.ar\/#personlogo","inLanguage":"es-AR","url":"https:\/\/secure.gravatar.com\/avatar\/cb37cc646e6a84fe6e78061c6d9d5fb02a35404aaf0d46840fd3257e6c0131f2?s=96&d=mm&r=g","contentUrl":"https:\/\/secure.gravatar.com\/avatar\/cb37cc646e6a84fe6e78061c6d9d5fb02a35404aaf0d46840fd3257e6c0131f2?s=96&d=mm&r=g","caption":"hernanelman"},"url":"https:\/\/consejomagistratura.gov.ar\/index.php\/author\/hernanelman\/"}]}},"_links":{"self":[{"href":"https:\/\/consejomagistratura.gov.ar\/index.php\/wp-json\/wp\/v2\/posts\/49534","targetHints":{"allow":["GET"]}}],"collection":[{"href":"https:\/\/consejomagistratura.gov.ar\/index.php\/wp-json\/wp\/v2\/posts"}],"about":[{"href":"https:\/\/consejomagistratura.gov.ar\/index.php\/wp-json\/wp\/v2\/types\/post"}],"author":[{"embeddable":true,"href":"https:\/\/consejomagistratura.gov.ar\/index.php\/wp-json\/wp\/v2\/users\/6"}],"replies":[{"embeddable":true,"href":"https:\/\/consejomagistratura.gov.ar\/index.php\/wp-json\/wp\/v2\/comments?post=49534"}],"version-history":[{"count":1,"href":"https:\/\/consejomagistratura.gov.ar\/index.php\/wp-json\/wp\/v2\/posts\/49534\/revisions"}],"predecessor-version":[{"id":49541,"href":"https:\/\/consejomagistratura.gov.ar\/index.php\/wp-json\/wp\/v2\/posts\/49534\/revisions\/49541"}],"wp:featuredmedia":[{"embeddable":true,"href":"https:\/\/consejomagistratura.gov.ar\/index.php\/wp-json\/wp\/v2\/media\/49536"}],"wp:attachment":[{"href":"https:\/\/consejomagistratura.gov.ar\/index.php\/wp-json\/wp\/v2\/media?parent=49534"}],"wp:term":[{"taxonomy":"category","embeddable":true,"href":"https:\/\/consejomagistratura.gov.ar\/index.php\/wp-json\/wp\/v2\/categories?post=49534"},{"taxonomy":"post_tag","embeddable":true,"href":"https:\/\/consejomagistratura.gov.ar\/index.php\/wp-json\/wp\/v2\/tags?post=49534"}],"curies":[{"name":"wp","href":"https:\/\/api.w.org\/{rel}","templated":true}]}}