{"id":52035,"date":"2025-11-12T20:37:34","date_gmt":"2025-11-12T23:37:34","guid":{"rendered":"https:\/\/consejomagistratura.gov.ar\/?p=52035"},"modified":"2025-11-14T13:13:02","modified_gmt":"2025-11-14T16:13:02","slug":"sesionaron-las-comisiones-de-administracion-y-financiera-y-de-acusacion","status":"publish","type":"post","link":"https:\/\/consejomagistratura.gov.ar\/index.php\/2025\/11\/12\/sesionaron-las-comisiones-de-administracion-y-financiera-y-de-acusacion\/","title":{"rendered":"Sesionaron las Comisiones de Administraci\u00f3n y Financiera y de Acusaci\u00f3n"},"content":{"rendered":"\n<figure class=\"wp-block-image size-large\"><img fetchpriority=\"high\" decoding=\"async\" width=\"1024\" height=\"682\" src=\"https:\/\/consejomagistratura.gov.ar\/wp-content\/uploads\/2025\/11\/a842d250-9821-4f8f-81dc-ee75be6fe5ce-1024x682.jpg\" alt=\"\" class=\"wp-image-52036\" srcset=\"https:\/\/consejomagistratura.gov.ar\/wp-content\/uploads\/2025\/11\/a842d250-9821-4f8f-81dc-ee75be6fe5ce-1024x682.jpg 1024w, https:\/\/consejomagistratura.gov.ar\/wp-content\/uploads\/2025\/11\/a842d250-9821-4f8f-81dc-ee75be6fe5ce-300x200.jpg 300w, https:\/\/consejomagistratura.gov.ar\/wp-content\/uploads\/2025\/11\/a842d250-9821-4f8f-81dc-ee75be6fe5ce-768x512.jpg 768w, https:\/\/consejomagistratura.gov.ar\/wp-content\/uploads\/2025\/11\/a842d250-9821-4f8f-81dc-ee75be6fe5ce.jpg 1280w\" sizes=\"(max-width: 1024px) 100vw, 1024px\" \/><\/figure>\n\n\n\n<p>El Consejo de la Magistratura llev\u00f3 adelante durante la ma\u00f1ana de hoy -12 de noviembre- una intensa agenda de trabajo, de la que participaron, a lo largo de la jornada, los\/as Consejeros\/as Sebasti\u00e1n Amerio, Diego Barroetave\u00f1a, Agustina D\u00edaz Cordero, \u00c1lvaro Gonz\u00e1lez, Cesar Grau, Luis Juez, Alberto Lugones, Alberto Maques, Mar\u00eda In\u00e9s Pilatti Vergara, Alejandra Prov\u00edtola, Guillermo Tamarit, Mariano Recalde, Roxana Reyes, Rodolfo Tailhade, Vanesa Siley, Mar\u00eda Fernanda V\u00e1zquez y Eduardo Vischi.<\/p>\n\n\n\n<p>En primer t\u00e9rmino sesion\u00f3 la Comisi\u00f3n de Administraci\u00f3n y Financiera, presidida por su titular, Sebasti\u00e1n Amerio, con la asistencia del Secretario Fernando \u00c1lvarez y del Administrador General del Poder Judicial Alexis Varady.<\/p>\n\n\n\n<figure class=\"wp-block-gallery has-nested-images columns-default is-cropped wp-block-gallery-1 is-layout-flex wp-block-gallery-is-layout-flex\">\n<figure class=\"wp-block-image size-large\"><img decoding=\"async\" width=\"1024\" height=\"723\" data-id=\"52039\" src=\"https:\/\/consejomagistratura.gov.ar\/wp-content\/uploads\/2025\/11\/b1166b00-fc7a-49ce-ba3d-340b1695b498-1024x723.jpg\" alt=\"\" class=\"wp-image-52039\" srcset=\"https:\/\/consejomagistratura.gov.ar\/wp-content\/uploads\/2025\/11\/b1166b00-fc7a-49ce-ba3d-340b1695b498-1024x723.jpg 1024w, https:\/\/consejomagistratura.gov.ar\/wp-content\/uploads\/2025\/11\/b1166b00-fc7a-49ce-ba3d-340b1695b498-300x212.jpg 300w, https:\/\/consejomagistratura.gov.ar\/wp-content\/uploads\/2025\/11\/b1166b00-fc7a-49ce-ba3d-340b1695b498-768x542.jpg 768w, https:\/\/consejomagistratura.gov.ar\/wp-content\/uploads\/2025\/11\/b1166b00-fc7a-49ce-ba3d-340b1695b498-1536x1085.jpg 1536w, https:\/\/consejomagistratura.gov.ar\/wp-content\/uploads\/2025\/11\/b1166b00-fc7a-49ce-ba3d-340b1695b498.jpg 1600w\" sizes=\"(max-width: 1024px) 100vw, 1024px\" \/><\/figure>\n\n\n\n<figure class=\"wp-block-image size-large\"><img decoding=\"async\" width=\"1024\" height=\"682\" data-id=\"52047\" src=\"https:\/\/consejomagistratura.gov.ar\/wp-content\/uploads\/2025\/11\/f36b4850-0efe-4476-bdff-16562ebb1909-1024x682.jpg\" alt=\"\" class=\"wp-image-52047\" srcset=\"https:\/\/consejomagistratura.gov.ar\/wp-content\/uploads\/2025\/11\/f36b4850-0efe-4476-bdff-16562ebb1909-1024x682.jpg 1024w, https:\/\/consejomagistratura.gov.ar\/wp-content\/uploads\/2025\/11\/f36b4850-0efe-4476-bdff-16562ebb1909-300x200.jpg 300w, https:\/\/consejomagistratura.gov.ar\/wp-content\/uploads\/2025\/11\/f36b4850-0efe-4476-bdff-16562ebb1909-768x512.jpg 768w, https:\/\/consejomagistratura.gov.ar\/wp-content\/uploads\/2025\/11\/f36b4850-0efe-4476-bdff-16562ebb1909.jpg 1280w\" sizes=\"(max-width: 1024px) 100vw, 1024px\" \/><\/figure>\n<\/figure>\n\n\n\n<figure class=\"wp-block-image size-large\"><img loading=\"lazy\" decoding=\"async\" width=\"1024\" height=\"561\" src=\"https:\/\/consejomagistratura.gov.ar\/wp-content\/uploads\/2025\/11\/d9aafac7-3032-40e2-b0fa-3070040326c3-1024x561.jpg\" alt=\"\" class=\"wp-image-52050\" srcset=\"https:\/\/consejomagistratura.gov.ar\/wp-content\/uploads\/2025\/11\/d9aafac7-3032-40e2-b0fa-3070040326c3-1024x561.jpg 1024w, https:\/\/consejomagistratura.gov.ar\/wp-content\/uploads\/2025\/11\/d9aafac7-3032-40e2-b0fa-3070040326c3-300x164.jpg 300w, https:\/\/consejomagistratura.gov.ar\/wp-content\/uploads\/2025\/11\/d9aafac7-3032-40e2-b0fa-3070040326c3-768x420.jpg 768w, https:\/\/consejomagistratura.gov.ar\/wp-content\/uploads\/2025\/11\/d9aafac7-3032-40e2-b0fa-3070040326c3-1536x841.jpg 1536w, https:\/\/consejomagistratura.gov.ar\/wp-content\/uploads\/2025\/11\/d9aafac7-3032-40e2-b0fa-3070040326c3.jpg 1600w\" sizes=\"(max-width: 1024px) 100vw, 1024px\" \/><\/figure>\n\n\n\n<p>La reuni\u00f3n comenz\u00f3 con la consideraci\u00f3n del proyecto de acta de la sesi\u00f3n anterior, seguido de los informes de Presidencia, Administraci\u00f3n General y Secretar\u00eda.<\/p>\n\n\n\n<p>El Presidente explic\u00f3 que el orden del d\u00eda incluye varios puntos que hab\u00edan quedado pendientes de la sesi\u00f3n anterior, incorpor\u00e1ndose nuevamente para dar continuidad a su an\u00e1lisis y resoluci\u00f3n. Asimismo, se incorporan nuevos expedientes remitidos recientemente cuya inclusi\u00f3n fue solicitada por la Administraci\u00f3n General en atenci\u00f3n a su relevancia y urgencia.<\/p>\n\n\n\n<figure class=\"wp-block-gallery has-nested-images columns-default is-cropped wp-block-gallery-2 is-layout-flex wp-block-gallery-is-layout-flex\">\n<figure class=\"wp-block-image size-large\"><img loading=\"lazy\" decoding=\"async\" width=\"1024\" height=\"1024\" data-id=\"52048\" src=\"https:\/\/consejomagistratura.gov.ar\/wp-content\/uploads\/2025\/11\/5b9dacd9-5d4f-4de9-8687-d182e2827483-1024x1024.jpg\" alt=\"\" class=\"wp-image-52048\" srcset=\"https:\/\/consejomagistratura.gov.ar\/wp-content\/uploads\/2025\/11\/5b9dacd9-5d4f-4de9-8687-d182e2827483-1024x1024.jpg 1024w, https:\/\/consejomagistratura.gov.ar\/wp-content\/uploads\/2025\/11\/5b9dacd9-5d4f-4de9-8687-d182e2827483-300x300.jpg 300w, https:\/\/consejomagistratura.gov.ar\/wp-content\/uploads\/2025\/11\/5b9dacd9-5d4f-4de9-8687-d182e2827483-150x150.jpg 150w, https:\/\/consejomagistratura.gov.ar\/wp-content\/uploads\/2025\/11\/5b9dacd9-5d4f-4de9-8687-d182e2827483-768x768.jpg 768w, https:\/\/consejomagistratura.gov.ar\/wp-content\/uploads\/2025\/11\/5b9dacd9-5d4f-4de9-8687-d182e2827483.jpg 1280w\" sizes=\"(max-width: 1024px) 100vw, 1024px\" \/><\/figure>\n\n\n\n<figure class=\"wp-block-image size-large\"><img loading=\"lazy\" decoding=\"async\" width=\"1024\" height=\"682\" data-id=\"52046\" src=\"https:\/\/consejomagistratura.gov.ar\/wp-content\/uploads\/2025\/11\/20c2536d-1ac6-4e04-ad98-94cbce067dcb-1024x682.jpg\" alt=\"\" class=\"wp-image-52046\" srcset=\"https:\/\/consejomagistratura.gov.ar\/wp-content\/uploads\/2025\/11\/20c2536d-1ac6-4e04-ad98-94cbce067dcb-1024x682.jpg 1024w, https:\/\/consejomagistratura.gov.ar\/wp-content\/uploads\/2025\/11\/20c2536d-1ac6-4e04-ad98-94cbce067dcb-300x200.jpg 300w, https:\/\/consejomagistratura.gov.ar\/wp-content\/uploads\/2025\/11\/20c2536d-1ac6-4e04-ad98-94cbce067dcb-768x512.jpg 768w, https:\/\/consejomagistratura.gov.ar\/wp-content\/uploads\/2025\/11\/20c2536d-1ac6-4e04-ad98-94cbce067dcb.jpg 1280w\" sizes=\"(max-width: 1024px) 100vw, 1024px\" \/><\/figure>\n<\/figure>\n\n\n\n<p>El Administrador General inform\u00f3 sobre el estado de ejecuci\u00f3n presupuestaria al cierre de octubre. Detall\u00f3 que la Direcci\u00f3n General de Infraestructura Judicial tiene varios proyectos en ejecuci\u00f3n vinculado a obras de mantenimiento, mejoras y puesta en valor, lo que permitir\u00e1 alcanzar las metas previstas para el a\u00f1o. Tambi\u00e9n inform\u00f3 sobre el env\u00edo del informe econ\u00f3mico financiero mensual a los\/as consejeros\/as, donde se expone la situaci\u00f3n de ingresos y egresos del Consejo. Finalmente, destac\u00f3 los avances en materia de locaciones de inmuebles para diversas dependencias judiciales del pa\u00eds.<\/p>\n\n\n\n<figure class=\"wp-block-gallery has-nested-images columns-default is-cropped wp-block-gallery-3 is-layout-flex wp-block-gallery-is-layout-flex\">\n<figure class=\"wp-block-image size-large\"><img loading=\"lazy\" decoding=\"async\" width=\"1024\" height=\"729\" data-id=\"52052\" src=\"https:\/\/consejomagistratura.gov.ar\/wp-content\/uploads\/2025\/11\/a0e4a521-ba81-48cf-9c4a-824eac3e3f87-1024x729.jpg\" alt=\"\" class=\"wp-image-52052\" srcset=\"https:\/\/consejomagistratura.gov.ar\/wp-content\/uploads\/2025\/11\/a0e4a521-ba81-48cf-9c4a-824eac3e3f87-1024x729.jpg 1024w, https:\/\/consejomagistratura.gov.ar\/wp-content\/uploads\/2025\/11\/a0e4a521-ba81-48cf-9c4a-824eac3e3f87-300x214.jpg 300w, https:\/\/consejomagistratura.gov.ar\/wp-content\/uploads\/2025\/11\/a0e4a521-ba81-48cf-9c4a-824eac3e3f87-768x547.jpg 768w, https:\/\/consejomagistratura.gov.ar\/wp-content\/uploads\/2025\/11\/a0e4a521-ba81-48cf-9c4a-824eac3e3f87-1536x1094.jpg 1536w, https:\/\/consejomagistratura.gov.ar\/wp-content\/uploads\/2025\/11\/a0e4a521-ba81-48cf-9c4a-824eac3e3f87-2048x1459.jpg 2048w\" sizes=\"(max-width: 1024px) 100vw, 1024px\" \/><\/figure>\n\n\n\n<figure class=\"wp-block-image size-large\"><img loading=\"lazy\" decoding=\"async\" width=\"1024\" height=\"682\" data-id=\"52053\" src=\"https:\/\/consejomagistratura.gov.ar\/wp-content\/uploads\/2025\/11\/302c877a-2351-48cf-b4a3-71b0cf4f15ce-1024x682.jpg\" alt=\"\" class=\"wp-image-52053\" srcset=\"https:\/\/consejomagistratura.gov.ar\/wp-content\/uploads\/2025\/11\/302c877a-2351-48cf-b4a3-71b0cf4f15ce-1024x682.jpg 1024w, https:\/\/consejomagistratura.gov.ar\/wp-content\/uploads\/2025\/11\/302c877a-2351-48cf-b4a3-71b0cf4f15ce-300x200.jpg 300w, https:\/\/consejomagistratura.gov.ar\/wp-content\/uploads\/2025\/11\/302c877a-2351-48cf-b4a3-71b0cf4f15ce-768x512.jpg 768w, https:\/\/consejomagistratura.gov.ar\/wp-content\/uploads\/2025\/11\/302c877a-2351-48cf-b4a3-71b0cf4f15ce.jpg 1280w\" sizes=\"(max-width: 1024px) 100vw, 1024px\" \/><\/figure>\n<\/figure>\n\n\n\n<p>Por su parte, el Secretario inform\u00f3 que los asuntos ingresados han sido debidamente circulados entre los consejeros y anunci\u00f3 que desde la Secretar\u00eda se comenzar\u00e1 a brindar bimestralmente a los \/as Consejeros\/as informaci\u00f3n sobre el estado administrativo de los expedientes de peritos.<\/p>\n\n\n\n<p>A continuaci\u00f3n, las\/os consejeras\/os abordaron diversos procesos licitatorios para servicios esenciales en diferentes dependencias judiciales del pa\u00eds. En ese sentido se aprob\u00f3 la convocatoria a licitaci\u00f3n p\u00fablica para contratar servicios de limpieza y mantenimiento de espacios verdes en edificios judiciales de C\u00f3rdoba. Asimismo, se aprobaron adjudicaciones en materia de tecnolog\u00eda y mantenimiento edilicio, incluyendo la renovaci\u00f3n de licencias de seguridad inform\u00e1tica, servicios de mantenimiento integral de infraestructura y la adquisici\u00f3n de sistemas antivirus para equipamiento institucional.<\/p>\n\n\n\n<figure class=\"wp-block-gallery has-nested-images columns-default is-cropped wp-block-gallery-4 is-layout-flex wp-block-gallery-is-layout-flex\">\n<figure class=\"wp-block-image size-large\"><img loading=\"lazy\" decoding=\"async\" width=\"1024\" height=\"682\" data-id=\"52043\" src=\"https:\/\/consejomagistratura.gov.ar\/wp-content\/uploads\/2025\/11\/49521266-111b-4d79-a7b2-1bef48091eb9-1024x682.jpg\" alt=\"\" class=\"wp-image-52043\" srcset=\"https:\/\/consejomagistratura.gov.ar\/wp-content\/uploads\/2025\/11\/49521266-111b-4d79-a7b2-1bef48091eb9-1024x682.jpg 1024w, https:\/\/consejomagistratura.gov.ar\/wp-content\/uploads\/2025\/11\/49521266-111b-4d79-a7b2-1bef48091eb9-300x200.jpg 300w, https:\/\/consejomagistratura.gov.ar\/wp-content\/uploads\/2025\/11\/49521266-111b-4d79-a7b2-1bef48091eb9-768x512.jpg 768w, https:\/\/consejomagistratura.gov.ar\/wp-content\/uploads\/2025\/11\/49521266-111b-4d79-a7b2-1bef48091eb9.jpg 1280w\" sizes=\"(max-width: 1024px) 100vw, 1024px\" \/><\/figure>\n\n\n\n<figure class=\"wp-block-image size-large\"><img loading=\"lazy\" decoding=\"async\" width=\"1024\" height=\"682\" data-id=\"52042\" src=\"https:\/\/consejomagistratura.gov.ar\/wp-content\/uploads\/2025\/11\/9bb8dae4-82fc-4106-97f3-cebabd9eb053-1024x682.jpg\" alt=\"\" class=\"wp-image-52042\" srcset=\"https:\/\/consejomagistratura.gov.ar\/wp-content\/uploads\/2025\/11\/9bb8dae4-82fc-4106-97f3-cebabd9eb053-1024x682.jpg 1024w, https:\/\/consejomagistratura.gov.ar\/wp-content\/uploads\/2025\/11\/9bb8dae4-82fc-4106-97f3-cebabd9eb053-300x200.jpg 300w, https:\/\/consejomagistratura.gov.ar\/wp-content\/uploads\/2025\/11\/9bb8dae4-82fc-4106-97f3-cebabd9eb053-768x512.jpg 768w, https:\/\/consejomagistratura.gov.ar\/wp-content\/uploads\/2025\/11\/9bb8dae4-82fc-4106-97f3-cebabd9eb053.jpg 1280w\" sizes=\"(max-width: 1024px) 100vw, 1024px\" \/><\/figure>\n<\/figure>\n\n\n\n<p>La Comisi\u00f3n tambi\u00e9n aprob\u00f3 redeterminaciones de precios correspondientes a obras p\u00fablicas en diversas sedes judiciales del pa\u00eds, y autoriz\u00f3 la renovaci\u00f3n del contrato de locaci\u00f3n de un inmueble destinado a la jurisdicci\u00f3n de Corrientes.<\/p>\n\n\n\n<p>Entre otros asuntos, se prest\u00f3 conformidad a convenios institucionales, incluyendo un acuerdo transaccional por ocupaci\u00f3n de inmueble en Neuqu\u00e9n y un \u201cConvenio Marco con la Universidad Cat\u00f3lica de Salta y el Poder Judicial de la Naci\u00f3n\u201d y su \u201cProtocolo Adicional de Descuentos\u201d. Tambi\u00e9n se aprob\u00f3 la donaci\u00f3n de bienes por parte del Tribunal Oral en lo Criminal y Correccional de Jujuy a una dependencia de seguridad.<\/p>\n\n\n\n<figure class=\"wp-block-gallery has-nested-images columns-default is-cropped wp-block-gallery-5 is-layout-flex wp-block-gallery-is-layout-flex\">\n<figure class=\"wp-block-image size-large\"><img loading=\"lazy\" decoding=\"async\" width=\"1024\" height=\"682\" data-id=\"52041\" src=\"https:\/\/consejomagistratura.gov.ar\/wp-content\/uploads\/2025\/11\/175e7335-9cf8-4ea7-aa62-5d87f3e2b4bf-1024x682.jpg\" alt=\"\" class=\"wp-image-52041\" srcset=\"https:\/\/consejomagistratura.gov.ar\/wp-content\/uploads\/2025\/11\/175e7335-9cf8-4ea7-aa62-5d87f3e2b4bf-1024x682.jpg 1024w, https:\/\/consejomagistratura.gov.ar\/wp-content\/uploads\/2025\/11\/175e7335-9cf8-4ea7-aa62-5d87f3e2b4bf-300x200.jpg 300w, https:\/\/consejomagistratura.gov.ar\/wp-content\/uploads\/2025\/11\/175e7335-9cf8-4ea7-aa62-5d87f3e2b4bf-768x512.jpg 768w, https:\/\/consejomagistratura.gov.ar\/wp-content\/uploads\/2025\/11\/175e7335-9cf8-4ea7-aa62-5d87f3e2b4bf.jpg 1280w\" sizes=\"(max-width: 1024px) 100vw, 1024px\" \/><\/figure>\n\n\n\n<figure class=\"wp-block-image size-large\"><img loading=\"lazy\" decoding=\"async\" width=\"1024\" height=\"696\" data-id=\"52038\" src=\"https:\/\/consejomagistratura.gov.ar\/wp-content\/uploads\/2025\/11\/ecc17599-acc3-4015-be99-79d20b6de4cf-1024x696.jpg\" alt=\"\" class=\"wp-image-52038\" srcset=\"https:\/\/consejomagistratura.gov.ar\/wp-content\/uploads\/2025\/11\/ecc17599-acc3-4015-be99-79d20b6de4cf-1024x696.jpg 1024w, https:\/\/consejomagistratura.gov.ar\/wp-content\/uploads\/2025\/11\/ecc17599-acc3-4015-be99-79d20b6de4cf-300x204.jpg 300w, https:\/\/consejomagistratura.gov.ar\/wp-content\/uploads\/2025\/11\/ecc17599-acc3-4015-be99-79d20b6de4cf-768x522.jpg 768w, https:\/\/consejomagistratura.gov.ar\/wp-content\/uploads\/2025\/11\/ecc17599-acc3-4015-be99-79d20b6de4cf.jpg 1280w\" sizes=\"(max-width: 1024px) 100vw, 1024px\" \/><\/figure>\n<\/figure>\n\n\n\n<p>En materia de recursos humanos y contrataciones, se consideraron expedientes vinculados a bonificaciones por t\u00edtulo y se resolvieron numerosos recursos jer\u00e1rquicos presentados por agentes, peritos y empresas proveedoras. Finalmente, se trataron expedientes del \u00e1mbito disciplinario interno.<\/p>\n\n\n\n<p>Al t\u00e9rmino de la sesi\u00f3n, dio inicio la reuni\u00f3n de la Comisi\u00f3n de Acusaci\u00f3n, presidida por el Luis Juez, con la asistencia del Secretario Andr\u00e9s Leandro Garc\u00eda.<\/p>\n\n\n\n<p>La agenda comenz\u00f3 con la consideraci\u00f3n del proyecto de acta de la reuni\u00f3n anterior, seguida de los informes de Presidencia y Secretar\u00eda sobre comunicaciones recibidas, asuntos entrados y medidas de prueba propuestas por los\/as consejeros\/as. Seguidamente los\/as consejeros\/as informaron sobre el estado de los expedientes en tr\u00e1mite bajo su an\u00e1lisis.<\/p>\n\n\n\n<figure class=\"wp-block-gallery has-nested-images columns-default is-cropped wp-block-gallery-6 is-layout-flex wp-block-gallery-is-layout-flex\">\n<figure class=\"wp-block-image size-large\"><img loading=\"lazy\" decoding=\"async\" width=\"1024\" height=\"682\" data-id=\"52054\" src=\"https:\/\/consejomagistratura.gov.ar\/wp-content\/uploads\/2025\/11\/15bf2cf7-6908-4f90-8d7b-18c85aafd837-1024x682.jpg\" alt=\"\" class=\"wp-image-52054\" srcset=\"https:\/\/consejomagistratura.gov.ar\/wp-content\/uploads\/2025\/11\/15bf2cf7-6908-4f90-8d7b-18c85aafd837-1024x682.jpg 1024w, https:\/\/consejomagistratura.gov.ar\/wp-content\/uploads\/2025\/11\/15bf2cf7-6908-4f90-8d7b-18c85aafd837-300x200.jpg 300w, https:\/\/consejomagistratura.gov.ar\/wp-content\/uploads\/2025\/11\/15bf2cf7-6908-4f90-8d7b-18c85aafd837-768x512.jpg 768w, https:\/\/consejomagistratura.gov.ar\/wp-content\/uploads\/2025\/11\/15bf2cf7-6908-4f90-8d7b-18c85aafd837.jpg 1280w\" sizes=\"(max-width: 1024px) 100vw, 1024px\" \/><\/figure>\n\n\n\n<figure class=\"wp-block-image size-large\"><img loading=\"lazy\" decoding=\"async\" width=\"1024\" height=\"682\" data-id=\"52037\" src=\"https:\/\/consejomagistratura.gov.ar\/wp-content\/uploads\/2025\/11\/ad88582b-f1f1-4957-a107-5d4532ad5c52-1024x682.jpg\" alt=\"\" class=\"wp-image-52037\" srcset=\"https:\/\/consejomagistratura.gov.ar\/wp-content\/uploads\/2025\/11\/ad88582b-f1f1-4957-a107-5d4532ad5c52-1024x682.jpg 1024w, https:\/\/consejomagistratura.gov.ar\/wp-content\/uploads\/2025\/11\/ad88582b-f1f1-4957-a107-5d4532ad5c52-300x200.jpg 300w, https:\/\/consejomagistratura.gov.ar\/wp-content\/uploads\/2025\/11\/ad88582b-f1f1-4957-a107-5d4532ad5c52-768x512.jpg 768w, https:\/\/consejomagistratura.gov.ar\/wp-content\/uploads\/2025\/11\/ad88582b-f1f1-4957-a107-5d4532ad5c52-1536x1023.jpg 1536w, https:\/\/consejomagistratura.gov.ar\/wp-content\/uploads\/2025\/11\/ad88582b-f1f1-4957-a107-5d4532ad5c52.jpg 1600w\" sizes=\"(max-width: 1024px) 100vw, 1024px\" \/><\/figure>\n<\/figure>\n\n\n\n<p>Durante la reuni\u00f3n se consideraron y aprobaron distintas medidas de prueba respecto a los expedientes en tr\u00e1mite ante la Comisi\u00f3n. Asimismo, se aprob\u00f3 por unanimidad la citaci\u00f3n al Dr. Alfredo Eugenio L\u00f3pez, juez federal de Mar del Plata, en los t\u00e9rminos del art. 20 del reglamento de la Comisi\u00f3n de Disciplina y Acusaci\u00f3n., para el pr\u00f3ximo 17 de diciembre, en el expediente \u201cAjmechet Sabrina (Pta. Foro Arg. Antisem.) c\/ Dr. L\u00f3pez Alfredo Eugenio (Juez Federal)\u201d y acum. Tambi\u00e9n se aprob\u00f3 la desestimaci\u00f3n de denuncias y se aprob\u00f3 la remisi\u00f3n de una de las actuaciones del orden del d\u00eda a la Comisi\u00f3n de Disciplina.<\/p>\n\n\n\n<figure class=\"wp-block-gallery has-nested-images columns-default is-cropped wp-block-gallery-7 is-layout-flex wp-block-gallery-is-layout-flex\">\n<figure class=\"wp-block-image size-large\"><img loading=\"lazy\" decoding=\"async\" width=\"1024\" height=\"1024\" data-id=\"52045\" src=\"https:\/\/consejomagistratura.gov.ar\/wp-content\/uploads\/2025\/11\/4ff44ba5-a619-4dc2-8938-3278ab9f8bcd-1024x1024.jpg\" alt=\"\" class=\"wp-image-52045\" srcset=\"https:\/\/consejomagistratura.gov.ar\/wp-content\/uploads\/2025\/11\/4ff44ba5-a619-4dc2-8938-3278ab9f8bcd-1024x1024.jpg 1024w, https:\/\/consejomagistratura.gov.ar\/wp-content\/uploads\/2025\/11\/4ff44ba5-a619-4dc2-8938-3278ab9f8bcd-300x300.jpg 300w, https:\/\/consejomagistratura.gov.ar\/wp-content\/uploads\/2025\/11\/4ff44ba5-a619-4dc2-8938-3278ab9f8bcd-150x150.jpg 150w, https:\/\/consejomagistratura.gov.ar\/wp-content\/uploads\/2025\/11\/4ff44ba5-a619-4dc2-8938-3278ab9f8bcd-768x768.jpg 768w, https:\/\/consejomagistratura.gov.ar\/wp-content\/uploads\/2025\/11\/4ff44ba5-a619-4dc2-8938-3278ab9f8bcd.jpg 1261w\" sizes=\"(max-width: 1024px) 100vw, 1024px\" \/><\/figure>\n\n\n\n<figure class=\"wp-block-image size-large\"><img loading=\"lazy\" decoding=\"async\" width=\"1024\" height=\"814\" data-id=\"52044\" src=\"https:\/\/consejomagistratura.gov.ar\/wp-content\/uploads\/2025\/11\/488a50d0-7066-428d-911a-b108d07a85d0-1024x814.jpg\" alt=\"\" class=\"wp-image-52044\" srcset=\"https:\/\/consejomagistratura.gov.ar\/wp-content\/uploads\/2025\/11\/488a50d0-7066-428d-911a-b108d07a85d0-1024x814.jpg 1024w, https:\/\/consejomagistratura.gov.ar\/wp-content\/uploads\/2025\/11\/488a50d0-7066-428d-911a-b108d07a85d0-300x239.jpg 300w, https:\/\/consejomagistratura.gov.ar\/wp-content\/uploads\/2025\/11\/488a50d0-7066-428d-911a-b108d07a85d0-768x611.jpg 768w, https:\/\/consejomagistratura.gov.ar\/wp-content\/uploads\/2025\/11\/488a50d0-7066-428d-911a-b108d07a85d0.jpg 1036w\" sizes=\"(max-width: 1024px) 100vw, 1024px\" \/><\/figure>\n<\/figure>\n\n\n\n<p>Al finalizar la sesi\u00f3n, se realiz\u00f3 el sorteo de expedientes ingresados a la Comisi\u00f3n, con la presencia del Secretario, funcionarios y asesores del Cuerpo.<\/p>\n\n\n\n<p>Las reuniones se desarrollaron en modalidad mixta, combinando participaci\u00f3n presencial y telem\u00e1tica, con transmisi\u00f3n en vivo a trav\u00e9s del portal oficial del Organismo y su canal en YouTube.<\/p>\n\n\n\n<figure class=\"wp-block-embed is-type-video is-provider-youtube wp-block-embed-youtube wp-embed-aspect-4-3 wp-has-aspect-ratio\"><div class=\"wp-block-embed__wrapper\">\n<iframe title=\"Reuniones de las Comisiones de Administraci\u00f3n y Financiera, y de Acusaci\u00f3n 12\/11\/2025\" width=\"640\" height=\"480\" src=\"https:\/\/www.youtube.com\/embed\/Nci_KsYSm1I?feature=oembed\" frameborder=\"0\" allow=\"accelerometer; autoplay; clipboard-write; encrypted-media; gyroscope; picture-in-picture; web-share\" referrerpolicy=\"strict-origin-when-cross-origin\" allowfullscreen><\/iframe>\n<\/div><\/figure>\n","protected":false},"excerpt":{"rendered":"<p>El Consejo de la Magistratura llev\u00f3 adelante durante la ma\u00f1ana de hoy -12 de noviembre- una intensa agenda de trabajo, de la que participaron, a lo largo de la jornada, los\/as Consejeros\/as Sebasti\u00e1n Amerio, Diego [&hellip;]<\/p>\n","protected":false},"author":12,"featured_media":52036,"comment_status":"closed","ping_status":"open","sticky":false,"template":"","format":"standard","meta":{"footnotes":""},"categories":[129,24,26,4],"tags":[],"class_list":["post-52035","post","type-post","status-publish","format-standard","has-post-thumbnail","hentry","category-comision-de-acusacion","category-caf","category-disciplina","category-comisiones"],"yoast_head":"<!-- This site is optimized with the Yoast SEO Premium plugin v16.2 (Yoast SEO v17.9) - https:\/\/yoast.com\/wordpress\/plugins\/seo\/ -->\n<title>Sesionaron las Comisiones de Administraci\u00f3n y Financiera y de Acusaci\u00f3n | Consejo de la Magistratura<\/title>\n<meta name=\"robots\" content=\"index, follow, max-snippet:-1, max-image-preview:large, max-video-preview:-1\" \/>\n<link rel=\"canonical\" href=\"https:\/\/consejomagistratura.gov.ar\/index.php\/2025\/11\/12\/sesionaron-las-comisiones-de-administracion-y-financiera-y-de-acusacion\/\" \/>\n<meta property=\"og:locale\" content=\"es_ES\" \/>\n<meta property=\"og:type\" content=\"article\" \/>\n<meta property=\"og:title\" content=\"Sesionaron las Comisiones de Administraci\u00f3n y Financiera y de Acusaci\u00f3n | Consejo de la Magistratura\" \/>\n<meta property=\"og:description\" content=\"El Consejo de la Magistratura llev\u00f3 adelante durante la ma\u00f1ana de hoy -12 de noviembre- una intensa agenda de trabajo, de la que participaron, a lo largo de la jornada, los\/as Consejeros\/as Sebasti\u00e1n Amerio, Diego [&hellip;]\" \/>\n<meta property=\"og:url\" content=\"https:\/\/consejomagistratura.gov.ar\/index.php\/2025\/11\/12\/sesionaron-las-comisiones-de-administracion-y-financiera-y-de-acusacion\/\" \/>\n<meta property=\"og:site_name\" content=\"Consejo de la Magistratura\" \/>\n<meta property=\"article:publisher\" content=\"https:\/\/www.facebook.com\/consejomagistratura\" \/>\n<meta property=\"article:published_time\" content=\"2025-11-12T23:37:34+00:00\" \/>\n<meta property=\"article:modified_time\" content=\"2025-11-14T16:13:02+00:00\" \/>\n<meta property=\"og:image\" content=\"https:\/\/consejomagistratura.gov.ar\/wp-content\/uploads\/2025\/11\/a842d250-9821-4f8f-81dc-ee75be6fe5ce.jpg\" \/>\n\t<meta property=\"og:image:width\" content=\"1280\" \/>\n\t<meta property=\"og:image:height\" content=\"853\" \/>\n\t<meta property=\"og:image:type\" content=\"image\/jpeg\" \/>\n<meta name=\"twitter:card\" content=\"summary_large_image\" \/>\n<meta name=\"twitter:creator\" content=\"@cmagistratura\" \/>\n<meta name=\"twitter:site\" content=\"@cmagistratura\" \/>\n<meta name=\"twitter:label1\" content=\"Escrito por\" \/>\n\t<meta name=\"twitter:data1\" content=\"Florencia Galarza\" \/>\n\t<meta name=\"twitter:label2\" content=\"Tiempo de lectura\" \/>\n\t<meta name=\"twitter:data2\" content=\"4 minutos\" \/>\n<script type=\"application\/ld+json\" class=\"yoast-schema-graph\">{\"@context\":\"https:\/\/schema.org\",\"@graph\":[{\"@type\":\"Organization\",\"@id\":\"https:\/\/consejomagistratura.gov.ar\/#organization\",\"name\":\"Consejo de la Magistratura\",\"url\":\"https:\/\/consejomagistratura.gov.ar\/\",\"sameAs\":[\"https:\/\/www.facebook.com\/consejomagistratura\",\"https:\/\/www.instagram.com\/consejodelamagistratura\/\",\"https:\/\/www.youtube.com\/c\/consejodelamagistraturadelanacion\",\"https:\/\/es.wikipedia.org\/wiki\/Consejo_de_la_Magistratura_(Argentina)\",\"https:\/\/twitter.com\/cmagistratura\"],\"logo\":{\"@type\":\"ImageObject\",\"@id\":\"https:\/\/consejomagistratura.gov.ar\/#logo\",\"inLanguage\":\"es-AR\",\"url\":\"https:\/\/consejomagistratura.gov.ar\/wp-content\/uploads\/2021\/08\/logo_link_2_Mesa-de-trabajo-1.png\",\"contentUrl\":\"https:\/\/consejomagistratura.gov.ar\/wp-content\/uploads\/2021\/08\/logo_link_2_Mesa-de-trabajo-1.png\",\"width\":1067,\"height\":780,\"caption\":\"Consejo de la Magistratura\"},\"image\":{\"@id\":\"https:\/\/consejomagistratura.gov.ar\/#logo\"}},{\"@type\":\"WebSite\",\"@id\":\"https:\/\/consejomagistratura.gov.ar\/#website\",\"url\":\"https:\/\/consejomagistratura.gov.ar\/\",\"name\":\"Consejo de la Magistratura\",\"description\":\"\",\"publisher\":{\"@id\":\"https:\/\/consejomagistratura.gov.ar\/#organization\"},\"potentialAction\":[{\"@type\":\"SearchAction\",\"target\":{\"@type\":\"EntryPoint\",\"urlTemplate\":\"https:\/\/consejomagistratura.gov.ar\/?s={search_term_string}\"},\"query-input\":\"required name=search_term_string\"}],\"inLanguage\":\"es-AR\"},{\"@type\":\"ImageObject\",\"@id\":\"https:\/\/consejomagistratura.gov.ar\/index.php\/2025\/11\/12\/sesionaron-las-comisiones-de-administracion-y-financiera-y-de-acusacion\/#primaryimage\",\"inLanguage\":\"es-AR\",\"url\":\"https:\/\/consejomagistratura.gov.ar\/wp-content\/uploads\/2025\/11\/a842d250-9821-4f8f-81dc-ee75be6fe5ce.jpg\",\"contentUrl\":\"https:\/\/consejomagistratura.gov.ar\/wp-content\/uploads\/2025\/11\/a842d250-9821-4f8f-81dc-ee75be6fe5ce.jpg\",\"width\":1280,\"height\":853},{\"@type\":\"WebPage\",\"@id\":\"https:\/\/consejomagistratura.gov.ar\/index.php\/2025\/11\/12\/sesionaron-las-comisiones-de-administracion-y-financiera-y-de-acusacion\/#webpage\",\"url\":\"https:\/\/consejomagistratura.gov.ar\/index.php\/2025\/11\/12\/sesionaron-las-comisiones-de-administracion-y-financiera-y-de-acusacion\/\",\"name\":\"Sesionaron las Comisiones de Administraci\\u00f3n y Financiera y de Acusaci\\u00f3n | Consejo de la Magistratura\",\"isPartOf\":{\"@id\":\"https:\/\/consejomagistratura.gov.ar\/#website\"},\"primaryImageOfPage\":{\"@id\":\"https:\/\/consejomagistratura.gov.ar\/index.php\/2025\/11\/12\/sesionaron-las-comisiones-de-administracion-y-financiera-y-de-acusacion\/#primaryimage\"},\"datePublished\":\"2025-11-12T23:37:34+00:00\",\"dateModified\":\"2025-11-14T16:13:02+00:00\",\"breadcrumb\":{\"@id\":\"https:\/\/consejomagistratura.gov.ar\/index.php\/2025\/11\/12\/sesionaron-las-comisiones-de-administracion-y-financiera-y-de-acusacion\/#breadcrumb\"},\"inLanguage\":\"es-AR\",\"potentialAction\":[{\"@type\":\"ReadAction\",\"target\":[\"https:\/\/consejomagistratura.gov.ar\/index.php\/2025\/11\/12\/sesionaron-las-comisiones-de-administracion-y-financiera-y-de-acusacion\/\"]}]},{\"@type\":\"BreadcrumbList\",\"@id\":\"https:\/\/consejomagistratura.gov.ar\/index.php\/2025\/11\/12\/sesionaron-las-comisiones-de-administracion-y-financiera-y-de-acusacion\/#breadcrumb\",\"itemListElement\":[{\"@type\":\"ListItem\",\"position\":1,\"name\":\"Inicio\",\"item\":\"https:\/\/consejomagistratura.gov.ar\/\"},{\"@type\":\"ListItem\",\"position\":2,\"name\":\"Sesionaron las Comisiones de Administraci\\u00f3n y Financiera y de Acusaci\\u00f3n\"}]},{\"@type\":\"Article\",\"@id\":\"https:\/\/consejomagistratura.gov.ar\/index.php\/2025\/11\/12\/sesionaron-las-comisiones-de-administracion-y-financiera-y-de-acusacion\/#article\",\"isPartOf\":{\"@id\":\"https:\/\/consejomagistratura.gov.ar\/index.php\/2025\/11\/12\/sesionaron-las-comisiones-de-administracion-y-financiera-y-de-acusacion\/#webpage\"},\"author\":{\"@id\":\"https:\/\/consejomagistratura.gov.ar\/#\/schema\/person\/877e8ea32c02304c323f0e52d16fea26\"},\"headline\":\"Sesionaron las Comisiones de Administraci\\u00f3n y Financiera y de Acusaci\\u00f3n\",\"datePublished\":\"2025-11-12T23:37:34+00:00\",\"dateModified\":\"2025-11-14T16:13:02+00:00\",\"mainEntityOfPage\":{\"@id\":\"https:\/\/consejomagistratura.gov.ar\/index.php\/2025\/11\/12\/sesionaron-las-comisiones-de-administracion-y-financiera-y-de-acusacion\/#webpage\"},\"wordCount\":876,\"publisher\":{\"@id\":\"https:\/\/consejomagistratura.gov.ar\/#organization\"},\"image\":{\"@id\":\"https:\/\/consejomagistratura.gov.ar\/index.php\/2025\/11\/12\/sesionaron-las-comisiones-de-administracion-y-financiera-y-de-acusacion\/#primaryimage\"},\"thumbnailUrl\":\"https:\/\/consejomagistratura.gov.ar\/wp-content\/uploads\/2025\/11\/a842d250-9821-4f8f-81dc-ee75be6fe5ce.jpg\",\"articleSection\":[\"Comisi\\u00f3n de Acusaci\\u00f3n\",\"Comisi\\u00f3n de Administraci\\u00f3n y Financiera\",\"Comisi\\u00f3n de Disciplina y Acusaci\\u00f3n\",\"Comisiones\"],\"inLanguage\":\"es-AR\"},{\"@type\":\"Person\",\"@id\":\"https:\/\/consejomagistratura.gov.ar\/#\/schema\/person\/877e8ea32c02304c323f0e52d16fea26\",\"name\":\"Florencia Galarza\",\"image\":{\"@type\":\"ImageObject\",\"@id\":\"https:\/\/consejomagistratura.gov.ar\/#personlogo\",\"inLanguage\":\"es-AR\",\"url\":\"https:\/\/secure.gravatar.com\/avatar\/fc2383274334e515df9e440a8db3cf23c6102d089c38c516122475544987fce3?s=96&d=mm&r=g\",\"contentUrl\":\"https:\/\/secure.gravatar.com\/avatar\/fc2383274334e515df9e440a8db3cf23c6102d089c38c516122475544987fce3?s=96&d=mm&r=g\",\"caption\":\"Florencia Galarza\"},\"sameAs\":[\"mburgos\"],\"url\":\"https:\/\/consejomagistratura.gov.ar\/index.php\/author\/fgalarza\/\"}]}<\/script>\n<!-- \/ Yoast SEO Premium plugin. -->","yoast_head_json":{"title":"Sesionaron las Comisiones de Administraci\u00f3n y Financiera y de Acusaci\u00f3n | Consejo de la Magistratura","robots":{"index":"index","follow":"follow","max-snippet":"max-snippet:-1","max-image-preview":"max-image-preview:large","max-video-preview":"max-video-preview:-1"},"canonical":"https:\/\/consejomagistratura.gov.ar\/index.php\/2025\/11\/12\/sesionaron-las-comisiones-de-administracion-y-financiera-y-de-acusacion\/","og_locale":"es_ES","og_type":"article","og_title":"Sesionaron las Comisiones de Administraci\u00f3n y Financiera y de Acusaci\u00f3n | Consejo de la Magistratura","og_description":"El Consejo de la Magistratura llev\u00f3 adelante durante la ma\u00f1ana de hoy -12 de noviembre- una intensa agenda de trabajo, de la que participaron, a lo largo de la jornada, los\/as Consejeros\/as Sebasti\u00e1n Amerio, Diego [&hellip;]","og_url":"https:\/\/consejomagistratura.gov.ar\/index.php\/2025\/11\/12\/sesionaron-las-comisiones-de-administracion-y-financiera-y-de-acusacion\/","og_site_name":"Consejo de la Magistratura","article_publisher":"https:\/\/www.facebook.com\/consejomagistratura","article_published_time":"2025-11-12T23:37:34+00:00","article_modified_time":"2025-11-14T16:13:02+00:00","og_image":[{"width":1280,"height":853,"url":"https:\/\/consejomagistratura.gov.ar\/wp-content\/uploads\/2025\/11\/a842d250-9821-4f8f-81dc-ee75be6fe5ce.jpg","type":"image\/jpeg"}],"twitter_card":"summary_large_image","twitter_creator":"@cmagistratura","twitter_site":"@cmagistratura","twitter_misc":{"Escrito por":"Florencia Galarza","Tiempo de lectura":"4 minutos"},"schema":{"@context":"https:\/\/schema.org","@graph":[{"@type":"Organization","@id":"https:\/\/consejomagistratura.gov.ar\/#organization","name":"Consejo de la Magistratura","url":"https:\/\/consejomagistratura.gov.ar\/","sameAs":["https:\/\/www.facebook.com\/consejomagistratura","https:\/\/www.instagram.com\/consejodelamagistratura\/","https:\/\/www.youtube.com\/c\/consejodelamagistraturadelanacion","https:\/\/es.wikipedia.org\/wiki\/Consejo_de_la_Magistratura_(Argentina)","https:\/\/twitter.com\/cmagistratura"],"logo":{"@type":"ImageObject","@id":"https:\/\/consejomagistratura.gov.ar\/#logo","inLanguage":"es-AR","url":"https:\/\/consejomagistratura.gov.ar\/wp-content\/uploads\/2021\/08\/logo_link_2_Mesa-de-trabajo-1.png","contentUrl":"https:\/\/consejomagistratura.gov.ar\/wp-content\/uploads\/2021\/08\/logo_link_2_Mesa-de-trabajo-1.png","width":1067,"height":780,"caption":"Consejo de la Magistratura"},"image":{"@id":"https:\/\/consejomagistratura.gov.ar\/#logo"}},{"@type":"WebSite","@id":"https:\/\/consejomagistratura.gov.ar\/#website","url":"https:\/\/consejomagistratura.gov.ar\/","name":"Consejo de la Magistratura","description":"","publisher":{"@id":"https:\/\/consejomagistratura.gov.ar\/#organization"},"potentialAction":[{"@type":"SearchAction","target":{"@type":"EntryPoint","urlTemplate":"https:\/\/consejomagistratura.gov.ar\/?s={search_term_string}"},"query-input":"required name=search_term_string"}],"inLanguage":"es-AR"},{"@type":"ImageObject","@id":"https:\/\/consejomagistratura.gov.ar\/index.php\/2025\/11\/12\/sesionaron-las-comisiones-de-administracion-y-financiera-y-de-acusacion\/#primaryimage","inLanguage":"es-AR","url":"https:\/\/consejomagistratura.gov.ar\/wp-content\/uploads\/2025\/11\/a842d250-9821-4f8f-81dc-ee75be6fe5ce.jpg","contentUrl":"https:\/\/consejomagistratura.gov.ar\/wp-content\/uploads\/2025\/11\/a842d250-9821-4f8f-81dc-ee75be6fe5ce.jpg","width":1280,"height":853},{"@type":"WebPage","@id":"https:\/\/consejomagistratura.gov.ar\/index.php\/2025\/11\/12\/sesionaron-las-comisiones-de-administracion-y-financiera-y-de-acusacion\/#webpage","url":"https:\/\/consejomagistratura.gov.ar\/index.php\/2025\/11\/12\/sesionaron-las-comisiones-de-administracion-y-financiera-y-de-acusacion\/","name":"Sesionaron las Comisiones de Administraci\u00f3n y Financiera y de Acusaci\u00f3n | Consejo de la Magistratura","isPartOf":{"@id":"https:\/\/consejomagistratura.gov.ar\/#website"},"primaryImageOfPage":{"@id":"https:\/\/consejomagistratura.gov.ar\/index.php\/2025\/11\/12\/sesionaron-las-comisiones-de-administracion-y-financiera-y-de-acusacion\/#primaryimage"},"datePublished":"2025-11-12T23:37:34+00:00","dateModified":"2025-11-14T16:13:02+00:00","breadcrumb":{"@id":"https:\/\/consejomagistratura.gov.ar\/index.php\/2025\/11\/12\/sesionaron-las-comisiones-de-administracion-y-financiera-y-de-acusacion\/#breadcrumb"},"inLanguage":"es-AR","potentialAction":[{"@type":"ReadAction","target":["https:\/\/consejomagistratura.gov.ar\/index.php\/2025\/11\/12\/sesionaron-las-comisiones-de-administracion-y-financiera-y-de-acusacion\/"]}]},{"@type":"BreadcrumbList","@id":"https:\/\/consejomagistratura.gov.ar\/index.php\/2025\/11\/12\/sesionaron-las-comisiones-de-administracion-y-financiera-y-de-acusacion\/#breadcrumb","itemListElement":[{"@type":"ListItem","position":1,"name":"Inicio","item":"https:\/\/consejomagistratura.gov.ar\/"},{"@type":"ListItem","position":2,"name":"Sesionaron las Comisiones de Administraci\u00f3n y Financiera y de Acusaci\u00f3n"}]},{"@type":"Article","@id":"https:\/\/consejomagistratura.gov.ar\/index.php\/2025\/11\/12\/sesionaron-las-comisiones-de-administracion-y-financiera-y-de-acusacion\/#article","isPartOf":{"@id":"https:\/\/consejomagistratura.gov.ar\/index.php\/2025\/11\/12\/sesionaron-las-comisiones-de-administracion-y-financiera-y-de-acusacion\/#webpage"},"author":{"@id":"https:\/\/consejomagistratura.gov.ar\/#\/schema\/person\/877e8ea32c02304c323f0e52d16fea26"},"headline":"Sesionaron las Comisiones de Administraci\u00f3n y Financiera y de Acusaci\u00f3n","datePublished":"2025-11-12T23:37:34+00:00","dateModified":"2025-11-14T16:13:02+00:00","mainEntityOfPage":{"@id":"https:\/\/consejomagistratura.gov.ar\/index.php\/2025\/11\/12\/sesionaron-las-comisiones-de-administracion-y-financiera-y-de-acusacion\/#webpage"},"wordCount":876,"publisher":{"@id":"https:\/\/consejomagistratura.gov.ar\/#organization"},"image":{"@id":"https:\/\/consejomagistratura.gov.ar\/index.php\/2025\/11\/12\/sesionaron-las-comisiones-de-administracion-y-financiera-y-de-acusacion\/#primaryimage"},"thumbnailUrl":"https:\/\/consejomagistratura.gov.ar\/wp-content\/uploads\/2025\/11\/a842d250-9821-4f8f-81dc-ee75be6fe5ce.jpg","articleSection":["Comisi\u00f3n de Acusaci\u00f3n","Comisi\u00f3n de Administraci\u00f3n y Financiera","Comisi\u00f3n de Disciplina y Acusaci\u00f3n","Comisiones"],"inLanguage":"es-AR"},{"@type":"Person","@id":"https:\/\/consejomagistratura.gov.ar\/#\/schema\/person\/877e8ea32c02304c323f0e52d16fea26","name":"Florencia Galarza","image":{"@type":"ImageObject","@id":"https:\/\/consejomagistratura.gov.ar\/#personlogo","inLanguage":"es-AR","url":"https:\/\/secure.gravatar.com\/avatar\/fc2383274334e515df9e440a8db3cf23c6102d089c38c516122475544987fce3?s=96&d=mm&r=g","contentUrl":"https:\/\/secure.gravatar.com\/avatar\/fc2383274334e515df9e440a8db3cf23c6102d089c38c516122475544987fce3?s=96&d=mm&r=g","caption":"Florencia Galarza"},"sameAs":["mburgos"],"url":"https:\/\/consejomagistratura.gov.ar\/index.php\/author\/fgalarza\/"}]}},"_links":{"self":[{"href":"https:\/\/consejomagistratura.gov.ar\/index.php\/wp-json\/wp\/v2\/posts\/52035","targetHints":{"allow":["GET"]}}],"collection":[{"href":"https:\/\/consejomagistratura.gov.ar\/index.php\/wp-json\/wp\/v2\/posts"}],"about":[{"href":"https:\/\/consejomagistratura.gov.ar\/index.php\/wp-json\/wp\/v2\/types\/post"}],"author":[{"embeddable":true,"href":"https:\/\/consejomagistratura.gov.ar\/index.php\/wp-json\/wp\/v2\/users\/12"}],"replies":[{"embeddable":true,"href":"https:\/\/consejomagistratura.gov.ar\/index.php\/wp-json\/wp\/v2\/comments?post=52035"}],"version-history":[{"count":1,"href":"https:\/\/consejomagistratura.gov.ar\/index.php\/wp-json\/wp\/v2\/posts\/52035\/revisions"}],"predecessor-version":[{"id":52055,"href":"https:\/\/consejomagistratura.gov.ar\/index.php\/wp-json\/wp\/v2\/posts\/52035\/revisions\/52055"}],"wp:featuredmedia":[{"embeddable":true,"href":"https:\/\/consejomagistratura.gov.ar\/index.php\/wp-json\/wp\/v2\/media\/52036"}],"wp:attachment":[{"href":"https:\/\/consejomagistratura.gov.ar\/index.php\/wp-json\/wp\/v2\/media?parent=52035"}],"wp:term":[{"taxonomy":"category","embeddable":true,"href":"https:\/\/consejomagistratura.gov.ar\/index.php\/wp-json\/wp\/v2\/categories?post=52035"},{"taxonomy":"post_tag","embeddable":true,"href":"https:\/\/consejomagistratura.gov.ar\/index.php\/wp-json\/wp\/v2\/tags?post=52035"}],"curies":[{"name":"wp","href":"https:\/\/api.w.org\/{rel}","templated":true}]}}