{"id":52432,"date":"2025-12-12T13:52:35","date_gmt":"2025-12-12T16:52:35","guid":{"rendered":"https:\/\/consejomagistratura.gov.ar\/?p=52432"},"modified":"2025-12-12T14:43:42","modified_gmt":"2025-12-12T17:43:42","slug":"jura-de-integrante-del-consejo-de-la-magistratura-anabel-fernandez-sagasti-asumio-en-representacion-del-senado-de-la-nacion","status":"publish","type":"post","link":"https:\/\/consejomagistratura.gov.ar\/index.php\/2025\/12\/12\/jura-de-integrante-del-consejo-de-la-magistratura-anabel-fernandez-sagasti-asumio-en-representacion-del-senado-de-la-nacion\/","title":{"rendered":"Jura de integrante del Consejo de la Magistratura: Anabel Fern\u00e1ndez Sagasti asumi\u00f3 en representaci\u00f3n del Senado de la Naci\u00f3n"},"content":{"rendered":"\n<figure class=\"wp-block-image size-full\"><img fetchpriority=\"high\" decoding=\"async\" width=\"800\" height=\"490\" src=\"https:\/\/consejomagistratura.gov.ar\/wp-content\/uploads\/2025\/12\/WhatsApp-Image-2025-12-12-at-14.29.22.jpeg\" alt=\"\" class=\"wp-image-52472\" srcset=\"https:\/\/consejomagistratura.gov.ar\/wp-content\/uploads\/2025\/12\/WhatsApp-Image-2025-12-12-at-14.29.22.jpeg 800w, https:\/\/consejomagistratura.gov.ar\/wp-content\/uploads\/2025\/12\/WhatsApp-Image-2025-12-12-at-14.29.22-300x184.jpeg 300w, https:\/\/consejomagistratura.gov.ar\/wp-content\/uploads\/2025\/12\/WhatsApp-Image-2025-12-12-at-14.29.22-768x470.jpeg 768w\" sizes=\"(max-width: 800px) 100vw, 800px\" \/><\/figure>\n\n\n\n<p>El presidente del Consejo de la Magistratura y de la Corte Suprema de Justicia de la Naci\u00f3n de la Naci\u00f3n, Horacio Rosatti, tom\u00f3 juramento este viernes, en los t\u00e9rminos establecidos en la Acordada 37\/2025, como nueva integrante del Consejo de la Magistratura de la Naci\u00f3n, a la senadora Anabel Fern\u00e1ndez Sagasti, quien integrar\u00e1 el Consejo en representaci\u00f3n del Honorable Senado de la Naci\u00f3n.<\/p>\n\n\n\n<figure class=\"wp-block-image size-large\"><img decoding=\"async\" width=\"1024\" height=\"683\" src=\"https:\/\/consejomagistratura.gov.ar\/wp-content\/uploads\/2025\/12\/WhatsApp-Image-2025-12-12-at-13.43.44-1-1024x683.jpeg\" alt=\"\" class=\"wp-image-52435\" srcset=\"https:\/\/consejomagistratura.gov.ar\/wp-content\/uploads\/2025\/12\/WhatsApp-Image-2025-12-12-at-13.43.44-1-1024x683.jpeg 1024w, https:\/\/consejomagistratura.gov.ar\/wp-content\/uploads\/2025\/12\/WhatsApp-Image-2025-12-12-at-13.43.44-1-300x200.jpeg 300w, https:\/\/consejomagistratura.gov.ar\/wp-content\/uploads\/2025\/12\/WhatsApp-Image-2025-12-12-at-13.43.44-1-768x512.jpeg 768w, https:\/\/consejomagistratura.gov.ar\/wp-content\/uploads\/2025\/12\/WhatsApp-Image-2025-12-12-at-13.43.44-1-1536x1024.jpeg 1536w, https:\/\/consejomagistratura.gov.ar\/wp-content\/uploads\/2025\/12\/WhatsApp-Image-2025-12-12-at-13.43.44-1-2048x1365.jpeg 2048w\" sizes=\"(max-width: 1024px) 100vw, 1024px\" \/><\/figure>\n\n\n\n<figure class=\"wp-block-image size-large\"><img decoding=\"async\" width=\"1024\" height=\"719\" src=\"https:\/\/consejomagistratura.gov.ar\/wp-content\/uploads\/2025\/12\/WhatsApp-Image-2025-12-12-at-13.43.44-1024x719.jpeg\" alt=\"\" class=\"wp-image-52436\" srcset=\"https:\/\/consejomagistratura.gov.ar\/wp-content\/uploads\/2025\/12\/WhatsApp-Image-2025-12-12-at-13.43.44-1024x719.jpeg 1024w, https:\/\/consejomagistratura.gov.ar\/wp-content\/uploads\/2025\/12\/WhatsApp-Image-2025-12-12-at-13.43.44-300x211.jpeg 300w, https:\/\/consejomagistratura.gov.ar\/wp-content\/uploads\/2025\/12\/WhatsApp-Image-2025-12-12-at-13.43.44-768x539.jpeg 768w, https:\/\/consejomagistratura.gov.ar\/wp-content\/uploads\/2025\/12\/WhatsApp-Image-2025-12-12-at-13.43.44-1536x1079.jpeg 1536w, https:\/\/consejomagistratura.gov.ar\/wp-content\/uploads\/2025\/12\/WhatsApp-Image-2025-12-12-at-13.43.44-2048x1438.jpeg 2048w\" sizes=\"(max-width: 1024px) 100vw, 1024px\" \/><\/figure>\n\n\n\n<p>El acto, celebrado en el Sal\u00f3n Bermejo del Palacio de Tribunales, cont\u00f3 con la presencia de los\/as consejeros\/as Sebasti\u00e1n Amerio, Diego Barroetave\u00f1a, Agustina D\u00edaz Cordero, \u00c1lvaro Gonz\u00e1lez, Alberto Maques, Vanesa Siley y Mariano Recalde.<\/p>\n\n\n\n<figure class=\"wp-block-image size-large\"><img loading=\"lazy\" decoding=\"async\" width=\"1024\" height=\"678\" src=\"https:\/\/consejomagistratura.gov.ar\/wp-content\/uploads\/2025\/12\/WhatsApp-Image-2025-12-12-at-13.43.44-3-1024x678.jpeg\" alt=\"\" class=\"wp-image-52433\" srcset=\"https:\/\/consejomagistratura.gov.ar\/wp-content\/uploads\/2025\/12\/WhatsApp-Image-2025-12-12-at-13.43.44-3-1024x678.jpeg 1024w, https:\/\/consejomagistratura.gov.ar\/wp-content\/uploads\/2025\/12\/WhatsApp-Image-2025-12-12-at-13.43.44-3-300x199.jpeg 300w, https:\/\/consejomagistratura.gov.ar\/wp-content\/uploads\/2025\/12\/WhatsApp-Image-2025-12-12-at-13.43.44-3-768x508.jpeg 768w, https:\/\/consejomagistratura.gov.ar\/wp-content\/uploads\/2025\/12\/WhatsApp-Image-2025-12-12-at-13.43.44-3-1536x1016.jpeg 1536w, https:\/\/consejomagistratura.gov.ar\/wp-content\/uploads\/2025\/12\/WhatsApp-Image-2025-12-12-at-13.43.44-3-2048x1355.jpeg 2048w\" sizes=\"(max-width: 1024px) 100vw, 1024px\" \/><\/figure>\n\n\n\n<figure class=\"wp-block-gallery has-nested-images columns-default is-cropped wp-block-gallery-1 is-layout-flex wp-block-gallery-is-layout-flex\">\n<figure class=\"wp-block-image size-large\"><img loading=\"lazy\" decoding=\"async\" width=\"800\" height=\"536\" data-id=\"52474\" src=\"https:\/\/consejomagistratura.gov.ar\/wp-content\/uploads\/2025\/12\/WhatsApp-Image-2025-12-12-at-14.29.23.jpeg\" alt=\"\" class=\"wp-image-52474\" srcset=\"https:\/\/consejomagistratura.gov.ar\/wp-content\/uploads\/2025\/12\/WhatsApp-Image-2025-12-12-at-14.29.23.jpeg 800w, https:\/\/consejomagistratura.gov.ar\/wp-content\/uploads\/2025\/12\/WhatsApp-Image-2025-12-12-at-14.29.23-300x201.jpeg 300w, https:\/\/consejomagistratura.gov.ar\/wp-content\/uploads\/2025\/12\/WhatsApp-Image-2025-12-12-at-14.29.23-768x515.jpeg 768w\" sizes=\"(max-width: 800px) 100vw, 800px\" \/><\/figure>\n\n\n\n<figure class=\"wp-block-image size-large\"><img loading=\"lazy\" decoding=\"async\" width=\"800\" height=\"501\" data-id=\"52473\" src=\"https:\/\/consejomagistratura.gov.ar\/wp-content\/uploads\/2025\/12\/WhatsApp-Image-2025-12-12-at-14.29.23-1.jpeg\" alt=\"\" class=\"wp-image-52473\" srcset=\"https:\/\/consejomagistratura.gov.ar\/wp-content\/uploads\/2025\/12\/WhatsApp-Image-2025-12-12-at-14.29.23-1.jpeg 800w, https:\/\/consejomagistratura.gov.ar\/wp-content\/uploads\/2025\/12\/WhatsApp-Image-2025-12-12-at-14.29.23-1-300x188.jpeg 300w, https:\/\/consejomagistratura.gov.ar\/wp-content\/uploads\/2025\/12\/WhatsApp-Image-2025-12-12-at-14.29.23-1-768x481.jpeg 768w\" sizes=\"(max-width: 800px) 100vw, 800px\" \/><\/figure>\n<\/figure>\n\n\n\n<p>Tambi\u00e9n participaron de la jura el administrador general del Poder Judicial, Alexis Varady, el secretario general del Consejo de la Magistratura, Mariano P\u00e9rez Roller y el secretario de Desarrollo Institucional de la CSJN, Juan Pablo Lahitou.<\/p>\n\n\n\n<figure class=\"wp-block-image size-large\"><img loading=\"lazy\" decoding=\"async\" width=\"1024\" height=\"726\" src=\"https:\/\/consejomagistratura.gov.ar\/wp-content\/uploads\/2025\/12\/WhatsApp-Image-2025-12-12-at-13.43.44-2-1024x726.jpeg\" alt=\"\" class=\"wp-image-52434\" srcset=\"https:\/\/consejomagistratura.gov.ar\/wp-content\/uploads\/2025\/12\/WhatsApp-Image-2025-12-12-at-13.43.44-2-1024x726.jpeg 1024w, https:\/\/consejomagistratura.gov.ar\/wp-content\/uploads\/2025\/12\/WhatsApp-Image-2025-12-12-at-13.43.44-2-300x213.jpeg 300w, https:\/\/consejomagistratura.gov.ar\/wp-content\/uploads\/2025\/12\/WhatsApp-Image-2025-12-12-at-13.43.44-2-768x545.jpeg 768w, https:\/\/consejomagistratura.gov.ar\/wp-content\/uploads\/2025\/12\/WhatsApp-Image-2025-12-12-at-13.43.44-2-1536x1090.jpeg 1536w, https:\/\/consejomagistratura.gov.ar\/wp-content\/uploads\/2025\/12\/WhatsApp-Image-2025-12-12-at-13.43.44-2-2048x1453.jpeg 2048w\" sizes=\"(max-width: 1024px) 100vw, 1024px\" \/><\/figure>\n","protected":false},"excerpt":{"rendered":"<p>El presidente del Consejo de la Magistratura y de la Corte Suprema de Justicia de la Naci\u00f3n de la Naci\u00f3n, Horacio Rosatti, tom\u00f3 juramento este viernes, en los t\u00e9rminos establecidos en la Acordada 37\/2025, como [&hellip;]<\/p>\n","protected":false},"author":6,"featured_media":52436,"comment_status":"closed","ping_status":"closed","sticky":false,"template":"","format":"standard","meta":{"footnotes":""},"categories":[3],"tags":[],"class_list":["post-52432","post","type-post","status-publish","format-standard","has-post-thumbnail","hentry","category-institucional"],"yoast_head":"<!-- This site is optimized with the Yoast SEO Premium plugin v16.2 (Yoast SEO v17.9) - https:\/\/yoast.com\/wordpress\/plugins\/seo\/ -->\n<title>Jura de integrante del Consejo de la Magistratura: Anabel Fern\u00e1ndez Sagasti asumi\u00f3 en representaci\u00f3n del Senado de la Naci\u00f3n | Consejo de la Magistratura<\/title>\n<meta name=\"robots\" content=\"index, follow, max-snippet:-1, max-image-preview:large, max-video-preview:-1\" \/>\n<link rel=\"canonical\" href=\"https:\/\/consejomagistratura.gov.ar\/index.php\/2025\/12\/12\/jura-de-integrante-del-consejo-de-la-magistratura-anabel-fernandez-sagasti-asumio-en-representacion-del-senado-de-la-nacion\/\" \/>\n<meta property=\"og:locale\" content=\"es_ES\" \/>\n<meta property=\"og:type\" content=\"article\" \/>\n<meta property=\"og:title\" content=\"Jura de integrante del Consejo de la Magistratura: Anabel Fern\u00e1ndez Sagasti asumi\u00f3 en representaci\u00f3n del Senado de la Naci\u00f3n | Consejo de la Magistratura\" \/>\n<meta property=\"og:description\" content=\"El presidente del Consejo de la Magistratura y de la Corte Suprema de Justicia de la Naci\u00f3n de la Naci\u00f3n, Horacio Rosatti, tom\u00f3 juramento este viernes, en los t\u00e9rminos establecidos en la Acordada 37\/2025, como [&hellip;]\" \/>\n<meta property=\"og:url\" content=\"https:\/\/consejomagistratura.gov.ar\/index.php\/2025\/12\/12\/jura-de-integrante-del-consejo-de-la-magistratura-anabel-fernandez-sagasti-asumio-en-representacion-del-senado-de-la-nacion\/\" \/>\n<meta property=\"og:site_name\" content=\"Consejo de la Magistratura\" \/>\n<meta property=\"article:publisher\" content=\"https:\/\/www.facebook.com\/consejomagistratura\" \/>\n<meta property=\"article:published_time\" content=\"2025-12-12T16:52:35+00:00\" \/>\n<meta property=\"article:modified_time\" content=\"2025-12-12T17:43:42+00:00\" \/>\n<meta property=\"og:image\" content=\"https:\/\/consejomagistratura.gov.ar\/wp-content\/uploads\/2025\/12\/WhatsApp-Image-2025-12-12-at-13.43.44-scaled.jpeg\" \/>\n\t<meta property=\"og:image:width\" content=\"2560\" \/>\n\t<meta property=\"og:image:height\" content=\"1798\" \/>\n\t<meta property=\"og:image:type\" content=\"image\/jpeg\" \/>\n<meta name=\"twitter:card\" content=\"summary_large_image\" \/>\n<meta name=\"twitter:creator\" content=\"@cmagistratura\" \/>\n<meta name=\"twitter:site\" content=\"@cmagistratura\" \/>\n<meta name=\"twitter:label1\" content=\"Escrito por\" \/>\n\t<meta name=\"twitter:data1\" content=\"hernanelman\" \/>\n\t<meta name=\"twitter:label2\" content=\"Tiempo de lectura\" \/>\n\t<meta name=\"twitter:data2\" content=\"1 minuto\" \/>\n<script type=\"application\/ld+json\" class=\"yoast-schema-graph\">{\"@context\":\"https:\/\/schema.org\",\"@graph\":[{\"@type\":\"Organization\",\"@id\":\"https:\/\/consejomagistratura.gov.ar\/#organization\",\"name\":\"Consejo de la Magistratura\",\"url\":\"https:\/\/consejomagistratura.gov.ar\/\",\"sameAs\":[\"https:\/\/www.facebook.com\/consejomagistratura\",\"https:\/\/www.instagram.com\/consejodelamagistratura\/\",\"https:\/\/www.youtube.com\/c\/consejodelamagistraturadelanacion\",\"https:\/\/es.wikipedia.org\/wiki\/Consejo_de_la_Magistratura_(Argentina)\",\"https:\/\/twitter.com\/cmagistratura\"],\"logo\":{\"@type\":\"ImageObject\",\"@id\":\"https:\/\/consejomagistratura.gov.ar\/#logo\",\"inLanguage\":\"es-AR\",\"url\":\"https:\/\/consejomagistratura.gov.ar\/wp-content\/uploads\/2021\/08\/logo_link_2_Mesa-de-trabajo-1.png\",\"contentUrl\":\"https:\/\/consejomagistratura.gov.ar\/wp-content\/uploads\/2021\/08\/logo_link_2_Mesa-de-trabajo-1.png\",\"width\":1067,\"height\":780,\"caption\":\"Consejo de la Magistratura\"},\"image\":{\"@id\":\"https:\/\/consejomagistratura.gov.ar\/#logo\"}},{\"@type\":\"WebSite\",\"@id\":\"https:\/\/consejomagistratura.gov.ar\/#website\",\"url\":\"https:\/\/consejomagistratura.gov.ar\/\",\"name\":\"Consejo de la Magistratura\",\"description\":\"\",\"publisher\":{\"@id\":\"https:\/\/consejomagistratura.gov.ar\/#organization\"},\"potentialAction\":[{\"@type\":\"SearchAction\",\"target\":{\"@type\":\"EntryPoint\",\"urlTemplate\":\"https:\/\/consejomagistratura.gov.ar\/?s={search_term_string}\"},\"query-input\":\"required name=search_term_string\"}],\"inLanguage\":\"es-AR\"},{\"@type\":\"ImageObject\",\"@id\":\"https:\/\/consejomagistratura.gov.ar\/index.php\/2025\/12\/12\/jura-de-integrante-del-consejo-de-la-magistratura-anabel-fernandez-sagasti-asumio-en-representacion-del-senado-de-la-nacion\/#primaryimage\",\"inLanguage\":\"es-AR\",\"url\":\"https:\/\/consejomagistratura.gov.ar\/wp-content\/uploads\/2025\/12\/WhatsApp-Image-2025-12-12-at-13.43.44-scaled.jpeg\",\"contentUrl\":\"https:\/\/consejomagistratura.gov.ar\/wp-content\/uploads\/2025\/12\/WhatsApp-Image-2025-12-12-at-13.43.44-scaled.jpeg\",\"width\":2560,\"height\":1798},{\"@type\":\"WebPage\",\"@id\":\"https:\/\/consejomagistratura.gov.ar\/index.php\/2025\/12\/12\/jura-de-integrante-del-consejo-de-la-magistratura-anabel-fernandez-sagasti-asumio-en-representacion-del-senado-de-la-nacion\/#webpage\",\"url\":\"https:\/\/consejomagistratura.gov.ar\/index.php\/2025\/12\/12\/jura-de-integrante-del-consejo-de-la-magistratura-anabel-fernandez-sagasti-asumio-en-representacion-del-senado-de-la-nacion\/\",\"name\":\"Jura de integrante del Consejo de la Magistratura: Anabel Fern\\u00e1ndez Sagasti asumi\\u00f3 en representaci\\u00f3n del Senado de la Naci\\u00f3n | Consejo de la Magistratura\",\"isPartOf\":{\"@id\":\"https:\/\/consejomagistratura.gov.ar\/#website\"},\"primaryImageOfPage\":{\"@id\":\"https:\/\/consejomagistratura.gov.ar\/index.php\/2025\/12\/12\/jura-de-integrante-del-consejo-de-la-magistratura-anabel-fernandez-sagasti-asumio-en-representacion-del-senado-de-la-nacion\/#primaryimage\"},\"datePublished\":\"2025-12-12T16:52:35+00:00\",\"dateModified\":\"2025-12-12T17:43:42+00:00\",\"breadcrumb\":{\"@id\":\"https:\/\/consejomagistratura.gov.ar\/index.php\/2025\/12\/12\/jura-de-integrante-del-consejo-de-la-magistratura-anabel-fernandez-sagasti-asumio-en-representacion-del-senado-de-la-nacion\/#breadcrumb\"},\"inLanguage\":\"es-AR\",\"potentialAction\":[{\"@type\":\"ReadAction\",\"target\":[\"https:\/\/consejomagistratura.gov.ar\/index.php\/2025\/12\/12\/jura-de-integrante-del-consejo-de-la-magistratura-anabel-fernandez-sagasti-asumio-en-representacion-del-senado-de-la-nacion\/\"]}]},{\"@type\":\"BreadcrumbList\",\"@id\":\"https:\/\/consejomagistratura.gov.ar\/index.php\/2025\/12\/12\/jura-de-integrante-del-consejo-de-la-magistratura-anabel-fernandez-sagasti-asumio-en-representacion-del-senado-de-la-nacion\/#breadcrumb\",\"itemListElement\":[{\"@type\":\"ListItem\",\"position\":1,\"name\":\"Inicio\",\"item\":\"https:\/\/consejomagistratura.gov.ar\/\"},{\"@type\":\"ListItem\",\"position\":2,\"name\":\"Jura de integrante del Consejo de la Magistratura: Anabel Fern\\u00e1ndez Sagasti asumi\\u00f3 en representaci\\u00f3n del Senado de la Naci\\u00f3n\"}]},{\"@type\":\"Article\",\"@id\":\"https:\/\/consejomagistratura.gov.ar\/index.php\/2025\/12\/12\/jura-de-integrante-del-consejo-de-la-magistratura-anabel-fernandez-sagasti-asumio-en-representacion-del-senado-de-la-nacion\/#article\",\"isPartOf\":{\"@id\":\"https:\/\/consejomagistratura.gov.ar\/index.php\/2025\/12\/12\/jura-de-integrante-del-consejo-de-la-magistratura-anabel-fernandez-sagasti-asumio-en-representacion-del-senado-de-la-nacion\/#webpage\"},\"author\":{\"@id\":\"https:\/\/consejomagistratura.gov.ar\/#\/schema\/person\/4da57063f408a85d886d958badf8f6df\"},\"headline\":\"Jura de integrante del Consejo de la Magistratura: Anabel Fern\\u00e1ndez Sagasti asumi\\u00f3 en representaci\\u00f3n del Senado de la Naci\\u00f3n\",\"datePublished\":\"2025-12-12T16:52:35+00:00\",\"dateModified\":\"2025-12-12T17:43:42+00:00\",\"mainEntityOfPage\":{\"@id\":\"https:\/\/consejomagistratura.gov.ar\/index.php\/2025\/12\/12\/jura-de-integrante-del-consejo-de-la-magistratura-anabel-fernandez-sagasti-asumio-en-representacion-del-senado-de-la-nacion\/#webpage\"},\"wordCount\":170,\"publisher\":{\"@id\":\"https:\/\/consejomagistratura.gov.ar\/#organization\"},\"image\":{\"@id\":\"https:\/\/consejomagistratura.gov.ar\/index.php\/2025\/12\/12\/jura-de-integrante-del-consejo-de-la-magistratura-anabel-fernandez-sagasti-asumio-en-representacion-del-senado-de-la-nacion\/#primaryimage\"},\"thumbnailUrl\":\"https:\/\/consejomagistratura.gov.ar\/wp-content\/uploads\/2025\/12\/WhatsApp-Image-2025-12-12-at-13.43.44-scaled.jpeg\",\"articleSection\":[\"Institucional\"],\"inLanguage\":\"es-AR\"},{\"@type\":\"Person\",\"@id\":\"https:\/\/consejomagistratura.gov.ar\/#\/schema\/person\/4da57063f408a85d886d958badf8f6df\",\"name\":\"hernanelman\",\"image\":{\"@type\":\"ImageObject\",\"@id\":\"https:\/\/consejomagistratura.gov.ar\/#personlogo\",\"inLanguage\":\"es-AR\",\"url\":\"https:\/\/secure.gravatar.com\/avatar\/cb37cc646e6a84fe6e78061c6d9d5fb02a35404aaf0d46840fd3257e6c0131f2?s=96&d=mm&r=g\",\"contentUrl\":\"https:\/\/secure.gravatar.com\/avatar\/cb37cc646e6a84fe6e78061c6d9d5fb02a35404aaf0d46840fd3257e6c0131f2?s=96&d=mm&r=g\",\"caption\":\"hernanelman\"},\"url\":\"https:\/\/consejomagistratura.gov.ar\/index.php\/author\/hernanelman\/\"}]}<\/script>\n<!-- \/ Yoast SEO Premium plugin. -->","yoast_head_json":{"title":"Jura de integrante del Consejo de la Magistratura: Anabel Fern\u00e1ndez Sagasti asumi\u00f3 en representaci\u00f3n del Senado de la Naci\u00f3n | Consejo de la Magistratura","robots":{"index":"index","follow":"follow","max-snippet":"max-snippet:-1","max-image-preview":"max-image-preview:large","max-video-preview":"max-video-preview:-1"},"canonical":"https:\/\/consejomagistratura.gov.ar\/index.php\/2025\/12\/12\/jura-de-integrante-del-consejo-de-la-magistratura-anabel-fernandez-sagasti-asumio-en-representacion-del-senado-de-la-nacion\/","og_locale":"es_ES","og_type":"article","og_title":"Jura de integrante del Consejo de la Magistratura: Anabel Fern\u00e1ndez Sagasti asumi\u00f3 en representaci\u00f3n del Senado de la Naci\u00f3n | Consejo de la Magistratura","og_description":"El presidente del Consejo de la Magistratura y de la Corte Suprema de Justicia de la Naci\u00f3n de la Naci\u00f3n, Horacio Rosatti, tom\u00f3 juramento este viernes, en los t\u00e9rminos establecidos en la Acordada 37\/2025, como [&hellip;]","og_url":"https:\/\/consejomagistratura.gov.ar\/index.php\/2025\/12\/12\/jura-de-integrante-del-consejo-de-la-magistratura-anabel-fernandez-sagasti-asumio-en-representacion-del-senado-de-la-nacion\/","og_site_name":"Consejo de la Magistratura","article_publisher":"https:\/\/www.facebook.com\/consejomagistratura","article_published_time":"2025-12-12T16:52:35+00:00","article_modified_time":"2025-12-12T17:43:42+00:00","og_image":[{"width":2560,"height":1798,"url":"https:\/\/consejomagistratura.gov.ar\/wp-content\/uploads\/2025\/12\/WhatsApp-Image-2025-12-12-at-13.43.44-scaled.jpeg","type":"image\/jpeg"}],"twitter_card":"summary_large_image","twitter_creator":"@cmagistratura","twitter_site":"@cmagistratura","twitter_misc":{"Escrito por":"hernanelman","Tiempo de lectura":"1 minuto"},"schema":{"@context":"https:\/\/schema.org","@graph":[{"@type":"Organization","@id":"https:\/\/consejomagistratura.gov.ar\/#organization","name":"Consejo de la Magistratura","url":"https:\/\/consejomagistratura.gov.ar\/","sameAs":["https:\/\/www.facebook.com\/consejomagistratura","https:\/\/www.instagram.com\/consejodelamagistratura\/","https:\/\/www.youtube.com\/c\/consejodelamagistraturadelanacion","https:\/\/es.wikipedia.org\/wiki\/Consejo_de_la_Magistratura_(Argentina)","https:\/\/twitter.com\/cmagistratura"],"logo":{"@type":"ImageObject","@id":"https:\/\/consejomagistratura.gov.ar\/#logo","inLanguage":"es-AR","url":"https:\/\/consejomagistratura.gov.ar\/wp-content\/uploads\/2021\/08\/logo_link_2_Mesa-de-trabajo-1.png","contentUrl":"https:\/\/consejomagistratura.gov.ar\/wp-content\/uploads\/2021\/08\/logo_link_2_Mesa-de-trabajo-1.png","width":1067,"height":780,"caption":"Consejo de la Magistratura"},"image":{"@id":"https:\/\/consejomagistratura.gov.ar\/#logo"}},{"@type":"WebSite","@id":"https:\/\/consejomagistratura.gov.ar\/#website","url":"https:\/\/consejomagistratura.gov.ar\/","name":"Consejo de la Magistratura","description":"","publisher":{"@id":"https:\/\/consejomagistratura.gov.ar\/#organization"},"potentialAction":[{"@type":"SearchAction","target":{"@type":"EntryPoint","urlTemplate":"https:\/\/consejomagistratura.gov.ar\/?s={search_term_string}"},"query-input":"required name=search_term_string"}],"inLanguage":"es-AR"},{"@type":"ImageObject","@id":"https:\/\/consejomagistratura.gov.ar\/index.php\/2025\/12\/12\/jura-de-integrante-del-consejo-de-la-magistratura-anabel-fernandez-sagasti-asumio-en-representacion-del-senado-de-la-nacion\/#primaryimage","inLanguage":"es-AR","url":"https:\/\/consejomagistratura.gov.ar\/wp-content\/uploads\/2025\/12\/WhatsApp-Image-2025-12-12-at-13.43.44-scaled.jpeg","contentUrl":"https:\/\/consejomagistratura.gov.ar\/wp-content\/uploads\/2025\/12\/WhatsApp-Image-2025-12-12-at-13.43.44-scaled.jpeg","width":2560,"height":1798},{"@type":"WebPage","@id":"https:\/\/consejomagistratura.gov.ar\/index.php\/2025\/12\/12\/jura-de-integrante-del-consejo-de-la-magistratura-anabel-fernandez-sagasti-asumio-en-representacion-del-senado-de-la-nacion\/#webpage","url":"https:\/\/consejomagistratura.gov.ar\/index.php\/2025\/12\/12\/jura-de-integrante-del-consejo-de-la-magistratura-anabel-fernandez-sagasti-asumio-en-representacion-del-senado-de-la-nacion\/","name":"Jura de integrante del Consejo de la Magistratura: Anabel Fern\u00e1ndez Sagasti asumi\u00f3 en representaci\u00f3n del Senado de la Naci\u00f3n | Consejo de la Magistratura","isPartOf":{"@id":"https:\/\/consejomagistratura.gov.ar\/#website"},"primaryImageOfPage":{"@id":"https:\/\/consejomagistratura.gov.ar\/index.php\/2025\/12\/12\/jura-de-integrante-del-consejo-de-la-magistratura-anabel-fernandez-sagasti-asumio-en-representacion-del-senado-de-la-nacion\/#primaryimage"},"datePublished":"2025-12-12T16:52:35+00:00","dateModified":"2025-12-12T17:43:42+00:00","breadcrumb":{"@id":"https:\/\/consejomagistratura.gov.ar\/index.php\/2025\/12\/12\/jura-de-integrante-del-consejo-de-la-magistratura-anabel-fernandez-sagasti-asumio-en-representacion-del-senado-de-la-nacion\/#breadcrumb"},"inLanguage":"es-AR","potentialAction":[{"@type":"ReadAction","target":["https:\/\/consejomagistratura.gov.ar\/index.php\/2025\/12\/12\/jura-de-integrante-del-consejo-de-la-magistratura-anabel-fernandez-sagasti-asumio-en-representacion-del-senado-de-la-nacion\/"]}]},{"@type":"BreadcrumbList","@id":"https:\/\/consejomagistratura.gov.ar\/index.php\/2025\/12\/12\/jura-de-integrante-del-consejo-de-la-magistratura-anabel-fernandez-sagasti-asumio-en-representacion-del-senado-de-la-nacion\/#breadcrumb","itemListElement":[{"@type":"ListItem","position":1,"name":"Inicio","item":"https:\/\/consejomagistratura.gov.ar\/"},{"@type":"ListItem","position":2,"name":"Jura de integrante del Consejo de la Magistratura: Anabel Fern\u00e1ndez Sagasti asumi\u00f3 en representaci\u00f3n del Senado de la Naci\u00f3n"}]},{"@type":"Article","@id":"https:\/\/consejomagistratura.gov.ar\/index.php\/2025\/12\/12\/jura-de-integrante-del-consejo-de-la-magistratura-anabel-fernandez-sagasti-asumio-en-representacion-del-senado-de-la-nacion\/#article","isPartOf":{"@id":"https:\/\/consejomagistratura.gov.ar\/index.php\/2025\/12\/12\/jura-de-integrante-del-consejo-de-la-magistratura-anabel-fernandez-sagasti-asumio-en-representacion-del-senado-de-la-nacion\/#webpage"},"author":{"@id":"https:\/\/consejomagistratura.gov.ar\/#\/schema\/person\/4da57063f408a85d886d958badf8f6df"},"headline":"Jura de integrante del Consejo de la Magistratura: Anabel Fern\u00e1ndez Sagasti asumi\u00f3 en representaci\u00f3n del Senado de la Naci\u00f3n","datePublished":"2025-12-12T16:52:35+00:00","dateModified":"2025-12-12T17:43:42+00:00","mainEntityOfPage":{"@id":"https:\/\/consejomagistratura.gov.ar\/index.php\/2025\/12\/12\/jura-de-integrante-del-consejo-de-la-magistratura-anabel-fernandez-sagasti-asumio-en-representacion-del-senado-de-la-nacion\/#webpage"},"wordCount":170,"publisher":{"@id":"https:\/\/consejomagistratura.gov.ar\/#organization"},"image":{"@id":"https:\/\/consejomagistratura.gov.ar\/index.php\/2025\/12\/12\/jura-de-integrante-del-consejo-de-la-magistratura-anabel-fernandez-sagasti-asumio-en-representacion-del-senado-de-la-nacion\/#primaryimage"},"thumbnailUrl":"https:\/\/consejomagistratura.gov.ar\/wp-content\/uploads\/2025\/12\/WhatsApp-Image-2025-12-12-at-13.43.44-scaled.jpeg","articleSection":["Institucional"],"inLanguage":"es-AR"},{"@type":"Person","@id":"https:\/\/consejomagistratura.gov.ar\/#\/schema\/person\/4da57063f408a85d886d958badf8f6df","name":"hernanelman","image":{"@type":"ImageObject","@id":"https:\/\/consejomagistratura.gov.ar\/#personlogo","inLanguage":"es-AR","url":"https:\/\/secure.gravatar.com\/avatar\/cb37cc646e6a84fe6e78061c6d9d5fb02a35404aaf0d46840fd3257e6c0131f2?s=96&d=mm&r=g","contentUrl":"https:\/\/secure.gravatar.com\/avatar\/cb37cc646e6a84fe6e78061c6d9d5fb02a35404aaf0d46840fd3257e6c0131f2?s=96&d=mm&r=g","caption":"hernanelman"},"url":"https:\/\/consejomagistratura.gov.ar\/index.php\/author\/hernanelman\/"}]}},"_links":{"self":[{"href":"https:\/\/consejomagistratura.gov.ar\/index.php\/wp-json\/wp\/v2\/posts\/52432","targetHints":{"allow":["GET"]}}],"collection":[{"href":"https:\/\/consejomagistratura.gov.ar\/index.php\/wp-json\/wp\/v2\/posts"}],"about":[{"href":"https:\/\/consejomagistratura.gov.ar\/index.php\/wp-json\/wp\/v2\/types\/post"}],"author":[{"embeddable":true,"href":"https:\/\/consejomagistratura.gov.ar\/index.php\/wp-json\/wp\/v2\/users\/6"}],"replies":[{"embeddable":true,"href":"https:\/\/consejomagistratura.gov.ar\/index.php\/wp-json\/wp\/v2\/comments?post=52432"}],"version-history":[{"count":3,"href":"https:\/\/consejomagistratura.gov.ar\/index.php\/wp-json\/wp\/v2\/posts\/52432\/revisions"}],"predecessor-version":[{"id":52477,"href":"https:\/\/consejomagistratura.gov.ar\/index.php\/wp-json\/wp\/v2\/posts\/52432\/revisions\/52477"}],"wp:featuredmedia":[{"embeddable":true,"href":"https:\/\/consejomagistratura.gov.ar\/index.php\/wp-json\/wp\/v2\/media\/52436"}],"wp:attachment":[{"href":"https:\/\/consejomagistratura.gov.ar\/index.php\/wp-json\/wp\/v2\/media?parent=52432"}],"wp:term":[{"taxonomy":"category","embeddable":true,"href":"https:\/\/consejomagistratura.gov.ar\/index.php\/wp-json\/wp\/v2\/categories?post=52432"},{"taxonomy":"post_tag","embeddable":true,"href":"https:\/\/consejomagistratura.gov.ar\/index.php\/wp-json\/wp\/v2\/tags?post=52432"}],"curies":[{"name":"wp","href":"https:\/\/api.w.org\/{rel}","templated":true}]}}