{"id":53342,"date":"2026-04-30T18:53:36","date_gmt":"2026-04-30T21:53:36","guid":{"rendered":"https:\/\/consejomagistratura.gov.ar\/?p=53342"},"modified":"2026-04-30T20:03:23","modified_gmt":"2026-04-30T23:03:23","slug":"la-comision-de-seleccion-propuso-15-nuevas-ternas-al-plenario","status":"publish","type":"post","link":"https:\/\/consejomagistratura.gov.ar\/index.php\/2026\/04\/30\/la-comision-de-seleccion-propuso-15-nuevas-ternas-al-plenario\/","title":{"rendered":"La Comisi\u00f3n de Selecci\u00f3n propuso 15 nuevas ternas al Plenario"},"content":{"rendered":"\n<figure class=\"wp-block-image size-large\"><img fetchpriority=\"high\" decoding=\"async\" width=\"1024\" height=\"627\" src=\"https:\/\/consejomagistratura.gov.ar\/wp-content\/uploads\/2026\/04\/WhatsApp-Image-2026-04-30-at-17.51.51-1024x627.jpeg\" alt=\"\" class=\"wp-image-53357\" srcset=\"https:\/\/consejomagistratura.gov.ar\/wp-content\/uploads\/2026\/04\/WhatsApp-Image-2026-04-30-at-17.51.51-1024x627.jpeg 1024w, https:\/\/consejomagistratura.gov.ar\/wp-content\/uploads\/2026\/04\/WhatsApp-Image-2026-04-30-at-17.51.51-300x184.jpeg 300w, https:\/\/consejomagistratura.gov.ar\/wp-content\/uploads\/2026\/04\/WhatsApp-Image-2026-04-30-at-17.51.51-768x470.jpeg 768w, https:\/\/consejomagistratura.gov.ar\/wp-content\/uploads\/2026\/04\/WhatsApp-Image-2026-04-30-at-17.51.51-1536x940.jpeg 1536w, https:\/\/consejomagistratura.gov.ar\/wp-content\/uploads\/2026\/04\/WhatsApp-Image-2026-04-30-at-17.51.51.jpeg 1600w\" sizes=\"(max-width: 1024px) 100vw, 1024px\" \/><\/figure>\n\n\n\n<p>En la tarde de hoy \u201330 de abril\u2013 sesion\u00f3 la Comisi\u00f3n de Selecci\u00f3n de Magistrados y Escuela Judicial. La reuni\u00f3n fue conducida por la Presidenta Mar\u00eda Fernanda V\u00e1zquez, con la asistencia de la Secretaria Ingrid Jorgensen.<\/p>\n\n\n\n<figure class=\"wp-block-image size-large\"><img decoding=\"async\" width=\"1024\" height=\"519\" src=\"https:\/\/consejomagistratura.gov.ar\/wp-content\/uploads\/2026\/04\/WhatsApp-Image-2026-04-30-at-18.33.04-1024x519.jpeg\" alt=\"\" class=\"wp-image-53346\" srcset=\"https:\/\/consejomagistratura.gov.ar\/wp-content\/uploads\/2026\/04\/WhatsApp-Image-2026-04-30-at-18.33.04-1024x519.jpeg 1024w, https:\/\/consejomagistratura.gov.ar\/wp-content\/uploads\/2026\/04\/WhatsApp-Image-2026-04-30-at-18.33.04-300x152.jpeg 300w, https:\/\/consejomagistratura.gov.ar\/wp-content\/uploads\/2026\/04\/WhatsApp-Image-2026-04-30-at-18.33.04-768x389.jpeg 768w, https:\/\/consejomagistratura.gov.ar\/wp-content\/uploads\/2026\/04\/WhatsApp-Image-2026-04-30-at-18.33.04-1536x779.jpeg 1536w, https:\/\/consejomagistratura.gov.ar\/wp-content\/uploads\/2026\/04\/WhatsApp-Image-2026-04-30-at-18.33.04.jpeg 1600w\" sizes=\"(max-width: 1024px) 100vw, 1024px\" \/><\/figure>\n\n\n\n<p>Participaron de la jornada los\/as Consejeros\/as Diego Barroetave\u00f1a, Agustina D\u00edaz Cordero, Jimena De la Torre, Hugo Galderisi, C\u00e9sar Grau, Alberto Lugones, Alberto Maques, Alejandra Prov\u00edtola, Gonzalo Roca, Vanesa Siley y Santiago Viola.<\/p>\n\n\n\n<p>Luego de aprobarse el proyecto de acta correspondiente a la sesi\u00f3n del 1\u00b0 de abril de 2026 y de escucharse los informes de la Presidencia y de la Secretar\u00eda sobre los asuntos entrados, la Comisi\u00f3n se aboc\u00f3 al tratamiento de los puntos del orden del d\u00eda.<\/p>\n\n\n\n<figure class=\"wp-block-gallery has-nested-images columns-default is-cropped wp-block-gallery-1 is-layout-flex wp-block-gallery-is-layout-flex\">\n<figure class=\"wp-block-image size-large\"><img decoding=\"async\" width=\"1024\" height=\"1024\" data-id=\"53352\" src=\"https:\/\/consejomagistratura.gov.ar\/wp-content\/uploads\/2026\/04\/WhatsApp-Image-2026-04-30-at-18.14.58-1024x1024.jpeg\" alt=\"\" class=\"wp-image-53352\" srcset=\"https:\/\/consejomagistratura.gov.ar\/wp-content\/uploads\/2026\/04\/WhatsApp-Image-2026-04-30-at-18.14.58-1024x1024.jpeg 1024w, https:\/\/consejomagistratura.gov.ar\/wp-content\/uploads\/2026\/04\/WhatsApp-Image-2026-04-30-at-18.14.58-300x300.jpeg 300w, https:\/\/consejomagistratura.gov.ar\/wp-content\/uploads\/2026\/04\/WhatsApp-Image-2026-04-30-at-18.14.58-150x150.jpeg 150w, https:\/\/consejomagistratura.gov.ar\/wp-content\/uploads\/2026\/04\/WhatsApp-Image-2026-04-30-at-18.14.58-768x768.jpeg 768w, https:\/\/consejomagistratura.gov.ar\/wp-content\/uploads\/2026\/04\/WhatsApp-Image-2026-04-30-at-18.14.58-1536x1536.jpeg 1536w, https:\/\/consejomagistratura.gov.ar\/wp-content\/uploads\/2026\/04\/WhatsApp-Image-2026-04-30-at-18.14.58.jpeg 1600w\" sizes=\"(max-width: 1024px) 100vw, 1024px\" \/><\/figure>\n\n\n\n<figure class=\"wp-block-image size-large\"><img loading=\"lazy\" decoding=\"async\" width=\"1024\" height=\"783\" data-id=\"53347\" src=\"https:\/\/consejomagistratura.gov.ar\/wp-content\/uploads\/2026\/04\/WhatsApp-Image-2026-04-30-at-18.23.40-1024x783.jpeg\" alt=\"\" class=\"wp-image-53347\" srcset=\"https:\/\/consejomagistratura.gov.ar\/wp-content\/uploads\/2026\/04\/WhatsApp-Image-2026-04-30-at-18.23.40-1024x783.jpeg 1024w, https:\/\/consejomagistratura.gov.ar\/wp-content\/uploads\/2026\/04\/WhatsApp-Image-2026-04-30-at-18.23.40-300x230.jpeg 300w, https:\/\/consejomagistratura.gov.ar\/wp-content\/uploads\/2026\/04\/WhatsApp-Image-2026-04-30-at-18.23.40-768x588.jpeg 768w, https:\/\/consejomagistratura.gov.ar\/wp-content\/uploads\/2026\/04\/WhatsApp-Image-2026-04-30-at-18.23.40-1536x1175.jpeg 1536w, https:\/\/consejomagistratura.gov.ar\/wp-content\/uploads\/2026\/04\/WhatsApp-Image-2026-04-30-at-18.23.40.jpeg 1600w\" sizes=\"(max-width: 1024px) 100vw, 1024px\" \/><\/figure>\n<\/figure>\n\n\n\n<p>En materia de&nbsp;<strong>informes de entrevistas<\/strong>, se consideraron y aprobaron los resultados de las entrevistas personales en los siguientes concursos: N\u00b0 430 (Juzgado Nacional en lo Penal Econ\u00f3mico N\u00b0 10 de la Capital), N\u00b0 460 (Juzgado Federal de Primera Instancia N\u00b0 1 de Corrientes), N\u00b0 461 (C\u00e1mara Nacional de Apelaciones en lo Criminal y Correccional Federal de la Capital, Sala I, dos cargos), N\u00b0 483 (Juzgado Federal de Primera Instancia N\u00b0 2 de La Plata, provincia de Buenos Aires), N\u00b0 493 (Jueces Penales Federales con funciones de Garant\u00eda con asiento en las ciudades de Santa Fe, Rafaela, Reconquista, Rosario, San Lorenzo y Venado Tuerto, seis cargos-no habilitados-) y N\u00b0 442 (C\u00e1mara Nacional de Apelaciones en lo Civil y Comercial Federal de la Capital, Salas II \u2013un cargo\u2013 y III \u2013tres cargos\u2013). Los dict\u00e1menes con las propuestas de ternas ser\u00e1n elevados a la consideraci\u00f3n del Plenario del Cuerpo. Las ternas quedaron conformadas de la siguiente forma:<\/p>\n\n\n\n<figure class=\"wp-block-gallery has-nested-images columns-default is-cropped wp-block-gallery-2 is-layout-flex wp-block-gallery-is-layout-flex\">\n<figure class=\"wp-block-image size-large\"><img loading=\"lazy\" decoding=\"async\" width=\"1024\" height=\"771\" data-id=\"53353\" src=\"https:\/\/consejomagistratura.gov.ar\/wp-content\/uploads\/2026\/04\/WhatsApp-Image-2026-04-30-at-17.51.54-1-1024x771.jpeg\" alt=\"\" class=\"wp-image-53353\" srcset=\"https:\/\/consejomagistratura.gov.ar\/wp-content\/uploads\/2026\/04\/WhatsApp-Image-2026-04-30-at-17.51.54-1-1024x771.jpeg 1024w, https:\/\/consejomagistratura.gov.ar\/wp-content\/uploads\/2026\/04\/WhatsApp-Image-2026-04-30-at-17.51.54-1-300x226.jpeg 300w, https:\/\/consejomagistratura.gov.ar\/wp-content\/uploads\/2026\/04\/WhatsApp-Image-2026-04-30-at-17.51.54-1-768x578.jpeg 768w, https:\/\/consejomagistratura.gov.ar\/wp-content\/uploads\/2026\/04\/WhatsApp-Image-2026-04-30-at-17.51.54-1-1536x1156.jpeg 1536w, https:\/\/consejomagistratura.gov.ar\/wp-content\/uploads\/2026\/04\/WhatsApp-Image-2026-04-30-at-17.51.54-1.jpeg 1600w\" sizes=\"(max-width: 1024px) 100vw, 1024px\" \/><\/figure>\n\n\n\n<figure class=\"wp-block-image size-large\"><img loading=\"lazy\" decoding=\"async\" width=\"1024\" height=\"784\" data-id=\"53356\" src=\"https:\/\/consejomagistratura.gov.ar\/wp-content\/uploads\/2026\/04\/WhatsApp-Image-2026-04-30-at-17.51.52-1024x784.jpeg\" alt=\"\" class=\"wp-image-53356\" srcset=\"https:\/\/consejomagistratura.gov.ar\/wp-content\/uploads\/2026\/04\/WhatsApp-Image-2026-04-30-at-17.51.52-1024x784.jpeg 1024w, https:\/\/consejomagistratura.gov.ar\/wp-content\/uploads\/2026\/04\/WhatsApp-Image-2026-04-30-at-17.51.52-300x230.jpeg 300w, https:\/\/consejomagistratura.gov.ar\/wp-content\/uploads\/2026\/04\/WhatsApp-Image-2026-04-30-at-17.51.52-768x588.jpeg 768w, https:\/\/consejomagistratura.gov.ar\/wp-content\/uploads\/2026\/04\/WhatsApp-Image-2026-04-30-at-17.51.52-1536x1176.jpeg 1536w, https:\/\/consejomagistratura.gov.ar\/wp-content\/uploads\/2026\/04\/WhatsApp-Image-2026-04-30-at-17.51.52.jpeg 1600w\" sizes=\"(max-width: 1024px) 100vw, 1024px\" \/><\/figure>\n<\/figure>\n\n\n\n<p><strong><u>Terna Concurso N\u00ba 430<\/u><\/strong><\/p>\n\n\n\n<p>1\u00ba) Labadens, Ignacio; 2\u00ba) M\u00e1rquez, Mar\u00eda Juliana y 3\u00ba) Latino, Mat\u00edas Alejandro.-<\/p>\n\n\n\n<p>Lista complementaria del art\u00edculo 48 del reglamento: 4\u00ba) P\u00e9rez C\u00e1rrega, Mar\u00eda.<\/p>\n\n\n\n<p><strong><u>Terna Concurso N\u00ba460<\/u><\/strong><\/p>\n\n\n\n<p>1\u00ba) Di\u00f3medes Guillermo Rojas Busellatto 2\u00ba) Juan Carlos Vallejos 3\u00ba) Mar\u00eda del Carmen&nbsp;Mareco. Lista complementaria art\u00edculo 48 del reglamento 4\u00ba) Mat\u00edas Alejandro Latino y 5\u00ba) Harry Lionel Schurig<\/p>\n\n\n\n<p><strong><u>Terna Concurso N\u00ba461- &nbsp;(Dictamen aprobado por Mayor\u00eda.)<\/u><\/strong><\/p>\n\n\n\n<p>Primera Terna: 1\u00ba) Femando Luis Povi\u00f1a, 3\u00ba) Agustina In\u00e9s Rodr\u00edguez y 5\u00ba) Pablo Yadarola.&nbsp;Segunda Terna: 2\u00ba) Julio C\u00e9sar Di Giorgio, 4\u00ba) Cecilia Patricia Incardona y 6\u00ba) Pablo Daniel Bertuzzi.&nbsp;Lista complementaria art.48: 7\u00ba) Gonzalo Ezequiel Demian Vi\u00f1a, 8\u00ba) Javier L\u00f3pez Biscayart, 9\u00ba) Gonzalo Segundo R\u00faa y 10\u00b0) Laura Elena Mazzaferri.<\/p>\n\n\n\n<p><strong><u>Terna Concurso N\u00ba483<\/u><\/strong><\/p>\n\n\n\n<p>1\u00ba) Mar\u00eda Carolina Terrier; 2\u00ba) Mirta Graciela Mart\u00ednez; 3\u00ba) Pedro Oscar Alejandro Bancoff\u00a0Lista complementaria: 4\u00ba) Sof\u00eda In\u00e9s Hern\u00e1ndez Saint Jean. \u00a05\u00ba) Micaela Soledad Figueredo; 6\u00ba) Emanuel Desojo, 7\u00b0) Mart\u00edn Alfredo Botassi; 8\u00ba) Tom\u00e1s Brandan<\/p>\n\n\n\n<p><strong><u>Ternas concurso N\u00ba493<\/u><\/strong><\/p>\n\n\n\n<p>Primera terna: 1\u00b0) Marina Daniela Basso; 7\u00ba) Gustavo Decio Durando; 13\u00ba) Brian Ezequiel Gallo.<\/p>\n\n\n\n<p>Segunda terna: 2\u00b0) Santiago Joaqu\u00edn Saux; 8\u00b0) Emiliano Pedro M\u00e9ndez Ortiz;14\u00b0) Mar\u00eda Soledad Carrozza.<\/p>\n\n\n\n<p>Tercera terna: 3\u00b0) Gonzalo Fern\u00e1ndez; 9\u00b0) Guido Yercovich; 15\u00b0) Dana Salom\u00e9 Barbiero.<\/p>\n\n\n\n<p>Cuarta terna: 4\u00b0) Franco Mariano Carbone; 10\u00b0) Lionel Carlos Ruiz Broccardo; 16\u00b0) Agustina Leonor Felizia.<\/p>\n\n\n\n<p>Quinta terna: 5\u00b0) Gast\u00f3n Ariel Berm\u00fadez; 11\u00b0) Mariano Javier Camblong, 17\u00b0) Andrea Paola Santos.<\/p>\n\n\n\n<p>Sexta terna: 6\u00b0) Santiago D\u00edaz Cafferata; 12\u00b0) Patricio Octavio Longo; y 18\u00b0) Vanesa Natalia Druetta.-<\/p>\n\n\n\n<p>Lista complementaria art. 48: 19\u00ba) Ariel Di Giura Kaltenegger, 20\u00b0) Santiago Mart\u00edn Iglesias, 21\u00b0) Francisco Gabriel Dallo, 22\u00b0) Leonardo Juli\u00e1n Cano, 23\u00b0) Leandro An\u00edbal Ardoy, 24\u00b0) Bruno Agust\u00edn Ojeda, 25\u00b0) El\u00edas Germ\u00e1n Grafeuille.<\/p>\n\n\n\n<p><strong><u>Ternas Concurso N\u00ba442<\/u><\/strong><\/p>\n\n\n\n<p>Primera terna: 1) Ignacio Mart\u00edn Rebaudi Basavilbaso; 5) Alejandro Jorge Nobili; 9)<\/p>\n\n\n\n<p>Juliana Gabriela Kina.&nbsp;Segunda terna:&nbsp;2) Camilo Jorge Almeida Pons; 6) Silvia Beatriz Pfarherr, 10) Javier Pico Terrero.&nbsp;Tercera terna: 3) Silvina Andrea Bracamonte; &nbsp;7) Alejandro Jorge Laje; 11) Marcelo Gota.&nbsp;Cuarta terna: 4) Jos\u00e9 Luis Cassinerio; 8) Fernando Juli\u00e1n Oltra Santa Cruz; 12) Sof\u00eda In\u00e9s Hern\u00e1ndez Saint Jean.<\/p>\n\n\n\n<p>Lista Complementaria Art. 48: 13) Julio C\u00e9sar Garc\u00eda Villalonga; 14) Ximena Rocha; 15) Paula Andrea Castro; 16) \u00c1ngela Rosal\u00eda Mora; 17)&nbsp;Johanna Cristallo; 18) Mat\u00edas Ignacio Fern\u00e1ndez Pinto , 19) Javier Indalecio Barraza; 20) Daniela Ver\u00f3nica Maza; 21) Andr\u00e9s Agust\u00edn Da Rold y 22) Marcelo Fabi\u00e1n Valle.<\/p>\n\n\n\n<figure class=\"wp-block-gallery has-nested-images columns-default is-cropped wp-block-gallery-3 is-layout-flex wp-block-gallery-is-layout-flex\">\n<figure class=\"wp-block-image size-large\"><img loading=\"lazy\" decoding=\"async\" width=\"1024\" height=\"1024\" data-id=\"53345\" src=\"https:\/\/consejomagistratura.gov.ar\/wp-content\/uploads\/2026\/04\/WhatsApp-Image-2026-04-30-at-18.37.58-1024x1024.jpeg\" alt=\"\" class=\"wp-image-53345\" srcset=\"https:\/\/consejomagistratura.gov.ar\/wp-content\/uploads\/2026\/04\/WhatsApp-Image-2026-04-30-at-18.37.58-1024x1024.jpeg 1024w, https:\/\/consejomagistratura.gov.ar\/wp-content\/uploads\/2026\/04\/WhatsApp-Image-2026-04-30-at-18.37.58-300x300.jpeg 300w, https:\/\/consejomagistratura.gov.ar\/wp-content\/uploads\/2026\/04\/WhatsApp-Image-2026-04-30-at-18.37.58-150x150.jpeg 150w, https:\/\/consejomagistratura.gov.ar\/wp-content\/uploads\/2026\/04\/WhatsApp-Image-2026-04-30-at-18.37.58-768x768.jpeg 768w, https:\/\/consejomagistratura.gov.ar\/wp-content\/uploads\/2026\/04\/WhatsApp-Image-2026-04-30-at-18.37.58-1536x1536.jpeg 1536w, https:\/\/consejomagistratura.gov.ar\/wp-content\/uploads\/2026\/04\/WhatsApp-Image-2026-04-30-at-18.37.58.jpeg 1600w\" sizes=\"(max-width: 1024px) 100vw, 1024px\" \/><\/figure>\n\n\n\n<figure class=\"wp-block-image size-large\"><img loading=\"lazy\" decoding=\"async\" width=\"1024\" height=\"814\" data-id=\"53348\" src=\"https:\/\/consejomagistratura.gov.ar\/wp-content\/uploads\/2026\/04\/WhatsApp-Image-2026-04-30-at-18.22.13-1-1024x814.jpeg\" alt=\"\" class=\"wp-image-53348\" srcset=\"https:\/\/consejomagistratura.gov.ar\/wp-content\/uploads\/2026\/04\/WhatsApp-Image-2026-04-30-at-18.22.13-1-1024x814.jpeg 1024w, https:\/\/consejomagistratura.gov.ar\/wp-content\/uploads\/2026\/04\/WhatsApp-Image-2026-04-30-at-18.22.13-1-300x239.jpeg 300w, https:\/\/consejomagistratura.gov.ar\/wp-content\/uploads\/2026\/04\/WhatsApp-Image-2026-04-30-at-18.22.13-1-768x611.jpeg 768w, https:\/\/consejomagistratura.gov.ar\/wp-content\/uploads\/2026\/04\/WhatsApp-Image-2026-04-30-at-18.22.13-1-1536x1221.jpeg 1536w, https:\/\/consejomagistratura.gov.ar\/wp-content\/uploads\/2026\/04\/WhatsApp-Image-2026-04-30-at-18.22.13-1.jpeg 1600w\" sizes=\"(max-width: 1024px) 100vw, 1024px\" \/><\/figure>\n<\/figure>\n\n\n\n<p>A continuaci\u00f3n, la Comisi\u00f3n se ocup\u00f3 del an\u00e1lisis de las&nbsp;<strong>impugnaciones<\/strong>&nbsp;en los Concursos N\u00b0 480 (Tribunal Oral en lo Criminal Federal de Jujuy, un cargo), N\u00b0 481 (Juzgado Federal de Primera Instancia de Tartagal, provincia de Salta), N\u00b0 497 (Tribunales Orales en lo Criminal Federal N\u00b0 1-dos cargos- y 2-un cargo- de Salta), N\u00b0 457 (C\u00e1mara Nacional de Apelaciones en lo Contencioso Administrativo Federal de la Capital, Sala III), N\u00b0 511 (C\u00e1mara Nacional de Apelaciones en lo Contencioso Administrativo Federal de la Capital, Salas I, III y V, total tres cargos-), N\u00b0 518 (C\u00e1mara Federal de Apelaciones de Posadas, provincia de Misiones), y el Concurso anticipado N\u00b0 503 (Juzgados Nacionales de Primera Instancia en lo Criminal y Correccional de la Capital, Juzgados N\u00b0 2, 60 y 62). Convoc\u00e1ndose pr\u00f3ximamente a entrevistas personales a los\/las postulantes.<\/p>\n\n\n\n<figure class=\"wp-block-gallery has-nested-images columns-default is-cropped wp-block-gallery-4 is-layout-flex wp-block-gallery-is-layout-flex\">\n<figure class=\"wp-block-image size-large\"><img loading=\"lazy\" decoding=\"async\" width=\"1024\" height=\"844\" data-id=\"53350\" src=\"https:\/\/consejomagistratura.gov.ar\/wp-content\/uploads\/2026\/04\/WhatsApp-Image-2026-04-30-at-18.17.49-1024x844.jpeg\" alt=\"\" class=\"wp-image-53350\" srcset=\"https:\/\/consejomagistratura.gov.ar\/wp-content\/uploads\/2026\/04\/WhatsApp-Image-2026-04-30-at-18.17.49-1024x844.jpeg 1024w, https:\/\/consejomagistratura.gov.ar\/wp-content\/uploads\/2026\/04\/WhatsApp-Image-2026-04-30-at-18.17.49-300x247.jpeg 300w, https:\/\/consejomagistratura.gov.ar\/wp-content\/uploads\/2026\/04\/WhatsApp-Image-2026-04-30-at-18.17.49-768x633.jpeg 768w, https:\/\/consejomagistratura.gov.ar\/wp-content\/uploads\/2026\/04\/WhatsApp-Image-2026-04-30-at-18.17.49-1536x1266.jpeg 1536w, https:\/\/consejomagistratura.gov.ar\/wp-content\/uploads\/2026\/04\/WhatsApp-Image-2026-04-30-at-18.17.49.jpeg 1600w\" sizes=\"(max-width: 1024px) 100vw, 1024px\" \/><\/figure>\n\n\n\n<figure class=\"wp-block-image size-large\"><img loading=\"lazy\" decoding=\"async\" width=\"1024\" height=\"1024\" data-id=\"53351\" src=\"https:\/\/consejomagistratura.gov.ar\/wp-content\/uploads\/2026\/04\/WhatsApp-Image-2026-04-30-at-18.14.58-1-1024x1024.jpeg\" alt=\"\" class=\"wp-image-53351\" srcset=\"https:\/\/consejomagistratura.gov.ar\/wp-content\/uploads\/2026\/04\/WhatsApp-Image-2026-04-30-at-18.14.58-1-1024x1024.jpeg 1024w, https:\/\/consejomagistratura.gov.ar\/wp-content\/uploads\/2026\/04\/WhatsApp-Image-2026-04-30-at-18.14.58-1-300x300.jpeg 300w, https:\/\/consejomagistratura.gov.ar\/wp-content\/uploads\/2026\/04\/WhatsApp-Image-2026-04-30-at-18.14.58-1-150x150.jpeg 150w, https:\/\/consejomagistratura.gov.ar\/wp-content\/uploads\/2026\/04\/WhatsApp-Image-2026-04-30-at-18.14.58-1-768x768.jpeg 768w, https:\/\/consejomagistratura.gov.ar\/wp-content\/uploads\/2026\/04\/WhatsApp-Image-2026-04-30-at-18.14.58-1-1536x1536.jpeg 1536w, https:\/\/consejomagistratura.gov.ar\/wp-content\/uploads\/2026\/04\/WhatsApp-Image-2026-04-30-at-18.14.58-1.jpeg 1600w\" sizes=\"(max-width: 1024px) 100vw, 1024px\" \/><\/figure>\n<\/figure>\n\n\n\n<p>Asimismo, se aprob\u00f3 el proyecto de dictamen mediante el cual se solicita la ampliaci\u00f3n del plazo para la finalizaci\u00f3n de los Concursos N\u00b0 522 (Tribunal Oral en lo Criminal Federal de San Luis), N\u00b0 525 (Tribunal Oral en lo Criminal Federal N\u00b0 2 de Mendoza) y N\u00b0 528 (Juzgado Federal de Primera Instancia N\u00b0 4 de Rosario, provincia de Santa Fe), en los t\u00e9rminos del art\u00edculo 13, apartado C) de la Ley 24.937 y sus modificatorias.<\/p>\n\n\n\n<figure class=\"wp-block-gallery has-nested-images columns-default is-cropped wp-block-gallery-5 is-layout-flex wp-block-gallery-is-layout-flex\">\n<figure class=\"wp-block-image size-large\"><img loading=\"lazy\" decoding=\"async\" width=\"1024\" height=\"1024\" data-id=\"53349\" src=\"https:\/\/consejomagistratura.gov.ar\/wp-content\/uploads\/2026\/04\/WhatsApp-Image-2026-04-30-at-18.22.13-1024x1024.jpeg\" alt=\"\" class=\"wp-image-53349\" srcset=\"https:\/\/consejomagistratura.gov.ar\/wp-content\/uploads\/2026\/04\/WhatsApp-Image-2026-04-30-at-18.22.13-1024x1024.jpeg 1024w, https:\/\/consejomagistratura.gov.ar\/wp-content\/uploads\/2026\/04\/WhatsApp-Image-2026-04-30-at-18.22.13-300x300.jpeg 300w, https:\/\/consejomagistratura.gov.ar\/wp-content\/uploads\/2026\/04\/WhatsApp-Image-2026-04-30-at-18.22.13-150x150.jpeg 150w, https:\/\/consejomagistratura.gov.ar\/wp-content\/uploads\/2026\/04\/WhatsApp-Image-2026-04-30-at-18.22.13-768x768.jpeg 768w, https:\/\/consejomagistratura.gov.ar\/wp-content\/uploads\/2026\/04\/WhatsApp-Image-2026-04-30-at-18.22.13-1536x1536.jpeg 1536w, https:\/\/consejomagistratura.gov.ar\/wp-content\/uploads\/2026\/04\/WhatsApp-Image-2026-04-30-at-18.22.13.jpeg 1600w\" sizes=\"(max-width: 1024px) 100vw, 1024px\" \/><\/figure>\n\n\n\n<figure class=\"wp-block-image size-large\"><img loading=\"lazy\" decoding=\"async\" width=\"1024\" height=\"1024\" data-id=\"53344\" src=\"https:\/\/consejomagistratura.gov.ar\/wp-content\/uploads\/2026\/04\/WhatsApp-Image-2026-04-30-at-18.37.58-1-1024x1024.jpeg\" alt=\"\" class=\"wp-image-53344\" srcset=\"https:\/\/consejomagistratura.gov.ar\/wp-content\/uploads\/2026\/04\/WhatsApp-Image-2026-04-30-at-18.37.58-1-1024x1024.jpeg 1024w, https:\/\/consejomagistratura.gov.ar\/wp-content\/uploads\/2026\/04\/WhatsApp-Image-2026-04-30-at-18.37.58-1-300x300.jpeg 300w, https:\/\/consejomagistratura.gov.ar\/wp-content\/uploads\/2026\/04\/WhatsApp-Image-2026-04-30-at-18.37.58-1-150x150.jpeg 150w, https:\/\/consejomagistratura.gov.ar\/wp-content\/uploads\/2026\/04\/WhatsApp-Image-2026-04-30-at-18.37.58-1-768x768.jpeg 768w, https:\/\/consejomagistratura.gov.ar\/wp-content\/uploads\/2026\/04\/WhatsApp-Image-2026-04-30-at-18.37.58-1-1536x1536.jpeg 1536w, https:\/\/consejomagistratura.gov.ar\/wp-content\/uploads\/2026\/04\/WhatsApp-Image-2026-04-30-at-18.37.58-1.jpeg 1600w\" sizes=\"(max-width: 1024px) 100vw, 1024px\" \/><\/figure>\n<\/figure>\n\n\n\n<p>Luego, se pusieron a consideraci\u00f3n y se aprobaron las listas de conjueces para los Tribunales Orales en lo Criminal Federal de las jurisdicciones Capital y C\u00f3rdoba; los Tribunales Orales en lo Criminal y Correccional de la Capital, y la C\u00e1mara Federal de Apelaciones de C\u00f3rdoba.<\/p>\n\n\n\n<figure class=\"wp-block-gallery has-nested-images columns-default is-cropped wp-block-gallery-6 is-layout-flex wp-block-gallery-is-layout-flex\">\n<figure class=\"wp-block-image size-large\"><img loading=\"lazy\" decoding=\"async\" width=\"1024\" height=\"682\" data-id=\"53343\" src=\"https:\/\/consejomagistratura.gov.ar\/wp-content\/uploads\/2026\/04\/DSC_2178-1024x682.jpg\" alt=\"\" class=\"wp-image-53343\" srcset=\"https:\/\/consejomagistratura.gov.ar\/wp-content\/uploads\/2026\/04\/DSC_2178-1024x682.jpg 1024w, https:\/\/consejomagistratura.gov.ar\/wp-content\/uploads\/2026\/04\/DSC_2178-300x200.jpg 300w, https:\/\/consejomagistratura.gov.ar\/wp-content\/uploads\/2026\/04\/DSC_2178-768x511.jpg 768w, https:\/\/consejomagistratura.gov.ar\/wp-content\/uploads\/2026\/04\/DSC_2178-1536x1023.jpg 1536w, https:\/\/consejomagistratura.gov.ar\/wp-content\/uploads\/2026\/04\/DSC_2178-2048x1364.jpg 2048w\" sizes=\"(max-width: 1024px) 100vw, 1024px\" \/><\/figure>\n\n\n\n<figure class=\"wp-block-image size-large\"><img loading=\"lazy\" decoding=\"async\" width=\"1024\" height=\"1024\" data-id=\"53354\" src=\"https:\/\/consejomagistratura.gov.ar\/wp-content\/uploads\/2026\/04\/WhatsApp-Image-2026-04-30-at-17.51.54-1024x1024.jpeg\" alt=\"\" class=\"wp-image-53354\" srcset=\"https:\/\/consejomagistratura.gov.ar\/wp-content\/uploads\/2026\/04\/WhatsApp-Image-2026-04-30-at-17.51.54-1024x1024.jpeg 1024w, https:\/\/consejomagistratura.gov.ar\/wp-content\/uploads\/2026\/04\/WhatsApp-Image-2026-04-30-at-17.51.54-300x300.jpeg 300w, https:\/\/consejomagistratura.gov.ar\/wp-content\/uploads\/2026\/04\/WhatsApp-Image-2026-04-30-at-17.51.54-150x150.jpeg 150w, https:\/\/consejomagistratura.gov.ar\/wp-content\/uploads\/2026\/04\/WhatsApp-Image-2026-04-30-at-17.51.54-768x768.jpeg 768w, https:\/\/consejomagistratura.gov.ar\/wp-content\/uploads\/2026\/04\/WhatsApp-Image-2026-04-30-at-17.51.54-1536x1536.jpeg 1536w, https:\/\/consejomagistratura.gov.ar\/wp-content\/uploads\/2026\/04\/WhatsApp-Image-2026-04-30-at-17.51.54.jpeg 1600w\" sizes=\"(max-width: 1024px) 100vw, 1024px\" \/><\/figure>\n<\/figure>\n\n\n\n<p>El encuentro tuvo lugar de manera semipresencial en la Sala de Plenario &#8220;Lino E. Palacio&#8221;, ubicada en Libertad 731, piso 2\u00b0, de la Ciudad Aut\u00f3noma de Buenos Aires, con transmisi\u00f3n en vivo a trav\u00e9s del portal y el Canal en YouTube del Organismo.<\/p>\n\n\n\n<figure class=\"wp-block-embed is-type-video is-provider-youtube wp-block-embed-youtube wp-embed-aspect-4-3 wp-has-aspect-ratio\"><div class=\"wp-block-embed__wrapper\">\n<iframe title=\"Reuni\u00f3n de la Comisi\u00f3n de Selecci\u00f3n de Magistrados y Escuela Judicial 30\/04\/2026\" width=\"640\" height=\"480\" src=\"https:\/\/www.youtube.com\/embed\/oMzGhjSCYrI?feature=oembed\" frameborder=\"0\" allow=\"accelerometer; autoplay; clipboard-write; encrypted-media; gyroscope; picture-in-picture; web-share\" referrerpolicy=\"strict-origin-when-cross-origin\" allowfullscreen><\/iframe>\n<\/div><\/figure>\n","protected":false},"excerpt":{"rendered":"<p>En la tarde de hoy \u201330 de abril\u2013 sesion\u00f3 la Comisi\u00f3n de Selecci\u00f3n de Magistrados y Escuela Judicial. La reuni\u00f3n fue conducida por la Presidenta Mar\u00eda Fernanda V\u00e1zquez, con la asistencia de la Secretaria Ingrid [&hellip;]<\/p>\n","protected":false},"author":6,"featured_media":53357,"comment_status":"closed","ping_status":"closed","sticky":false,"template":"","format":"standard","meta":{"footnotes":""},"categories":[18,4,79],"tags":[],"class_list":["post-53342","post","type-post","status-publish","format-standard","has-post-thumbnail","hentry","category-seleccion","category-comisiones","category-transmisiones-en-vivo"],"yoast_head":"<!-- This site is optimized with the Yoast SEO Premium plugin v16.2 (Yoast SEO v17.9) - https:\/\/yoast.com\/wordpress\/plugins\/seo\/ -->\n<title>La Comisi\u00f3n de Selecci\u00f3n propuso 15 nuevas ternas al Plenario | Consejo de la Magistratura<\/title>\n<meta name=\"robots\" content=\"index, follow, max-snippet:-1, max-image-preview:large, max-video-preview:-1\" \/>\n<link rel=\"canonical\" href=\"https:\/\/consejomagistratura.gov.ar\/index.php\/2026\/04\/30\/la-comision-de-seleccion-propuso-15-nuevas-ternas-al-plenario\/\" \/>\n<meta property=\"og:locale\" content=\"es_ES\" \/>\n<meta property=\"og:type\" content=\"article\" \/>\n<meta property=\"og:title\" content=\"La Comisi\u00f3n de Selecci\u00f3n propuso 15 nuevas ternas al Plenario | Consejo de la Magistratura\" \/>\n<meta property=\"og:description\" content=\"En la tarde de hoy \u201330 de abril\u2013 sesion\u00f3 la Comisi\u00f3n de Selecci\u00f3n de Magistrados y Escuela Judicial. La reuni\u00f3n fue conducida por la Presidenta Mar\u00eda Fernanda V\u00e1zquez, con la asistencia de la Secretaria Ingrid [&hellip;]\" \/>\n<meta property=\"og:url\" content=\"https:\/\/consejomagistratura.gov.ar\/index.php\/2026\/04\/30\/la-comision-de-seleccion-propuso-15-nuevas-ternas-al-plenario\/\" \/>\n<meta property=\"og:site_name\" content=\"Consejo de la Magistratura\" \/>\n<meta property=\"article:publisher\" content=\"https:\/\/www.facebook.com\/consejomagistratura\" \/>\n<meta property=\"article:published_time\" content=\"2026-04-30T21:53:36+00:00\" \/>\n<meta property=\"article:modified_time\" content=\"2026-04-30T23:03:23+00:00\" \/>\n<meta property=\"og:image\" content=\"https:\/\/consejomagistratura.gov.ar\/wp-content\/uploads\/2026\/04\/WhatsApp-Image-2026-04-30-at-17.51.51.jpeg\" \/>\n\t<meta property=\"og:image:width\" content=\"1600\" \/>\n\t<meta property=\"og:image:height\" content=\"979\" \/>\n\t<meta property=\"og:image:type\" content=\"image\/jpeg\" \/>\n<meta name=\"twitter:card\" content=\"summary_large_image\" \/>\n<meta name=\"twitter:creator\" content=\"@cmagistratura\" \/>\n<meta name=\"twitter:site\" content=\"@cmagistratura\" \/>\n<meta name=\"twitter:label1\" content=\"Escrito por\" \/>\n\t<meta name=\"twitter:data1\" content=\"hernanelman\" \/>\n\t<meta name=\"twitter:label2\" content=\"Tiempo de lectura\" \/>\n\t<meta name=\"twitter:data2\" content=\"5 minutos\" \/>\n<script type=\"application\/ld+json\" class=\"yoast-schema-graph\">{\"@context\":\"https:\/\/schema.org\",\"@graph\":[{\"@type\":\"Organization\",\"@id\":\"https:\/\/consejomagistratura.gov.ar\/#organization\",\"name\":\"Consejo de la Magistratura\",\"url\":\"https:\/\/consejomagistratura.gov.ar\/\",\"sameAs\":[\"https:\/\/www.facebook.com\/consejomagistratura\",\"https:\/\/www.instagram.com\/consejodelamagistratura\/\",\"https:\/\/www.youtube.com\/c\/consejodelamagistraturadelanacion\",\"https:\/\/es.wikipedia.org\/wiki\/Consejo_de_la_Magistratura_(Argentina)\",\"https:\/\/twitter.com\/cmagistratura\"],\"logo\":{\"@type\":\"ImageObject\",\"@id\":\"https:\/\/consejomagistratura.gov.ar\/#logo\",\"inLanguage\":\"es-AR\",\"url\":\"https:\/\/consejomagistratura.gov.ar\/wp-content\/uploads\/2021\/08\/logo_link_2_Mesa-de-trabajo-1.png\",\"contentUrl\":\"https:\/\/consejomagistratura.gov.ar\/wp-content\/uploads\/2021\/08\/logo_link_2_Mesa-de-trabajo-1.png\",\"width\":1067,\"height\":780,\"caption\":\"Consejo de la Magistratura\"},\"image\":{\"@id\":\"https:\/\/consejomagistratura.gov.ar\/#logo\"}},{\"@type\":\"WebSite\",\"@id\":\"https:\/\/consejomagistratura.gov.ar\/#website\",\"url\":\"https:\/\/consejomagistratura.gov.ar\/\",\"name\":\"Consejo de la Magistratura\",\"description\":\"\",\"publisher\":{\"@id\":\"https:\/\/consejomagistratura.gov.ar\/#organization\"},\"potentialAction\":[{\"@type\":\"SearchAction\",\"target\":{\"@type\":\"EntryPoint\",\"urlTemplate\":\"https:\/\/consejomagistratura.gov.ar\/?s={search_term_string}\"},\"query-input\":\"required name=search_term_string\"}],\"inLanguage\":\"es-AR\"},{\"@type\":\"ImageObject\",\"@id\":\"https:\/\/consejomagistratura.gov.ar\/index.php\/2026\/04\/30\/la-comision-de-seleccion-propuso-15-nuevas-ternas-al-plenario\/#primaryimage\",\"inLanguage\":\"es-AR\",\"url\":\"https:\/\/consejomagistratura.gov.ar\/wp-content\/uploads\/2026\/04\/WhatsApp-Image-2026-04-30-at-17.51.51.jpeg\",\"contentUrl\":\"https:\/\/consejomagistratura.gov.ar\/wp-content\/uploads\/2026\/04\/WhatsApp-Image-2026-04-30-at-17.51.51.jpeg\",\"width\":1600,\"height\":979},{\"@type\":\"WebPage\",\"@id\":\"https:\/\/consejomagistratura.gov.ar\/index.php\/2026\/04\/30\/la-comision-de-seleccion-propuso-15-nuevas-ternas-al-plenario\/#webpage\",\"url\":\"https:\/\/consejomagistratura.gov.ar\/index.php\/2026\/04\/30\/la-comision-de-seleccion-propuso-15-nuevas-ternas-al-plenario\/\",\"name\":\"La Comisi\\u00f3n de Selecci\\u00f3n propuso 15 nuevas ternas al Plenario | Consejo de la Magistratura\",\"isPartOf\":{\"@id\":\"https:\/\/consejomagistratura.gov.ar\/#website\"},\"primaryImageOfPage\":{\"@id\":\"https:\/\/consejomagistratura.gov.ar\/index.php\/2026\/04\/30\/la-comision-de-seleccion-propuso-15-nuevas-ternas-al-plenario\/#primaryimage\"},\"datePublished\":\"2026-04-30T21:53:36+00:00\",\"dateModified\":\"2026-04-30T23:03:23+00:00\",\"breadcrumb\":{\"@id\":\"https:\/\/consejomagistratura.gov.ar\/index.php\/2026\/04\/30\/la-comision-de-seleccion-propuso-15-nuevas-ternas-al-plenario\/#breadcrumb\"},\"inLanguage\":\"es-AR\",\"potentialAction\":[{\"@type\":\"ReadAction\",\"target\":[\"https:\/\/consejomagistratura.gov.ar\/index.php\/2026\/04\/30\/la-comision-de-seleccion-propuso-15-nuevas-ternas-al-plenario\/\"]}]},{\"@type\":\"BreadcrumbList\",\"@id\":\"https:\/\/consejomagistratura.gov.ar\/index.php\/2026\/04\/30\/la-comision-de-seleccion-propuso-15-nuevas-ternas-al-plenario\/#breadcrumb\",\"itemListElement\":[{\"@type\":\"ListItem\",\"position\":1,\"name\":\"Inicio\",\"item\":\"https:\/\/consejomagistratura.gov.ar\/\"},{\"@type\":\"ListItem\",\"position\":2,\"name\":\"La Comisi\\u00f3n de Selecci\\u00f3n propuso 15 nuevas ternas al Plenario\"}]},{\"@type\":\"Article\",\"@id\":\"https:\/\/consejomagistratura.gov.ar\/index.php\/2026\/04\/30\/la-comision-de-seleccion-propuso-15-nuevas-ternas-al-plenario\/#article\",\"isPartOf\":{\"@id\":\"https:\/\/consejomagistratura.gov.ar\/index.php\/2026\/04\/30\/la-comision-de-seleccion-propuso-15-nuevas-ternas-al-plenario\/#webpage\"},\"author\":{\"@id\":\"https:\/\/consejomagistratura.gov.ar\/#\/schema\/person\/4da57063f408a85d886d958badf8f6df\"},\"headline\":\"La Comisi\\u00f3n de Selecci\\u00f3n propuso 15 nuevas ternas al Plenario\",\"datePublished\":\"2026-04-30T21:53:36+00:00\",\"dateModified\":\"2026-04-30T23:03:23+00:00\",\"mainEntityOfPage\":{\"@id\":\"https:\/\/consejomagistratura.gov.ar\/index.php\/2026\/04\/30\/la-comision-de-seleccion-propuso-15-nuevas-ternas-al-plenario\/#webpage\"},\"wordCount\":973,\"publisher\":{\"@id\":\"https:\/\/consejomagistratura.gov.ar\/#organization\"},\"image\":{\"@id\":\"https:\/\/consejomagistratura.gov.ar\/index.php\/2026\/04\/30\/la-comision-de-seleccion-propuso-15-nuevas-ternas-al-plenario\/#primaryimage\"},\"thumbnailUrl\":\"https:\/\/consejomagistratura.gov.ar\/wp-content\/uploads\/2026\/04\/WhatsApp-Image-2026-04-30-at-17.51.51.jpeg\",\"articleSection\":[\"Comisi\\u00f3n de Selecci\\u00f3n de Magistrados y Escuela Judicial\",\"Comisiones\",\"Transmisiones en Vivo\"],\"inLanguage\":\"es-AR\"},{\"@type\":\"Person\",\"@id\":\"https:\/\/consejomagistratura.gov.ar\/#\/schema\/person\/4da57063f408a85d886d958badf8f6df\",\"name\":\"hernanelman\",\"image\":{\"@type\":\"ImageObject\",\"@id\":\"https:\/\/consejomagistratura.gov.ar\/#personlogo\",\"inLanguage\":\"es-AR\",\"url\":\"https:\/\/secure.gravatar.com\/avatar\/cb37cc646e6a84fe6e78061c6d9d5fb02a35404aaf0d46840fd3257e6c0131f2?s=96&d=mm&r=g\",\"contentUrl\":\"https:\/\/secure.gravatar.com\/avatar\/cb37cc646e6a84fe6e78061c6d9d5fb02a35404aaf0d46840fd3257e6c0131f2?s=96&d=mm&r=g\",\"caption\":\"hernanelman\"},\"url\":\"https:\/\/consejomagistratura.gov.ar\/index.php\/author\/hernanelman\/\"}]}<\/script>\n<!-- \/ Yoast SEO Premium plugin. -->","yoast_head_json":{"title":"La Comisi\u00f3n de Selecci\u00f3n propuso 15 nuevas ternas al Plenario | Consejo de la Magistratura","robots":{"index":"index","follow":"follow","max-snippet":"max-snippet:-1","max-image-preview":"max-image-preview:large","max-video-preview":"max-video-preview:-1"},"canonical":"https:\/\/consejomagistratura.gov.ar\/index.php\/2026\/04\/30\/la-comision-de-seleccion-propuso-15-nuevas-ternas-al-plenario\/","og_locale":"es_ES","og_type":"article","og_title":"La Comisi\u00f3n de Selecci\u00f3n propuso 15 nuevas ternas al Plenario | Consejo de la Magistratura","og_description":"En la tarde de hoy \u201330 de abril\u2013 sesion\u00f3 la Comisi\u00f3n de Selecci\u00f3n de Magistrados y Escuela Judicial. La reuni\u00f3n fue conducida por la Presidenta Mar\u00eda Fernanda V\u00e1zquez, con la asistencia de la Secretaria Ingrid [&hellip;]","og_url":"https:\/\/consejomagistratura.gov.ar\/index.php\/2026\/04\/30\/la-comision-de-seleccion-propuso-15-nuevas-ternas-al-plenario\/","og_site_name":"Consejo de la Magistratura","article_publisher":"https:\/\/www.facebook.com\/consejomagistratura","article_published_time":"2026-04-30T21:53:36+00:00","article_modified_time":"2026-04-30T23:03:23+00:00","og_image":[{"width":1600,"height":979,"url":"https:\/\/consejomagistratura.gov.ar\/wp-content\/uploads\/2026\/04\/WhatsApp-Image-2026-04-30-at-17.51.51.jpeg","type":"image\/jpeg"}],"twitter_card":"summary_large_image","twitter_creator":"@cmagistratura","twitter_site":"@cmagistratura","twitter_misc":{"Escrito por":"hernanelman","Tiempo de lectura":"5 minutos"},"schema":{"@context":"https:\/\/schema.org","@graph":[{"@type":"Organization","@id":"https:\/\/consejomagistratura.gov.ar\/#organization","name":"Consejo de la Magistratura","url":"https:\/\/consejomagistratura.gov.ar\/","sameAs":["https:\/\/www.facebook.com\/consejomagistratura","https:\/\/www.instagram.com\/consejodelamagistratura\/","https:\/\/www.youtube.com\/c\/consejodelamagistraturadelanacion","https:\/\/es.wikipedia.org\/wiki\/Consejo_de_la_Magistratura_(Argentina)","https:\/\/twitter.com\/cmagistratura"],"logo":{"@type":"ImageObject","@id":"https:\/\/consejomagistratura.gov.ar\/#logo","inLanguage":"es-AR","url":"https:\/\/consejomagistratura.gov.ar\/wp-content\/uploads\/2021\/08\/logo_link_2_Mesa-de-trabajo-1.png","contentUrl":"https:\/\/consejomagistratura.gov.ar\/wp-content\/uploads\/2021\/08\/logo_link_2_Mesa-de-trabajo-1.png","width":1067,"height":780,"caption":"Consejo de la Magistratura"},"image":{"@id":"https:\/\/consejomagistratura.gov.ar\/#logo"}},{"@type":"WebSite","@id":"https:\/\/consejomagistratura.gov.ar\/#website","url":"https:\/\/consejomagistratura.gov.ar\/","name":"Consejo de la Magistratura","description":"","publisher":{"@id":"https:\/\/consejomagistratura.gov.ar\/#organization"},"potentialAction":[{"@type":"SearchAction","target":{"@type":"EntryPoint","urlTemplate":"https:\/\/consejomagistratura.gov.ar\/?s={search_term_string}"},"query-input":"required name=search_term_string"}],"inLanguage":"es-AR"},{"@type":"ImageObject","@id":"https:\/\/consejomagistratura.gov.ar\/index.php\/2026\/04\/30\/la-comision-de-seleccion-propuso-15-nuevas-ternas-al-plenario\/#primaryimage","inLanguage":"es-AR","url":"https:\/\/consejomagistratura.gov.ar\/wp-content\/uploads\/2026\/04\/WhatsApp-Image-2026-04-30-at-17.51.51.jpeg","contentUrl":"https:\/\/consejomagistratura.gov.ar\/wp-content\/uploads\/2026\/04\/WhatsApp-Image-2026-04-30-at-17.51.51.jpeg","width":1600,"height":979},{"@type":"WebPage","@id":"https:\/\/consejomagistratura.gov.ar\/index.php\/2026\/04\/30\/la-comision-de-seleccion-propuso-15-nuevas-ternas-al-plenario\/#webpage","url":"https:\/\/consejomagistratura.gov.ar\/index.php\/2026\/04\/30\/la-comision-de-seleccion-propuso-15-nuevas-ternas-al-plenario\/","name":"La Comisi\u00f3n de Selecci\u00f3n propuso 15 nuevas ternas al Plenario | Consejo de la Magistratura","isPartOf":{"@id":"https:\/\/consejomagistratura.gov.ar\/#website"},"primaryImageOfPage":{"@id":"https:\/\/consejomagistratura.gov.ar\/index.php\/2026\/04\/30\/la-comision-de-seleccion-propuso-15-nuevas-ternas-al-plenario\/#primaryimage"},"datePublished":"2026-04-30T21:53:36+00:00","dateModified":"2026-04-30T23:03:23+00:00","breadcrumb":{"@id":"https:\/\/consejomagistratura.gov.ar\/index.php\/2026\/04\/30\/la-comision-de-seleccion-propuso-15-nuevas-ternas-al-plenario\/#breadcrumb"},"inLanguage":"es-AR","potentialAction":[{"@type":"ReadAction","target":["https:\/\/consejomagistratura.gov.ar\/index.php\/2026\/04\/30\/la-comision-de-seleccion-propuso-15-nuevas-ternas-al-plenario\/"]}]},{"@type":"BreadcrumbList","@id":"https:\/\/consejomagistratura.gov.ar\/index.php\/2026\/04\/30\/la-comision-de-seleccion-propuso-15-nuevas-ternas-al-plenario\/#breadcrumb","itemListElement":[{"@type":"ListItem","position":1,"name":"Inicio","item":"https:\/\/consejomagistratura.gov.ar\/"},{"@type":"ListItem","position":2,"name":"La Comisi\u00f3n de Selecci\u00f3n propuso 15 nuevas ternas al Plenario"}]},{"@type":"Article","@id":"https:\/\/consejomagistratura.gov.ar\/index.php\/2026\/04\/30\/la-comision-de-seleccion-propuso-15-nuevas-ternas-al-plenario\/#article","isPartOf":{"@id":"https:\/\/consejomagistratura.gov.ar\/index.php\/2026\/04\/30\/la-comision-de-seleccion-propuso-15-nuevas-ternas-al-plenario\/#webpage"},"author":{"@id":"https:\/\/consejomagistratura.gov.ar\/#\/schema\/person\/4da57063f408a85d886d958badf8f6df"},"headline":"La Comisi\u00f3n de Selecci\u00f3n propuso 15 nuevas ternas al Plenario","datePublished":"2026-04-30T21:53:36+00:00","dateModified":"2026-04-30T23:03:23+00:00","mainEntityOfPage":{"@id":"https:\/\/consejomagistratura.gov.ar\/index.php\/2026\/04\/30\/la-comision-de-seleccion-propuso-15-nuevas-ternas-al-plenario\/#webpage"},"wordCount":973,"publisher":{"@id":"https:\/\/consejomagistratura.gov.ar\/#organization"},"image":{"@id":"https:\/\/consejomagistratura.gov.ar\/index.php\/2026\/04\/30\/la-comision-de-seleccion-propuso-15-nuevas-ternas-al-plenario\/#primaryimage"},"thumbnailUrl":"https:\/\/consejomagistratura.gov.ar\/wp-content\/uploads\/2026\/04\/WhatsApp-Image-2026-04-30-at-17.51.51.jpeg","articleSection":["Comisi\u00f3n de Selecci\u00f3n de Magistrados y Escuela Judicial","Comisiones","Transmisiones en Vivo"],"inLanguage":"es-AR"},{"@type":"Person","@id":"https:\/\/consejomagistratura.gov.ar\/#\/schema\/person\/4da57063f408a85d886d958badf8f6df","name":"hernanelman","image":{"@type":"ImageObject","@id":"https:\/\/consejomagistratura.gov.ar\/#personlogo","inLanguage":"es-AR","url":"https:\/\/secure.gravatar.com\/avatar\/cb37cc646e6a84fe6e78061c6d9d5fb02a35404aaf0d46840fd3257e6c0131f2?s=96&d=mm&r=g","contentUrl":"https:\/\/secure.gravatar.com\/avatar\/cb37cc646e6a84fe6e78061c6d9d5fb02a35404aaf0d46840fd3257e6c0131f2?s=96&d=mm&r=g","caption":"hernanelman"},"url":"https:\/\/consejomagistratura.gov.ar\/index.php\/author\/hernanelman\/"}]}},"_links":{"self":[{"href":"https:\/\/consejomagistratura.gov.ar\/index.php\/wp-json\/wp\/v2\/posts\/53342","targetHints":{"allow":["GET"]}}],"collection":[{"href":"https:\/\/consejomagistratura.gov.ar\/index.php\/wp-json\/wp\/v2\/posts"}],"about":[{"href":"https:\/\/consejomagistratura.gov.ar\/index.php\/wp-json\/wp\/v2\/types\/post"}],"author":[{"embeddable":true,"href":"https:\/\/consejomagistratura.gov.ar\/index.php\/wp-json\/wp\/v2\/users\/6"}],"replies":[{"embeddable":true,"href":"https:\/\/consejomagistratura.gov.ar\/index.php\/wp-json\/wp\/v2\/comments?post=53342"}],"version-history":[{"count":2,"href":"https:\/\/consejomagistratura.gov.ar\/index.php\/wp-json\/wp\/v2\/posts\/53342\/revisions"}],"predecessor-version":[{"id":53359,"href":"https:\/\/consejomagistratura.gov.ar\/index.php\/wp-json\/wp\/v2\/posts\/53342\/revisions\/53359"}],"wp:featuredmedia":[{"embeddable":true,"href":"https:\/\/consejomagistratura.gov.ar\/index.php\/wp-json\/wp\/v2\/media\/53357"}],"wp:attachment":[{"href":"https:\/\/consejomagistratura.gov.ar\/index.php\/wp-json\/wp\/v2\/media?parent=53342"}],"wp:term":[{"taxonomy":"category","embeddable":true,"href":"https:\/\/consejomagistratura.gov.ar\/index.php\/wp-json\/wp\/v2\/categories?post=53342"},{"taxonomy":"post_tag","embeddable":true,"href":"https:\/\/consejomagistratura.gov.ar\/index.php\/wp-json\/wp\/v2\/tags?post=53342"}],"curies":[{"name":"wp","href":"https:\/\/api.w.org\/{rel}","templated":true}]}}