{"id":54679,"date":"2026-08-31T15:32:15","date_gmt":"2026-08-31T18:32:15","guid":{"rendered":"https:\/\/consejomagistratura.gov.ar\/?p=54679"},"modified":"2026-08-31T15:32:16","modified_gmt":"2026-08-31T18:32:16","slug":"entrevistas-personales-en-el-concurso-509","status":"publish","type":"post","link":"https:\/\/consejomagistratura.gov.ar\/index.php\/2026\/08\/31\/entrevistas-personales-en-el-concurso-509\/","title":{"rendered":"Entrevistas personales en el Concurso 509"},"content":{"rendered":"\n<figure class=\"wp-block-image size-large\"><img fetchpriority=\"high\" decoding=\"async\" width=\"1024\" height=\"768\" src=\"https:\/\/consejomagistratura.gov.ar\/wp-content\/uploads\/2026\/08\/PHOTO-2026-08-31-10-37-46-1024x768.jpg\" alt=\"\" class=\"wp-image-54680\" srcset=\"https:\/\/consejomagistratura.gov.ar\/wp-content\/uploads\/2026\/08\/PHOTO-2026-08-31-10-37-46-1024x768.jpg 1024w, https:\/\/consejomagistratura.gov.ar\/wp-content\/uploads\/2026\/08\/PHOTO-2026-08-31-10-37-46-300x225.jpg 300w, https:\/\/consejomagistratura.gov.ar\/wp-content\/uploads\/2026\/08\/PHOTO-2026-08-31-10-37-46-768x576.jpg 768w, https:\/\/consejomagistratura.gov.ar\/wp-content\/uploads\/2026\/08\/PHOTO-2026-08-31-10-37-46.jpg 1280w\" sizes=\"(max-width: 1024px) 100vw, 1024px\" \/><\/figure>\n\n\n\n<p>La Comisi\u00f3n de Selecci\u00f3n de Magistrados y Escuela Judicial realiz\u00f3 las entrevistas personales a los\/as postulantes en el Concurso 509, destinado a cubrir siete cargos de juez\/a en los Juzgados Nacionales de Primera Instancia en lo Civil N\u00b0 32, 40, 51, 52, 57,58 y 93 de la Capital.<\/p>\n\n\n\n<p>Las entrevistas se desarrollaron en cuatro jornadas, los d\u00edas 14, 18, 28 y 31 de agosto, presididas por los Consejeros Alberto Maques y &nbsp;Hugo Galderisi, integrantes de la subcomisi\u00f3n que interviene en esta etapa del Concurso, con la asistencia de la Secretaria de la Comisi\u00f3n, Ingrid Jorgensen. Particip\u00f3 tambi\u00e9n la Consejera Agustina D\u00edaz Cordero.<\/p>\n\n\n\n<figure class=\"wp-block-image size-large\"><img decoding=\"async\" width=\"1024\" height=\"768\" src=\"https:\/\/consejomagistratura.gov.ar\/wp-content\/uploads\/2026\/08\/PHOTO-2026-08-28-10-33-20-1024x768.jpg\" alt=\"\" class=\"wp-image-54681\" srcset=\"https:\/\/consejomagistratura.gov.ar\/wp-content\/uploads\/2026\/08\/PHOTO-2026-08-28-10-33-20-1024x768.jpg 1024w, https:\/\/consejomagistratura.gov.ar\/wp-content\/uploads\/2026\/08\/PHOTO-2026-08-28-10-33-20-300x225.jpg 300w, https:\/\/consejomagistratura.gov.ar\/wp-content\/uploads\/2026\/08\/PHOTO-2026-08-28-10-33-20-768x576.jpg 768w, https:\/\/consejomagistratura.gov.ar\/wp-content\/uploads\/2026\/08\/PHOTO-2026-08-28-10-33-20.jpg 1280w\" sizes=\"(max-width: 1024px) 100vw, 1024px\" \/><\/figure>\n\n\n\n<p>La primera jornada tuvo lugar el 14 de agosto. Para esa fecha hab\u00edan sido citados\/as los\/as postulantes Javier Alberto Santiso, Andr\u00e9s Agust\u00edn Da Rold, Adriana Sylvina Mor\u00f3n, Juan Mar\u00eda Papill\u00fa, Ezequiel Javier Sobrino Reig, Florencia In\u00e9s C\u00f3rdoba, Mar\u00eda Anabella Hairabedian, Ignacio Mar\u00eda Bravo d&#8217;Andr\u00e9, y Sandra Laila Esp\u00f3sito.<\/p>\n\n\n\n<p>La segunda jornada se llev\u00f3 a cabo el 18 de agosto, fecha para la que hab\u00edan sido convocados\/as los\/as postulantes Laura Wiszniacki, M\u00f3nica Gabriela Maiz, Romina Kelly, Mariano M\u00e9stola, Gabriela Alejandra Nucciarone, Alejandro Lionel Iriarte, Valeria Antos, Mar\u00eda Julia Ruz, y Alexis Iv\u00e1n Lovrovic.<\/p>\n\n\n\n<figure class=\"wp-block-image size-large\"><img decoding=\"async\" width=\"1024\" height=\"768\" src=\"https:\/\/consejomagistratura.gov.ar\/wp-content\/uploads\/2026\/08\/PHOTO-2026-08-14-10-21-46-1024x768.jpg\" alt=\"\" class=\"wp-image-54682\" srcset=\"https:\/\/consejomagistratura.gov.ar\/wp-content\/uploads\/2026\/08\/PHOTO-2026-08-14-10-21-46-1024x768.jpg 1024w, https:\/\/consejomagistratura.gov.ar\/wp-content\/uploads\/2026\/08\/PHOTO-2026-08-14-10-21-46-300x225.jpg 300w, https:\/\/consejomagistratura.gov.ar\/wp-content\/uploads\/2026\/08\/PHOTO-2026-08-14-10-21-46-768x576.jpg 768w, https:\/\/consejomagistratura.gov.ar\/wp-content\/uploads\/2026\/08\/PHOTO-2026-08-14-10-21-46.jpg 1280w\" sizes=\"(max-width: 1024px) 100vw, 1024px\" \/><\/figure>\n\n\n\n<p>La tercera jornada se realiz\u00f3 el 28 de agosto, fecha para la que fueron convocados\/as los\/as postulantes Luis Eduardo Agust\u00edn Casarini, M\u00e1ximo Musich, Sebasti\u00e1n Julio Marturano, Mar\u00eda Isabel R\u00faa, Paula Mar\u00eda Cicchino, Gabriel Jos\u00e9 Limodio, Carolina Beatriz Gotardo, Mariela P\u00e9rsico, y Gonzalo Mario Y\u00e1\u00f1ez.<\/p>\n\n\n\n<figure class=\"wp-block-image size-large\"><img loading=\"lazy\" decoding=\"async\" width=\"1024\" height=\"867\" src=\"https:\/\/consejomagistratura.gov.ar\/wp-content\/uploads\/2026\/08\/cfed364d-dc31-4755-9c3b-c9696dfdb58d-1024x867.jpg\" alt=\"\" class=\"wp-image-54683\" srcset=\"https:\/\/consejomagistratura.gov.ar\/wp-content\/uploads\/2026\/08\/cfed364d-dc31-4755-9c3b-c9696dfdb58d-1024x867.jpg 1024w, https:\/\/consejomagistratura.gov.ar\/wp-content\/uploads\/2026\/08\/cfed364d-dc31-4755-9c3b-c9696dfdb58d-300x254.jpg 300w, https:\/\/consejomagistratura.gov.ar\/wp-content\/uploads\/2026\/08\/cfed364d-dc31-4755-9c3b-c9696dfdb58d-768x650.jpg 768w, https:\/\/consejomagistratura.gov.ar\/wp-content\/uploads\/2026\/08\/cfed364d-dc31-4755-9c3b-c9696dfdb58d-1536x1300.jpg 1536w, https:\/\/consejomagistratura.gov.ar\/wp-content\/uploads\/2026\/08\/cfed364d-dc31-4755-9c3b-c9696dfdb58d-2048x1734.jpg 2048w\" sizes=\"(max-width: 1024px) 100vw, 1024px\" \/><\/figure>\n\n\n\n<p>La cuarta jornada se concret\u00f3 el 31 de agosto, fecha para la que fueron convocados\/as los\/as postulantes Enrique Bruno Jakobs, Geraldine Dresdner, Juan Aurelio Riva, Gabriel Pablo P\u00e9rez Portela, Ana Victoria Psaropoulos Savickas, Agostina Soledad Barletta, Alejandra Susana Mpolas Andreadis, y Sergio Sebasti\u00e1n Barocelli.<\/p>\n\n\n\n<p>El evento tuvo lugar en la Sala de Sesiones del Consejo de la Magistratura \u201cLino E. Palacio\u201d, ubicada en Libertad 731, piso 2\u00b0, de la Ciudad de Buenos Aires.<\/p>\n","protected":false},"excerpt":{"rendered":"<p>La Comisi\u00f3n de Selecci\u00f3n de Magistrados y Escuela Judicial realiz\u00f3 las entrevistas personales a los\/as postulantes en el Concurso 509, destinado a cubrir siete cargos de juez\/a en los Juzgados Nacionales de Primera Instancia en [&hellip;]<\/p>\n","protected":false},"author":6,"featured_media":54682,"comment_status":"closed","ping_status":"closed","sticky":false,"template":"","format":"standard","meta":{"footnotes":""},"categories":[18,4,8],"tags":[],"class_list":["post-54679","post","type-post","status-publish","format-standard","has-post-thumbnail","hentry","category-seleccion","category-comisiones","category-concursos"],"yoast_head":"<!-- This site is optimized with the Yoast SEO Premium plugin v16.2 (Yoast SEO v17.9) - https:\/\/yoast.com\/wordpress\/plugins\/seo\/ -->\n<title>Entrevistas personales en el Concurso 509 | Consejo de la Magistratura<\/title>\n<meta name=\"robots\" content=\"index, follow, max-snippet:-1, max-image-preview:large, max-video-preview:-1\" \/>\n<link rel=\"canonical\" href=\"https:\/\/consejomagistratura.gov.ar\/index.php\/2026\/08\/31\/entrevistas-personales-en-el-concurso-509\/\" \/>\n<meta property=\"og:locale\" content=\"es_ES\" \/>\n<meta property=\"og:type\" content=\"article\" \/>\n<meta property=\"og:title\" content=\"Entrevistas personales en el Concurso 509 | Consejo de la Magistratura\" \/>\n<meta property=\"og:description\" content=\"La Comisi\u00f3n de Selecci\u00f3n de Magistrados y Escuela Judicial realiz\u00f3 las entrevistas personales a los\/as postulantes en el Concurso 509, destinado a cubrir siete cargos de juez\/a en los Juzgados Nacionales de Primera Instancia en [&hellip;]\" \/>\n<meta property=\"og:url\" content=\"https:\/\/consejomagistratura.gov.ar\/index.php\/2026\/08\/31\/entrevistas-personales-en-el-concurso-509\/\" \/>\n<meta property=\"og:site_name\" content=\"Consejo de la Magistratura\" \/>\n<meta property=\"article:publisher\" content=\"https:\/\/www.facebook.com\/consejomagistratura\" \/>\n<meta property=\"article:published_time\" content=\"2026-08-31T18:32:15+00:00\" \/>\n<meta property=\"article:modified_time\" content=\"2026-08-31T18:32:16+00:00\" \/>\n<meta property=\"og:image\" content=\"https:\/\/consejomagistratura.gov.ar\/wp-content\/uploads\/2026\/08\/PHOTO-2026-08-14-10-21-46.jpg\" \/>\n\t<meta property=\"og:image:width\" content=\"1280\" \/>\n\t<meta property=\"og:image:height\" content=\"960\" \/>\n\t<meta property=\"og:image:type\" content=\"image\/jpeg\" \/>\n<meta name=\"twitter:card\" content=\"summary_large_image\" \/>\n<meta name=\"twitter:creator\" content=\"@cmagistratura\" \/>\n<meta name=\"twitter:site\" content=\"@cmagistratura\" \/>\n<meta name=\"twitter:label1\" content=\"Escrito por\" \/>\n\t<meta name=\"twitter:data1\" content=\"hernanelman\" \/>\n\t<meta name=\"twitter:label2\" content=\"Tiempo de lectura\" \/>\n\t<meta name=\"twitter:data2\" content=\"2 minutos\" \/>\n<script type=\"application\/ld+json\" class=\"yoast-schema-graph\">{\"@context\":\"https:\/\/schema.org\",\"@graph\":[{\"@type\":\"Organization\",\"@id\":\"https:\/\/consejomagistratura.gov.ar\/#organization\",\"name\":\"Consejo de la Magistratura\",\"url\":\"https:\/\/consejomagistratura.gov.ar\/\",\"sameAs\":[\"https:\/\/www.facebook.com\/consejomagistratura\",\"https:\/\/www.instagram.com\/consejodelamagistratura\/\",\"https:\/\/www.youtube.com\/c\/consejodelamagistraturadelanacion\",\"https:\/\/es.wikipedia.org\/wiki\/Consejo_de_la_Magistratura_(Argentina)\",\"https:\/\/twitter.com\/cmagistratura\"],\"logo\":{\"@type\":\"ImageObject\",\"@id\":\"https:\/\/consejomagistratura.gov.ar\/#logo\",\"inLanguage\":\"es-AR\",\"url\":\"https:\/\/consejomagistratura.gov.ar\/wp-content\/uploads\/2021\/08\/logo_link_2_Mesa-de-trabajo-1.png\",\"contentUrl\":\"https:\/\/consejomagistratura.gov.ar\/wp-content\/uploads\/2021\/08\/logo_link_2_Mesa-de-trabajo-1.png\",\"width\":1067,\"height\":780,\"caption\":\"Consejo de la Magistratura\"},\"image\":{\"@id\":\"https:\/\/consejomagistratura.gov.ar\/#logo\"}},{\"@type\":\"WebSite\",\"@id\":\"https:\/\/consejomagistratura.gov.ar\/#website\",\"url\":\"https:\/\/consejomagistratura.gov.ar\/\",\"name\":\"Consejo de la Magistratura\",\"description\":\"\",\"publisher\":{\"@id\":\"https:\/\/consejomagistratura.gov.ar\/#organization\"},\"potentialAction\":[{\"@type\":\"SearchAction\",\"target\":{\"@type\":\"EntryPoint\",\"urlTemplate\":\"https:\/\/consejomagistratura.gov.ar\/?s={search_term_string}\"},\"query-input\":\"required name=search_term_string\"}],\"inLanguage\":\"es-AR\"},{\"@type\":\"ImageObject\",\"@id\":\"https:\/\/consejomagistratura.gov.ar\/index.php\/2026\/08\/31\/entrevistas-personales-en-el-concurso-509\/#primaryimage\",\"inLanguage\":\"es-AR\",\"url\":\"https:\/\/consejomagistratura.gov.ar\/wp-content\/uploads\/2026\/08\/PHOTO-2026-08-14-10-21-46.jpg\",\"contentUrl\":\"https:\/\/consejomagistratura.gov.ar\/wp-content\/uploads\/2026\/08\/PHOTO-2026-08-14-10-21-46.jpg\",\"width\":1280,\"height\":960},{\"@type\":\"WebPage\",\"@id\":\"https:\/\/consejomagistratura.gov.ar\/index.php\/2026\/08\/31\/entrevistas-personales-en-el-concurso-509\/#webpage\",\"url\":\"https:\/\/consejomagistratura.gov.ar\/index.php\/2026\/08\/31\/entrevistas-personales-en-el-concurso-509\/\",\"name\":\"Entrevistas personales en el Concurso 509 | Consejo de la Magistratura\",\"isPartOf\":{\"@id\":\"https:\/\/consejomagistratura.gov.ar\/#website\"},\"primaryImageOfPage\":{\"@id\":\"https:\/\/consejomagistratura.gov.ar\/index.php\/2026\/08\/31\/entrevistas-personales-en-el-concurso-509\/#primaryimage\"},\"datePublished\":\"2026-08-31T18:32:15+00:00\",\"dateModified\":\"2026-08-31T18:32:16+00:00\",\"breadcrumb\":{\"@id\":\"https:\/\/consejomagistratura.gov.ar\/index.php\/2026\/08\/31\/entrevistas-personales-en-el-concurso-509\/#breadcrumb\"},\"inLanguage\":\"es-AR\",\"potentialAction\":[{\"@type\":\"ReadAction\",\"target\":[\"https:\/\/consejomagistratura.gov.ar\/index.php\/2026\/08\/31\/entrevistas-personales-en-el-concurso-509\/\"]}]},{\"@type\":\"BreadcrumbList\",\"@id\":\"https:\/\/consejomagistratura.gov.ar\/index.php\/2026\/08\/31\/entrevistas-personales-en-el-concurso-509\/#breadcrumb\",\"itemListElement\":[{\"@type\":\"ListItem\",\"position\":1,\"name\":\"Inicio\",\"item\":\"https:\/\/consejomagistratura.gov.ar\/\"},{\"@type\":\"ListItem\",\"position\":2,\"name\":\"Entrevistas personales en el Concurso 509\"}]},{\"@type\":\"Article\",\"@id\":\"https:\/\/consejomagistratura.gov.ar\/index.php\/2026\/08\/31\/entrevistas-personales-en-el-concurso-509\/#article\",\"isPartOf\":{\"@id\":\"https:\/\/consejomagistratura.gov.ar\/index.php\/2026\/08\/31\/entrevistas-personales-en-el-concurso-509\/#webpage\"},\"author\":{\"@id\":\"https:\/\/consejomagistratura.gov.ar\/#\/schema\/person\/4da57063f408a85d886d958badf8f6df\"},\"headline\":\"Entrevistas personales en el Concurso 509\",\"datePublished\":\"2026-08-31T18:32:15+00:00\",\"dateModified\":\"2026-08-31T18:32:16+00:00\",\"mainEntityOfPage\":{\"@id\":\"https:\/\/consejomagistratura.gov.ar\/index.php\/2026\/08\/31\/entrevistas-personales-en-el-concurso-509\/#webpage\"},\"wordCount\":342,\"publisher\":{\"@id\":\"https:\/\/consejomagistratura.gov.ar\/#organization\"},\"image\":{\"@id\":\"https:\/\/consejomagistratura.gov.ar\/index.php\/2026\/08\/31\/entrevistas-personales-en-el-concurso-509\/#primaryimage\"},\"thumbnailUrl\":\"https:\/\/consejomagistratura.gov.ar\/wp-content\/uploads\/2026\/08\/PHOTO-2026-08-14-10-21-46.jpg\",\"articleSection\":[\"Comisi\\u00f3n de Selecci\\u00f3n de Magistrados y Escuela Judicial\",\"Comisiones\",\"Concursos\"],\"inLanguage\":\"es-AR\"},{\"@type\":\"Person\",\"@id\":\"https:\/\/consejomagistratura.gov.ar\/#\/schema\/person\/4da57063f408a85d886d958badf8f6df\",\"name\":\"hernanelman\",\"image\":{\"@type\":\"ImageObject\",\"@id\":\"https:\/\/consejomagistratura.gov.ar\/#personlogo\",\"inLanguage\":\"es-AR\",\"url\":\"https:\/\/secure.gravatar.com\/avatar\/cb37cc646e6a84fe6e78061c6d9d5fb02a35404aaf0d46840fd3257e6c0131f2?s=96&d=mm&r=g\",\"contentUrl\":\"https:\/\/secure.gravatar.com\/avatar\/cb37cc646e6a84fe6e78061c6d9d5fb02a35404aaf0d46840fd3257e6c0131f2?s=96&d=mm&r=g\",\"caption\":\"hernanelman\"},\"url\":\"https:\/\/consejomagistratura.gov.ar\/index.php\/author\/hernanelman\/\"}]}<\/script>\n<!-- \/ Yoast SEO Premium plugin. -->","yoast_head_json":{"title":"Entrevistas personales en el Concurso 509 | Consejo de la Magistratura","robots":{"index":"index","follow":"follow","max-snippet":"max-snippet:-1","max-image-preview":"max-image-preview:large","max-video-preview":"max-video-preview:-1"},"canonical":"https:\/\/consejomagistratura.gov.ar\/index.php\/2026\/08\/31\/entrevistas-personales-en-el-concurso-509\/","og_locale":"es_ES","og_type":"article","og_title":"Entrevistas personales en el Concurso 509 | Consejo de la Magistratura","og_description":"La Comisi\u00f3n de Selecci\u00f3n de Magistrados y Escuela Judicial realiz\u00f3 las entrevistas personales a los\/as postulantes en el Concurso 509, destinado a cubrir siete cargos de juez\/a en los Juzgados Nacionales de Primera Instancia en [&hellip;]","og_url":"https:\/\/consejomagistratura.gov.ar\/index.php\/2026\/08\/31\/entrevistas-personales-en-el-concurso-509\/","og_site_name":"Consejo de la Magistratura","article_publisher":"https:\/\/www.facebook.com\/consejomagistratura","article_published_time":"2026-08-31T18:32:15+00:00","article_modified_time":"2026-08-31T18:32:16+00:00","og_image":[{"width":1280,"height":960,"url":"https:\/\/consejomagistratura.gov.ar\/wp-content\/uploads\/2026\/08\/PHOTO-2026-08-14-10-21-46.jpg","type":"image\/jpeg"}],"twitter_card":"summary_large_image","twitter_creator":"@cmagistratura","twitter_site":"@cmagistratura","twitter_misc":{"Escrito por":"hernanelman","Tiempo de lectura":"2 minutos"},"schema":{"@context":"https:\/\/schema.org","@graph":[{"@type":"Organization","@id":"https:\/\/consejomagistratura.gov.ar\/#organization","name":"Consejo de la Magistratura","url":"https:\/\/consejomagistratura.gov.ar\/","sameAs":["https:\/\/www.facebook.com\/consejomagistratura","https:\/\/www.instagram.com\/consejodelamagistratura\/","https:\/\/www.youtube.com\/c\/consejodelamagistraturadelanacion","https:\/\/es.wikipedia.org\/wiki\/Consejo_de_la_Magistratura_(Argentina)","https:\/\/twitter.com\/cmagistratura"],"logo":{"@type":"ImageObject","@id":"https:\/\/consejomagistratura.gov.ar\/#logo","inLanguage":"es-AR","url":"https:\/\/consejomagistratura.gov.ar\/wp-content\/uploads\/2021\/08\/logo_link_2_Mesa-de-trabajo-1.png","contentUrl":"https:\/\/consejomagistratura.gov.ar\/wp-content\/uploads\/2021\/08\/logo_link_2_Mesa-de-trabajo-1.png","width":1067,"height":780,"caption":"Consejo de la Magistratura"},"image":{"@id":"https:\/\/consejomagistratura.gov.ar\/#logo"}},{"@type":"WebSite","@id":"https:\/\/consejomagistratura.gov.ar\/#website","url":"https:\/\/consejomagistratura.gov.ar\/","name":"Consejo de la Magistratura","description":"","publisher":{"@id":"https:\/\/consejomagistratura.gov.ar\/#organization"},"potentialAction":[{"@type":"SearchAction","target":{"@type":"EntryPoint","urlTemplate":"https:\/\/consejomagistratura.gov.ar\/?s={search_term_string}"},"query-input":"required name=search_term_string"}],"inLanguage":"es-AR"},{"@type":"ImageObject","@id":"https:\/\/consejomagistratura.gov.ar\/index.php\/2026\/08\/31\/entrevistas-personales-en-el-concurso-509\/#primaryimage","inLanguage":"es-AR","url":"https:\/\/consejomagistratura.gov.ar\/wp-content\/uploads\/2026\/08\/PHOTO-2026-08-14-10-21-46.jpg","contentUrl":"https:\/\/consejomagistratura.gov.ar\/wp-content\/uploads\/2026\/08\/PHOTO-2026-08-14-10-21-46.jpg","width":1280,"height":960},{"@type":"WebPage","@id":"https:\/\/consejomagistratura.gov.ar\/index.php\/2026\/08\/31\/entrevistas-personales-en-el-concurso-509\/#webpage","url":"https:\/\/consejomagistratura.gov.ar\/index.php\/2026\/08\/31\/entrevistas-personales-en-el-concurso-509\/","name":"Entrevistas personales en el Concurso 509 | Consejo de la Magistratura","isPartOf":{"@id":"https:\/\/consejomagistratura.gov.ar\/#website"},"primaryImageOfPage":{"@id":"https:\/\/consejomagistratura.gov.ar\/index.php\/2026\/08\/31\/entrevistas-personales-en-el-concurso-509\/#primaryimage"},"datePublished":"2026-08-31T18:32:15+00:00","dateModified":"2026-08-31T18:32:16+00:00","breadcrumb":{"@id":"https:\/\/consejomagistratura.gov.ar\/index.php\/2026\/08\/31\/entrevistas-personales-en-el-concurso-509\/#breadcrumb"},"inLanguage":"es-AR","potentialAction":[{"@type":"ReadAction","target":["https:\/\/consejomagistratura.gov.ar\/index.php\/2026\/08\/31\/entrevistas-personales-en-el-concurso-509\/"]}]},{"@type":"BreadcrumbList","@id":"https:\/\/consejomagistratura.gov.ar\/index.php\/2026\/08\/31\/entrevistas-personales-en-el-concurso-509\/#breadcrumb","itemListElement":[{"@type":"ListItem","position":1,"name":"Inicio","item":"https:\/\/consejomagistratura.gov.ar\/"},{"@type":"ListItem","position":2,"name":"Entrevistas personales en el Concurso 509"}]},{"@type":"Article","@id":"https:\/\/consejomagistratura.gov.ar\/index.php\/2026\/08\/31\/entrevistas-personales-en-el-concurso-509\/#article","isPartOf":{"@id":"https:\/\/consejomagistratura.gov.ar\/index.php\/2026\/08\/31\/entrevistas-personales-en-el-concurso-509\/#webpage"},"author":{"@id":"https:\/\/consejomagistratura.gov.ar\/#\/schema\/person\/4da57063f408a85d886d958badf8f6df"},"headline":"Entrevistas personales en el Concurso 509","datePublished":"2026-08-31T18:32:15+00:00","dateModified":"2026-08-31T18:32:16+00:00","mainEntityOfPage":{"@id":"https:\/\/consejomagistratura.gov.ar\/index.php\/2026\/08\/31\/entrevistas-personales-en-el-concurso-509\/#webpage"},"wordCount":342,"publisher":{"@id":"https:\/\/consejomagistratura.gov.ar\/#organization"},"image":{"@id":"https:\/\/consejomagistratura.gov.ar\/index.php\/2026\/08\/31\/entrevistas-personales-en-el-concurso-509\/#primaryimage"},"thumbnailUrl":"https:\/\/consejomagistratura.gov.ar\/wp-content\/uploads\/2026\/08\/PHOTO-2026-08-14-10-21-46.jpg","articleSection":["Comisi\u00f3n de Selecci\u00f3n de Magistrados y Escuela Judicial","Comisiones","Concursos"],"inLanguage":"es-AR"},{"@type":"Person","@id":"https:\/\/consejomagistratura.gov.ar\/#\/schema\/person\/4da57063f408a85d886d958badf8f6df","name":"hernanelman","image":{"@type":"ImageObject","@id":"https:\/\/consejomagistratura.gov.ar\/#personlogo","inLanguage":"es-AR","url":"https:\/\/secure.gravatar.com\/avatar\/cb37cc646e6a84fe6e78061c6d9d5fb02a35404aaf0d46840fd3257e6c0131f2?s=96&d=mm&r=g","contentUrl":"https:\/\/secure.gravatar.com\/avatar\/cb37cc646e6a84fe6e78061c6d9d5fb02a35404aaf0d46840fd3257e6c0131f2?s=96&d=mm&r=g","caption":"hernanelman"},"url":"https:\/\/consejomagistratura.gov.ar\/index.php\/author\/hernanelman\/"}]}},"_links":{"self":[{"href":"https:\/\/consejomagistratura.gov.ar\/index.php\/wp-json\/wp\/v2\/posts\/54679","targetHints":{"allow":["GET"]}}],"collection":[{"href":"https:\/\/consejomagistratura.gov.ar\/index.php\/wp-json\/wp\/v2\/posts"}],"about":[{"href":"https:\/\/consejomagistratura.gov.ar\/index.php\/wp-json\/wp\/v2\/types\/post"}],"author":[{"embeddable":true,"href":"https:\/\/consejomagistratura.gov.ar\/index.php\/wp-json\/wp\/v2\/users\/6"}],"replies":[{"embeddable":true,"href":"https:\/\/consejomagistratura.gov.ar\/index.php\/wp-json\/wp\/v2\/comments?post=54679"}],"version-history":[{"count":1,"href":"https:\/\/consejomagistratura.gov.ar\/index.php\/wp-json\/wp\/v2\/posts\/54679\/revisions"}],"predecessor-version":[{"id":54684,"href":"https:\/\/consejomagistratura.gov.ar\/index.php\/wp-json\/wp\/v2\/posts\/54679\/revisions\/54684"}],"wp:featuredmedia":[{"embeddable":true,"href":"https:\/\/consejomagistratura.gov.ar\/index.php\/wp-json\/wp\/v2\/media\/54682"}],"wp:attachment":[{"href":"https:\/\/consejomagistratura.gov.ar\/index.php\/wp-json\/wp\/v2\/media?parent=54679"}],"wp:term":[{"taxonomy":"category","embeddable":true,"href":"https:\/\/consejomagistratura.gov.ar\/index.php\/wp-json\/wp\/v2\/categories?post=54679"},{"taxonomy":"post_tag","embeddable":true,"href":"https:\/\/consejomagistratura.gov.ar\/index.php\/wp-json\/wp\/v2\/tags?post=54679"}],"curies":[{"name":"wp","href":"https:\/\/api.w.org\/{rel}","templated":true}]}}