{"id":54704,"date":"2026-09-02T17:09:16","date_gmt":"2026-09-02T20:09:16","guid":{"rendered":"https:\/\/consejomagistratura.gov.ar\/?p=54704"},"modified":"2026-09-02T17:15:03","modified_gmt":"2026-09-02T20:15:03","slug":"el-jurado-de-enjuiciamiento-rechazo-la-destitucion-del-juez-diaz-lacava","status":"publish","type":"post","link":"https:\/\/consejomagistratura.gov.ar\/index.php\/2026\/09\/02\/el-jurado-de-enjuiciamiento-rechazo-la-destitucion-del-juez-diaz-lacava\/","title":{"rendered":"El Jurado de Enjuiciamiento rechaz\u00f3 la destituci\u00f3n del juez D\u00edaz Lacava"},"content":{"rendered":"\n<figure class=\"wp-block-image size-large\"><img fetchpriority=\"high\" decoding=\"async\" width=\"1024\" height=\"682\" src=\"https:\/\/consejomagistratura.gov.ar\/wp-content\/uploads\/2026\/09\/DSC_9089-1024x682.jpg\" alt=\"\" class=\"wp-image-54705\" srcset=\"https:\/\/consejomagistratura.gov.ar\/wp-content\/uploads\/2026\/09\/DSC_9089-1024x682.jpg 1024w, https:\/\/consejomagistratura.gov.ar\/wp-content\/uploads\/2026\/09\/DSC_9089-300x200.jpg 300w, https:\/\/consejomagistratura.gov.ar\/wp-content\/uploads\/2026\/09\/DSC_9089-768x511.jpg 768w, https:\/\/consejomagistratura.gov.ar\/wp-content\/uploads\/2026\/09\/DSC_9089-1536x1023.jpg 1536w, https:\/\/consejomagistratura.gov.ar\/wp-content\/uploads\/2026\/09\/DSC_9089-2048x1364.jpg 2048w\" sizes=\"(max-width: 1024px) 100vw, 1024px\" \/><\/figure>\n\n\n\n<p>La decisi\u00f3n fue adoptada por el Jurado de Enjuiciamiento presidido por Marcelo Bartumeu Romero (juez de c\u00e1mara), e integrado por N\u00e9stor Pablo Barral (juez de c\u00e1mara); Mar\u00eda Bel\u00e9n Montes de Oca y Mar\u00eda Florencia L\u00f3pez (senadoras nacionales); Nicol\u00e1s Mayoraz y Christian Alejandro Zulli (diputados nacionales); y Ana Beatriz Fern\u00e1ndez (abogada de la matr\u00edcula federal).<\/p>\n\n\n\n<figure class=\"wp-block-image size-large\"><img decoding=\"async\" width=\"1024\" height=\"682\" src=\"https:\/\/consejomagistratura.gov.ar\/wp-content\/uploads\/2026\/09\/DSC_9124-1024x682.jpg\" alt=\"\" class=\"wp-image-54706\" srcset=\"https:\/\/consejomagistratura.gov.ar\/wp-content\/uploads\/2026\/09\/DSC_9124-1024x682.jpg 1024w, https:\/\/consejomagistratura.gov.ar\/wp-content\/uploads\/2026\/09\/DSC_9124-300x200.jpg 300w, https:\/\/consejomagistratura.gov.ar\/wp-content\/uploads\/2026\/09\/DSC_9124-768x512.jpg 768w, https:\/\/consejomagistratura.gov.ar\/wp-content\/uploads\/2026\/09\/DSC_9124-1536x1023.jpg 1536w, https:\/\/consejomagistratura.gov.ar\/wp-content\/uploads\/2026\/09\/DSC_9124-2048x1364.jpg 2048w\" sizes=\"(max-width: 1024px) 100vw, 1024px\" \/><\/figure>\n\n\n\n<p>El Jurado concluy\u00f3 que \u201c(\u2026) la falta de oportuno encauzamiento y contenci\u00f3n institucional ante desajustes humanos deriv\u00f3 en un desenlace desproporcionado que de ning\u00fan modo puede justificar la destituci\u00f3n de un magistrado cuya honorabilidad e idoneidad t\u00e9cnica permanecen indemnes\u201d.<\/p>\n\n\n\n<figure class=\"wp-block-image size-large\"><img decoding=\"async\" width=\"1024\" height=\"682\" src=\"https:\/\/consejomagistratura.gov.ar\/wp-content\/uploads\/2026\/09\/DSC_9119-1024x682.jpg\" alt=\"\" class=\"wp-image-54707\" srcset=\"https:\/\/consejomagistratura.gov.ar\/wp-content\/uploads\/2026\/09\/DSC_9119-1024x682.jpg 1024w, https:\/\/consejomagistratura.gov.ar\/wp-content\/uploads\/2026\/09\/DSC_9119-300x200.jpg 300w, https:\/\/consejomagistratura.gov.ar\/wp-content\/uploads\/2026\/09\/DSC_9119-768x511.jpg 768w, https:\/\/consejomagistratura.gov.ar\/wp-content\/uploads\/2026\/09\/DSC_9119-1536x1023.jpg 1536w, https:\/\/consejomagistratura.gov.ar\/wp-content\/uploads\/2026\/09\/DSC_9119-2048x1364.jpg 2048w\" sizes=\"(max-width: 1024px) 100vw, 1024px\" \/><\/figure>\n\n\n\n<p>De este modo, el Jurado rechaz\u00f3 el pedido de remoci\u00f3n por la causal de mal desempe\u00f1o formulado contra el juez del Tribunal Oral Federal de La Pampa, Pablo Ramiro D\u00edaz Lacava y comunic\u00f3 la decisi\u00f3n al Consejo de la Magistratura a fin de reintegrar al magistrado a sus funciones.<\/p>\n\n\n\n<figure class=\"wp-block-image size-large\"><img loading=\"lazy\" decoding=\"async\" width=\"1024\" height=\"682\" src=\"https:\/\/consejomagistratura.gov.ar\/wp-content\/uploads\/2026\/09\/DSC_9162-1024x682.jpg\" alt=\"\" class=\"wp-image-54709\" srcset=\"https:\/\/consejomagistratura.gov.ar\/wp-content\/uploads\/2026\/09\/DSC_9162-1024x682.jpg 1024w, https:\/\/consejomagistratura.gov.ar\/wp-content\/uploads\/2026\/09\/DSC_9162-300x200.jpg 300w, https:\/\/consejomagistratura.gov.ar\/wp-content\/uploads\/2026\/09\/DSC_9162-768x512.jpg 768w, https:\/\/consejomagistratura.gov.ar\/wp-content\/uploads\/2026\/09\/DSC_9162-1536x1023.jpg 1536w, https:\/\/consejomagistratura.gov.ar\/wp-content\/uploads\/2026\/09\/DSC_9162-2048x1364.jpg 2048w\" sizes=\"(max-width: 1024px) 100vw, 1024px\" \/><\/figure>\n\n\n\n<p>La lectura de la sentencia tuvo lugar durante la tarde de hoy -02 de septiembre- en la Sala de audiencias \u201cDr. Horacio V. Billoch Caride\u201d, ubicada en Libertad 731, 3\u00b0 piso, de la Ciudad de Buenos Aires, con transmisi\u00f3n en vivo desde el Canal en YouTube del Poder Judicial de la Naci\u00f3n.<\/p>\n\n\n\n<p><\/p>\n","protected":false},"excerpt":{"rendered":"<p>La decisi\u00f3n fue adoptada por el Jurado de Enjuiciamiento presidido por Marcelo Bartumeu Romero (juez de c\u00e1mara), e integrado por N\u00e9stor Pablo Barral (juez de c\u00e1mara); Mar\u00eda Bel\u00e9n Montes de Oca y Mar\u00eda Florencia L\u00f3pez [&hellip;]<\/p>\n","protected":false},"author":6,"featured_media":54705,"comment_status":"closed","ping_status":"closed","sticky":false,"template":"","format":"standard","meta":{"footnotes":""},"categories":[3,30],"tags":[],"class_list":["post-54704","post","type-post","status-publish","format-standard","has-post-thumbnail","hentry","category-institucional","category-jurado-de-enjuiciamiento-del-poder-judicial-de-la-nacion"],"yoast_head":"<!-- This site is optimized with the Yoast SEO Premium plugin v16.2 (Yoast SEO v17.9) - https:\/\/yoast.com\/wordpress\/plugins\/seo\/ -->\n<title>El Jurado de Enjuiciamiento rechaz\u00f3 la destituci\u00f3n del juez D\u00edaz Lacava | Consejo de la Magistratura<\/title>\n<meta name=\"robots\" content=\"index, follow, max-snippet:-1, max-image-preview:large, max-video-preview:-1\" \/>\n<link rel=\"canonical\" href=\"https:\/\/consejomagistratura.gov.ar\/index.php\/2026\/09\/02\/el-jurado-de-enjuiciamiento-rechazo-la-destitucion-del-juez-diaz-lacava\/\" \/>\n<meta property=\"og:locale\" content=\"es_ES\" \/>\n<meta property=\"og:type\" content=\"article\" \/>\n<meta property=\"og:title\" content=\"El Jurado de Enjuiciamiento rechaz\u00f3 la destituci\u00f3n del juez D\u00edaz Lacava | Consejo de la Magistratura\" \/>\n<meta property=\"og:description\" content=\"La decisi\u00f3n fue adoptada por el Jurado de Enjuiciamiento presidido por Marcelo Bartumeu Romero (juez de c\u00e1mara), e integrado por N\u00e9stor Pablo Barral (juez de c\u00e1mara); Mar\u00eda Bel\u00e9n Montes de Oca y Mar\u00eda Florencia L\u00f3pez [&hellip;]\" \/>\n<meta property=\"og:url\" content=\"https:\/\/consejomagistratura.gov.ar\/index.php\/2026\/09\/02\/el-jurado-de-enjuiciamiento-rechazo-la-destitucion-del-juez-diaz-lacava\/\" \/>\n<meta property=\"og:site_name\" content=\"Consejo de la Magistratura\" \/>\n<meta property=\"article:publisher\" content=\"https:\/\/www.facebook.com\/consejomagistratura\" \/>\n<meta property=\"article:published_time\" content=\"2026-09-02T20:09:16+00:00\" \/>\n<meta property=\"article:modified_time\" content=\"2026-09-02T20:15:03+00:00\" \/>\n<meta property=\"og:image\" content=\"https:\/\/consejomagistratura.gov.ar\/wp-content\/uploads\/2026\/09\/DSC_9089-scaled.jpg\" \/>\n\t<meta property=\"og:image:width\" content=\"2560\" \/>\n\t<meta property=\"og:image:height\" content=\"1705\" \/>\n\t<meta property=\"og:image:type\" content=\"image\/jpeg\" \/>\n<meta name=\"twitter:card\" content=\"summary_large_image\" \/>\n<meta name=\"twitter:creator\" content=\"@cmagistratura\" \/>\n<meta name=\"twitter:site\" content=\"@cmagistratura\" \/>\n<meta name=\"twitter:label1\" content=\"Escrito por\" \/>\n\t<meta name=\"twitter:data1\" content=\"hernanelman\" \/>\n\t<meta name=\"twitter:label2\" content=\"Tiempo de lectura\" \/>\n\t<meta name=\"twitter:data2\" content=\"1 minuto\" \/>\n<script type=\"application\/ld+json\" class=\"yoast-schema-graph\">{\"@context\":\"https:\/\/schema.org\",\"@graph\":[{\"@type\":\"Organization\",\"@id\":\"https:\/\/consejomagistratura.gov.ar\/#organization\",\"name\":\"Consejo de la Magistratura\",\"url\":\"https:\/\/consejomagistratura.gov.ar\/\",\"sameAs\":[\"https:\/\/www.facebook.com\/consejomagistratura\",\"https:\/\/www.instagram.com\/consejodelamagistratura\/\",\"https:\/\/www.youtube.com\/c\/consejodelamagistraturadelanacion\",\"https:\/\/es.wikipedia.org\/wiki\/Consejo_de_la_Magistratura_(Argentina)\",\"https:\/\/twitter.com\/cmagistratura\"],\"logo\":{\"@type\":\"ImageObject\",\"@id\":\"https:\/\/consejomagistratura.gov.ar\/#logo\",\"inLanguage\":\"es-AR\",\"url\":\"https:\/\/consejomagistratura.gov.ar\/wp-content\/uploads\/2021\/08\/logo_link_2_Mesa-de-trabajo-1.png\",\"contentUrl\":\"https:\/\/consejomagistratura.gov.ar\/wp-content\/uploads\/2021\/08\/logo_link_2_Mesa-de-trabajo-1.png\",\"width\":1067,\"height\":780,\"caption\":\"Consejo de la Magistratura\"},\"image\":{\"@id\":\"https:\/\/consejomagistratura.gov.ar\/#logo\"}},{\"@type\":\"WebSite\",\"@id\":\"https:\/\/consejomagistratura.gov.ar\/#website\",\"url\":\"https:\/\/consejomagistratura.gov.ar\/\",\"name\":\"Consejo de la Magistratura\",\"description\":\"\",\"publisher\":{\"@id\":\"https:\/\/consejomagistratura.gov.ar\/#organization\"},\"potentialAction\":[{\"@type\":\"SearchAction\",\"target\":{\"@type\":\"EntryPoint\",\"urlTemplate\":\"https:\/\/consejomagistratura.gov.ar\/?s={search_term_string}\"},\"query-input\":\"required name=search_term_string\"}],\"inLanguage\":\"es-AR\"},{\"@type\":\"ImageObject\",\"@id\":\"https:\/\/consejomagistratura.gov.ar\/index.php\/2026\/09\/02\/el-jurado-de-enjuiciamiento-rechazo-la-destitucion-del-juez-diaz-lacava\/#primaryimage\",\"inLanguage\":\"es-AR\",\"url\":\"https:\/\/consejomagistratura.gov.ar\/wp-content\/uploads\/2026\/09\/DSC_9089-scaled.jpg\",\"contentUrl\":\"https:\/\/consejomagistratura.gov.ar\/wp-content\/uploads\/2026\/09\/DSC_9089-scaled.jpg\",\"width\":2560,\"height\":1705},{\"@type\":\"WebPage\",\"@id\":\"https:\/\/consejomagistratura.gov.ar\/index.php\/2026\/09\/02\/el-jurado-de-enjuiciamiento-rechazo-la-destitucion-del-juez-diaz-lacava\/#webpage\",\"url\":\"https:\/\/consejomagistratura.gov.ar\/index.php\/2026\/09\/02\/el-jurado-de-enjuiciamiento-rechazo-la-destitucion-del-juez-diaz-lacava\/\",\"name\":\"El Jurado de Enjuiciamiento rechaz\\u00f3 la destituci\\u00f3n del juez D\\u00edaz Lacava | Consejo de la Magistratura\",\"isPartOf\":{\"@id\":\"https:\/\/consejomagistratura.gov.ar\/#website\"},\"primaryImageOfPage\":{\"@id\":\"https:\/\/consejomagistratura.gov.ar\/index.php\/2026\/09\/02\/el-jurado-de-enjuiciamiento-rechazo-la-destitucion-del-juez-diaz-lacava\/#primaryimage\"},\"datePublished\":\"2026-09-02T20:09:16+00:00\",\"dateModified\":\"2026-09-02T20:15:03+00:00\",\"breadcrumb\":{\"@id\":\"https:\/\/consejomagistratura.gov.ar\/index.php\/2026\/09\/02\/el-jurado-de-enjuiciamiento-rechazo-la-destitucion-del-juez-diaz-lacava\/#breadcrumb\"},\"inLanguage\":\"es-AR\",\"potentialAction\":[{\"@type\":\"ReadAction\",\"target\":[\"https:\/\/consejomagistratura.gov.ar\/index.php\/2026\/09\/02\/el-jurado-de-enjuiciamiento-rechazo-la-destitucion-del-juez-diaz-lacava\/\"]}]},{\"@type\":\"BreadcrumbList\",\"@id\":\"https:\/\/consejomagistratura.gov.ar\/index.php\/2026\/09\/02\/el-jurado-de-enjuiciamiento-rechazo-la-destitucion-del-juez-diaz-lacava\/#breadcrumb\",\"itemListElement\":[{\"@type\":\"ListItem\",\"position\":1,\"name\":\"Inicio\",\"item\":\"https:\/\/consejomagistratura.gov.ar\/\"},{\"@type\":\"ListItem\",\"position\":2,\"name\":\"El Jurado de Enjuiciamiento rechaz\\u00f3 la destituci\\u00f3n del juez D\\u00edaz Lacava\"}]},{\"@type\":\"Article\",\"@id\":\"https:\/\/consejomagistratura.gov.ar\/index.php\/2026\/09\/02\/el-jurado-de-enjuiciamiento-rechazo-la-destitucion-del-juez-diaz-lacava\/#article\",\"isPartOf\":{\"@id\":\"https:\/\/consejomagistratura.gov.ar\/index.php\/2026\/09\/02\/el-jurado-de-enjuiciamiento-rechazo-la-destitucion-del-juez-diaz-lacava\/#webpage\"},\"author\":{\"@id\":\"https:\/\/consejomagistratura.gov.ar\/#\/schema\/person\/4da57063f408a85d886d958badf8f6df\"},\"headline\":\"El Jurado de Enjuiciamiento rechaz\\u00f3 la destituci\\u00f3n del juez D\\u00edaz Lacava\",\"datePublished\":\"2026-09-02T20:09:16+00:00\",\"dateModified\":\"2026-09-02T20:15:03+00:00\",\"mainEntityOfPage\":{\"@id\":\"https:\/\/consejomagistratura.gov.ar\/index.php\/2026\/09\/02\/el-jurado-de-enjuiciamiento-rechazo-la-destitucion-del-juez-diaz-lacava\/#webpage\"},\"wordCount\":225,\"publisher\":{\"@id\":\"https:\/\/consejomagistratura.gov.ar\/#organization\"},\"image\":{\"@id\":\"https:\/\/consejomagistratura.gov.ar\/index.php\/2026\/09\/02\/el-jurado-de-enjuiciamiento-rechazo-la-destitucion-del-juez-diaz-lacava\/#primaryimage\"},\"thumbnailUrl\":\"https:\/\/consejomagistratura.gov.ar\/wp-content\/uploads\/2026\/09\/DSC_9089-scaled.jpg\",\"articleSection\":[\"Institucional\",\"Jurado de Enjuiciamiento del Poder Judicial de la Naci\\u00f3n\"],\"inLanguage\":\"es-AR\"},{\"@type\":\"Person\",\"@id\":\"https:\/\/consejomagistratura.gov.ar\/#\/schema\/person\/4da57063f408a85d886d958badf8f6df\",\"name\":\"hernanelman\",\"image\":{\"@type\":\"ImageObject\",\"@id\":\"https:\/\/consejomagistratura.gov.ar\/#personlogo\",\"inLanguage\":\"es-AR\",\"url\":\"https:\/\/secure.gravatar.com\/avatar\/cb37cc646e6a84fe6e78061c6d9d5fb02a35404aaf0d46840fd3257e6c0131f2?s=96&d=mm&r=g\",\"contentUrl\":\"https:\/\/secure.gravatar.com\/avatar\/cb37cc646e6a84fe6e78061c6d9d5fb02a35404aaf0d46840fd3257e6c0131f2?s=96&d=mm&r=g\",\"caption\":\"hernanelman\"},\"url\":\"https:\/\/consejomagistratura.gov.ar\/index.php\/author\/hernanelman\/\"}]}<\/script>\n<!-- \/ Yoast SEO Premium plugin. -->","yoast_head_json":{"title":"El Jurado de Enjuiciamiento rechaz\u00f3 la destituci\u00f3n del juez D\u00edaz Lacava | Consejo de la Magistratura","robots":{"index":"index","follow":"follow","max-snippet":"max-snippet:-1","max-image-preview":"max-image-preview:large","max-video-preview":"max-video-preview:-1"},"canonical":"https:\/\/consejomagistratura.gov.ar\/index.php\/2026\/09\/02\/el-jurado-de-enjuiciamiento-rechazo-la-destitucion-del-juez-diaz-lacava\/","og_locale":"es_ES","og_type":"article","og_title":"El Jurado de Enjuiciamiento rechaz\u00f3 la destituci\u00f3n del juez D\u00edaz Lacava | Consejo de la Magistratura","og_description":"La decisi\u00f3n fue adoptada por el Jurado de Enjuiciamiento presidido por Marcelo Bartumeu Romero (juez de c\u00e1mara), e integrado por N\u00e9stor Pablo Barral (juez de c\u00e1mara); Mar\u00eda Bel\u00e9n Montes de Oca y Mar\u00eda Florencia L\u00f3pez [&hellip;]","og_url":"https:\/\/consejomagistratura.gov.ar\/index.php\/2026\/09\/02\/el-jurado-de-enjuiciamiento-rechazo-la-destitucion-del-juez-diaz-lacava\/","og_site_name":"Consejo de la Magistratura","article_publisher":"https:\/\/www.facebook.com\/consejomagistratura","article_published_time":"2026-09-02T20:09:16+00:00","article_modified_time":"2026-09-02T20:15:03+00:00","og_image":[{"width":2560,"height":1705,"url":"https:\/\/consejomagistratura.gov.ar\/wp-content\/uploads\/2026\/09\/DSC_9089-scaled.jpg","type":"image\/jpeg"}],"twitter_card":"summary_large_image","twitter_creator":"@cmagistratura","twitter_site":"@cmagistratura","twitter_misc":{"Escrito por":"hernanelman","Tiempo de lectura":"1 minuto"},"schema":{"@context":"https:\/\/schema.org","@graph":[{"@type":"Organization","@id":"https:\/\/consejomagistratura.gov.ar\/#organization","name":"Consejo de la Magistratura","url":"https:\/\/consejomagistratura.gov.ar\/","sameAs":["https:\/\/www.facebook.com\/consejomagistratura","https:\/\/www.instagram.com\/consejodelamagistratura\/","https:\/\/www.youtube.com\/c\/consejodelamagistraturadelanacion","https:\/\/es.wikipedia.org\/wiki\/Consejo_de_la_Magistratura_(Argentina)","https:\/\/twitter.com\/cmagistratura"],"logo":{"@type":"ImageObject","@id":"https:\/\/consejomagistratura.gov.ar\/#logo","inLanguage":"es-AR","url":"https:\/\/consejomagistratura.gov.ar\/wp-content\/uploads\/2021\/08\/logo_link_2_Mesa-de-trabajo-1.png","contentUrl":"https:\/\/consejomagistratura.gov.ar\/wp-content\/uploads\/2021\/08\/logo_link_2_Mesa-de-trabajo-1.png","width":1067,"height":780,"caption":"Consejo de la Magistratura"},"image":{"@id":"https:\/\/consejomagistratura.gov.ar\/#logo"}},{"@type":"WebSite","@id":"https:\/\/consejomagistratura.gov.ar\/#website","url":"https:\/\/consejomagistratura.gov.ar\/","name":"Consejo de la Magistratura","description":"","publisher":{"@id":"https:\/\/consejomagistratura.gov.ar\/#organization"},"potentialAction":[{"@type":"SearchAction","target":{"@type":"EntryPoint","urlTemplate":"https:\/\/consejomagistratura.gov.ar\/?s={search_term_string}"},"query-input":"required name=search_term_string"}],"inLanguage":"es-AR"},{"@type":"ImageObject","@id":"https:\/\/consejomagistratura.gov.ar\/index.php\/2026\/09\/02\/el-jurado-de-enjuiciamiento-rechazo-la-destitucion-del-juez-diaz-lacava\/#primaryimage","inLanguage":"es-AR","url":"https:\/\/consejomagistratura.gov.ar\/wp-content\/uploads\/2026\/09\/DSC_9089-scaled.jpg","contentUrl":"https:\/\/consejomagistratura.gov.ar\/wp-content\/uploads\/2026\/09\/DSC_9089-scaled.jpg","width":2560,"height":1705},{"@type":"WebPage","@id":"https:\/\/consejomagistratura.gov.ar\/index.php\/2026\/09\/02\/el-jurado-de-enjuiciamiento-rechazo-la-destitucion-del-juez-diaz-lacava\/#webpage","url":"https:\/\/consejomagistratura.gov.ar\/index.php\/2026\/09\/02\/el-jurado-de-enjuiciamiento-rechazo-la-destitucion-del-juez-diaz-lacava\/","name":"El Jurado de Enjuiciamiento rechaz\u00f3 la destituci\u00f3n del juez D\u00edaz Lacava | Consejo de la Magistratura","isPartOf":{"@id":"https:\/\/consejomagistratura.gov.ar\/#website"},"primaryImageOfPage":{"@id":"https:\/\/consejomagistratura.gov.ar\/index.php\/2026\/09\/02\/el-jurado-de-enjuiciamiento-rechazo-la-destitucion-del-juez-diaz-lacava\/#primaryimage"},"datePublished":"2026-09-02T20:09:16+00:00","dateModified":"2026-09-02T20:15:03+00:00","breadcrumb":{"@id":"https:\/\/consejomagistratura.gov.ar\/index.php\/2026\/09\/02\/el-jurado-de-enjuiciamiento-rechazo-la-destitucion-del-juez-diaz-lacava\/#breadcrumb"},"inLanguage":"es-AR","potentialAction":[{"@type":"ReadAction","target":["https:\/\/consejomagistratura.gov.ar\/index.php\/2026\/09\/02\/el-jurado-de-enjuiciamiento-rechazo-la-destitucion-del-juez-diaz-lacava\/"]}]},{"@type":"BreadcrumbList","@id":"https:\/\/consejomagistratura.gov.ar\/index.php\/2026\/09\/02\/el-jurado-de-enjuiciamiento-rechazo-la-destitucion-del-juez-diaz-lacava\/#breadcrumb","itemListElement":[{"@type":"ListItem","position":1,"name":"Inicio","item":"https:\/\/consejomagistratura.gov.ar\/"},{"@type":"ListItem","position":2,"name":"El Jurado de Enjuiciamiento rechaz\u00f3 la destituci\u00f3n del juez D\u00edaz Lacava"}]},{"@type":"Article","@id":"https:\/\/consejomagistratura.gov.ar\/index.php\/2026\/09\/02\/el-jurado-de-enjuiciamiento-rechazo-la-destitucion-del-juez-diaz-lacava\/#article","isPartOf":{"@id":"https:\/\/consejomagistratura.gov.ar\/index.php\/2026\/09\/02\/el-jurado-de-enjuiciamiento-rechazo-la-destitucion-del-juez-diaz-lacava\/#webpage"},"author":{"@id":"https:\/\/consejomagistratura.gov.ar\/#\/schema\/person\/4da57063f408a85d886d958badf8f6df"},"headline":"El Jurado de Enjuiciamiento rechaz\u00f3 la destituci\u00f3n del juez D\u00edaz Lacava","datePublished":"2026-09-02T20:09:16+00:00","dateModified":"2026-09-02T20:15:03+00:00","mainEntityOfPage":{"@id":"https:\/\/consejomagistratura.gov.ar\/index.php\/2026\/09\/02\/el-jurado-de-enjuiciamiento-rechazo-la-destitucion-del-juez-diaz-lacava\/#webpage"},"wordCount":225,"publisher":{"@id":"https:\/\/consejomagistratura.gov.ar\/#organization"},"image":{"@id":"https:\/\/consejomagistratura.gov.ar\/index.php\/2026\/09\/02\/el-jurado-de-enjuiciamiento-rechazo-la-destitucion-del-juez-diaz-lacava\/#primaryimage"},"thumbnailUrl":"https:\/\/consejomagistratura.gov.ar\/wp-content\/uploads\/2026\/09\/DSC_9089-scaled.jpg","articleSection":["Institucional","Jurado de Enjuiciamiento del Poder Judicial de la Naci\u00f3n"],"inLanguage":"es-AR"},{"@type":"Person","@id":"https:\/\/consejomagistratura.gov.ar\/#\/schema\/person\/4da57063f408a85d886d958badf8f6df","name":"hernanelman","image":{"@type":"ImageObject","@id":"https:\/\/consejomagistratura.gov.ar\/#personlogo","inLanguage":"es-AR","url":"https:\/\/secure.gravatar.com\/avatar\/cb37cc646e6a84fe6e78061c6d9d5fb02a35404aaf0d46840fd3257e6c0131f2?s=96&d=mm&r=g","contentUrl":"https:\/\/secure.gravatar.com\/avatar\/cb37cc646e6a84fe6e78061c6d9d5fb02a35404aaf0d46840fd3257e6c0131f2?s=96&d=mm&r=g","caption":"hernanelman"},"url":"https:\/\/consejomagistratura.gov.ar\/index.php\/author\/hernanelman\/"}]}},"_links":{"self":[{"href":"https:\/\/consejomagistratura.gov.ar\/index.php\/wp-json\/wp\/v2\/posts\/54704","targetHints":{"allow":["GET"]}}],"collection":[{"href":"https:\/\/consejomagistratura.gov.ar\/index.php\/wp-json\/wp\/v2\/posts"}],"about":[{"href":"https:\/\/consejomagistratura.gov.ar\/index.php\/wp-json\/wp\/v2\/types\/post"}],"author":[{"embeddable":true,"href":"https:\/\/consejomagistratura.gov.ar\/index.php\/wp-json\/wp\/v2\/users\/6"}],"replies":[{"embeddable":true,"href":"https:\/\/consejomagistratura.gov.ar\/index.php\/wp-json\/wp\/v2\/comments?post=54704"}],"version-history":[{"count":2,"href":"https:\/\/consejomagistratura.gov.ar\/index.php\/wp-json\/wp\/v2\/posts\/54704\/revisions"}],"predecessor-version":[{"id":54710,"href":"https:\/\/consejomagistratura.gov.ar\/index.php\/wp-json\/wp\/v2\/posts\/54704\/revisions\/54710"}],"wp:featuredmedia":[{"embeddable":true,"href":"https:\/\/consejomagistratura.gov.ar\/index.php\/wp-json\/wp\/v2\/media\/54705"}],"wp:attachment":[{"href":"https:\/\/consejomagistratura.gov.ar\/index.php\/wp-json\/wp\/v2\/media?parent=54704"}],"wp:term":[{"taxonomy":"category","embeddable":true,"href":"https:\/\/consejomagistratura.gov.ar\/index.php\/wp-json\/wp\/v2\/categories?post=54704"},{"taxonomy":"post_tag","embeddable":true,"href":"https:\/\/consejomagistratura.gov.ar\/index.php\/wp-json\/wp\/v2\/tags?post=54704"}],"curies":[{"name":"wp","href":"https:\/\/api.w.org\/{rel}","templated":true}]}}