{"id":54719,"date":"2026-09-03T15:39:33","date_gmt":"2026-09-03T18:39:33","guid":{"rendered":"https:\/\/consejomagistratura.gov.ar\/?p=54719"},"modified":"2026-09-03T16:55:07","modified_gmt":"2026-09-03T19:55:07","slug":"jura-de-magistrados-en-la-camara-criminal-y-correccional-federal","status":"publish","type":"post","link":"https:\/\/consejomagistratura.gov.ar\/index.php\/2026\/09\/03\/jura-de-magistrados-en-la-camara-criminal-y-correccional-federal\/","title":{"rendered":"Jura de magistrados en la C\u00e1mara Criminal y Correccional Federal"},"content":{"rendered":"\n<figure class=\"wp-block-gallery has-nested-images columns-default is-cropped wp-block-gallery-1 is-layout-flex wp-block-gallery-is-layout-flex\">\n<figure class=\"wp-block-image size-large\"><img fetchpriority=\"high\" decoding=\"async\" width=\"1024\" height=\"731\" data-id=\"54723\" src=\"https:\/\/consejomagistratura.gov.ar\/wp-content\/uploads\/2026\/09\/WhatsApp-Image-2026-09-03-at-13.48.47-1024x731.jpeg\" alt=\"\" class=\"wp-image-54723\" srcset=\"https:\/\/consejomagistratura.gov.ar\/wp-content\/uploads\/2026\/09\/WhatsApp-Image-2026-09-03-at-13.48.47-1024x731.jpeg 1024w, https:\/\/consejomagistratura.gov.ar\/wp-content\/uploads\/2026\/09\/WhatsApp-Image-2026-09-03-at-13.48.47-300x214.jpeg 300w, https:\/\/consejomagistratura.gov.ar\/wp-content\/uploads\/2026\/09\/WhatsApp-Image-2026-09-03-at-13.48.47-768x548.jpeg 768w, https:\/\/consejomagistratura.gov.ar\/wp-content\/uploads\/2026\/09\/WhatsApp-Image-2026-09-03-at-13.48.47-1536x1097.jpeg 1536w, https:\/\/consejomagistratura.gov.ar\/wp-content\/uploads\/2026\/09\/WhatsApp-Image-2026-09-03-at-13.48.47-2048x1462.jpeg 2048w\" sizes=\"(max-width: 1024px) 100vw, 1024px\" \/><\/figure>\n\n\n\n<figure class=\"wp-block-image size-large\"><img decoding=\"async\" width=\"1024\" height=\"719\" data-id=\"54722\" src=\"https:\/\/consejomagistratura.gov.ar\/wp-content\/uploads\/2026\/09\/WhatsApp-Image-2026-09-03-at-13.48.47-3-1024x719.jpeg\" alt=\"\" class=\"wp-image-54722\" srcset=\"https:\/\/consejomagistratura.gov.ar\/wp-content\/uploads\/2026\/09\/WhatsApp-Image-2026-09-03-at-13.48.47-3-1024x719.jpeg 1024w, https:\/\/consejomagistratura.gov.ar\/wp-content\/uploads\/2026\/09\/WhatsApp-Image-2026-09-03-at-13.48.47-3-300x211.jpeg 300w, https:\/\/consejomagistratura.gov.ar\/wp-content\/uploads\/2026\/09\/WhatsApp-Image-2026-09-03-at-13.48.47-3-768x539.jpeg 768w, https:\/\/consejomagistratura.gov.ar\/wp-content\/uploads\/2026\/09\/WhatsApp-Image-2026-09-03-at-13.48.47-3-1536x1078.jpeg 1536w, https:\/\/consejomagistratura.gov.ar\/wp-content\/uploads\/2026\/09\/WhatsApp-Image-2026-09-03-at-13.48.47-3-2048x1437.jpeg 2048w\" sizes=\"(max-width: 1024px) 100vw, 1024px\" \/><\/figure>\n<\/figure>\n\n\n\n<p>Los doctores Pablo D. Bertuzzi y Pablo Yadarola prestaron juramento como vocales de la C\u00e1mara Nacional de Apelaciones en lo Criminal y Correccional Federal, durante una ceremonia realizada este jueves 3 de septiembre.<\/p>\n\n\n\n<p>El acto tuvo lugar en la Sala de Audiencias \u201cAuditorio\u201d, ubicada en el subsuelo de los tribunales federales de Av. Comodoro Py 2002, en la Ciudad Aut\u00f3noma de Buenos Aires.<\/p>\n\n\n\n<figure class=\"wp-block-image size-large\"><img decoding=\"async\" width=\"1024\" height=\"683\" src=\"https:\/\/consejomagistratura.gov.ar\/wp-content\/uploads\/2026\/09\/WhatsApp-Image-2026-09-03-at-13.48.47-1-1024x683.jpeg\" alt=\"\" class=\"wp-image-54720\" srcset=\"https:\/\/consejomagistratura.gov.ar\/wp-content\/uploads\/2026\/09\/WhatsApp-Image-2026-09-03-at-13.48.47-1-1024x683.jpeg 1024w, https:\/\/consejomagistratura.gov.ar\/wp-content\/uploads\/2026\/09\/WhatsApp-Image-2026-09-03-at-13.48.47-1-300x200.jpeg 300w, https:\/\/consejomagistratura.gov.ar\/wp-content\/uploads\/2026\/09\/WhatsApp-Image-2026-09-03-at-13.48.47-1-768x512.jpeg 768w, https:\/\/consejomagistratura.gov.ar\/wp-content\/uploads\/2026\/09\/WhatsApp-Image-2026-09-03-at-13.48.47-1-1536x1024.jpeg 1536w, https:\/\/consejomagistratura.gov.ar\/wp-content\/uploads\/2026\/09\/WhatsApp-Image-2026-09-03-at-13.48.47-1-2048x1365.jpeg 2048w\" sizes=\"(max-width: 1024px) 100vw, 1024px\" \/><\/figure>\n\n\n\n<p>Particip\u00f3 de la ceremonia el presidente del Consejo de la Magistratura y de la Corte Suprema de Justicia de la Naci\u00f3n Horacio Rosatti, junto al ministro de Justicia de la Naci\u00f3n, Juan Bautista Mahiques.<br>Por el Consejo de la Magistratura estuvieron presentes los consejeros Diego Barroetave\u00f1a, \u00c1lvaro Gonz\u00e1lez, Alejandra Prov\u00edtola, Fernanda V\u00e1zquez y Santiago Viola.<\/p>\n\n\n\n<figure class=\"wp-block-gallery has-nested-images columns-default is-cropped wp-block-gallery-2 is-layout-flex wp-block-gallery-is-layout-flex\">\n<figure class=\"wp-block-image size-large\"><img loading=\"lazy\" decoding=\"async\" width=\"1024\" height=\"683\" data-id=\"54724\" src=\"https:\/\/consejomagistratura.gov.ar\/wp-content\/uploads\/2026\/09\/WhatsApp-Image-2026-09-03-at-13.48.48-1024x683.jpeg\" alt=\"\" class=\"wp-image-54724\" srcset=\"https:\/\/consejomagistratura.gov.ar\/wp-content\/uploads\/2026\/09\/WhatsApp-Image-2026-09-03-at-13.48.48-1024x683.jpeg 1024w, https:\/\/consejomagistratura.gov.ar\/wp-content\/uploads\/2026\/09\/WhatsApp-Image-2026-09-03-at-13.48.48-300x200.jpeg 300w, https:\/\/consejomagistratura.gov.ar\/wp-content\/uploads\/2026\/09\/WhatsApp-Image-2026-09-03-at-13.48.48-768x512.jpeg 768w, https:\/\/consejomagistratura.gov.ar\/wp-content\/uploads\/2026\/09\/WhatsApp-Image-2026-09-03-at-13.48.48-1536x1024.jpeg 1536w, https:\/\/consejomagistratura.gov.ar\/wp-content\/uploads\/2026\/09\/WhatsApp-Image-2026-09-03-at-13.48.48-2048x1365.jpeg 2048w\" sizes=\"(max-width: 1024px) 100vw, 1024px\" \/><\/figure>\n\n\n\n<figure class=\"wp-block-image size-large\"><img loading=\"lazy\" decoding=\"async\" width=\"1024\" height=\"668\" data-id=\"54721\" src=\"https:\/\/consejomagistratura.gov.ar\/wp-content\/uploads\/2026\/09\/WhatsApp-Image-2026-09-03-at-13.48.47-2-1024x668.jpeg\" alt=\"\" class=\"wp-image-54721\" srcset=\"https:\/\/consejomagistratura.gov.ar\/wp-content\/uploads\/2026\/09\/WhatsApp-Image-2026-09-03-at-13.48.47-2-1024x668.jpeg 1024w, https:\/\/consejomagistratura.gov.ar\/wp-content\/uploads\/2026\/09\/WhatsApp-Image-2026-09-03-at-13.48.47-2-300x196.jpeg 300w, https:\/\/consejomagistratura.gov.ar\/wp-content\/uploads\/2026\/09\/WhatsApp-Image-2026-09-03-at-13.48.47-2-768x501.jpeg 768w, https:\/\/consejomagistratura.gov.ar\/wp-content\/uploads\/2026\/09\/WhatsApp-Image-2026-09-03-at-13.48.47-2-1536x1002.jpeg 1536w, https:\/\/consejomagistratura.gov.ar\/wp-content\/uploads\/2026\/09\/WhatsApp-Image-2026-09-03-at-13.48.47-2-2048x1336.jpeg 2048w\" sizes=\"(max-width: 1024px) 100vw, 1024px\" \/><\/figure>\n<\/figure>\n\n\n\n<p>Asimismo, participaron el administrador general del Poder Judicial de la Naci\u00f3n, Alexis Varady; el secretario de Presidencia del Consejo de la Magistratura, Mat\u00edas Posdeley; y el director de Tecnolog\u00eda, Hern\u00e1n Rondinella, junto con magistrados, funcionarios judiciales, familiares e invitados especiales.<\/p>\n","protected":false},"excerpt":{"rendered":"<p>Los doctores Pablo D. Bertuzzi y Pablo Yadarola prestaron juramento como vocales de la C\u00e1mara Nacional de Apelaciones en lo Criminal y Correccional Federal, durante una ceremonia realizada este jueves 3 de septiembre. El acto [&hellip;]<\/p>\n","protected":false},"author":6,"featured_media":54721,"comment_status":"closed","ping_status":"closed","sticky":false,"template":"","format":"standard","meta":{"footnotes":""},"categories":[3,20],"tags":[],"class_list":["post-54719","post","type-post","status-publish","format-standard","has-post-thumbnail","hentry","category-institucional","category-presidencia"],"yoast_head":"<!-- This site is optimized with the Yoast SEO Premium plugin v16.2 (Yoast SEO v17.9) - https:\/\/yoast.com\/wordpress\/plugins\/seo\/ -->\n<title>Jura de magistrados en la C\u00e1mara Criminal y Correccional Federal | Consejo de la Magistratura<\/title>\n<meta name=\"robots\" content=\"index, follow, max-snippet:-1, max-image-preview:large, max-video-preview:-1\" \/>\n<link rel=\"canonical\" href=\"https:\/\/consejomagistratura.gov.ar\/index.php\/2026\/09\/03\/jura-de-magistrados-en-la-camara-criminal-y-correccional-federal\/\" \/>\n<meta property=\"og:locale\" content=\"es_ES\" \/>\n<meta property=\"og:type\" content=\"article\" \/>\n<meta property=\"og:title\" content=\"Jura de magistrados en la C\u00e1mara Criminal y Correccional Federal | Consejo de la Magistratura\" \/>\n<meta property=\"og:description\" content=\"Los doctores Pablo D. Bertuzzi y Pablo Yadarola prestaron juramento como vocales de la C\u00e1mara Nacional de Apelaciones en lo Criminal y Correccional Federal, durante una ceremonia realizada este jueves 3 de septiembre. El acto [&hellip;]\" \/>\n<meta property=\"og:url\" content=\"https:\/\/consejomagistratura.gov.ar\/index.php\/2026\/09\/03\/jura-de-magistrados-en-la-camara-criminal-y-correccional-federal\/\" \/>\n<meta property=\"og:site_name\" content=\"Consejo de la Magistratura\" \/>\n<meta property=\"article:publisher\" content=\"https:\/\/www.facebook.com\/consejomagistratura\" \/>\n<meta property=\"article:published_time\" content=\"2026-09-03T18:39:33+00:00\" \/>\n<meta property=\"article:modified_time\" content=\"2026-09-03T19:55:07+00:00\" \/>\n<meta property=\"og:image\" content=\"https:\/\/consejomagistratura.gov.ar\/wp-content\/uploads\/2026\/09\/WhatsApp-Image-2026-09-03-at-13.48.47-2-scaled.jpeg\" \/>\n\t<meta property=\"og:image:width\" content=\"2560\" \/>\n\t<meta property=\"og:image:height\" content=\"1670\" \/>\n\t<meta property=\"og:image:type\" content=\"image\/jpeg\" \/>\n<meta name=\"twitter:card\" content=\"summary_large_image\" \/>\n<meta name=\"twitter:creator\" content=\"@cmagistratura\" \/>\n<meta name=\"twitter:site\" content=\"@cmagistratura\" \/>\n<meta name=\"twitter:label1\" content=\"Escrito por\" \/>\n\t<meta name=\"twitter:data1\" content=\"hernanelman\" \/>\n\t<meta name=\"twitter:label2\" content=\"Tiempo de lectura\" \/>\n\t<meta name=\"twitter:data2\" content=\"1 minuto\" \/>\n<script type=\"application\/ld+json\" class=\"yoast-schema-graph\">{\"@context\":\"https:\/\/schema.org\",\"@graph\":[{\"@type\":\"Organization\",\"@id\":\"https:\/\/consejomagistratura.gov.ar\/#organization\",\"name\":\"Consejo de la Magistratura\",\"url\":\"https:\/\/consejomagistratura.gov.ar\/\",\"sameAs\":[\"https:\/\/www.facebook.com\/consejomagistratura\",\"https:\/\/www.instagram.com\/consejodelamagistratura\/\",\"https:\/\/www.youtube.com\/c\/consejodelamagistraturadelanacion\",\"https:\/\/es.wikipedia.org\/wiki\/Consejo_de_la_Magistratura_(Argentina)\",\"https:\/\/twitter.com\/cmagistratura\"],\"logo\":{\"@type\":\"ImageObject\",\"@id\":\"https:\/\/consejomagistratura.gov.ar\/#logo\",\"inLanguage\":\"es-AR\",\"url\":\"https:\/\/consejomagistratura.gov.ar\/wp-content\/uploads\/2021\/08\/logo_link_2_Mesa-de-trabajo-1.png\",\"contentUrl\":\"https:\/\/consejomagistratura.gov.ar\/wp-content\/uploads\/2021\/08\/logo_link_2_Mesa-de-trabajo-1.png\",\"width\":1067,\"height\":780,\"caption\":\"Consejo de la Magistratura\"},\"image\":{\"@id\":\"https:\/\/consejomagistratura.gov.ar\/#logo\"}},{\"@type\":\"WebSite\",\"@id\":\"https:\/\/consejomagistratura.gov.ar\/#website\",\"url\":\"https:\/\/consejomagistratura.gov.ar\/\",\"name\":\"Consejo de la Magistratura\",\"description\":\"\",\"publisher\":{\"@id\":\"https:\/\/consejomagistratura.gov.ar\/#organization\"},\"potentialAction\":[{\"@type\":\"SearchAction\",\"target\":{\"@type\":\"EntryPoint\",\"urlTemplate\":\"https:\/\/consejomagistratura.gov.ar\/?s={search_term_string}\"},\"query-input\":\"required name=search_term_string\"}],\"inLanguage\":\"es-AR\"},{\"@type\":\"ImageObject\",\"@id\":\"https:\/\/consejomagistratura.gov.ar\/index.php\/2026\/09\/03\/jura-de-magistrados-en-la-camara-criminal-y-correccional-federal\/#primaryimage\",\"inLanguage\":\"es-AR\",\"url\":\"https:\/\/consejomagistratura.gov.ar\/wp-content\/uploads\/2026\/09\/WhatsApp-Image-2026-09-03-at-13.48.47-2-scaled.jpeg\",\"contentUrl\":\"https:\/\/consejomagistratura.gov.ar\/wp-content\/uploads\/2026\/09\/WhatsApp-Image-2026-09-03-at-13.48.47-2-scaled.jpeg\",\"width\":2560,\"height\":1670},{\"@type\":\"WebPage\",\"@id\":\"https:\/\/consejomagistratura.gov.ar\/index.php\/2026\/09\/03\/jura-de-magistrados-en-la-camara-criminal-y-correccional-federal\/#webpage\",\"url\":\"https:\/\/consejomagistratura.gov.ar\/index.php\/2026\/09\/03\/jura-de-magistrados-en-la-camara-criminal-y-correccional-federal\/\",\"name\":\"Jura de magistrados en la C\\u00e1mara Criminal y Correccional Federal | Consejo de la Magistratura\",\"isPartOf\":{\"@id\":\"https:\/\/consejomagistratura.gov.ar\/#website\"},\"primaryImageOfPage\":{\"@id\":\"https:\/\/consejomagistratura.gov.ar\/index.php\/2026\/09\/03\/jura-de-magistrados-en-la-camara-criminal-y-correccional-federal\/#primaryimage\"},\"datePublished\":\"2026-09-03T18:39:33+00:00\",\"dateModified\":\"2026-09-03T19:55:07+00:00\",\"breadcrumb\":{\"@id\":\"https:\/\/consejomagistratura.gov.ar\/index.php\/2026\/09\/03\/jura-de-magistrados-en-la-camara-criminal-y-correccional-federal\/#breadcrumb\"},\"inLanguage\":\"es-AR\",\"potentialAction\":[{\"@type\":\"ReadAction\",\"target\":[\"https:\/\/consejomagistratura.gov.ar\/index.php\/2026\/09\/03\/jura-de-magistrados-en-la-camara-criminal-y-correccional-federal\/\"]}]},{\"@type\":\"BreadcrumbList\",\"@id\":\"https:\/\/consejomagistratura.gov.ar\/index.php\/2026\/09\/03\/jura-de-magistrados-en-la-camara-criminal-y-correccional-federal\/#breadcrumb\",\"itemListElement\":[{\"@type\":\"ListItem\",\"position\":1,\"name\":\"Inicio\",\"item\":\"https:\/\/consejomagistratura.gov.ar\/\"},{\"@type\":\"ListItem\",\"position\":2,\"name\":\"Jura de magistrados en la C\\u00e1mara Criminal y Correccional Federal\"}]},{\"@type\":\"Article\",\"@id\":\"https:\/\/consejomagistratura.gov.ar\/index.php\/2026\/09\/03\/jura-de-magistrados-en-la-camara-criminal-y-correccional-federal\/#article\",\"isPartOf\":{\"@id\":\"https:\/\/consejomagistratura.gov.ar\/index.php\/2026\/09\/03\/jura-de-magistrados-en-la-camara-criminal-y-correccional-federal\/#webpage\"},\"author\":{\"@id\":\"https:\/\/consejomagistratura.gov.ar\/#\/schema\/person\/4da57063f408a85d886d958badf8f6df\"},\"headline\":\"Jura de magistrados en la C\\u00e1mara Criminal y Correccional Federal\",\"datePublished\":\"2026-09-03T18:39:33+00:00\",\"dateModified\":\"2026-09-03T19:55:07+00:00\",\"mainEntityOfPage\":{\"@id\":\"https:\/\/consejomagistratura.gov.ar\/index.php\/2026\/09\/03\/jura-de-magistrados-en-la-camara-criminal-y-correccional-federal\/#webpage\"},\"wordCount\":179,\"publisher\":{\"@id\":\"https:\/\/consejomagistratura.gov.ar\/#organization\"},\"image\":{\"@id\":\"https:\/\/consejomagistratura.gov.ar\/index.php\/2026\/09\/03\/jura-de-magistrados-en-la-camara-criminal-y-correccional-federal\/#primaryimage\"},\"thumbnailUrl\":\"https:\/\/consejomagistratura.gov.ar\/wp-content\/uploads\/2026\/09\/WhatsApp-Image-2026-09-03-at-13.48.47-2-scaled.jpeg\",\"articleSection\":[\"Institucional\",\"Presidencia\"],\"inLanguage\":\"es-AR\"},{\"@type\":\"Person\",\"@id\":\"https:\/\/consejomagistratura.gov.ar\/#\/schema\/person\/4da57063f408a85d886d958badf8f6df\",\"name\":\"hernanelman\",\"image\":{\"@type\":\"ImageObject\",\"@id\":\"https:\/\/consejomagistratura.gov.ar\/#personlogo\",\"inLanguage\":\"es-AR\",\"url\":\"https:\/\/secure.gravatar.com\/avatar\/cb37cc646e6a84fe6e78061c6d9d5fb02a35404aaf0d46840fd3257e6c0131f2?s=96&d=mm&r=g\",\"contentUrl\":\"https:\/\/secure.gravatar.com\/avatar\/cb37cc646e6a84fe6e78061c6d9d5fb02a35404aaf0d46840fd3257e6c0131f2?s=96&d=mm&r=g\",\"caption\":\"hernanelman\"},\"url\":\"https:\/\/consejomagistratura.gov.ar\/index.php\/author\/hernanelman\/\"}]}<\/script>\n<!-- \/ Yoast SEO Premium plugin. -->","yoast_head_json":{"title":"Jura de magistrados en la C\u00e1mara Criminal y Correccional Federal | Consejo de la Magistratura","robots":{"index":"index","follow":"follow","max-snippet":"max-snippet:-1","max-image-preview":"max-image-preview:large","max-video-preview":"max-video-preview:-1"},"canonical":"https:\/\/consejomagistratura.gov.ar\/index.php\/2026\/09\/03\/jura-de-magistrados-en-la-camara-criminal-y-correccional-federal\/","og_locale":"es_ES","og_type":"article","og_title":"Jura de magistrados en la C\u00e1mara Criminal y Correccional Federal | Consejo de la Magistratura","og_description":"Los doctores Pablo D. Bertuzzi y Pablo Yadarola prestaron juramento como vocales de la C\u00e1mara Nacional de Apelaciones en lo Criminal y Correccional Federal, durante una ceremonia realizada este jueves 3 de septiembre. El acto [&hellip;]","og_url":"https:\/\/consejomagistratura.gov.ar\/index.php\/2026\/09\/03\/jura-de-magistrados-en-la-camara-criminal-y-correccional-federal\/","og_site_name":"Consejo de la Magistratura","article_publisher":"https:\/\/www.facebook.com\/consejomagistratura","article_published_time":"2026-09-03T18:39:33+00:00","article_modified_time":"2026-09-03T19:55:07+00:00","og_image":[{"width":2560,"height":1670,"url":"https:\/\/consejomagistratura.gov.ar\/wp-content\/uploads\/2026\/09\/WhatsApp-Image-2026-09-03-at-13.48.47-2-scaled.jpeg","type":"image\/jpeg"}],"twitter_card":"summary_large_image","twitter_creator":"@cmagistratura","twitter_site":"@cmagistratura","twitter_misc":{"Escrito por":"hernanelman","Tiempo de lectura":"1 minuto"},"schema":{"@context":"https:\/\/schema.org","@graph":[{"@type":"Organization","@id":"https:\/\/consejomagistratura.gov.ar\/#organization","name":"Consejo de la Magistratura","url":"https:\/\/consejomagistratura.gov.ar\/","sameAs":["https:\/\/www.facebook.com\/consejomagistratura","https:\/\/www.instagram.com\/consejodelamagistratura\/","https:\/\/www.youtube.com\/c\/consejodelamagistraturadelanacion","https:\/\/es.wikipedia.org\/wiki\/Consejo_de_la_Magistratura_(Argentina)","https:\/\/twitter.com\/cmagistratura"],"logo":{"@type":"ImageObject","@id":"https:\/\/consejomagistratura.gov.ar\/#logo","inLanguage":"es-AR","url":"https:\/\/consejomagistratura.gov.ar\/wp-content\/uploads\/2021\/08\/logo_link_2_Mesa-de-trabajo-1.png","contentUrl":"https:\/\/consejomagistratura.gov.ar\/wp-content\/uploads\/2021\/08\/logo_link_2_Mesa-de-trabajo-1.png","width":1067,"height":780,"caption":"Consejo de la Magistratura"},"image":{"@id":"https:\/\/consejomagistratura.gov.ar\/#logo"}},{"@type":"WebSite","@id":"https:\/\/consejomagistratura.gov.ar\/#website","url":"https:\/\/consejomagistratura.gov.ar\/","name":"Consejo de la Magistratura","description":"","publisher":{"@id":"https:\/\/consejomagistratura.gov.ar\/#organization"},"potentialAction":[{"@type":"SearchAction","target":{"@type":"EntryPoint","urlTemplate":"https:\/\/consejomagistratura.gov.ar\/?s={search_term_string}"},"query-input":"required name=search_term_string"}],"inLanguage":"es-AR"},{"@type":"ImageObject","@id":"https:\/\/consejomagistratura.gov.ar\/index.php\/2026\/09\/03\/jura-de-magistrados-en-la-camara-criminal-y-correccional-federal\/#primaryimage","inLanguage":"es-AR","url":"https:\/\/consejomagistratura.gov.ar\/wp-content\/uploads\/2026\/09\/WhatsApp-Image-2026-09-03-at-13.48.47-2-scaled.jpeg","contentUrl":"https:\/\/consejomagistratura.gov.ar\/wp-content\/uploads\/2026\/09\/WhatsApp-Image-2026-09-03-at-13.48.47-2-scaled.jpeg","width":2560,"height":1670},{"@type":"WebPage","@id":"https:\/\/consejomagistratura.gov.ar\/index.php\/2026\/09\/03\/jura-de-magistrados-en-la-camara-criminal-y-correccional-federal\/#webpage","url":"https:\/\/consejomagistratura.gov.ar\/index.php\/2026\/09\/03\/jura-de-magistrados-en-la-camara-criminal-y-correccional-federal\/","name":"Jura de magistrados en la C\u00e1mara Criminal y Correccional Federal | Consejo de la Magistratura","isPartOf":{"@id":"https:\/\/consejomagistratura.gov.ar\/#website"},"primaryImageOfPage":{"@id":"https:\/\/consejomagistratura.gov.ar\/index.php\/2026\/09\/03\/jura-de-magistrados-en-la-camara-criminal-y-correccional-federal\/#primaryimage"},"datePublished":"2026-09-03T18:39:33+00:00","dateModified":"2026-09-03T19:55:07+00:00","breadcrumb":{"@id":"https:\/\/consejomagistratura.gov.ar\/index.php\/2026\/09\/03\/jura-de-magistrados-en-la-camara-criminal-y-correccional-federal\/#breadcrumb"},"inLanguage":"es-AR","potentialAction":[{"@type":"ReadAction","target":["https:\/\/consejomagistratura.gov.ar\/index.php\/2026\/09\/03\/jura-de-magistrados-en-la-camara-criminal-y-correccional-federal\/"]}]},{"@type":"BreadcrumbList","@id":"https:\/\/consejomagistratura.gov.ar\/index.php\/2026\/09\/03\/jura-de-magistrados-en-la-camara-criminal-y-correccional-federal\/#breadcrumb","itemListElement":[{"@type":"ListItem","position":1,"name":"Inicio","item":"https:\/\/consejomagistratura.gov.ar\/"},{"@type":"ListItem","position":2,"name":"Jura de magistrados en la C\u00e1mara Criminal y Correccional Federal"}]},{"@type":"Article","@id":"https:\/\/consejomagistratura.gov.ar\/index.php\/2026\/09\/03\/jura-de-magistrados-en-la-camara-criminal-y-correccional-federal\/#article","isPartOf":{"@id":"https:\/\/consejomagistratura.gov.ar\/index.php\/2026\/09\/03\/jura-de-magistrados-en-la-camara-criminal-y-correccional-federal\/#webpage"},"author":{"@id":"https:\/\/consejomagistratura.gov.ar\/#\/schema\/person\/4da57063f408a85d886d958badf8f6df"},"headline":"Jura de magistrados en la C\u00e1mara Criminal y Correccional Federal","datePublished":"2026-09-03T18:39:33+00:00","dateModified":"2026-09-03T19:55:07+00:00","mainEntityOfPage":{"@id":"https:\/\/consejomagistratura.gov.ar\/index.php\/2026\/09\/03\/jura-de-magistrados-en-la-camara-criminal-y-correccional-federal\/#webpage"},"wordCount":179,"publisher":{"@id":"https:\/\/consejomagistratura.gov.ar\/#organization"},"image":{"@id":"https:\/\/consejomagistratura.gov.ar\/index.php\/2026\/09\/03\/jura-de-magistrados-en-la-camara-criminal-y-correccional-federal\/#primaryimage"},"thumbnailUrl":"https:\/\/consejomagistratura.gov.ar\/wp-content\/uploads\/2026\/09\/WhatsApp-Image-2026-09-03-at-13.48.47-2-scaled.jpeg","articleSection":["Institucional","Presidencia"],"inLanguage":"es-AR"},{"@type":"Person","@id":"https:\/\/consejomagistratura.gov.ar\/#\/schema\/person\/4da57063f408a85d886d958badf8f6df","name":"hernanelman","image":{"@type":"ImageObject","@id":"https:\/\/consejomagistratura.gov.ar\/#personlogo","inLanguage":"es-AR","url":"https:\/\/secure.gravatar.com\/avatar\/cb37cc646e6a84fe6e78061c6d9d5fb02a35404aaf0d46840fd3257e6c0131f2?s=96&d=mm&r=g","contentUrl":"https:\/\/secure.gravatar.com\/avatar\/cb37cc646e6a84fe6e78061c6d9d5fb02a35404aaf0d46840fd3257e6c0131f2?s=96&d=mm&r=g","caption":"hernanelman"},"url":"https:\/\/consejomagistratura.gov.ar\/index.php\/author\/hernanelman\/"}]}},"_links":{"self":[{"href":"https:\/\/consejomagistratura.gov.ar\/index.php\/wp-json\/wp\/v2\/posts\/54719","targetHints":{"allow":["GET"]}}],"collection":[{"href":"https:\/\/consejomagistratura.gov.ar\/index.php\/wp-json\/wp\/v2\/posts"}],"about":[{"href":"https:\/\/consejomagistratura.gov.ar\/index.php\/wp-json\/wp\/v2\/types\/post"}],"author":[{"embeddable":true,"href":"https:\/\/consejomagistratura.gov.ar\/index.php\/wp-json\/wp\/v2\/users\/6"}],"replies":[{"embeddable":true,"href":"https:\/\/consejomagistratura.gov.ar\/index.php\/wp-json\/wp\/v2\/comments?post=54719"}],"version-history":[{"count":1,"href":"https:\/\/consejomagistratura.gov.ar\/index.php\/wp-json\/wp\/v2\/posts\/54719\/revisions"}],"predecessor-version":[{"id":54725,"href":"https:\/\/consejomagistratura.gov.ar\/index.php\/wp-json\/wp\/v2\/posts\/54719\/revisions\/54725"}],"wp:featuredmedia":[{"embeddable":true,"href":"https:\/\/consejomagistratura.gov.ar\/index.php\/wp-json\/wp\/v2\/media\/54721"}],"wp:attachment":[{"href":"https:\/\/consejomagistratura.gov.ar\/index.php\/wp-json\/wp\/v2\/media?parent=54719"}],"wp:term":[{"taxonomy":"category","embeddable":true,"href":"https:\/\/consejomagistratura.gov.ar\/index.php\/wp-json\/wp\/v2\/categories?post=54719"},{"taxonomy":"post_tag","embeddable":true,"href":"https:\/\/consejomagistratura.gov.ar\/index.php\/wp-json\/wp\/v2\/tags?post=54719"}],"curies":[{"name":"wp","href":"https:\/\/api.w.org\/{rel}","templated":true}]}}