{"id":54726,"date":"2026-09-03T17:44:01","date_gmt":"2026-09-03T20:44:01","guid":{"rendered":"https:\/\/consejomagistratura.gov.ar\/?p=54726"},"modified":"2026-09-03T17:44:05","modified_gmt":"2026-09-03T20:44:05","slug":"sesion-de-la-comision-de-administracion-y-financiera-2","status":"publish","type":"post","link":"https:\/\/consejomagistratura.gov.ar\/index.php\/2026\/09\/03\/sesion-de-la-comision-de-administracion-y-financiera-2\/","title":{"rendered":"Sesi\u00f3n de la Comisi\u00f3n de Administraci\u00f3n y Financiera"},"content":{"rendered":"\n<figure class=\"wp-block-image size-large\"><img fetchpriority=\"high\" decoding=\"async\" width=\"1024\" height=\"682\" src=\"https:\/\/consejomagistratura.gov.ar\/wp-content\/uploads\/2026\/09\/DSC_9336-1024x682.jpg\" alt=\"\" class=\"wp-image-54730\" srcset=\"https:\/\/consejomagistratura.gov.ar\/wp-content\/uploads\/2026\/09\/DSC_9336-1024x682.jpg 1024w, https:\/\/consejomagistratura.gov.ar\/wp-content\/uploads\/2026\/09\/DSC_9336-300x200.jpg 300w, https:\/\/consejomagistratura.gov.ar\/wp-content\/uploads\/2026\/09\/DSC_9336-768x511.jpg 768w, https:\/\/consejomagistratura.gov.ar\/wp-content\/uploads\/2026\/09\/DSC_9336-1536x1023.jpg 1536w, https:\/\/consejomagistratura.gov.ar\/wp-content\/uploads\/2026\/09\/DSC_9336-2048x1364.jpg 2048w\" sizes=\"(max-width: 1024px) 100vw, 1024px\" \/><\/figure>\n\n\n\n<p>Durante la ma\u00f1ana de hoy -3 de septiembre- se llev\u00f3 a cabo la sesi\u00f3n de la Comisi\u00f3n de Administraci\u00f3n y Financiera del Consejo de la Magistratura de la Naci\u00f3n, presidida por su titular, Santiago Viola, con la asistencia del Secretario de la Comisi\u00f3n, Fernando \u00c1lvarez, y del Administrador General del Poder Judicial de la Naci\u00f3n, Alexis Varady.<\/p>\n\n\n\n<p>Participaron de la reuni\u00f3n los\/as Consejeros\/as Diego Barroetave\u00f1a, Jimena De la Torre, Agustina D\u00edaz Cordero, \u00c1lvaro Gonz\u00e1lez, Alejandra Prov\u00edtola y Guillermo Tamarit.<\/p>\n\n\n\n<p>Al inicio de la sesi\u00f3n se aprob\u00f3 el acta de la reuni\u00f3n anterior y se presentaron los informes de la Presidencia, la Administraci\u00f3n General y la Secretar\u00eda de la Comisi\u00f3n.<\/p>\n\n\n\n<figure class=\"wp-block-image size-large\"><img decoding=\"async\" width=\"1024\" height=\"682\" src=\"https:\/\/consejomagistratura.gov.ar\/wp-content\/uploads\/2026\/09\/DSC_9319-1024x682.jpg\" alt=\"\" class=\"wp-image-54729\" srcset=\"https:\/\/consejomagistratura.gov.ar\/wp-content\/uploads\/2026\/09\/DSC_9319-1024x682.jpg 1024w, https:\/\/consejomagistratura.gov.ar\/wp-content\/uploads\/2026\/09\/DSC_9319-300x200.jpg 300w, https:\/\/consejomagistratura.gov.ar\/wp-content\/uploads\/2026\/09\/DSC_9319-768x511.jpg 768w, https:\/\/consejomagistratura.gov.ar\/wp-content\/uploads\/2026\/09\/DSC_9319-1536x1023.jpg 1536w, https:\/\/consejomagistratura.gov.ar\/wp-content\/uploads\/2026\/09\/DSC_9319-2048x1364.jpg 2048w\" sizes=\"(max-width: 1024px) 100vw, 1024px\" \/><\/figure>\n\n\n\n<p>En ese marco, el Presidente agradeci\u00f3 a los\/as consejeros\/as y sus asesores\/as por el trabajo realizado y la predisposici\u00f3n para avanzar en la resoluci\u00f3n de los asuntos sometidos a consideraci\u00f3n de la Comisi\u00f3n. Destac\u00f3 que detr\u00e1s de cada uno de los expedientes hay personas, empresas y cuestiones diversas que deben ser atendidas, y eso hace tambi\u00e9n a un mejor servicio de justicia.<\/p>\n\n\n\n<p>A continuaci\u00f3n, el Administrador General inform\u00f3 sobre la situaci\u00f3n econ\u00f3mico-financiera del Poder Judicial de la Naci\u00f3n.<\/p>\n\n\n\n<p>Por su parte, el Secretario dio cuenta de los asuntos ingresados y mencion\u00f3 que circul\u00f3 d\u00edas atr\u00e1s un informe de intendencia relativos a la seguridad del edificio de Libertad 731.<\/p>\n\n\n\n<p>A continuaci\u00f3n, la Comisi\u00f3n se aboc\u00f3 al tratamiento de los expedientes previstos en el orden del d\u00eda y su ampliaci\u00f3n.<\/p>\n\n\n\n<figure class=\"wp-block-gallery has-nested-images columns-default is-cropped wp-block-gallery-1 is-layout-flex wp-block-gallery-is-layout-flex\">\n<figure class=\"wp-block-image size-large\"><img decoding=\"async\" width=\"1024\" height=\"682\" data-id=\"54728\" src=\"https:\/\/consejomagistratura.gov.ar\/wp-content\/uploads\/2026\/09\/DSC_9301-1024x682.jpg\" alt=\"\" class=\"wp-image-54728\" srcset=\"https:\/\/consejomagistratura.gov.ar\/wp-content\/uploads\/2026\/09\/DSC_9301-1024x682.jpg 1024w, https:\/\/consejomagistratura.gov.ar\/wp-content\/uploads\/2026\/09\/DSC_9301-300x200.jpg 300w, https:\/\/consejomagistratura.gov.ar\/wp-content\/uploads\/2026\/09\/DSC_9301-768x511.jpg 768w, https:\/\/consejomagistratura.gov.ar\/wp-content\/uploads\/2026\/09\/DSC_9301-1536x1023.jpg 1536w, https:\/\/consejomagistratura.gov.ar\/wp-content\/uploads\/2026\/09\/DSC_9301-2048x1364.jpg 2048w\" sizes=\"(max-width: 1024px) 100vw, 1024px\" \/><\/figure>\n\n\n\n<figure class=\"wp-block-image size-large\"><img loading=\"lazy\" decoding=\"async\" width=\"1024\" height=\"682\" data-id=\"54733\" src=\"https:\/\/consejomagistratura.gov.ar\/wp-content\/uploads\/2026\/09\/DSC_9246-1024x682.jpg\" alt=\"\" class=\"wp-image-54733\" srcset=\"https:\/\/consejomagistratura.gov.ar\/wp-content\/uploads\/2026\/09\/DSC_9246-1024x682.jpg 1024w, https:\/\/consejomagistratura.gov.ar\/wp-content\/uploads\/2026\/09\/DSC_9246-300x200.jpg 300w, https:\/\/consejomagistratura.gov.ar\/wp-content\/uploads\/2026\/09\/DSC_9246-768x511.jpg 768w, https:\/\/consejomagistratura.gov.ar\/wp-content\/uploads\/2026\/09\/DSC_9246-1536x1023.jpg 1536w, https:\/\/consejomagistratura.gov.ar\/wp-content\/uploads\/2026\/09\/DSC_9246-2048x1364.jpg 2048w\" sizes=\"(max-width: 1024px) 100vw, 1024px\" \/><\/figure>\n<\/figure>\n\n\n\n<p>En materia de licitaciones, se autoriz\u00f3 la convocatoria a distintos procesos en marcha destinados a fortalecer los servicios y la infraestructura tecnol\u00f3gica y edilicia del Poder Judicial de la Naci\u00f3n.<br>En materia de adjudicaciones, se aprobaron licitaciones p\u00fablicas para contratar los servicios de limpieza integral en el edificio sede de la C\u00e1mara Nacional de Apelaciones en lo Penal Econ\u00f3mico, en los edificios correspondientes a la jurisdicci\u00f3n de la C\u00e1mara Federal de Apelaciones de La Plata, y en los edificios dependientes de la C\u00e1mara Nacional de Apelaciones del Trabajo.<\/p>\n\n\n\n<p>Por otra parte, se aprob\u00f3 la contrataci\u00f3n directa con la Polic\u00eda Federal Argentina para la prestaci\u00f3n del servicio de polic\u00eda adicional en diversos edificios del Poder Judicial de la Naci\u00f3n.<\/p>\n\n\n\n<p>En materia de redeterminaci\u00f3n de precios, se aprobaron adecuaciones provisorias y definitivas correspondientes a obras de conexi\u00f3n de tableros el\u00e9ctricos y de adecuaci\u00f3n de ascensores en distintos edificios.<\/p>\n\n\n\n<figure class=\"wp-block-gallery has-nested-images columns-default is-cropped wp-block-gallery-2 is-layout-flex wp-block-gallery-is-layout-flex\">\n<figure class=\"wp-block-image size-large\"><img loading=\"lazy\" decoding=\"async\" width=\"1024\" height=\"682\" data-id=\"54731\" src=\"https:\/\/consejomagistratura.gov.ar\/wp-content\/uploads\/2026\/09\/DSC_9202-1024x682.jpg\" alt=\"\" class=\"wp-image-54731\" srcset=\"https:\/\/consejomagistratura.gov.ar\/wp-content\/uploads\/2026\/09\/DSC_9202-1024x682.jpg 1024w, https:\/\/consejomagistratura.gov.ar\/wp-content\/uploads\/2026\/09\/DSC_9202-300x200.jpg 300w, https:\/\/consejomagistratura.gov.ar\/wp-content\/uploads\/2026\/09\/DSC_9202-768x511.jpg 768w, https:\/\/consejomagistratura.gov.ar\/wp-content\/uploads\/2026\/09\/DSC_9202-1536x1023.jpg 1536w, https:\/\/consejomagistratura.gov.ar\/wp-content\/uploads\/2026\/09\/DSC_9202-2048x1364.jpg 2048w\" sizes=\"(max-width: 1024px) 100vw, 1024px\" \/><\/figure>\n\n\n\n<figure class=\"wp-block-image size-large\"><img loading=\"lazy\" decoding=\"async\" width=\"1024\" height=\"682\" data-id=\"54727\" src=\"https:\/\/consejomagistratura.gov.ar\/wp-content\/uploads\/2026\/09\/DSC_9288-1024x682.jpg\" alt=\"\" class=\"wp-image-54727\" srcset=\"https:\/\/consejomagistratura.gov.ar\/wp-content\/uploads\/2026\/09\/DSC_9288-1024x682.jpg 1024w, https:\/\/consejomagistratura.gov.ar\/wp-content\/uploads\/2026\/09\/DSC_9288-300x200.jpg 300w, https:\/\/consejomagistratura.gov.ar\/wp-content\/uploads\/2026\/09\/DSC_9288-768x511.jpg 768w, https:\/\/consejomagistratura.gov.ar\/wp-content\/uploads\/2026\/09\/DSC_9288-1536x1023.jpg 1536w, https:\/\/consejomagistratura.gov.ar\/wp-content\/uploads\/2026\/09\/DSC_9288-2048x1364.jpg 2048w\" sizes=\"(max-width: 1024px) 100vw, 1024px\" \/><\/figure>\n<\/figure>\n\n\n\n<p>Tambi\u00e9n se resolvieron cuestiones vinculadas con rescisiones parciales y aplicaci\u00f3n de penalidades en el marco de contrataciones vigentes, y se autoriz\u00f3 la renovaci\u00f3n del contrato de locaci\u00f3n del inmueble sede del Juzgado Federal en lo Criminal y Correccional n.\u00b0 2 de San Isidro.<\/p>\n\n\n\n<p>Asimismo, se resolvieron numerosos recursos jer\u00e1rquicos vinculados con subrogancias, ejercidas por magistrados y funcionarios; con honorarios de peritos, y con contrataciones.<\/p>\n\n\n\n<p>El encuentro se desarroll\u00f3 en modalidad semipresencial desde la Sala de reuniones &#8220;Lino E. Palacio&#8221;, ubicada en Libertad 731, 2\u00b0 piso, de la Ciudad Aut\u00f3noma de Buenos Aires, con transmisi\u00f3n en vivo a trav\u00e9s del portal institucional y el canal de YouTube del Organismo.<\/p>\n\n\n\n<figure class=\"wp-block-embed is-type-video is-provider-youtube wp-block-embed-youtube wp-embed-aspect-4-3 wp-has-aspect-ratio\"><div class=\"wp-block-embed__wrapper\">\n<iframe title=\"Reuni\u00f3n de la Comisi\u00f3n de Administraci\u00f3n y Financiera 3\/09\/2026\" width=\"640\" height=\"480\" src=\"https:\/\/www.youtube.com\/embed\/1mtHh2zeCas?feature=oembed\" frameborder=\"0\" allow=\"accelerometer; autoplay; clipboard-write; encrypted-media; gyroscope; picture-in-picture; web-share\" referrerpolicy=\"strict-origin-when-cross-origin\" allowfullscreen><\/iframe>\n<\/div><\/figure>\n","protected":false},"excerpt":{"rendered":"<p>Durante la ma\u00f1ana de hoy -3 de septiembre- se llev\u00f3 a cabo la sesi\u00f3n de la Comisi\u00f3n de Administraci\u00f3n y Financiera del Consejo de la Magistratura de la Naci\u00f3n, presidida por su titular, Santiago Viola, [&hellip;]<\/p>\n","protected":false},"author":6,"featured_media":54730,"comment_status":"closed","ping_status":"closed","sticky":false,"template":"","format":"standard","meta":{"footnotes":""},"categories":[1],"tags":[],"class_list":["post-54726","post","type-post","status-publish","format-standard","has-post-thumbnail","hentry","category-sin-categoria"],"yoast_head":"<!-- This site is optimized with the Yoast SEO Premium plugin v16.2 (Yoast SEO v17.9) - https:\/\/yoast.com\/wordpress\/plugins\/seo\/ -->\n<title>Sesi\u00f3n de la Comisi\u00f3n de Administraci\u00f3n y Financiera | Consejo de la Magistratura<\/title>\n<meta name=\"robots\" content=\"index, follow, max-snippet:-1, max-image-preview:large, max-video-preview:-1\" \/>\n<link rel=\"canonical\" href=\"https:\/\/consejomagistratura.gov.ar\/index.php\/2026\/09\/03\/sesion-de-la-comision-de-administracion-y-financiera-2\/\" \/>\n<meta property=\"og:locale\" content=\"es_ES\" \/>\n<meta property=\"og:type\" content=\"article\" \/>\n<meta property=\"og:title\" content=\"Sesi\u00f3n de la Comisi\u00f3n de Administraci\u00f3n y Financiera | Consejo de la Magistratura\" \/>\n<meta property=\"og:description\" content=\"Durante la ma\u00f1ana de hoy -3 de septiembre- se llev\u00f3 a cabo la sesi\u00f3n de la Comisi\u00f3n de Administraci\u00f3n y Financiera del Consejo de la Magistratura de la Naci\u00f3n, presidida por su titular, Santiago Viola, [&hellip;]\" \/>\n<meta property=\"og:url\" content=\"https:\/\/consejomagistratura.gov.ar\/index.php\/2026\/09\/03\/sesion-de-la-comision-de-administracion-y-financiera-2\/\" \/>\n<meta property=\"og:site_name\" content=\"Consejo de la Magistratura\" \/>\n<meta property=\"article:publisher\" content=\"https:\/\/www.facebook.com\/consejomagistratura\" \/>\n<meta property=\"article:published_time\" content=\"2026-09-03T20:44:01+00:00\" \/>\n<meta property=\"article:modified_time\" content=\"2026-09-03T20:44:05+00:00\" \/>\n<meta property=\"og:image\" content=\"https:\/\/consejomagistratura.gov.ar\/wp-content\/uploads\/2026\/09\/DSC_9336-scaled.jpg\" \/>\n\t<meta property=\"og:image:width\" content=\"2560\" \/>\n\t<meta property=\"og:image:height\" content=\"1705\" \/>\n\t<meta property=\"og:image:type\" content=\"image\/jpeg\" \/>\n<meta name=\"twitter:card\" content=\"summary_large_image\" \/>\n<meta name=\"twitter:creator\" content=\"@cmagistratura\" \/>\n<meta name=\"twitter:site\" content=\"@cmagistratura\" \/>\n<meta name=\"twitter:label1\" content=\"Escrito por\" \/>\n\t<meta name=\"twitter:data1\" content=\"hernanelman\" \/>\n\t<meta name=\"twitter:label2\" content=\"Tiempo de lectura\" \/>\n\t<meta name=\"twitter:data2\" content=\"3 minutos\" \/>\n<script type=\"application\/ld+json\" class=\"yoast-schema-graph\">{\"@context\":\"https:\/\/schema.org\",\"@graph\":[{\"@type\":\"Organization\",\"@id\":\"https:\/\/consejomagistratura.gov.ar\/#organization\",\"name\":\"Consejo de la Magistratura\",\"url\":\"https:\/\/consejomagistratura.gov.ar\/\",\"sameAs\":[\"https:\/\/www.facebook.com\/consejomagistratura\",\"https:\/\/www.instagram.com\/consejodelamagistratura\/\",\"https:\/\/www.youtube.com\/c\/consejodelamagistraturadelanacion\",\"https:\/\/es.wikipedia.org\/wiki\/Consejo_de_la_Magistratura_(Argentina)\",\"https:\/\/twitter.com\/cmagistratura\"],\"logo\":{\"@type\":\"ImageObject\",\"@id\":\"https:\/\/consejomagistratura.gov.ar\/#logo\",\"inLanguage\":\"es-AR\",\"url\":\"https:\/\/consejomagistratura.gov.ar\/wp-content\/uploads\/2021\/08\/logo_link_2_Mesa-de-trabajo-1.png\",\"contentUrl\":\"https:\/\/consejomagistratura.gov.ar\/wp-content\/uploads\/2021\/08\/logo_link_2_Mesa-de-trabajo-1.png\",\"width\":1067,\"height\":780,\"caption\":\"Consejo de la Magistratura\"},\"image\":{\"@id\":\"https:\/\/consejomagistratura.gov.ar\/#logo\"}},{\"@type\":\"WebSite\",\"@id\":\"https:\/\/consejomagistratura.gov.ar\/#website\",\"url\":\"https:\/\/consejomagistratura.gov.ar\/\",\"name\":\"Consejo de la Magistratura\",\"description\":\"\",\"publisher\":{\"@id\":\"https:\/\/consejomagistratura.gov.ar\/#organization\"},\"potentialAction\":[{\"@type\":\"SearchAction\",\"target\":{\"@type\":\"EntryPoint\",\"urlTemplate\":\"https:\/\/consejomagistratura.gov.ar\/?s={search_term_string}\"},\"query-input\":\"required name=search_term_string\"}],\"inLanguage\":\"es-AR\"},{\"@type\":\"ImageObject\",\"@id\":\"https:\/\/consejomagistratura.gov.ar\/index.php\/2026\/09\/03\/sesion-de-la-comision-de-administracion-y-financiera-2\/#primaryimage\",\"inLanguage\":\"es-AR\",\"url\":\"https:\/\/consejomagistratura.gov.ar\/wp-content\/uploads\/2026\/09\/DSC_9336-scaled.jpg\",\"contentUrl\":\"https:\/\/consejomagistratura.gov.ar\/wp-content\/uploads\/2026\/09\/DSC_9336-scaled.jpg\",\"width\":2560,\"height\":1705},{\"@type\":\"WebPage\",\"@id\":\"https:\/\/consejomagistratura.gov.ar\/index.php\/2026\/09\/03\/sesion-de-la-comision-de-administracion-y-financiera-2\/#webpage\",\"url\":\"https:\/\/consejomagistratura.gov.ar\/index.php\/2026\/09\/03\/sesion-de-la-comision-de-administracion-y-financiera-2\/\",\"name\":\"Sesi\\u00f3n de la Comisi\\u00f3n de Administraci\\u00f3n y Financiera | Consejo de la Magistratura\",\"isPartOf\":{\"@id\":\"https:\/\/consejomagistratura.gov.ar\/#website\"},\"primaryImageOfPage\":{\"@id\":\"https:\/\/consejomagistratura.gov.ar\/index.php\/2026\/09\/03\/sesion-de-la-comision-de-administracion-y-financiera-2\/#primaryimage\"},\"datePublished\":\"2026-09-03T20:44:01+00:00\",\"dateModified\":\"2026-09-03T20:44:05+00:00\",\"breadcrumb\":{\"@id\":\"https:\/\/consejomagistratura.gov.ar\/index.php\/2026\/09\/03\/sesion-de-la-comision-de-administracion-y-financiera-2\/#breadcrumb\"},\"inLanguage\":\"es-AR\",\"potentialAction\":[{\"@type\":\"ReadAction\",\"target\":[\"https:\/\/consejomagistratura.gov.ar\/index.php\/2026\/09\/03\/sesion-de-la-comision-de-administracion-y-financiera-2\/\"]}]},{\"@type\":\"BreadcrumbList\",\"@id\":\"https:\/\/consejomagistratura.gov.ar\/index.php\/2026\/09\/03\/sesion-de-la-comision-de-administracion-y-financiera-2\/#breadcrumb\",\"itemListElement\":[{\"@type\":\"ListItem\",\"position\":1,\"name\":\"Inicio\",\"item\":\"https:\/\/consejomagistratura.gov.ar\/\"},{\"@type\":\"ListItem\",\"position\":2,\"name\":\"Sesi\\u00f3n de la Comisi\\u00f3n de Administraci\\u00f3n y Financiera\"}]},{\"@type\":\"Article\",\"@id\":\"https:\/\/consejomagistratura.gov.ar\/index.php\/2026\/09\/03\/sesion-de-la-comision-de-administracion-y-financiera-2\/#article\",\"isPartOf\":{\"@id\":\"https:\/\/consejomagistratura.gov.ar\/index.php\/2026\/09\/03\/sesion-de-la-comision-de-administracion-y-financiera-2\/#webpage\"},\"author\":{\"@id\":\"https:\/\/consejomagistratura.gov.ar\/#\/schema\/person\/4da57063f408a85d886d958badf8f6df\"},\"headline\":\"Sesi\\u00f3n de la Comisi\\u00f3n de Administraci\\u00f3n y Financiera\",\"datePublished\":\"2026-09-03T20:44:01+00:00\",\"dateModified\":\"2026-09-03T20:44:05+00:00\",\"mainEntityOfPage\":{\"@id\":\"https:\/\/consejomagistratura.gov.ar\/index.php\/2026\/09\/03\/sesion-de-la-comision-de-administracion-y-financiera-2\/#webpage\"},\"wordCount\":568,\"publisher\":{\"@id\":\"https:\/\/consejomagistratura.gov.ar\/#organization\"},\"image\":{\"@id\":\"https:\/\/consejomagistratura.gov.ar\/index.php\/2026\/09\/03\/sesion-de-la-comision-de-administracion-y-financiera-2\/#primaryimage\"},\"thumbnailUrl\":\"https:\/\/consejomagistratura.gov.ar\/wp-content\/uploads\/2026\/09\/DSC_9336-scaled.jpg\",\"articleSection\":[\"Sin Categor\\u00eda\"],\"inLanguage\":\"es-AR\"},{\"@type\":\"Person\",\"@id\":\"https:\/\/consejomagistratura.gov.ar\/#\/schema\/person\/4da57063f408a85d886d958badf8f6df\",\"name\":\"hernanelman\",\"image\":{\"@type\":\"ImageObject\",\"@id\":\"https:\/\/consejomagistratura.gov.ar\/#personlogo\",\"inLanguage\":\"es-AR\",\"url\":\"https:\/\/secure.gravatar.com\/avatar\/cb37cc646e6a84fe6e78061c6d9d5fb02a35404aaf0d46840fd3257e6c0131f2?s=96&d=mm&r=g\",\"contentUrl\":\"https:\/\/secure.gravatar.com\/avatar\/cb37cc646e6a84fe6e78061c6d9d5fb02a35404aaf0d46840fd3257e6c0131f2?s=96&d=mm&r=g\",\"caption\":\"hernanelman\"},\"url\":\"https:\/\/consejomagistratura.gov.ar\/index.php\/author\/hernanelman\/\"}]}<\/script>\n<!-- \/ Yoast SEO Premium plugin. -->","yoast_head_json":{"title":"Sesi\u00f3n de la Comisi\u00f3n de Administraci\u00f3n y Financiera | Consejo de la Magistratura","robots":{"index":"index","follow":"follow","max-snippet":"max-snippet:-1","max-image-preview":"max-image-preview:large","max-video-preview":"max-video-preview:-1"},"canonical":"https:\/\/consejomagistratura.gov.ar\/index.php\/2026\/09\/03\/sesion-de-la-comision-de-administracion-y-financiera-2\/","og_locale":"es_ES","og_type":"article","og_title":"Sesi\u00f3n de la Comisi\u00f3n de Administraci\u00f3n y Financiera | Consejo de la Magistratura","og_description":"Durante la ma\u00f1ana de hoy -3 de septiembre- se llev\u00f3 a cabo la sesi\u00f3n de la Comisi\u00f3n de Administraci\u00f3n y Financiera del Consejo de la Magistratura de la Naci\u00f3n, presidida por su titular, Santiago Viola, [&hellip;]","og_url":"https:\/\/consejomagistratura.gov.ar\/index.php\/2026\/09\/03\/sesion-de-la-comision-de-administracion-y-financiera-2\/","og_site_name":"Consejo de la Magistratura","article_publisher":"https:\/\/www.facebook.com\/consejomagistratura","article_published_time":"2026-09-03T20:44:01+00:00","article_modified_time":"2026-09-03T20:44:05+00:00","og_image":[{"width":2560,"height":1705,"url":"https:\/\/consejomagistratura.gov.ar\/wp-content\/uploads\/2026\/09\/DSC_9336-scaled.jpg","type":"image\/jpeg"}],"twitter_card":"summary_large_image","twitter_creator":"@cmagistratura","twitter_site":"@cmagistratura","twitter_misc":{"Escrito por":"hernanelman","Tiempo de lectura":"3 minutos"},"schema":{"@context":"https:\/\/schema.org","@graph":[{"@type":"Organization","@id":"https:\/\/consejomagistratura.gov.ar\/#organization","name":"Consejo de la Magistratura","url":"https:\/\/consejomagistratura.gov.ar\/","sameAs":["https:\/\/www.facebook.com\/consejomagistratura","https:\/\/www.instagram.com\/consejodelamagistratura\/","https:\/\/www.youtube.com\/c\/consejodelamagistraturadelanacion","https:\/\/es.wikipedia.org\/wiki\/Consejo_de_la_Magistratura_(Argentina)","https:\/\/twitter.com\/cmagistratura"],"logo":{"@type":"ImageObject","@id":"https:\/\/consejomagistratura.gov.ar\/#logo","inLanguage":"es-AR","url":"https:\/\/consejomagistratura.gov.ar\/wp-content\/uploads\/2021\/08\/logo_link_2_Mesa-de-trabajo-1.png","contentUrl":"https:\/\/consejomagistratura.gov.ar\/wp-content\/uploads\/2021\/08\/logo_link_2_Mesa-de-trabajo-1.png","width":1067,"height":780,"caption":"Consejo de la Magistratura"},"image":{"@id":"https:\/\/consejomagistratura.gov.ar\/#logo"}},{"@type":"WebSite","@id":"https:\/\/consejomagistratura.gov.ar\/#website","url":"https:\/\/consejomagistratura.gov.ar\/","name":"Consejo de la Magistratura","description":"","publisher":{"@id":"https:\/\/consejomagistratura.gov.ar\/#organization"},"potentialAction":[{"@type":"SearchAction","target":{"@type":"EntryPoint","urlTemplate":"https:\/\/consejomagistratura.gov.ar\/?s={search_term_string}"},"query-input":"required name=search_term_string"}],"inLanguage":"es-AR"},{"@type":"ImageObject","@id":"https:\/\/consejomagistratura.gov.ar\/index.php\/2026\/09\/03\/sesion-de-la-comision-de-administracion-y-financiera-2\/#primaryimage","inLanguage":"es-AR","url":"https:\/\/consejomagistratura.gov.ar\/wp-content\/uploads\/2026\/09\/DSC_9336-scaled.jpg","contentUrl":"https:\/\/consejomagistratura.gov.ar\/wp-content\/uploads\/2026\/09\/DSC_9336-scaled.jpg","width":2560,"height":1705},{"@type":"WebPage","@id":"https:\/\/consejomagistratura.gov.ar\/index.php\/2026\/09\/03\/sesion-de-la-comision-de-administracion-y-financiera-2\/#webpage","url":"https:\/\/consejomagistratura.gov.ar\/index.php\/2026\/09\/03\/sesion-de-la-comision-de-administracion-y-financiera-2\/","name":"Sesi\u00f3n de la Comisi\u00f3n de Administraci\u00f3n y Financiera | Consejo de la Magistratura","isPartOf":{"@id":"https:\/\/consejomagistratura.gov.ar\/#website"},"primaryImageOfPage":{"@id":"https:\/\/consejomagistratura.gov.ar\/index.php\/2026\/09\/03\/sesion-de-la-comision-de-administracion-y-financiera-2\/#primaryimage"},"datePublished":"2026-09-03T20:44:01+00:00","dateModified":"2026-09-03T20:44:05+00:00","breadcrumb":{"@id":"https:\/\/consejomagistratura.gov.ar\/index.php\/2026\/09\/03\/sesion-de-la-comision-de-administracion-y-financiera-2\/#breadcrumb"},"inLanguage":"es-AR","potentialAction":[{"@type":"ReadAction","target":["https:\/\/consejomagistratura.gov.ar\/index.php\/2026\/09\/03\/sesion-de-la-comision-de-administracion-y-financiera-2\/"]}]},{"@type":"BreadcrumbList","@id":"https:\/\/consejomagistratura.gov.ar\/index.php\/2026\/09\/03\/sesion-de-la-comision-de-administracion-y-financiera-2\/#breadcrumb","itemListElement":[{"@type":"ListItem","position":1,"name":"Inicio","item":"https:\/\/consejomagistratura.gov.ar\/"},{"@type":"ListItem","position":2,"name":"Sesi\u00f3n de la Comisi\u00f3n de Administraci\u00f3n y Financiera"}]},{"@type":"Article","@id":"https:\/\/consejomagistratura.gov.ar\/index.php\/2026\/09\/03\/sesion-de-la-comision-de-administracion-y-financiera-2\/#article","isPartOf":{"@id":"https:\/\/consejomagistratura.gov.ar\/index.php\/2026\/09\/03\/sesion-de-la-comision-de-administracion-y-financiera-2\/#webpage"},"author":{"@id":"https:\/\/consejomagistratura.gov.ar\/#\/schema\/person\/4da57063f408a85d886d958badf8f6df"},"headline":"Sesi\u00f3n de la Comisi\u00f3n de Administraci\u00f3n y Financiera","datePublished":"2026-09-03T20:44:01+00:00","dateModified":"2026-09-03T20:44:05+00:00","mainEntityOfPage":{"@id":"https:\/\/consejomagistratura.gov.ar\/index.php\/2026\/09\/03\/sesion-de-la-comision-de-administracion-y-financiera-2\/#webpage"},"wordCount":568,"publisher":{"@id":"https:\/\/consejomagistratura.gov.ar\/#organization"},"image":{"@id":"https:\/\/consejomagistratura.gov.ar\/index.php\/2026\/09\/03\/sesion-de-la-comision-de-administracion-y-financiera-2\/#primaryimage"},"thumbnailUrl":"https:\/\/consejomagistratura.gov.ar\/wp-content\/uploads\/2026\/09\/DSC_9336-scaled.jpg","articleSection":["Sin Categor\u00eda"],"inLanguage":"es-AR"},{"@type":"Person","@id":"https:\/\/consejomagistratura.gov.ar\/#\/schema\/person\/4da57063f408a85d886d958badf8f6df","name":"hernanelman","image":{"@type":"ImageObject","@id":"https:\/\/consejomagistratura.gov.ar\/#personlogo","inLanguage":"es-AR","url":"https:\/\/secure.gravatar.com\/avatar\/cb37cc646e6a84fe6e78061c6d9d5fb02a35404aaf0d46840fd3257e6c0131f2?s=96&d=mm&r=g","contentUrl":"https:\/\/secure.gravatar.com\/avatar\/cb37cc646e6a84fe6e78061c6d9d5fb02a35404aaf0d46840fd3257e6c0131f2?s=96&d=mm&r=g","caption":"hernanelman"},"url":"https:\/\/consejomagistratura.gov.ar\/index.php\/author\/hernanelman\/"}]}},"_links":{"self":[{"href":"https:\/\/consejomagistratura.gov.ar\/index.php\/wp-json\/wp\/v2\/posts\/54726","targetHints":{"allow":["GET"]}}],"collection":[{"href":"https:\/\/consejomagistratura.gov.ar\/index.php\/wp-json\/wp\/v2\/posts"}],"about":[{"href":"https:\/\/consejomagistratura.gov.ar\/index.php\/wp-json\/wp\/v2\/types\/post"}],"author":[{"embeddable":true,"href":"https:\/\/consejomagistratura.gov.ar\/index.php\/wp-json\/wp\/v2\/users\/6"}],"replies":[{"embeddable":true,"href":"https:\/\/consejomagistratura.gov.ar\/index.php\/wp-json\/wp\/v2\/comments?post=54726"}],"version-history":[{"count":1,"href":"https:\/\/consejomagistratura.gov.ar\/index.php\/wp-json\/wp\/v2\/posts\/54726\/revisions"}],"predecessor-version":[{"id":54734,"href":"https:\/\/consejomagistratura.gov.ar\/index.php\/wp-json\/wp\/v2\/posts\/54726\/revisions\/54734"}],"wp:featuredmedia":[{"embeddable":true,"href":"https:\/\/consejomagistratura.gov.ar\/index.php\/wp-json\/wp\/v2\/media\/54730"}],"wp:attachment":[{"href":"https:\/\/consejomagistratura.gov.ar\/index.php\/wp-json\/wp\/v2\/media?parent=54726"}],"wp:term":[{"taxonomy":"category","embeddable":true,"href":"https:\/\/consejomagistratura.gov.ar\/index.php\/wp-json\/wp\/v2\/categories?post=54726"},{"taxonomy":"post_tag","embeddable":true,"href":"https:\/\/consejomagistratura.gov.ar\/index.php\/wp-json\/wp\/v2\/tags?post=54726"}],"curies":[{"name":"wp","href":"https:\/\/api.w.org\/{rel}","templated":true}]}}