{"id":5900,"date":"2020-04-28T12:16:00","date_gmt":"2020-04-28T15:16:00","guid":{"rendered":"http:\/\/5.0.32.155\/cm\/?p=5900"},"modified":"2021-07-14T18:09:03","modified_gmt":"2021-07-14T21:09:03","slug":"sesionando-en-forma-virtual-el-plenario-remitio-otras-nueve-ternas-al-poder-ejecutivo-nacional","status":"publish","type":"post","link":"https:\/\/consejomagistratura.gov.ar\/index.php\/2020\/04\/28\/sesionando-en-forma-virtual-el-plenario-remitio-otras-nueve-ternas-al-poder-ejecutivo-nacional\/","title":{"rendered":"Sesionando en forma virtual el Plenario remiti\u00f3 otras nueve ternas al Poder Ejecutivo Nacional"},"content":{"rendered":"\n<figure class=\"wp-block-embed is-type-video is-provider-youtube wp-block-embed-youtube wp-embed-aspect-16-9 wp-has-aspect-ratio\"><div class=\"wp-block-embed__wrapper\">\n<iframe title=\"Plenario28-4\" width=\"640\" height=\"360\" src=\"https:\/\/www.youtube.com\/embed\/WQ9cdhKFi-M?feature=oembed\" frameborder=\"0\" allow=\"accelerometer; autoplay; clipboard-write; encrypted-media; gyroscope; picture-in-picture; web-share\" referrerpolicy=\"strict-origin-when-cross-origin\" allowfullscreen><\/iframe>\n<\/div><\/figure>\n\n\n\n<p><\/p>\n\n\n\n<p><\/p>\n\n\n\n<p><\/p>\n\n\n\n<p><\/p>\n\n\n\n<p><\/p>\n\n\n\n<p><\/p>\n\n\n\n<p><\/p>\n\n\n\n<p><\/p>\n\n\n\n<p><\/p>\n\n\n\n<p><\/p>\n\n\n\n<p><\/p>\n\n\n\n<p><\/p>\n\n\n\n<p><\/p>\n\n\n\n<p class=\"has-text-align-justify\">Al comienzo de la jornada de actividades del Consejo de la Magistratura prevista para el d\u00eda de hoy \u201328 de abril- se reuni\u00f3 el Plenario del Cuerpo por v\u00eda telem\u00e1tica con transmisi\u00f3n en vivo. En esta nueva sesi\u00f3n, la segunda que el Pleno lleva a delante en forma virtual, se aprobaron nueve ternas que ser\u00e1n remitidas al Poder Ejecutivo Nacional.<\/p>\n\n\n\n<p class=\"has-text-align-justify\">En el Concurso 403, destinado a cubrir ocho cargos de juez en los Juzgados Nacionales de Primera Instancia del Trabajo n\u00fameros 1, 3, 10, 29, 62, 67, 70 y 71 de la Capital Federal, las ocho ternas se conformaron con los siguientes postulantes: Primera Terna: 1\u00ba) Andrea Urretavizcaya, 9\u00ba) Ariadna Ceresa, 17\u00ba) Mar\u00eda Ver\u00f3nica Moreno Calabrese; Segunda Terna: 2\u00ba) Pablo Alberto Gasquet, 10\u00ba) Mar\u00eda Luj\u00e1n Garay, 18\u00ba) Fernando Guzm\u00e1n; Tercera Terna: 3\u00ba) M\u00f3nica Alicia Copani, 11\u00ba) H\u00e9ctor Horacio Karpiuk, 19\u00ba) Fabiana Silvia Rodr\u00edguez; Cuarta Terna: 4\u00ba) Agust\u00edn Alfredo Antonio Guerrero, 12\u00ba) Juan Carlos Cerutti, 20\u00ba) H\u00e9ctor David Rodr\u00edguez; Quinta Terna: 5\u00ba) Andrea \u00c9rica Garc\u00eda Vior, 13\u00ba) Azucena Beatriz Ragusa, 21\u00ba) Alejandro Carlos Musa; Sexta Terna: 6\u00ba) Santiago Docampo Mi\u00f1o, 14\u00ba) \u00c1ngela Rosal\u00eda Mora, 22\u00ba) Gabriela Celeste Palmieri; S\u00e9ptima Terna: 7\u00ba) Alejandro Esteban Danussi, 15\u00ba) Laura Matilde D\u2019Arruda, 23\u00ba) Mat\u00edas Sebasti\u00e1n Moreno Espeja; Octava Terna: 8\u00ba) Ana Clara Alfie, 16\u00ba) Andrea Fabiana Centonze, 24\u00ba) Juan Sebasti\u00e1n Rey.<\/p>\n\n\n\n<p class=\"has-text-align-justify\">En el concurso 419, destinado a cubrir el cargo de Juez en el Juzgado Federal de San Francisco, Provincia de C\u00f3rdoba, la terna qued\u00f3 integrada con los siguientes postulantes: 1\u00ba) Pablo Gustavo Montesi, 2\u00ba) Andrea Cristina di Gregorio y 3\u00ba) Enrique Nicol\u00e1s Baronetto.<\/p>\n\n\n\n<p class=\"has-text-align-justify\">La decisi\u00f3n tuvo lugar en la sesi\u00f3n conducida por el Presidente del Consejo de la Magistratura Alberto Agust\u00edn Lugones, con la asistencia del Secretario General Mariano P\u00e9rez Roller y el Administrador General del Poder Judicial Carlos Alberto Bedetta.&nbsp; Estuvieron presentes los Consejeros y las Consejeras Graciela Cama\u00f1o, Juan Manuel Culotta, Silvia del Rosario Giacoppo, Juan Pablo Mas Velez, Diego Molea, Mar\u00eda In\u00e9s Pilatti Vergara, Mariano Recalde, Ricardo Recondo, Marina S\u00e1nchez Herrero, Vanesa Siley, Pablo Tonelli y Ger\u00f3nimo Ustarroz.<\/p>\n\n\n\n<figure class=\"wp-block-image alignfull\"><img decoding=\"async\" src=\"http:\/\/www.consejomagistratura.gov.ar\/images\/stories\/2018-2022\/2020\/04-28plenario1.jpg\" alt=\"\"\/><\/figure>\n\n\n\n<p class=\"has-text-align-justify\">En primer lugar el Pleno consider\u00f3 los asuntos elevados por la Comisi\u00f3n de Selecci\u00f3n de Magistrados y entre ellos aprob\u00f3 el curso \u201cPrograma de Capacitaci\u00f3n en Materia de Perspectiva de G\u00e9nero\u201d, a efectos de dar cumplimiento con el requisito obligatorio exigible a los postulantes a los concursos p\u00fablicos para la designaci\u00f3n de magistrados, y el curso \u201cLibertad de expresi\u00f3n, acceso a la informaci\u00f3n p\u00fablica y seguridad de los y las periodistas\u201d que formar\u00e1 parte del Programa Formativo de Aspirantes a Magistrados que dicta la Escuela Judicial tanto en su sede en la Ciudad de Buenos Aires como en las Delegaciones del interior del pa\u00eds.<\/p>\n\n\n\n<p class=\"has-text-align-justify\">De acuerdo con lo previsto en el orden del d\u00eda, a su turno el Pleno se aboc\u00f3 al an\u00e1lisis de los proyectos elevados por la Comisi\u00f3n de Disciplina y Acusaci\u00f3n, que resultaron aprobados, y a los dict\u00e1menes propuestos por la Comisi\u00f3n de Administraci\u00f3n y Financiera.&nbsp; Entre \u00e9stos \u00faltimos, se resolvieron recursos jer\u00e1rquicos planteados en expedientes administrativos que tuvieron tr\u00e1mite en la Administraci\u00f3n General.<\/p>\n\n\n\n<p class=\"has-text-align-justify\">A continuaci\u00f3n se procedi\u00f3 a ratificar las resoluciones dictadas ad referendum del Plenario por el Presidente del Consejo de la Magistratura a fin de responder en forma oportuna cuestiones suscitadas a partir de la emergencia sanitaria y en el marco de la feria extraordinaria dispuesta por la Corte Suprema de Justicia de la Naci\u00f3n. En esa l\u00ednea el Presidente destac\u00f3 que se est\u00e1 trabajando para un sistema inform\u00e1tico adecuado a los tiempos, que permita dar respuesta a la comunidad, a los abogados y a los integrantes del Poder Judicial de la Naci\u00f3n.<\/p>\n\n\n\n<p>Por \u00faltimo, el Plenario aprob\u00f3 la conformaci\u00f3n de una Comisi\u00f3n ad hoc de Consejeros y Consejeras con el objeto de evaluar propuestas de evoluci\u00f3n del sistema de trabajo en el marco de la pandemia Covid-19.<\/p>\n\n\n\n<figure class=\"wp-block-image\"><img decoding=\"async\" src=\"http:\/\/www.consejomagistratura.gov.ar\/images\/stories\/2018-2022\/2020\/04-28plenario3.jpg\" alt=\"\"\/><\/figure>\n\n\n\n<p class=\"has-text-align-justify\">A continuaci\u00f3n, se llev\u00f3 adelante la primera sesi\u00f3n virtual de la Comisi\u00f3n de Disciplina y Acusaci\u00f3n. El encuentro fue presidido por el Consejero Diego Molea con la asistencia del Secretario Andr\u00e9s Leandro Garc\u00eda.<\/p>\n\n\n\n<p class=\"has-text-align-justify\">En el comienzo, el Presidente dio la bienvenida a los Consejeros y las Consejeras&nbsp; Silvia del Rosario Giacoppo,&nbsp; Marina S\u00e1nchez Herrero, Vanesa Siley, Mar\u00eda In\u00e9s Pelatti Vergara y Ger\u00f3nimo Ustarroz, quienes se incorporaron a la Comisi\u00f3n en este periodo en reemplazo, respectivamente, de In\u00e9s Brizuela y Doria, Juan Pablo Mas Velez, Graciela Cama\u00f1o, Mario Pais y Facundo Bargall\u00f3. En cuanto a los expedientes a estudio de esas vocal\u00edas se dispuso que sean asignados a sus reemplazantes.<\/p>\n\n\n\n<p class=\"has-text-align-justify\">A continuaci\u00f3n se dio lugar a los informes de la Presidencia y de la Secretar\u00eda de la Comisi\u00f3n y, en ese marco, se trataron diversas presentaciones formuladas en expedientes resueltos por el Plenario del Cuerpo. Luego se dispusieron medidas conducentes a la investigaci\u00f3n de los hechos denunciados en distintos expedientes en tr\u00e1mite.<\/p>\n\n\n\n<p class=\"has-text-align-justify\">En virtud de las actuales circunstancias de excepci\u00f3n, los Consejeros y las Consejeras instruyeron al Secretario de la Comisi\u00f3n para realizar las notificaciones de las medidas de prueba ordenadas durante la reuni\u00f3n, as\u00ed como las dispuestas en los t\u00e9rminos del art\u00edculo 11 del Reglamento de la Comisi\u00f3n de Disciplina y Acusaci\u00f3n, al domicilio electr\u00f3nico oficial de los jueces y juezas.<\/p>\n\n\n\n<p class=\"has-text-align-justify\">Luego de aprobar la Memoria Anual del per\u00edodo 2019&nbsp; la Comisi\u00f3n se aboc\u00f3 al tratamiento de los proyectos de dictamen propuestos por sus integrantes, y se resolvi\u00f3 la desestimaci\u00f3n de&nbsp; denuncias formuladas en expedientes que tramitan en su seno.<\/p>\n\n\n\n<p>Finalizado el encuentro se anunci\u00f3 que el sorteo de expedientes ingresados se llevar\u00eda a cabo al concluir la jornada de reuniones.<\/p>\n\n\n\n<figure class=\"wp-block-image\"><img decoding=\"async\" src=\"http:\/\/www.consejomagistratura.gov.ar\/images\/stories\/2018-2022\/2020\/04-28plenario2.jpg\" alt=\"\"\/><\/figure>\n\n\n\n<p class=\"has-text-align-justify\">Seguidamente, tuvo lugar la primera sesi\u00f3n de la Comisi\u00f3n de Selecci\u00f3n y Escuela Judicial realizada por v\u00eda telem\u00e1tica. Condujo el encuentro virtual la Presidenta de la Comisi\u00f3n Graciela Cama\u00f1o, con la asistencia del&nbsp; Secretario Jos\u00e9 Francisco Elorza.<\/p>\n\n\n\n<p class=\"has-text-align-justify\">Entre los temas previstos, se consider\u00f3 y aprob\u00f3 una propuesta de modificaci\u00f3n al art\u00edculo 38\u00b0 del Reglamento de Concursos P\u00fablicos para la designaci\u00f3n de Magistrados del Poder Judicial de la Naci\u00f3n que pretende digitalizar y despapelizar el tr\u00e1mite de las impugnaciones. En este sentido se propone que su presentaci\u00f3n sea solamente en versi\u00f3n digital y ya no por escrito y puedan ser consultadas directamente en el sistema, de modo tal que el proceso sea totalmente inform\u00e1tico.<\/p>\n\n\n\n<p class=\"has-text-align-justify\">Por otra parte, la Comisi\u00f3n&nbsp; dispuso el sorteo de los jurados que intervendr\u00e1n en los concursos destinados a cubrir las siguientes vacantes: A) dos cargos de vocal en la C\u00e1mara Nacional de Apelaciones del Trabajo, Sala III y V; B) un cargo de vocal en el Tribunal Oral en lo Criminal Federal de Comodoro Rivadavia, provincia de Chubut; C) un cargo de vocal en el Tribunal Oral en lo Criminal Federal de Catamarca, provincia del mismo nombre;&nbsp; D) el cargo de juez en el Juzgado Federal de Primera Instancia N\u00b02 de Santa Fe, provincia del mismo nombre; E) un cargo de vocal en la C\u00e1mara Federal de Apelaciones de General Roca, provincia de R\u00edo Negro; F) el cargo de juez en el Juzgado Nacional en lo Penal de Rogatorias de la Capital Federal; G) un cargo de vocal en la C\u00e1mara Nacional de Apelaciones en lo Contencioso Administrativo Federal de la Capital, Sala III; y, H) el cargo de juez en el Juzgado Federal de Primera Instancia de Viedma, provincia de R\u00edo Negro.<\/p>\n\n\n\n<p class=\"has-text-align-justify\">Por \u00faltimo, se resolvi\u00f3 la acumulaci\u00f3n de vacantes a concursos en tr\u00e1mite. As\u00ed se acumularon:&nbsp; A) las vacantes generadas por las renuncias de los doctores Eduardo Carlos Fern\u00e1ndez, Floreal Ricardo Daniel De Laurentis y Beatriz Teresa Bistu\u00e9 vocales de los Tribunales Orales en lo Criminal y Correccional N\u00b0 19, 11 y 14 de la Capital respectivamente en el Concurso N\u00b0 449 destinado a cubrir un cargo de vocal en el Tribunal Oral en lo Criminal y Correccional N\u00ba 19 de la Capital; B) las vacantes generadas por la renuncia de la doctora Cecilia Yolanda Federico del Juzgado Nacional de Primera Instancia en lo Civil N\u00b0 94 de la Capital y el fallecimiento del doctor Juan Mart\u00edn Alterini del Juzgado Nacional de Primera Instancia en lo Civil N\u00b0 27, en el Concurso N\u00b0 435, destinado a cubrir tres cargos de Juez en los Juzgados Nacionales de Primera Instancia en lo Civil N\u00b0 3, 5 y 64 de la Capital; C) la vacante generada por la renuncia del doctor Fernando Gustavo Sanz de Urquiza juez del Juzgado Federal de Ejecuciones Fiscales Tributarias N\u00b04 de la Capital en el Concurso N\u00ba 445, destinado a cubrir un cargo de juez en el Juzgado Federal de Ejecuciones Fiscales Tributarias N\u00b03 de la Capital; D) la vacante generada por la renuncia de la doctora Graciela Medina vocal de la C\u00e1mara Nacional de Apelaciones en lo Civil y Comercial Federal, Sala III de la Capital en el Concurso N\u00b0 442 destinado a cubrir un cargo de vocal en la C\u00e1mara Nacional de Apelaciones en lo Civil y Comercial Federal, Sala II -1 cargo-; E) la vacante generada por la renuncia de la doctora Beatriz Caballero de Barabani vocal del Tribunal Oral en lo Criminal Federal N\u00b02 de Rosario, en el Concurso N\u00b0390, destinado a cubrir dos cargos de vocal del Tribunal Oral en lo Criminal Federal N\u00b02 de Rosario, provincia de Santa Fe; y, F) la vacante generada por la renuncia del doctor Mart\u00edn Laclau vocal de la C\u00e1mara Federal de la Seguridad Social, Sala III en el Concurso N\u00ba 441, destinado a cubrir un cargo de vocal en la C\u00e1mara Federal de la Seguridad Social, Sala II.<\/p>\n\n\n\n<p class=\"has-text-align-justify\">Finalizando la jornada tuvo lugar el sorteo de expedientes ingresados a la Comisi\u00f3n de Disciplina y Acusaci\u00f3n. El acto se llev\u00f3 a cabo en forma remota con la presencia del Secretario Andr\u00e9s Leandro Garc\u00eda. La asignaci\u00f3n de los expedientes a los Consejeros y las Consejeras se ver\u00e1 reflejada en el cuadro de expedientes en tr\u00e1mite publicado.<\/p>\n\n\n\n<p class=\"has-text-align-justify\">En una nueva jornada de sesiones el Consejo de la Magistratura del Poder Judicial de la Naci\u00f3n y las Comisiones que lo integra contin\u00faan trabajando mientras se mantienen las medidas de aislamiento social, preventivo y obligatorio dispuestas por el Poder Ejecutivo Nacional. Las sesiones realizadas por v\u00eda telem\u00e1tica fueron seguidas en vivo por cientos de personas a trav\u00e9s del portal&nbsp;<a href=\"http:\/\/www.consejomagistratura.gov.ar\/\">www.consejomagistratura.gov.ar<\/a><\/p>\n","protected":false},"excerpt":{"rendered":"<p>Al comienzo de la jornada de actividades del Consejo de la Magistratura prevista para el d\u00eda de hoy \u201328 de abril- se reuni\u00f3 el Plenario del Cuerpo por v\u00eda telem\u00e1tica con transmisi\u00f3n en vivo. En [&hellip;]<\/p>\n","protected":false},"author":13,"featured_media":10676,"comment_status":"closed","ping_status":"open","sticky":false,"template":"","format":"standard","meta":{"footnotes":""},"categories":[17,79],"tags":[28,81],"class_list":["post-5900","post","type-post","status-publish","format-standard","has-post-thumbnail","hentry","category-plenario","category-transmisiones-en-vivo","tag-plenario","tag-transmisiones-en-vivo"],"yoast_head":"<!-- This site is optimized with the Yoast SEO Premium plugin v16.2 (Yoast SEO v17.9) - https:\/\/yoast.com\/wordpress\/plugins\/seo\/ -->\n<title>Sesionando en forma virtual el Plenario remiti\u00f3 otras nueve ternas al Poder Ejecutivo Nacional | Consejo de la Magistratura<\/title>\n<meta name=\"robots\" content=\"index, follow, max-snippet:-1, max-image-preview:large, max-video-preview:-1\" \/>\n<link rel=\"canonical\" href=\"https:\/\/consejomagistratura.gov.ar\/index.php\/2020\/04\/28\/sesionando-en-forma-virtual-el-plenario-remitio-otras-nueve-ternas-al-poder-ejecutivo-nacional\/\" \/>\n<meta property=\"og:locale\" content=\"es_ES\" \/>\n<meta property=\"og:type\" content=\"article\" \/>\n<meta property=\"og:title\" content=\"Sesionando en forma virtual el Plenario remiti\u00f3 otras nueve ternas al Poder Ejecutivo Nacional | Consejo de la Magistratura\" \/>\n<meta property=\"og:description\" content=\"Al comienzo de la jornada de actividades del Consejo de la Magistratura prevista para el d\u00eda de hoy \u201328 de abril- se reuni\u00f3 el Plenario del Cuerpo por v\u00eda telem\u00e1tica con transmisi\u00f3n en vivo. En [&hellip;]\" \/>\n<meta property=\"og:url\" content=\"https:\/\/consejomagistratura.gov.ar\/index.php\/2020\/04\/28\/sesionando-en-forma-virtual-el-plenario-remitio-otras-nueve-ternas-al-poder-ejecutivo-nacional\/\" \/>\n<meta property=\"og:site_name\" content=\"Consejo de la Magistratura\" \/>\n<meta property=\"article:publisher\" content=\"https:\/\/www.facebook.com\/consejomagistratura\" \/>\n<meta property=\"article:published_time\" content=\"2020-04-28T15:16:00+00:00\" \/>\n<meta property=\"article:modified_time\" content=\"2021-07-14T21:09:03+00:00\" \/>\n<meta property=\"og:image\" content=\"https:\/\/consejomagistratura.gov.ar\/wp-content\/uploads\/2020\/04\/04-28plenario1.jpg\" \/>\n\t<meta property=\"og:image:width\" content=\"800\" \/>\n\t<meta property=\"og:image:height\" content=\"444\" \/>\n\t<meta property=\"og:image:type\" content=\"image\/jpeg\" \/>\n<meta name=\"twitter:card\" content=\"summary_large_image\" \/>\n<meta name=\"twitter:creator\" content=\"@cmagistratura\" \/>\n<meta name=\"twitter:site\" content=\"@cmagistratura\" \/>\n<meta name=\"twitter:label1\" content=\"Escrito por\" \/>\n\t<meta name=\"twitter:data1\" content=\"Juan Pia\" \/>\n\t<meta name=\"twitter:label2\" content=\"Tiempo de lectura\" \/>\n\t<meta name=\"twitter:data2\" content=\"9 minutos\" \/>\n<script type=\"application\/ld+json\" class=\"yoast-schema-graph\">{\"@context\":\"https:\/\/schema.org\",\"@graph\":[{\"@type\":\"Organization\",\"@id\":\"https:\/\/consejomagistratura.gov.ar\/#organization\",\"name\":\"Consejo de la Magistratura\",\"url\":\"https:\/\/consejomagistratura.gov.ar\/\",\"sameAs\":[\"https:\/\/www.facebook.com\/consejomagistratura\",\"https:\/\/www.instagram.com\/consejodelamagistratura\/\",\"https:\/\/www.youtube.com\/c\/consejodelamagistraturadelanacion\",\"https:\/\/es.wikipedia.org\/wiki\/Consejo_de_la_Magistratura_(Argentina)\",\"https:\/\/twitter.com\/cmagistratura\"],\"logo\":{\"@type\":\"ImageObject\",\"@id\":\"https:\/\/consejomagistratura.gov.ar\/#logo\",\"inLanguage\":\"es-AR\",\"url\":\"https:\/\/consejomagistratura.gov.ar\/wp-content\/uploads\/2021\/08\/logo_link_2_Mesa-de-trabajo-1.png\",\"contentUrl\":\"https:\/\/consejomagistratura.gov.ar\/wp-content\/uploads\/2021\/08\/logo_link_2_Mesa-de-trabajo-1.png\",\"width\":1067,\"height\":780,\"caption\":\"Consejo de la Magistratura\"},\"image\":{\"@id\":\"https:\/\/consejomagistratura.gov.ar\/#logo\"}},{\"@type\":\"WebSite\",\"@id\":\"https:\/\/consejomagistratura.gov.ar\/#website\",\"url\":\"https:\/\/consejomagistratura.gov.ar\/\",\"name\":\"Consejo de la Magistratura\",\"description\":\"\",\"publisher\":{\"@id\":\"https:\/\/consejomagistratura.gov.ar\/#organization\"},\"potentialAction\":[{\"@type\":\"SearchAction\",\"target\":{\"@type\":\"EntryPoint\",\"urlTemplate\":\"https:\/\/consejomagistratura.gov.ar\/?s={search_term_string}\"},\"query-input\":\"required name=search_term_string\"}],\"inLanguage\":\"es-AR\"},{\"@type\":\"ImageObject\",\"@id\":\"https:\/\/consejomagistratura.gov.ar\/index.php\/2020\/04\/28\/sesionando-en-forma-virtual-el-plenario-remitio-otras-nueve-ternas-al-poder-ejecutivo-nacional\/#primaryimage\",\"inLanguage\":\"es-AR\",\"url\":\"https:\/\/consejomagistratura.gov.ar\/wp-content\/uploads\/2020\/04\/04-28plenario1.jpg\",\"contentUrl\":\"https:\/\/consejomagistratura.gov.ar\/wp-content\/uploads\/2020\/04\/04-28plenario1.jpg\",\"width\":800,\"height\":444},{\"@type\":\"WebPage\",\"@id\":\"https:\/\/consejomagistratura.gov.ar\/index.php\/2020\/04\/28\/sesionando-en-forma-virtual-el-plenario-remitio-otras-nueve-ternas-al-poder-ejecutivo-nacional\/#webpage\",\"url\":\"https:\/\/consejomagistratura.gov.ar\/index.php\/2020\/04\/28\/sesionando-en-forma-virtual-el-plenario-remitio-otras-nueve-ternas-al-poder-ejecutivo-nacional\/\",\"name\":\"Sesionando en forma virtual el Plenario remiti\\u00f3 otras nueve ternas al Poder Ejecutivo Nacional | Consejo de la Magistratura\",\"isPartOf\":{\"@id\":\"https:\/\/consejomagistratura.gov.ar\/#website\"},\"primaryImageOfPage\":{\"@id\":\"https:\/\/consejomagistratura.gov.ar\/index.php\/2020\/04\/28\/sesionando-en-forma-virtual-el-plenario-remitio-otras-nueve-ternas-al-poder-ejecutivo-nacional\/#primaryimage\"},\"datePublished\":\"2020-04-28T15:16:00+00:00\",\"dateModified\":\"2021-07-14T21:09:03+00:00\",\"breadcrumb\":{\"@id\":\"https:\/\/consejomagistratura.gov.ar\/index.php\/2020\/04\/28\/sesionando-en-forma-virtual-el-plenario-remitio-otras-nueve-ternas-al-poder-ejecutivo-nacional\/#breadcrumb\"},\"inLanguage\":\"es-AR\",\"potentialAction\":[{\"@type\":\"ReadAction\",\"target\":[\"https:\/\/consejomagistratura.gov.ar\/index.php\/2020\/04\/28\/sesionando-en-forma-virtual-el-plenario-remitio-otras-nueve-ternas-al-poder-ejecutivo-nacional\/\"]}]},{\"@type\":\"BreadcrumbList\",\"@id\":\"https:\/\/consejomagistratura.gov.ar\/index.php\/2020\/04\/28\/sesionando-en-forma-virtual-el-plenario-remitio-otras-nueve-ternas-al-poder-ejecutivo-nacional\/#breadcrumb\",\"itemListElement\":[{\"@type\":\"ListItem\",\"position\":1,\"name\":\"Inicio\",\"item\":\"https:\/\/consejomagistratura.gov.ar\/\"},{\"@type\":\"ListItem\",\"position\":2,\"name\":\"Sesionando en forma virtual el Plenario remiti\\u00f3 otras nueve ternas al Poder Ejecutivo Nacional\"}]},{\"@type\":\"Article\",\"@id\":\"https:\/\/consejomagistratura.gov.ar\/index.php\/2020\/04\/28\/sesionando-en-forma-virtual-el-plenario-remitio-otras-nueve-ternas-al-poder-ejecutivo-nacional\/#article\",\"isPartOf\":{\"@id\":\"https:\/\/consejomagistratura.gov.ar\/index.php\/2020\/04\/28\/sesionando-en-forma-virtual-el-plenario-remitio-otras-nueve-ternas-al-poder-ejecutivo-nacional\/#webpage\"},\"author\":{\"@id\":\"https:\/\/consejomagistratura.gov.ar\/#\/schema\/person\/f4d8b3521c35f97155ae7f20dfb56842\"},\"headline\":\"Sesionando en forma virtual el Plenario remiti\\u00f3 otras nueve ternas al Poder Ejecutivo Nacional\",\"datePublished\":\"2020-04-28T15:16:00+00:00\",\"dateModified\":\"2021-07-14T21:09:03+00:00\",\"mainEntityOfPage\":{\"@id\":\"https:\/\/consejomagistratura.gov.ar\/index.php\/2020\/04\/28\/sesionando-en-forma-virtual-el-plenario-remitio-otras-nueve-ternas-al-poder-ejecutivo-nacional\/#webpage\"},\"wordCount\":1796,\"publisher\":{\"@id\":\"https:\/\/consejomagistratura.gov.ar\/#organization\"},\"image\":{\"@id\":\"https:\/\/consejomagistratura.gov.ar\/index.php\/2020\/04\/28\/sesionando-en-forma-virtual-el-plenario-remitio-otras-nueve-ternas-al-poder-ejecutivo-nacional\/#primaryimage\"},\"thumbnailUrl\":\"https:\/\/consejomagistratura.gov.ar\/wp-content\/uploads\/2020\/04\/04-28plenario1.jpg\",\"keywords\":[\"Plenario\",\"Transmisiones en vivo\"],\"articleSection\":[\"Plenario\",\"Transmisiones en Vivo\"],\"inLanguage\":\"es-AR\"},{\"@type\":\"Person\",\"@id\":\"https:\/\/consejomagistratura.gov.ar\/#\/schema\/person\/f4d8b3521c35f97155ae7f20dfb56842\",\"name\":\"Juan Pia\",\"image\":{\"@type\":\"ImageObject\",\"@id\":\"https:\/\/consejomagistratura.gov.ar\/#personlogo\",\"inLanguage\":\"es-AR\",\"url\":\"https:\/\/secure.gravatar.com\/avatar\/1b6e654a3f0c5c5d08057e227b031732b3b62c44fd483b51f93433e49e0aead1?s=96&d=mm&r=g\",\"contentUrl\":\"https:\/\/secure.gravatar.com\/avatar\/1b6e654a3f0c5c5d08057e227b031732b3b62c44fd483b51f93433e49e0aead1?s=96&d=mm&r=g\",\"caption\":\"Juan Pia\"},\"url\":\"https:\/\/consejomagistratura.gov.ar\/index.php\/author\/jpia\/\"}]}<\/script>\n<!-- \/ Yoast SEO Premium plugin. -->","yoast_head_json":{"title":"Sesionando en forma virtual el Plenario remiti\u00f3 otras nueve ternas al Poder Ejecutivo Nacional | Consejo de la Magistratura","robots":{"index":"index","follow":"follow","max-snippet":"max-snippet:-1","max-image-preview":"max-image-preview:large","max-video-preview":"max-video-preview:-1"},"canonical":"https:\/\/consejomagistratura.gov.ar\/index.php\/2020\/04\/28\/sesionando-en-forma-virtual-el-plenario-remitio-otras-nueve-ternas-al-poder-ejecutivo-nacional\/","og_locale":"es_ES","og_type":"article","og_title":"Sesionando en forma virtual el Plenario remiti\u00f3 otras nueve ternas al Poder Ejecutivo Nacional | Consejo de la Magistratura","og_description":"Al comienzo de la jornada de actividades del Consejo de la Magistratura prevista para el d\u00eda de hoy \u201328 de abril- se reuni\u00f3 el Plenario del Cuerpo por v\u00eda telem\u00e1tica con transmisi\u00f3n en vivo. En [&hellip;]","og_url":"https:\/\/consejomagistratura.gov.ar\/index.php\/2020\/04\/28\/sesionando-en-forma-virtual-el-plenario-remitio-otras-nueve-ternas-al-poder-ejecutivo-nacional\/","og_site_name":"Consejo de la Magistratura","article_publisher":"https:\/\/www.facebook.com\/consejomagistratura","article_published_time":"2020-04-28T15:16:00+00:00","article_modified_time":"2021-07-14T21:09:03+00:00","og_image":[{"width":800,"height":444,"url":"https:\/\/consejomagistratura.gov.ar\/wp-content\/uploads\/2020\/04\/04-28plenario1.jpg","type":"image\/jpeg"}],"twitter_card":"summary_large_image","twitter_creator":"@cmagistratura","twitter_site":"@cmagistratura","twitter_misc":{"Escrito por":"Juan Pia","Tiempo de lectura":"9 minutos"},"schema":{"@context":"https:\/\/schema.org","@graph":[{"@type":"Organization","@id":"https:\/\/consejomagistratura.gov.ar\/#organization","name":"Consejo de la Magistratura","url":"https:\/\/consejomagistratura.gov.ar\/","sameAs":["https:\/\/www.facebook.com\/consejomagistratura","https:\/\/www.instagram.com\/consejodelamagistratura\/","https:\/\/www.youtube.com\/c\/consejodelamagistraturadelanacion","https:\/\/es.wikipedia.org\/wiki\/Consejo_de_la_Magistratura_(Argentina)","https:\/\/twitter.com\/cmagistratura"],"logo":{"@type":"ImageObject","@id":"https:\/\/consejomagistratura.gov.ar\/#logo","inLanguage":"es-AR","url":"https:\/\/consejomagistratura.gov.ar\/wp-content\/uploads\/2021\/08\/logo_link_2_Mesa-de-trabajo-1.png","contentUrl":"https:\/\/consejomagistratura.gov.ar\/wp-content\/uploads\/2021\/08\/logo_link_2_Mesa-de-trabajo-1.png","width":1067,"height":780,"caption":"Consejo de la Magistratura"},"image":{"@id":"https:\/\/consejomagistratura.gov.ar\/#logo"}},{"@type":"WebSite","@id":"https:\/\/consejomagistratura.gov.ar\/#website","url":"https:\/\/consejomagistratura.gov.ar\/","name":"Consejo de la Magistratura","description":"","publisher":{"@id":"https:\/\/consejomagistratura.gov.ar\/#organization"},"potentialAction":[{"@type":"SearchAction","target":{"@type":"EntryPoint","urlTemplate":"https:\/\/consejomagistratura.gov.ar\/?s={search_term_string}"},"query-input":"required name=search_term_string"}],"inLanguage":"es-AR"},{"@type":"ImageObject","@id":"https:\/\/consejomagistratura.gov.ar\/index.php\/2020\/04\/28\/sesionando-en-forma-virtual-el-plenario-remitio-otras-nueve-ternas-al-poder-ejecutivo-nacional\/#primaryimage","inLanguage":"es-AR","url":"https:\/\/consejomagistratura.gov.ar\/wp-content\/uploads\/2020\/04\/04-28plenario1.jpg","contentUrl":"https:\/\/consejomagistratura.gov.ar\/wp-content\/uploads\/2020\/04\/04-28plenario1.jpg","width":800,"height":444},{"@type":"WebPage","@id":"https:\/\/consejomagistratura.gov.ar\/index.php\/2020\/04\/28\/sesionando-en-forma-virtual-el-plenario-remitio-otras-nueve-ternas-al-poder-ejecutivo-nacional\/#webpage","url":"https:\/\/consejomagistratura.gov.ar\/index.php\/2020\/04\/28\/sesionando-en-forma-virtual-el-plenario-remitio-otras-nueve-ternas-al-poder-ejecutivo-nacional\/","name":"Sesionando en forma virtual el Plenario remiti\u00f3 otras nueve ternas al Poder Ejecutivo Nacional | Consejo de la Magistratura","isPartOf":{"@id":"https:\/\/consejomagistratura.gov.ar\/#website"},"primaryImageOfPage":{"@id":"https:\/\/consejomagistratura.gov.ar\/index.php\/2020\/04\/28\/sesionando-en-forma-virtual-el-plenario-remitio-otras-nueve-ternas-al-poder-ejecutivo-nacional\/#primaryimage"},"datePublished":"2020-04-28T15:16:00+00:00","dateModified":"2021-07-14T21:09:03+00:00","breadcrumb":{"@id":"https:\/\/consejomagistratura.gov.ar\/index.php\/2020\/04\/28\/sesionando-en-forma-virtual-el-plenario-remitio-otras-nueve-ternas-al-poder-ejecutivo-nacional\/#breadcrumb"},"inLanguage":"es-AR","potentialAction":[{"@type":"ReadAction","target":["https:\/\/consejomagistratura.gov.ar\/index.php\/2020\/04\/28\/sesionando-en-forma-virtual-el-plenario-remitio-otras-nueve-ternas-al-poder-ejecutivo-nacional\/"]}]},{"@type":"BreadcrumbList","@id":"https:\/\/consejomagistratura.gov.ar\/index.php\/2020\/04\/28\/sesionando-en-forma-virtual-el-plenario-remitio-otras-nueve-ternas-al-poder-ejecutivo-nacional\/#breadcrumb","itemListElement":[{"@type":"ListItem","position":1,"name":"Inicio","item":"https:\/\/consejomagistratura.gov.ar\/"},{"@type":"ListItem","position":2,"name":"Sesionando en forma virtual el Plenario remiti\u00f3 otras nueve ternas al Poder Ejecutivo Nacional"}]},{"@type":"Article","@id":"https:\/\/consejomagistratura.gov.ar\/index.php\/2020\/04\/28\/sesionando-en-forma-virtual-el-plenario-remitio-otras-nueve-ternas-al-poder-ejecutivo-nacional\/#article","isPartOf":{"@id":"https:\/\/consejomagistratura.gov.ar\/index.php\/2020\/04\/28\/sesionando-en-forma-virtual-el-plenario-remitio-otras-nueve-ternas-al-poder-ejecutivo-nacional\/#webpage"},"author":{"@id":"https:\/\/consejomagistratura.gov.ar\/#\/schema\/person\/f4d8b3521c35f97155ae7f20dfb56842"},"headline":"Sesionando en forma virtual el Plenario remiti\u00f3 otras nueve ternas al Poder Ejecutivo Nacional","datePublished":"2020-04-28T15:16:00+00:00","dateModified":"2021-07-14T21:09:03+00:00","mainEntityOfPage":{"@id":"https:\/\/consejomagistratura.gov.ar\/index.php\/2020\/04\/28\/sesionando-en-forma-virtual-el-plenario-remitio-otras-nueve-ternas-al-poder-ejecutivo-nacional\/#webpage"},"wordCount":1796,"publisher":{"@id":"https:\/\/consejomagistratura.gov.ar\/#organization"},"image":{"@id":"https:\/\/consejomagistratura.gov.ar\/index.php\/2020\/04\/28\/sesionando-en-forma-virtual-el-plenario-remitio-otras-nueve-ternas-al-poder-ejecutivo-nacional\/#primaryimage"},"thumbnailUrl":"https:\/\/consejomagistratura.gov.ar\/wp-content\/uploads\/2020\/04\/04-28plenario1.jpg","keywords":["Plenario","Transmisiones en vivo"],"articleSection":["Plenario","Transmisiones en Vivo"],"inLanguage":"es-AR"},{"@type":"Person","@id":"https:\/\/consejomagistratura.gov.ar\/#\/schema\/person\/f4d8b3521c35f97155ae7f20dfb56842","name":"Juan Pia","image":{"@type":"ImageObject","@id":"https:\/\/consejomagistratura.gov.ar\/#personlogo","inLanguage":"es-AR","url":"https:\/\/secure.gravatar.com\/avatar\/1b6e654a3f0c5c5d08057e227b031732b3b62c44fd483b51f93433e49e0aead1?s=96&d=mm&r=g","contentUrl":"https:\/\/secure.gravatar.com\/avatar\/1b6e654a3f0c5c5d08057e227b031732b3b62c44fd483b51f93433e49e0aead1?s=96&d=mm&r=g","caption":"Juan Pia"},"url":"https:\/\/consejomagistratura.gov.ar\/index.php\/author\/jpia\/"}]}},"_links":{"self":[{"href":"https:\/\/consejomagistratura.gov.ar\/index.php\/wp-json\/wp\/v2\/posts\/5900","targetHints":{"allow":["GET"]}}],"collection":[{"href":"https:\/\/consejomagistratura.gov.ar\/index.php\/wp-json\/wp\/v2\/posts"}],"about":[{"href":"https:\/\/consejomagistratura.gov.ar\/index.php\/wp-json\/wp\/v2\/types\/post"}],"author":[{"embeddable":true,"href":"https:\/\/consejomagistratura.gov.ar\/index.php\/wp-json\/wp\/v2\/users\/13"}],"replies":[{"embeddable":true,"href":"https:\/\/consejomagistratura.gov.ar\/index.php\/wp-json\/wp\/v2\/comments?post=5900"}],"version-history":[{"count":1,"href":"https:\/\/consejomagistratura.gov.ar\/index.php\/wp-json\/wp\/v2\/posts\/5900\/revisions"}],"predecessor-version":[{"id":10677,"href":"https:\/\/consejomagistratura.gov.ar\/index.php\/wp-json\/wp\/v2\/posts\/5900\/revisions\/10677"}],"wp:featuredmedia":[{"embeddable":true,"href":"https:\/\/consejomagistratura.gov.ar\/index.php\/wp-json\/wp\/v2\/media\/10676"}],"wp:attachment":[{"href":"https:\/\/consejomagistratura.gov.ar\/index.php\/wp-json\/wp\/v2\/media?parent=5900"}],"wp:term":[{"taxonomy":"category","embeddable":true,"href":"https:\/\/consejomagistratura.gov.ar\/index.php\/wp-json\/wp\/v2\/categories?post=5900"},{"taxonomy":"post_tag","embeddable":true,"href":"https:\/\/consejomagistratura.gov.ar\/index.php\/wp-json\/wp\/v2\/tags?post=5900"}],"curies":[{"name":"wp","href":"https:\/\/api.w.org\/{rel}","templated":true}]}}