{"id":5913,"date":"2020-04-29T21:14:00","date_gmt":"2020-04-30T00:14:00","guid":{"rendered":"http:\/\/5.0.32.155\/cm\/?p=5913"},"modified":"2021-07-14T18:08:59","modified_gmt":"2021-07-14T21:08:59","slug":"reunion-de-trabajo-con-las-camaras-nacionales-y-federales-de-todo-el-pais","status":"publish","type":"post","link":"https:\/\/consejomagistratura.gov.ar\/index.php\/2020\/04\/29\/reunion-de-trabajo-con-las-camaras-nacionales-y-federales-de-todo-el-pais\/","title":{"rendered":"Reuni\u00f3n de trabajo con las C\u00e1maras Nacionales y Federales de todo el pa\u00eds"},"content":{"rendered":"\n<p class=\"has-text-align-justify\">En la tarde de hoy, 29 de abril, el Presidente del Consejo de la Magistratura, Alberto Agust\u00edn Lugones y el presidente de la Comisi\u00f3n de Administraci\u00f3n y Financiera, Juan Pablo M\u00e1s V\u00e9lez, tuvieron la oportunidad de dialogar v\u00eda telem\u00e1tica con las autoridades de las distintas C\u00e1maras Federales y Nacionales de todo el pa\u00eds.<\/p>\n\n\n\n<p class=\"has-text-align-justify\">Participaron del encuentro Eduardo \u00c1valos, vicepresidente de la C\u00e1mara Federal de Apelaciones de C\u00f3rdoba; Alberto Seijas, presidente de la C\u00e1mara Nacional de Apelaciones en lo Criminal y Correccional; Alberto Dalla Via, presidente de la C\u00e1mara Nacional Electoral; \u00c9lida Vidal, presidenta de la C\u00e1mara Federal de Apelaciones de Rosario; Jorge Mor\u00e1n, presidente de la C\u00e1mara Nacional de Apelaciones en lo Contencioso Administrativo Federal; Roberto Hornos, presidente de la C\u00e1mara Nacional en lo Penal Econ\u00f3mico; Pablo Candisano Mera, presidente de la C\u00e1mara Federal de Apelaciones de Bah\u00eda Blanca; Roberto Lemos Arias, presidente de la C\u00e1mara Federal de Apelaciones de La Plata; Roc\u00edo Alcal\u00e1, vicepresidenta de la C\u00e1mara Federal de Apelaciones de Resistencia; \u00c1ngela Ledesma, presidenta de la C\u00e1mara Federal de Casaci\u00f3n Penal; Rafael Barreiro, presidente de la C\u00e1mara Nacional de Apelaciones en lo Comercial, Mirta Sotelo de Andreau, presidenta de la C\u00e1mara Federal de Apelaciones de Corrientes; Richar Fernando Gallego, presidente de la C\u00e1mara Federal de Apelaciones de General Roca; Alejandro Tazza, presidente de la C\u00e1mara Federal de Apelaciones de Mar del Plata; Juan Ignacio P\u00e9rez Curci, presidente de la C\u00e1mara Federal de Apelaciones de Mendoza; Beatriz Aranguren, Jueza de la C\u00e1mara Federal de Apelaciones de Paran\u00e1; Javier Leal de Ibarra, presidente de la C\u00e1mara Federal de Apelaciones de Comodoro Rivadavia; Marcos Mor\u00e1n, presidente de la C\u00e1mara Federal de Apelaciones de San Mart\u00edn; Fernando Alcides Uriarte, presidente de la C\u00e1mara Nacional de Apelaciones en lo Civil y Comercial Federal; Luis Renato Rabbi Baldi Cabanillas, presidente de la C\u00e1mara Federal de Apelaciones de Salta; Victoria P\u00e9rez Tognola, presidenta de la C\u00e1mara Federal de la Seguridad Social; Ricardo Sanjuan, vicepresidente de la C\u00e1mara Federal de Apelaciones de Tucum\u00e1n; Daniel Mor\u00edn, presidente de la C\u00e1mara Nacional de Casaci\u00f3n en lo Criminal y Correccional; y Mario Bold\u00fa, presidente de la C\u00e1mara Federal de Apelaciones de Posadas.<\/p>\n\n\n\n<p class=\"has-text-align-justify\">Durante la reuni\u00f3n los magistrados informaron acerca del trabajo que est\u00e1n desarrollando en sus \u00e1mbitos en el marco de la emergencia, c\u00f3mo han organizado las tareas de los tribunales, cu\u00e1l es la cantidad y diversidad de expedientes que tramitan, y tambi\u00e9n cual es el contexto sanitario en el caso de cada provincia y las soluciones que recibieron de la Administraci\u00f3n General del Consejo, en temas de higiene y limpieza.<\/p>\n\n\n\n<p class=\"has-text-align-justify\">En el mismo sentido, plantearon distintas consultas y necesidades, las que fueron respondidas y consideradas por los Dres. Lugones y Mas V\u00e9lez, y en los casos que no fue posible derivadas inmediatamente a las \u00e1reas correspondientes para avanzar en las soluciones requeridas.<\/p>\n\n\n\n<p class=\"has-text-align-justify\">Se puso de manifiesto la necesidad de comunicar el trabajo que hoy realiza la justicia, la que m\u00e1s all\u00e1 de la emergencia se encuentra tramitando miles de expedientes, en algunos casos aquellos que no admiten demoras, y en muchos otros excediendo esa limitaci\u00f3n, a trav\u00e9s del trabajo presencial rotativo y tambi\u00e9n del teletrabajo.<\/p>\n\n\n\n<p>Se acord\u00f3 asimismo realizar una nueva reuni\u00f3n en fecha a confirmar.<\/p>\n","protected":false},"excerpt":{"rendered":"<p>En la tarde de hoy, 29 de abril, el Presidente del Consejo de la Magistratura, Alberto Agust\u00edn Lugones y el presidente de la Comisi\u00f3n de Administraci\u00f3n y Financiera, Juan Pablo M\u00e1s V\u00e9lez, tuvieron la oportunidad [&hellip;]<\/p>\n","protected":false},"author":13,"featured_media":10678,"comment_status":"closed","ping_status":"open","sticky":false,"template":"","format":"standard","meta":{"footnotes":""},"categories":[3],"tags":[42],"class_list":["post-5913","post","type-post","status-publish","format-standard","has-post-thumbnail","hentry","category-institucional","tag-presidencia"],"yoast_head":"<!-- This site is optimized with the Yoast SEO Premium plugin v16.2 (Yoast SEO v17.9) - https:\/\/yoast.com\/wordpress\/plugins\/seo\/ -->\n<title>Reuni\u00f3n de trabajo con las C\u00e1maras Nacionales y Federales de todo el pa\u00eds | Consejo de la Magistratura<\/title>\n<meta name=\"robots\" content=\"index, follow, max-snippet:-1, max-image-preview:large, max-video-preview:-1\" \/>\n<link rel=\"canonical\" href=\"https:\/\/consejomagistratura.gov.ar\/index.php\/2020\/04\/29\/reunion-de-trabajo-con-las-camaras-nacionales-y-federales-de-todo-el-pais\/\" \/>\n<meta property=\"og:locale\" content=\"es_ES\" \/>\n<meta property=\"og:type\" content=\"article\" \/>\n<meta property=\"og:title\" content=\"Reuni\u00f3n de trabajo con las C\u00e1maras Nacionales y Federales de todo el pa\u00eds | Consejo de la Magistratura\" \/>\n<meta property=\"og:description\" content=\"En la tarde de hoy, 29 de abril, el Presidente del Consejo de la Magistratura, Alberto Agust\u00edn Lugones y el presidente de la Comisi\u00f3n de Administraci\u00f3n y Financiera, Juan Pablo M\u00e1s V\u00e9lez, tuvieron la oportunidad [&hellip;]\" \/>\n<meta property=\"og:url\" content=\"https:\/\/consejomagistratura.gov.ar\/index.php\/2020\/04\/29\/reunion-de-trabajo-con-las-camaras-nacionales-y-federales-de-todo-el-pais\/\" \/>\n<meta property=\"og:site_name\" content=\"Consejo de la Magistratura\" \/>\n<meta property=\"article:publisher\" content=\"https:\/\/www.facebook.com\/consejomagistratura\" \/>\n<meta property=\"article:published_time\" content=\"2020-04-30T00:14:00+00:00\" \/>\n<meta property=\"article:modified_time\" content=\"2021-07-14T21:08:59+00:00\" \/>\n<meta property=\"og:image\" content=\"https:\/\/consejomagistratura.gov.ar\/wp-content\/uploads\/2020\/04\/04-29presidentesS-1.jpg\" \/>\n\t<meta property=\"og:image:width\" content=\"1582\" \/>\n\t<meta property=\"og:image:height\" content=\"1106\" \/>\n\t<meta property=\"og:image:type\" content=\"image\/jpeg\" \/>\n<meta name=\"twitter:card\" content=\"summary_large_image\" \/>\n<meta name=\"twitter:creator\" content=\"@cmagistratura\" \/>\n<meta name=\"twitter:site\" content=\"@cmagistratura\" \/>\n<meta name=\"twitter:label1\" content=\"Escrito por\" \/>\n\t<meta name=\"twitter:data1\" content=\"Juan Pia\" \/>\n\t<meta name=\"twitter:label2\" content=\"Tiempo de lectura\" \/>\n\t<meta name=\"twitter:data2\" content=\"3 minutos\" \/>\n<script type=\"application\/ld+json\" class=\"yoast-schema-graph\">{\"@context\":\"https:\/\/schema.org\",\"@graph\":[{\"@type\":\"Organization\",\"@id\":\"https:\/\/consejomagistratura.gov.ar\/#organization\",\"name\":\"Consejo de la Magistratura\",\"url\":\"https:\/\/consejomagistratura.gov.ar\/\",\"sameAs\":[\"https:\/\/www.facebook.com\/consejomagistratura\",\"https:\/\/www.instagram.com\/consejodelamagistratura\/\",\"https:\/\/www.youtube.com\/c\/consejodelamagistraturadelanacion\",\"https:\/\/es.wikipedia.org\/wiki\/Consejo_de_la_Magistratura_(Argentina)\",\"https:\/\/twitter.com\/cmagistratura\"],\"logo\":{\"@type\":\"ImageObject\",\"@id\":\"https:\/\/consejomagistratura.gov.ar\/#logo\",\"inLanguage\":\"es-AR\",\"url\":\"https:\/\/consejomagistratura.gov.ar\/wp-content\/uploads\/2021\/08\/logo_link_2_Mesa-de-trabajo-1.png\",\"contentUrl\":\"https:\/\/consejomagistratura.gov.ar\/wp-content\/uploads\/2021\/08\/logo_link_2_Mesa-de-trabajo-1.png\",\"width\":1067,\"height\":780,\"caption\":\"Consejo de la Magistratura\"},\"image\":{\"@id\":\"https:\/\/consejomagistratura.gov.ar\/#logo\"}},{\"@type\":\"WebSite\",\"@id\":\"https:\/\/consejomagistratura.gov.ar\/#website\",\"url\":\"https:\/\/consejomagistratura.gov.ar\/\",\"name\":\"Consejo de la Magistratura\",\"description\":\"\",\"publisher\":{\"@id\":\"https:\/\/consejomagistratura.gov.ar\/#organization\"},\"potentialAction\":[{\"@type\":\"SearchAction\",\"target\":{\"@type\":\"EntryPoint\",\"urlTemplate\":\"https:\/\/consejomagistratura.gov.ar\/?s={search_term_string}\"},\"query-input\":\"required name=search_term_string\"}],\"inLanguage\":\"es-AR\"},{\"@type\":\"ImageObject\",\"@id\":\"https:\/\/consejomagistratura.gov.ar\/index.php\/2020\/04\/29\/reunion-de-trabajo-con-las-camaras-nacionales-y-federales-de-todo-el-pais\/#primaryimage\",\"inLanguage\":\"es-AR\",\"url\":\"https:\/\/consejomagistratura.gov.ar\/wp-content\/uploads\/2020\/04\/04-29presidentesS-1.jpg\",\"contentUrl\":\"https:\/\/consejomagistratura.gov.ar\/wp-content\/uploads\/2020\/04\/04-29presidentesS-1.jpg\",\"width\":1582,\"height\":1106},{\"@type\":\"WebPage\",\"@id\":\"https:\/\/consejomagistratura.gov.ar\/index.php\/2020\/04\/29\/reunion-de-trabajo-con-las-camaras-nacionales-y-federales-de-todo-el-pais\/#webpage\",\"url\":\"https:\/\/consejomagistratura.gov.ar\/index.php\/2020\/04\/29\/reunion-de-trabajo-con-las-camaras-nacionales-y-federales-de-todo-el-pais\/\",\"name\":\"Reuni\\u00f3n de trabajo con las C\\u00e1maras Nacionales y Federales de todo el pa\\u00eds | Consejo de la Magistratura\",\"isPartOf\":{\"@id\":\"https:\/\/consejomagistratura.gov.ar\/#website\"},\"primaryImageOfPage\":{\"@id\":\"https:\/\/consejomagistratura.gov.ar\/index.php\/2020\/04\/29\/reunion-de-trabajo-con-las-camaras-nacionales-y-federales-de-todo-el-pais\/#primaryimage\"},\"datePublished\":\"2020-04-30T00:14:00+00:00\",\"dateModified\":\"2021-07-14T21:08:59+00:00\",\"breadcrumb\":{\"@id\":\"https:\/\/consejomagistratura.gov.ar\/index.php\/2020\/04\/29\/reunion-de-trabajo-con-las-camaras-nacionales-y-federales-de-todo-el-pais\/#breadcrumb\"},\"inLanguage\":\"es-AR\",\"potentialAction\":[{\"@type\":\"ReadAction\",\"target\":[\"https:\/\/consejomagistratura.gov.ar\/index.php\/2020\/04\/29\/reunion-de-trabajo-con-las-camaras-nacionales-y-federales-de-todo-el-pais\/\"]}]},{\"@type\":\"BreadcrumbList\",\"@id\":\"https:\/\/consejomagistratura.gov.ar\/index.php\/2020\/04\/29\/reunion-de-trabajo-con-las-camaras-nacionales-y-federales-de-todo-el-pais\/#breadcrumb\",\"itemListElement\":[{\"@type\":\"ListItem\",\"position\":1,\"name\":\"Inicio\",\"item\":\"https:\/\/consejomagistratura.gov.ar\/\"},{\"@type\":\"ListItem\",\"position\":2,\"name\":\"Reuni\\u00f3n de trabajo con las C\\u00e1maras Nacionales y Federales de todo el pa\\u00eds\"}]},{\"@type\":\"Article\",\"@id\":\"https:\/\/consejomagistratura.gov.ar\/index.php\/2020\/04\/29\/reunion-de-trabajo-con-las-camaras-nacionales-y-federales-de-todo-el-pais\/#article\",\"isPartOf\":{\"@id\":\"https:\/\/consejomagistratura.gov.ar\/index.php\/2020\/04\/29\/reunion-de-trabajo-con-las-camaras-nacionales-y-federales-de-todo-el-pais\/#webpage\"},\"author\":{\"@id\":\"https:\/\/consejomagistratura.gov.ar\/#\/schema\/person\/f4d8b3521c35f97155ae7f20dfb56842\"},\"headline\":\"Reuni\\u00f3n de trabajo con las C\\u00e1maras Nacionales y Federales de todo el pa\\u00eds\",\"datePublished\":\"2020-04-30T00:14:00+00:00\",\"dateModified\":\"2021-07-14T21:08:59+00:00\",\"mainEntityOfPage\":{\"@id\":\"https:\/\/consejomagistratura.gov.ar\/index.php\/2020\/04\/29\/reunion-de-trabajo-con-las-camaras-nacionales-y-federales-de-todo-el-pais\/#webpage\"},\"wordCount\":601,\"publisher\":{\"@id\":\"https:\/\/consejomagistratura.gov.ar\/#organization\"},\"image\":{\"@id\":\"https:\/\/consejomagistratura.gov.ar\/index.php\/2020\/04\/29\/reunion-de-trabajo-con-las-camaras-nacionales-y-federales-de-todo-el-pais\/#primaryimage\"},\"thumbnailUrl\":\"https:\/\/consejomagistratura.gov.ar\/wp-content\/uploads\/2020\/04\/04-29presidentesS-1.jpg\",\"keywords\":[\"Presidencia\"],\"articleSection\":[\"Institucional\"],\"inLanguage\":\"es-AR\"},{\"@type\":\"Person\",\"@id\":\"https:\/\/consejomagistratura.gov.ar\/#\/schema\/person\/f4d8b3521c35f97155ae7f20dfb56842\",\"name\":\"Juan Pia\",\"image\":{\"@type\":\"ImageObject\",\"@id\":\"https:\/\/consejomagistratura.gov.ar\/#personlogo\",\"inLanguage\":\"es-AR\",\"url\":\"https:\/\/secure.gravatar.com\/avatar\/1b6e654a3f0c5c5d08057e227b031732b3b62c44fd483b51f93433e49e0aead1?s=96&d=mm&r=g\",\"contentUrl\":\"https:\/\/secure.gravatar.com\/avatar\/1b6e654a3f0c5c5d08057e227b031732b3b62c44fd483b51f93433e49e0aead1?s=96&d=mm&r=g\",\"caption\":\"Juan Pia\"},\"url\":\"https:\/\/consejomagistratura.gov.ar\/index.php\/author\/jpia\/\"}]}<\/script>\n<!-- \/ Yoast SEO Premium plugin. -->","yoast_head_json":{"title":"Reuni\u00f3n de trabajo con las C\u00e1maras Nacionales y Federales de todo el pa\u00eds | Consejo de la Magistratura","robots":{"index":"index","follow":"follow","max-snippet":"max-snippet:-1","max-image-preview":"max-image-preview:large","max-video-preview":"max-video-preview:-1"},"canonical":"https:\/\/consejomagistratura.gov.ar\/index.php\/2020\/04\/29\/reunion-de-trabajo-con-las-camaras-nacionales-y-federales-de-todo-el-pais\/","og_locale":"es_ES","og_type":"article","og_title":"Reuni\u00f3n de trabajo con las C\u00e1maras Nacionales y Federales de todo el pa\u00eds | Consejo de la Magistratura","og_description":"En la tarde de hoy, 29 de abril, el Presidente del Consejo de la Magistratura, Alberto Agust\u00edn Lugones y el presidente de la Comisi\u00f3n de Administraci\u00f3n y Financiera, Juan Pablo M\u00e1s V\u00e9lez, tuvieron la oportunidad [&hellip;]","og_url":"https:\/\/consejomagistratura.gov.ar\/index.php\/2020\/04\/29\/reunion-de-trabajo-con-las-camaras-nacionales-y-federales-de-todo-el-pais\/","og_site_name":"Consejo de la Magistratura","article_publisher":"https:\/\/www.facebook.com\/consejomagistratura","article_published_time":"2020-04-30T00:14:00+00:00","article_modified_time":"2021-07-14T21:08:59+00:00","og_image":[{"width":1582,"height":1106,"url":"https:\/\/consejomagistratura.gov.ar\/wp-content\/uploads\/2020\/04\/04-29presidentesS-1.jpg","type":"image\/jpeg"}],"twitter_card":"summary_large_image","twitter_creator":"@cmagistratura","twitter_site":"@cmagistratura","twitter_misc":{"Escrito por":"Juan Pia","Tiempo de lectura":"3 minutos"},"schema":{"@context":"https:\/\/schema.org","@graph":[{"@type":"Organization","@id":"https:\/\/consejomagistratura.gov.ar\/#organization","name":"Consejo de la Magistratura","url":"https:\/\/consejomagistratura.gov.ar\/","sameAs":["https:\/\/www.facebook.com\/consejomagistratura","https:\/\/www.instagram.com\/consejodelamagistratura\/","https:\/\/www.youtube.com\/c\/consejodelamagistraturadelanacion","https:\/\/es.wikipedia.org\/wiki\/Consejo_de_la_Magistratura_(Argentina)","https:\/\/twitter.com\/cmagistratura"],"logo":{"@type":"ImageObject","@id":"https:\/\/consejomagistratura.gov.ar\/#logo","inLanguage":"es-AR","url":"https:\/\/consejomagistratura.gov.ar\/wp-content\/uploads\/2021\/08\/logo_link_2_Mesa-de-trabajo-1.png","contentUrl":"https:\/\/consejomagistratura.gov.ar\/wp-content\/uploads\/2021\/08\/logo_link_2_Mesa-de-trabajo-1.png","width":1067,"height":780,"caption":"Consejo de la Magistratura"},"image":{"@id":"https:\/\/consejomagistratura.gov.ar\/#logo"}},{"@type":"WebSite","@id":"https:\/\/consejomagistratura.gov.ar\/#website","url":"https:\/\/consejomagistratura.gov.ar\/","name":"Consejo de la Magistratura","description":"","publisher":{"@id":"https:\/\/consejomagistratura.gov.ar\/#organization"},"potentialAction":[{"@type":"SearchAction","target":{"@type":"EntryPoint","urlTemplate":"https:\/\/consejomagistratura.gov.ar\/?s={search_term_string}"},"query-input":"required name=search_term_string"}],"inLanguage":"es-AR"},{"@type":"ImageObject","@id":"https:\/\/consejomagistratura.gov.ar\/index.php\/2020\/04\/29\/reunion-de-trabajo-con-las-camaras-nacionales-y-federales-de-todo-el-pais\/#primaryimage","inLanguage":"es-AR","url":"https:\/\/consejomagistratura.gov.ar\/wp-content\/uploads\/2020\/04\/04-29presidentesS-1.jpg","contentUrl":"https:\/\/consejomagistratura.gov.ar\/wp-content\/uploads\/2020\/04\/04-29presidentesS-1.jpg","width":1582,"height":1106},{"@type":"WebPage","@id":"https:\/\/consejomagistratura.gov.ar\/index.php\/2020\/04\/29\/reunion-de-trabajo-con-las-camaras-nacionales-y-federales-de-todo-el-pais\/#webpage","url":"https:\/\/consejomagistratura.gov.ar\/index.php\/2020\/04\/29\/reunion-de-trabajo-con-las-camaras-nacionales-y-federales-de-todo-el-pais\/","name":"Reuni\u00f3n de trabajo con las C\u00e1maras Nacionales y Federales de todo el pa\u00eds | Consejo de la Magistratura","isPartOf":{"@id":"https:\/\/consejomagistratura.gov.ar\/#website"},"primaryImageOfPage":{"@id":"https:\/\/consejomagistratura.gov.ar\/index.php\/2020\/04\/29\/reunion-de-trabajo-con-las-camaras-nacionales-y-federales-de-todo-el-pais\/#primaryimage"},"datePublished":"2020-04-30T00:14:00+00:00","dateModified":"2021-07-14T21:08:59+00:00","breadcrumb":{"@id":"https:\/\/consejomagistratura.gov.ar\/index.php\/2020\/04\/29\/reunion-de-trabajo-con-las-camaras-nacionales-y-federales-de-todo-el-pais\/#breadcrumb"},"inLanguage":"es-AR","potentialAction":[{"@type":"ReadAction","target":["https:\/\/consejomagistratura.gov.ar\/index.php\/2020\/04\/29\/reunion-de-trabajo-con-las-camaras-nacionales-y-federales-de-todo-el-pais\/"]}]},{"@type":"BreadcrumbList","@id":"https:\/\/consejomagistratura.gov.ar\/index.php\/2020\/04\/29\/reunion-de-trabajo-con-las-camaras-nacionales-y-federales-de-todo-el-pais\/#breadcrumb","itemListElement":[{"@type":"ListItem","position":1,"name":"Inicio","item":"https:\/\/consejomagistratura.gov.ar\/"},{"@type":"ListItem","position":2,"name":"Reuni\u00f3n de trabajo con las C\u00e1maras Nacionales y Federales de todo el pa\u00eds"}]},{"@type":"Article","@id":"https:\/\/consejomagistratura.gov.ar\/index.php\/2020\/04\/29\/reunion-de-trabajo-con-las-camaras-nacionales-y-federales-de-todo-el-pais\/#article","isPartOf":{"@id":"https:\/\/consejomagistratura.gov.ar\/index.php\/2020\/04\/29\/reunion-de-trabajo-con-las-camaras-nacionales-y-federales-de-todo-el-pais\/#webpage"},"author":{"@id":"https:\/\/consejomagistratura.gov.ar\/#\/schema\/person\/f4d8b3521c35f97155ae7f20dfb56842"},"headline":"Reuni\u00f3n de trabajo con las C\u00e1maras Nacionales y Federales de todo el pa\u00eds","datePublished":"2020-04-30T00:14:00+00:00","dateModified":"2021-07-14T21:08:59+00:00","mainEntityOfPage":{"@id":"https:\/\/consejomagistratura.gov.ar\/index.php\/2020\/04\/29\/reunion-de-trabajo-con-las-camaras-nacionales-y-federales-de-todo-el-pais\/#webpage"},"wordCount":601,"publisher":{"@id":"https:\/\/consejomagistratura.gov.ar\/#organization"},"image":{"@id":"https:\/\/consejomagistratura.gov.ar\/index.php\/2020\/04\/29\/reunion-de-trabajo-con-las-camaras-nacionales-y-federales-de-todo-el-pais\/#primaryimage"},"thumbnailUrl":"https:\/\/consejomagistratura.gov.ar\/wp-content\/uploads\/2020\/04\/04-29presidentesS-1.jpg","keywords":["Presidencia"],"articleSection":["Institucional"],"inLanguage":"es-AR"},{"@type":"Person","@id":"https:\/\/consejomagistratura.gov.ar\/#\/schema\/person\/f4d8b3521c35f97155ae7f20dfb56842","name":"Juan Pia","image":{"@type":"ImageObject","@id":"https:\/\/consejomagistratura.gov.ar\/#personlogo","inLanguage":"es-AR","url":"https:\/\/secure.gravatar.com\/avatar\/1b6e654a3f0c5c5d08057e227b031732b3b62c44fd483b51f93433e49e0aead1?s=96&d=mm&r=g","contentUrl":"https:\/\/secure.gravatar.com\/avatar\/1b6e654a3f0c5c5d08057e227b031732b3b62c44fd483b51f93433e49e0aead1?s=96&d=mm&r=g","caption":"Juan Pia"},"url":"https:\/\/consejomagistratura.gov.ar\/index.php\/author\/jpia\/"}]}},"_links":{"self":[{"href":"https:\/\/consejomagistratura.gov.ar\/index.php\/wp-json\/wp\/v2\/posts\/5913","targetHints":{"allow":["GET"]}}],"collection":[{"href":"https:\/\/consejomagistratura.gov.ar\/index.php\/wp-json\/wp\/v2\/posts"}],"about":[{"href":"https:\/\/consejomagistratura.gov.ar\/index.php\/wp-json\/wp\/v2\/types\/post"}],"author":[{"embeddable":true,"href":"https:\/\/consejomagistratura.gov.ar\/index.php\/wp-json\/wp\/v2\/users\/13"}],"replies":[{"embeddable":true,"href":"https:\/\/consejomagistratura.gov.ar\/index.php\/wp-json\/wp\/v2\/comments?post=5913"}],"version-history":[{"count":1,"href":"https:\/\/consejomagistratura.gov.ar\/index.php\/wp-json\/wp\/v2\/posts\/5913\/revisions"}],"predecessor-version":[{"id":10679,"href":"https:\/\/consejomagistratura.gov.ar\/index.php\/wp-json\/wp\/v2\/posts\/5913\/revisions\/10679"}],"wp:featuredmedia":[{"embeddable":true,"href":"https:\/\/consejomagistratura.gov.ar\/index.php\/wp-json\/wp\/v2\/media\/10678"}],"wp:attachment":[{"href":"https:\/\/consejomagistratura.gov.ar\/index.php\/wp-json\/wp\/v2\/media?parent=5913"}],"wp:term":[{"taxonomy":"category","embeddable":true,"href":"https:\/\/consejomagistratura.gov.ar\/index.php\/wp-json\/wp\/v2\/categories?post=5913"},{"taxonomy":"post_tag","embeddable":true,"href":"https:\/\/consejomagistratura.gov.ar\/index.php\/wp-json\/wp\/v2\/tags?post=5913"}],"curies":[{"name":"wp","href":"https:\/\/api.w.org\/{rel}","templated":true}]}}