{"id":6507,"date":"2020-08-21T11:22:00","date_gmt":"2020-08-21T14:22:00","guid":{"rendered":"http:\/\/5.0.32.155\/cm\/?p=6507"},"modified":"2021-07-14T17:42:42","modified_gmt":"2021-07-14T20:42:42","slug":"balance-de-gestion-del-departamento-de-capacitacion","status":"publish","type":"post","link":"https:\/\/consejomagistratura.gov.ar\/index.php\/2020\/08\/21\/balance-de-gestion-del-departamento-de-capacitacion\/","title":{"rendered":"Balance de gesti\u00f3n del Departamento de Capacitaci\u00f3n"},"content":{"rendered":"\n<figure class=\"wp-block-image alignfull\"><img decoding=\"async\" src=\"http:\/\/www.consejomagistratura.gov.ar\/images\/stories\/2018-2022\/2020\/deptocapacitacion.jpg\" alt=\"\"\/><\/figure>\n\n\n\n<p class=\"has-text-align-justify\"><br>El Subadministrador General del Consejo de la Magistratura, Federico Vincent, pone en conocimiento el informe de balance de gesti\u00f3n y resultados del primer semestre de 2020 en materia de capacitaci\u00f3n y desarrollo del personal, elaborado por el Departamento de Capacitaci\u00f3n dependiente de la Direcci\u00f3n General de Recursos Humanos del Poder Judicial de la Naci\u00f3n.<\/p>\n\n\n\n<p class=\"has-text-align-justify\">Destaca la ampliaci\u00f3n de la oferta y difusi\u00f3n de cursos con modalidad virtual, as\u00ed como la readaptaci\u00f3n de cursos presenciales para ser desarrollados tambi\u00e9n de forma remota, desarroll\u00e1ndose webinars sobre distintas tem\u00e1ticas. Tambi\u00e9n resalta la publicaci\u00f3n de boletines quincenales de difusi\u00f3n con contenidos y propuestas de aprendizaje orientadas al desarrollo de diversas habilidades y competencias para la mejora del desempe\u00f1o laboral.<\/p>\n\n\n\n<p class=\"has-text-align-justify\">De este modo, el Poder Judicial contin\u00faa trabajando y adapt\u00e1ndose a la altura de estos tiempos.<\/p>\n\n\n\n<p><a href=\"http:\/\/www.consejomagistratura.gov.ar\/images\/stories\/2018-2022\/2020\/RRHHBalance_primer_semestre.pdf\" target=\"_blank\" rel=\"noreferrer noopener\">Hacer click aqu\u00ed<\/a>&nbsp;para descargar el informe<\/p>\n","protected":false},"excerpt":{"rendered":"<p>El Subadministrador General del Consejo de la Magistratura, Federico Vincent, pone en conocimiento el informe de balance de gesti\u00f3n y resultados del primer semestre de 2020 en materia de capacitaci\u00f3n y desarrollo del personal, elaborado [&hellip;]<\/p>\n","protected":false},"author":13,"featured_media":10457,"comment_status":"closed","ping_status":"open","sticky":false,"template":"","format":"standard","meta":{"footnotes":""},"categories":[33,15],"tags":[44,23],"class_list":["post-6507","post","type-post","status-publish","format-standard","has-post-thumbnail","hentry","category-administracion-general","category-info-general","tag-administracion-general","tag-informacion-general"],"yoast_head":"<!-- This site is optimized with the Yoast SEO Premium plugin v16.2 (Yoast SEO v17.9) - https:\/\/yoast.com\/wordpress\/plugins\/seo\/ -->\n<title>Balance de gesti\u00f3n del Departamento de Capacitaci\u00f3n | Consejo de la Magistratura<\/title>\n<meta name=\"robots\" content=\"index, follow, max-snippet:-1, max-image-preview:large, max-video-preview:-1\" \/>\n<link rel=\"canonical\" href=\"https:\/\/consejomagistratura.gov.ar\/index.php\/2020\/08\/21\/balance-de-gestion-del-departamento-de-capacitacion\/\" \/>\n<meta property=\"og:locale\" content=\"es_ES\" \/>\n<meta property=\"og:type\" content=\"article\" \/>\n<meta property=\"og:title\" content=\"Balance de gesti\u00f3n del Departamento de Capacitaci\u00f3n | Consejo de la Magistratura\" \/>\n<meta property=\"og:description\" content=\"El Subadministrador General del Consejo de la Magistratura, Federico Vincent, pone en conocimiento el informe de balance de gesti\u00f3n y resultados del primer semestre de 2020 en materia de capacitaci\u00f3n y desarrollo del personal, elaborado [&hellip;]\" \/>\n<meta property=\"og:url\" content=\"https:\/\/consejomagistratura.gov.ar\/index.php\/2020\/08\/21\/balance-de-gestion-del-departamento-de-capacitacion\/\" \/>\n<meta property=\"og:site_name\" content=\"Consejo de la Magistratura\" \/>\n<meta property=\"article:publisher\" content=\"https:\/\/www.facebook.com\/consejomagistratura\" \/>\n<meta property=\"article:published_time\" content=\"2020-08-21T14:22:00+00:00\" \/>\n<meta property=\"article:modified_time\" content=\"2021-07-14T20:42:42+00:00\" \/>\n<meta property=\"og:image\" content=\"https:\/\/consejomagistratura.gov.ar\/wp-content\/uploads\/2020\/08\/deptocapacitacion-1.jpg\" \/>\n\t<meta property=\"og:image:width\" content=\"785\" \/>\n\t<meta property=\"og:image:height\" content=\"494\" \/>\n\t<meta property=\"og:image:type\" content=\"image\/jpeg\" \/>\n<meta name=\"twitter:card\" content=\"summary_large_image\" \/>\n<meta name=\"twitter:creator\" content=\"@cmagistratura\" \/>\n<meta name=\"twitter:site\" content=\"@cmagistratura\" \/>\n<meta name=\"twitter:label1\" content=\"Escrito por\" \/>\n\t<meta name=\"twitter:data1\" content=\"Juan Pia\" \/>\n\t<meta name=\"twitter:label2\" content=\"Tiempo de lectura\" \/>\n\t<meta name=\"twitter:data2\" content=\"1 minuto\" \/>\n<script type=\"application\/ld+json\" class=\"yoast-schema-graph\">{\"@context\":\"https:\/\/schema.org\",\"@graph\":[{\"@type\":\"Organization\",\"@id\":\"https:\/\/consejomagistratura.gov.ar\/#organization\",\"name\":\"Consejo de la Magistratura\",\"url\":\"https:\/\/consejomagistratura.gov.ar\/\",\"sameAs\":[\"https:\/\/www.facebook.com\/consejomagistratura\",\"https:\/\/www.instagram.com\/consejodelamagistratura\/\",\"https:\/\/www.youtube.com\/c\/consejodelamagistraturadelanacion\",\"https:\/\/es.wikipedia.org\/wiki\/Consejo_de_la_Magistratura_(Argentina)\",\"https:\/\/twitter.com\/cmagistratura\"],\"logo\":{\"@type\":\"ImageObject\",\"@id\":\"https:\/\/consejomagistratura.gov.ar\/#logo\",\"inLanguage\":\"es-AR\",\"url\":\"https:\/\/consejomagistratura.gov.ar\/wp-content\/uploads\/2021\/08\/logo_link_2_Mesa-de-trabajo-1.png\",\"contentUrl\":\"https:\/\/consejomagistratura.gov.ar\/wp-content\/uploads\/2021\/08\/logo_link_2_Mesa-de-trabajo-1.png\",\"width\":1067,\"height\":780,\"caption\":\"Consejo de la Magistratura\"},\"image\":{\"@id\":\"https:\/\/consejomagistratura.gov.ar\/#logo\"}},{\"@type\":\"WebSite\",\"@id\":\"https:\/\/consejomagistratura.gov.ar\/#website\",\"url\":\"https:\/\/consejomagistratura.gov.ar\/\",\"name\":\"Consejo de la Magistratura\",\"description\":\"\",\"publisher\":{\"@id\":\"https:\/\/consejomagistratura.gov.ar\/#organization\"},\"potentialAction\":[{\"@type\":\"SearchAction\",\"target\":{\"@type\":\"EntryPoint\",\"urlTemplate\":\"https:\/\/consejomagistratura.gov.ar\/?s={search_term_string}\"},\"query-input\":\"required name=search_term_string\"}],\"inLanguage\":\"es-AR\"},{\"@type\":\"ImageObject\",\"@id\":\"https:\/\/consejomagistratura.gov.ar\/index.php\/2020\/08\/21\/balance-de-gestion-del-departamento-de-capacitacion\/#primaryimage\",\"inLanguage\":\"es-AR\",\"url\":\"https:\/\/consejomagistratura.gov.ar\/wp-content\/uploads\/2020\/08\/deptocapacitacion-1.jpg\",\"contentUrl\":\"https:\/\/consejomagistratura.gov.ar\/wp-content\/uploads\/2020\/08\/deptocapacitacion-1.jpg\",\"width\":785,\"height\":494},{\"@type\":\"WebPage\",\"@id\":\"https:\/\/consejomagistratura.gov.ar\/index.php\/2020\/08\/21\/balance-de-gestion-del-departamento-de-capacitacion\/#webpage\",\"url\":\"https:\/\/consejomagistratura.gov.ar\/index.php\/2020\/08\/21\/balance-de-gestion-del-departamento-de-capacitacion\/\",\"name\":\"Balance de gesti\\u00f3n del Departamento de Capacitaci\\u00f3n | Consejo de la Magistratura\",\"isPartOf\":{\"@id\":\"https:\/\/consejomagistratura.gov.ar\/#website\"},\"primaryImageOfPage\":{\"@id\":\"https:\/\/consejomagistratura.gov.ar\/index.php\/2020\/08\/21\/balance-de-gestion-del-departamento-de-capacitacion\/#primaryimage\"},\"datePublished\":\"2020-08-21T14:22:00+00:00\",\"dateModified\":\"2021-07-14T20:42:42+00:00\",\"breadcrumb\":{\"@id\":\"https:\/\/consejomagistratura.gov.ar\/index.php\/2020\/08\/21\/balance-de-gestion-del-departamento-de-capacitacion\/#breadcrumb\"},\"inLanguage\":\"es-AR\",\"potentialAction\":[{\"@type\":\"ReadAction\",\"target\":[\"https:\/\/consejomagistratura.gov.ar\/index.php\/2020\/08\/21\/balance-de-gestion-del-departamento-de-capacitacion\/\"]}]},{\"@type\":\"BreadcrumbList\",\"@id\":\"https:\/\/consejomagistratura.gov.ar\/index.php\/2020\/08\/21\/balance-de-gestion-del-departamento-de-capacitacion\/#breadcrumb\",\"itemListElement\":[{\"@type\":\"ListItem\",\"position\":1,\"name\":\"Inicio\",\"item\":\"https:\/\/consejomagistratura.gov.ar\/\"},{\"@type\":\"ListItem\",\"position\":2,\"name\":\"Balance de gesti\\u00f3n del Departamento de Capacitaci\\u00f3n\"}]},{\"@type\":\"Article\",\"@id\":\"https:\/\/consejomagistratura.gov.ar\/index.php\/2020\/08\/21\/balance-de-gestion-del-departamento-de-capacitacion\/#article\",\"isPartOf\":{\"@id\":\"https:\/\/consejomagistratura.gov.ar\/index.php\/2020\/08\/21\/balance-de-gestion-del-departamento-de-capacitacion\/#webpage\"},\"author\":{\"@id\":\"https:\/\/consejomagistratura.gov.ar\/#\/schema\/person\/f4d8b3521c35f97155ae7f20dfb56842\"},\"headline\":\"Balance de gesti\\u00f3n del Departamento de Capacitaci\\u00f3n\",\"datePublished\":\"2020-08-21T14:22:00+00:00\",\"dateModified\":\"2021-07-14T20:42:42+00:00\",\"mainEntityOfPage\":{\"@id\":\"https:\/\/consejomagistratura.gov.ar\/index.php\/2020\/08\/21\/balance-de-gestion-del-departamento-de-capacitacion\/#webpage\"},\"wordCount\":164,\"publisher\":{\"@id\":\"https:\/\/consejomagistratura.gov.ar\/#organization\"},\"image\":{\"@id\":\"https:\/\/consejomagistratura.gov.ar\/index.php\/2020\/08\/21\/balance-de-gestion-del-departamento-de-capacitacion\/#primaryimage\"},\"thumbnailUrl\":\"https:\/\/consejomagistratura.gov.ar\/wp-content\/uploads\/2020\/08\/deptocapacitacion-1.jpg\",\"keywords\":[\"Administraci\\u00f3n General\",\"Informaci\\u00f3n General\"],\"articleSection\":[\"Administraci\\u00f3n General\",\"Informaci\\u00f3n General\"],\"inLanguage\":\"es-AR\"},{\"@type\":\"Person\",\"@id\":\"https:\/\/consejomagistratura.gov.ar\/#\/schema\/person\/f4d8b3521c35f97155ae7f20dfb56842\",\"name\":\"Juan Pia\",\"image\":{\"@type\":\"ImageObject\",\"@id\":\"https:\/\/consejomagistratura.gov.ar\/#personlogo\",\"inLanguage\":\"es-AR\",\"url\":\"https:\/\/secure.gravatar.com\/avatar\/1b6e654a3f0c5c5d08057e227b031732b3b62c44fd483b51f93433e49e0aead1?s=96&d=mm&r=g\",\"contentUrl\":\"https:\/\/secure.gravatar.com\/avatar\/1b6e654a3f0c5c5d08057e227b031732b3b62c44fd483b51f93433e49e0aead1?s=96&d=mm&r=g\",\"caption\":\"Juan Pia\"},\"url\":\"https:\/\/consejomagistratura.gov.ar\/index.php\/author\/jpia\/\"}]}<\/script>\n<!-- \/ Yoast SEO Premium plugin. -->","yoast_head_json":{"title":"Balance de gesti\u00f3n del Departamento de Capacitaci\u00f3n | Consejo de la Magistratura","robots":{"index":"index","follow":"follow","max-snippet":"max-snippet:-1","max-image-preview":"max-image-preview:large","max-video-preview":"max-video-preview:-1"},"canonical":"https:\/\/consejomagistratura.gov.ar\/index.php\/2020\/08\/21\/balance-de-gestion-del-departamento-de-capacitacion\/","og_locale":"es_ES","og_type":"article","og_title":"Balance de gesti\u00f3n del Departamento de Capacitaci\u00f3n | Consejo de la Magistratura","og_description":"El Subadministrador General del Consejo de la Magistratura, Federico Vincent, pone en conocimiento el informe de balance de gesti\u00f3n y resultados del primer semestre de 2020 en materia de capacitaci\u00f3n y desarrollo del personal, elaborado [&hellip;]","og_url":"https:\/\/consejomagistratura.gov.ar\/index.php\/2020\/08\/21\/balance-de-gestion-del-departamento-de-capacitacion\/","og_site_name":"Consejo de la Magistratura","article_publisher":"https:\/\/www.facebook.com\/consejomagistratura","article_published_time":"2020-08-21T14:22:00+00:00","article_modified_time":"2021-07-14T20:42:42+00:00","og_image":[{"width":785,"height":494,"url":"https:\/\/consejomagistratura.gov.ar\/wp-content\/uploads\/2020\/08\/deptocapacitacion-1.jpg","type":"image\/jpeg"}],"twitter_card":"summary_large_image","twitter_creator":"@cmagistratura","twitter_site":"@cmagistratura","twitter_misc":{"Escrito por":"Juan Pia","Tiempo de lectura":"1 minuto"},"schema":{"@context":"https:\/\/schema.org","@graph":[{"@type":"Organization","@id":"https:\/\/consejomagistratura.gov.ar\/#organization","name":"Consejo de la Magistratura","url":"https:\/\/consejomagistratura.gov.ar\/","sameAs":["https:\/\/www.facebook.com\/consejomagistratura","https:\/\/www.instagram.com\/consejodelamagistratura\/","https:\/\/www.youtube.com\/c\/consejodelamagistraturadelanacion","https:\/\/es.wikipedia.org\/wiki\/Consejo_de_la_Magistratura_(Argentina)","https:\/\/twitter.com\/cmagistratura"],"logo":{"@type":"ImageObject","@id":"https:\/\/consejomagistratura.gov.ar\/#logo","inLanguage":"es-AR","url":"https:\/\/consejomagistratura.gov.ar\/wp-content\/uploads\/2021\/08\/logo_link_2_Mesa-de-trabajo-1.png","contentUrl":"https:\/\/consejomagistratura.gov.ar\/wp-content\/uploads\/2021\/08\/logo_link_2_Mesa-de-trabajo-1.png","width":1067,"height":780,"caption":"Consejo de la Magistratura"},"image":{"@id":"https:\/\/consejomagistratura.gov.ar\/#logo"}},{"@type":"WebSite","@id":"https:\/\/consejomagistratura.gov.ar\/#website","url":"https:\/\/consejomagistratura.gov.ar\/","name":"Consejo de la Magistratura","description":"","publisher":{"@id":"https:\/\/consejomagistratura.gov.ar\/#organization"},"potentialAction":[{"@type":"SearchAction","target":{"@type":"EntryPoint","urlTemplate":"https:\/\/consejomagistratura.gov.ar\/?s={search_term_string}"},"query-input":"required name=search_term_string"}],"inLanguage":"es-AR"},{"@type":"ImageObject","@id":"https:\/\/consejomagistratura.gov.ar\/index.php\/2020\/08\/21\/balance-de-gestion-del-departamento-de-capacitacion\/#primaryimage","inLanguage":"es-AR","url":"https:\/\/consejomagistratura.gov.ar\/wp-content\/uploads\/2020\/08\/deptocapacitacion-1.jpg","contentUrl":"https:\/\/consejomagistratura.gov.ar\/wp-content\/uploads\/2020\/08\/deptocapacitacion-1.jpg","width":785,"height":494},{"@type":"WebPage","@id":"https:\/\/consejomagistratura.gov.ar\/index.php\/2020\/08\/21\/balance-de-gestion-del-departamento-de-capacitacion\/#webpage","url":"https:\/\/consejomagistratura.gov.ar\/index.php\/2020\/08\/21\/balance-de-gestion-del-departamento-de-capacitacion\/","name":"Balance de gesti\u00f3n del Departamento de Capacitaci\u00f3n | Consejo de la Magistratura","isPartOf":{"@id":"https:\/\/consejomagistratura.gov.ar\/#website"},"primaryImageOfPage":{"@id":"https:\/\/consejomagistratura.gov.ar\/index.php\/2020\/08\/21\/balance-de-gestion-del-departamento-de-capacitacion\/#primaryimage"},"datePublished":"2020-08-21T14:22:00+00:00","dateModified":"2021-07-14T20:42:42+00:00","breadcrumb":{"@id":"https:\/\/consejomagistratura.gov.ar\/index.php\/2020\/08\/21\/balance-de-gestion-del-departamento-de-capacitacion\/#breadcrumb"},"inLanguage":"es-AR","potentialAction":[{"@type":"ReadAction","target":["https:\/\/consejomagistratura.gov.ar\/index.php\/2020\/08\/21\/balance-de-gestion-del-departamento-de-capacitacion\/"]}]},{"@type":"BreadcrumbList","@id":"https:\/\/consejomagistratura.gov.ar\/index.php\/2020\/08\/21\/balance-de-gestion-del-departamento-de-capacitacion\/#breadcrumb","itemListElement":[{"@type":"ListItem","position":1,"name":"Inicio","item":"https:\/\/consejomagistratura.gov.ar\/"},{"@type":"ListItem","position":2,"name":"Balance de gesti\u00f3n del Departamento de Capacitaci\u00f3n"}]},{"@type":"Article","@id":"https:\/\/consejomagistratura.gov.ar\/index.php\/2020\/08\/21\/balance-de-gestion-del-departamento-de-capacitacion\/#article","isPartOf":{"@id":"https:\/\/consejomagistratura.gov.ar\/index.php\/2020\/08\/21\/balance-de-gestion-del-departamento-de-capacitacion\/#webpage"},"author":{"@id":"https:\/\/consejomagistratura.gov.ar\/#\/schema\/person\/f4d8b3521c35f97155ae7f20dfb56842"},"headline":"Balance de gesti\u00f3n del Departamento de Capacitaci\u00f3n","datePublished":"2020-08-21T14:22:00+00:00","dateModified":"2021-07-14T20:42:42+00:00","mainEntityOfPage":{"@id":"https:\/\/consejomagistratura.gov.ar\/index.php\/2020\/08\/21\/balance-de-gestion-del-departamento-de-capacitacion\/#webpage"},"wordCount":164,"publisher":{"@id":"https:\/\/consejomagistratura.gov.ar\/#organization"},"image":{"@id":"https:\/\/consejomagistratura.gov.ar\/index.php\/2020\/08\/21\/balance-de-gestion-del-departamento-de-capacitacion\/#primaryimage"},"thumbnailUrl":"https:\/\/consejomagistratura.gov.ar\/wp-content\/uploads\/2020\/08\/deptocapacitacion-1.jpg","keywords":["Administraci\u00f3n General","Informaci\u00f3n General"],"articleSection":["Administraci\u00f3n General","Informaci\u00f3n General"],"inLanguage":"es-AR"},{"@type":"Person","@id":"https:\/\/consejomagistratura.gov.ar\/#\/schema\/person\/f4d8b3521c35f97155ae7f20dfb56842","name":"Juan Pia","image":{"@type":"ImageObject","@id":"https:\/\/consejomagistratura.gov.ar\/#personlogo","inLanguage":"es-AR","url":"https:\/\/secure.gravatar.com\/avatar\/1b6e654a3f0c5c5d08057e227b031732b3b62c44fd483b51f93433e49e0aead1?s=96&d=mm&r=g","contentUrl":"https:\/\/secure.gravatar.com\/avatar\/1b6e654a3f0c5c5d08057e227b031732b3b62c44fd483b51f93433e49e0aead1?s=96&d=mm&r=g","caption":"Juan Pia"},"url":"https:\/\/consejomagistratura.gov.ar\/index.php\/author\/jpia\/"}]}},"_links":{"self":[{"href":"https:\/\/consejomagistratura.gov.ar\/index.php\/wp-json\/wp\/v2\/posts\/6507","targetHints":{"allow":["GET"]}}],"collection":[{"href":"https:\/\/consejomagistratura.gov.ar\/index.php\/wp-json\/wp\/v2\/posts"}],"about":[{"href":"https:\/\/consejomagistratura.gov.ar\/index.php\/wp-json\/wp\/v2\/types\/post"}],"author":[{"embeddable":true,"href":"https:\/\/consejomagistratura.gov.ar\/index.php\/wp-json\/wp\/v2\/users\/13"}],"replies":[{"embeddable":true,"href":"https:\/\/consejomagistratura.gov.ar\/index.php\/wp-json\/wp\/v2\/comments?post=6507"}],"version-history":[{"count":1,"href":"https:\/\/consejomagistratura.gov.ar\/index.php\/wp-json\/wp\/v2\/posts\/6507\/revisions"}],"predecessor-version":[{"id":10459,"href":"https:\/\/consejomagistratura.gov.ar\/index.php\/wp-json\/wp\/v2\/posts\/6507\/revisions\/10459"}],"wp:featuredmedia":[{"embeddable":true,"href":"https:\/\/consejomagistratura.gov.ar\/index.php\/wp-json\/wp\/v2\/media\/10457"}],"wp:attachment":[{"href":"https:\/\/consejomagistratura.gov.ar\/index.php\/wp-json\/wp\/v2\/media?parent=6507"}],"wp:term":[{"taxonomy":"category","embeddable":true,"href":"https:\/\/consejomagistratura.gov.ar\/index.php\/wp-json\/wp\/v2\/categories?post=6507"},{"taxonomy":"post_tag","embeddable":true,"href":"https:\/\/consejomagistratura.gov.ar\/index.php\/wp-json\/wp\/v2\/tags?post=6507"}],"curies":[{"name":"wp","href":"https:\/\/api.w.org\/{rel}","templated":true}]}}