{"id":6912,"date":"2021-04-22T17:27:00","date_gmt":"2021-04-22T20:27:00","guid":{"rendered":"\/?p=6912"},"modified":"2021-07-14T17:06:31","modified_gmt":"2021-07-14T20:06:31","slug":"sesionaron-la-comision-de-administracion-y-financiera-y-el-plenario","status":"publish","type":"post","link":"https:\/\/consejomagistratura.gov.ar\/index.php\/2021\/04\/22\/sesionaron-la-comision-de-administracion-y-financiera-y-el-plenario\/","title":{"rendered":"Sesionaron la Comisi\u00f3n de Administraci\u00f3n y Financiera y el Plenario"},"content":{"rendered":"\n<p class=\"has-text-align-justify\">La jornada de reuniones del Consejo de la Magistratura del Poder Judicial de la Naci\u00f3n prevista para el jueves 22 de abril comenz\u00f3 en la ma\u00f1ana con la sesi\u00f3n de la Comisi\u00f3n de Administraci\u00f3n y Financiera convocada para la fecha.<\/p>\n\n\n\n<p class=\"has-text-align-justify\">El encuentro fue conducido por su presidente Diego Mar\u00edas y cont\u00f3 con la asistencia del Secretario Claudio Martucci, del Administrador General del Poder Judicial Claudio Cholakian y del Subadministrador General del Poder Judicial Federico Vincent.<\/p>\n\n\n\n<p class=\"has-text-align-justify\">Entre otros temas considerados, se aprob\u00f3 la ampliaci\u00f3n de consejeros\/as de zona y fueros, para asignar a cada uno\/a de la totalidad de las\/os integrantes del Cuerpo la responsabilidad de la atenci\u00f3n de por lo menos una de las zonas en que se divide el Mapa Judicial, para el acabado conocimiento de las necesidades que tengan los Tribunales y dependencias auxiliares del Poder Judicial de la Naci\u00f3n<\/p>\n\n\n\n<p class=\"has-text-align-justify\">Asimismo, se trataron y aprobaron puntos relativos a distintas licitaciones cuyo objeto es resolver necesidades en materia tecnol\u00f3gica y de servicio de limpieza destinadas a diversas dependencias del Poder Judicial de la Naci\u00f3n.<\/p>\n\n\n\n<p class=\"has-text-align-justify\">Hacia el final de la reuni\u00f3n, se resolvieron recursos jer\u00e1rquicos formulados en expedientes administrativos, y se trataron adicionales por t\u00edtulo, antig\u00fcedad y permanencia en la categor\u00eda, entre otros temas que integraron el orden del d\u00eda.<\/p>\n\n\n\n<p class=\"has-text-align-justify\">A su t\u00e9rmino tuvo lugar el Plenario conducido por el presidente del Consejo de la Magistratura Diego Molea, con la asistencia del Secretario General Mariano P\u00e9rez Roller y el Administrador General del Poder Judicial Claudio Cholakian.<\/p>\n\n\n\n<p class=\"has-text-align-justify\">Estuvieron presentes a lo largo de la jornada los\/las Consejeros\/as Graciela Cama\u00f1o, Juan Manuel Culotta, Silvia del Rosario Giacoppo, Alberto Agust\u00edn Lugones, Diego Mar\u00edas, Carlos Matterson, Mar\u00eda In\u00e9s Pilatti Vergara, Mariano Recalde, Ricardo Recondo, Vanesa Siley, Pablo Tonelli y Ger\u00f3nimo Ustarroz.<\/p>\n\n\n\n<p class=\"has-text-align-justify\">Al comienzo del encuentro el Dr. Molea inform\u00f3 todo lo actuado por la presidencia. En ese sentido se\u00f1al\u00f3 que en el marco de la pandemia el Consejo de la Magistratura est\u00e1 trabajando para resolver las distintas necesidades en la emergencia sanitarias, privilegi\u00e1ndose adem\u00e1s el trabajo remoto para reducir riesgos de contagio.<\/p>\n\n\n\n<p class=\"has-text-align-justify\">Seguidamente inform\u00f3 que mantuvo una reuni\u00f3n con el Presidente de la Corte Suprema de Justicia de la Naci\u00f3n en la que se abordaron distintos temas, entre los que destac\u00f3 el abordaje en conjunto de la cuesti\u00f3n tecnol\u00f3gica del poder judicial.<\/p>\n\n\n\n<p class=\"has-text-align-justify\">Por otra parte se\u00f1al\u00f3 que particip\u00f3 junto con las consejeras Graciela Cama\u00f1o y Vanesa Siley del pedido de disculpas a la Sra. Olga del Rosario Diaz realizado por parte del Estado Nacional. En este sentido el presidente reiter\u00f3 el compromiso del cuerpo con la perspectiva de g\u00e9nero.<\/p>\n\n\n\n<p class=\"has-text-align-justify\">Por otro lado el presidente inform\u00f3 que mantuvo una reuni\u00f3n con la Junta de Presidentes de C\u00e1maras donde se fueron dando respuestas a las inquietudes planteadas en aquellas cuestiones que competen al Consejo como infraestructura, inform\u00e1tica, y cuestiones de limpieza.<\/p>\n\n\n\n<p class=\"has-text-align-justify\">Finalmente mencion\u00f3 que se est\u00e1 trabajando con la Universidad Nacional de la Pampa para adecuar una sala necesaria para que se pueda llevar adelante la semana que viene un juicio de lesa humanidad.<\/p>\n\n\n\n<p class=\"has-text-align-justify\">Luego, los\/as Consejeros\/as se abocaron al tratamiento de los dict\u00e1menes elevados por las Comisiones de Disciplina y Acusaci\u00f3n, de Administraci\u00f3n y Financiera. En este marco se prest\u00f3 conformidad para la suscripci\u00f3n de la adenda al Convenio entre el Consejo de la Magistratura de la Naci\u00f3n y la Municipalidad de Concordia (provincia de Entre R\u00edos) autorizando al Presidente del cuerpo a su suscripci\u00f3n, en el car\u00e1cter de representante legal del Cuerpo. Asimismo se aprob\u00f3 un Convenio marco entre el Consejo de Magistratura de la Naci\u00f3n y el Consejo de la Magistratura de la Provincia de Buenos Aires.<\/p>\n\n\n\n<p class=\"has-text-align-justify\">Por otra parte se aprob\u00f3 el proyecto de un Plan de Auditoria de Relevamiento y gesti\u00f3n sobre el tr\u00e1mite de causas judiciales vinculadas a situaciones de violencia contra la mujer basada en su g\u00e9nero, propuesta realizada por el presidente Diego Molea en el marco del plenario extraordinario celebrado el pasado 8 de marzo en ocasi\u00f3n del \u201cD\u00eda Internacional de la Mujer\u201d.<\/p>\n\n\n\n<p class=\"has-text-align-justify\">En otro orden de temas, se aprob\u00f3 el &#8220;Comunicado del Plenario sobre maniobras de espionaje ilegal sufridas por magistrados\/as&#8221; (<a href=\"https:\/\/consejomagistratura.gov.ar\/index.php\/45-informacion-general\/5303-comunicado-del-plenario-sobre-maniobras-de-espionaje-ilegal-sufridas-por-magistrados-as\">click aqu\u00ed para acceder al comunicado<\/a>).&nbsp;<\/p>\n\n\n\n<p class=\"has-text-align-justify\">Finalizando la reuni\u00f3n se puso en tratamiento la comunicaci\u00f3n efectuada por la Directora Ejecutiva de la Administraci\u00f3n Nacional de Seguridad Social (ANSES), Mar\u00eda Fernanda Raverta, en relaci\u00f3n a la conformaci\u00f3n de una mesa de enlace y coordinaci\u00f3n propuesta entre el Consejo de la Magistratura, la Administraci\u00f3n; design\u00e1ndose a los consejeros jueces (Juan Manuel Culotta, Alberto Agust\u00edn Lugones, Ricardo Recondo) para que la integren.<\/p>\n\n\n\n<p class=\"has-text-align-justify\">Ambos encuentros se llevaron a cabo por v\u00eda telem\u00e1tica con transmisi\u00f3n en vivo a trav\u00e9s del portal del Consejo de la Magistratura y su canal de YouTube, de esta manera el organismo lleva su actividad mientras acompa\u00f1a las medidas dispuestas en el marco de la emergencia sanitaria.<\/p>\n\n\n\n<figure class=\"wp-block-embed is-type-video is-provider-youtube wp-block-embed-youtube wp-embed-aspect-16-9 wp-has-aspect-ratio\"><div class=\"wp-block-embed__wrapper\">\n<iframe title=\"Comisi\u00f3n de Administraci\u00f3n y Financiera, y Plenario 22\/04\/2021\" width=\"640\" height=\"360\" src=\"https:\/\/www.youtube.com\/embed\/iUZUSD79iJE?feature=oembed\" frameborder=\"0\" allow=\"accelerometer; autoplay; clipboard-write; encrypted-media; gyroscope; picture-in-picture; web-share\" referrerpolicy=\"strict-origin-when-cross-origin\" allowfullscreen><\/iframe>\n<\/div><\/figure>\n","protected":false},"excerpt":{"rendered":"<p>La jornada de reuniones del Consejo de la Magistratura del Poder Judicial de la Naci\u00f3n prevista para el jueves 22 de abril comenz\u00f3 en la ma\u00f1ana con la sesi\u00f3n de la Comisi\u00f3n de Administraci\u00f3n y [&hellip;]<\/p>\n","protected":false},"author":10,"featured_media":7917,"comment_status":"closed","ping_status":"open","sticky":false,"template":"","format":"standard","meta":{"footnotes":""},"categories":[24,17,12],"tags":[40],"class_list":["post-6912","post","type-post","status-publish","format-standard","has-post-thumbnail","hentry","category-caf","category-plenario","category-video","tag-sesiones-de-comision"],"yoast_head":"<!-- This site is optimized with the Yoast SEO Premium plugin v16.2 (Yoast SEO v17.9) - https:\/\/yoast.com\/wordpress\/plugins\/seo\/ -->\n<title>Sesionaron la Comisi\u00f3n de Administraci\u00f3n y Financiera y el Plenario | Consejo de la Magistratura<\/title>\n<meta name=\"robots\" content=\"index, follow, max-snippet:-1, max-image-preview:large, max-video-preview:-1\" \/>\n<link rel=\"canonical\" href=\"https:\/\/consejomagistratura.gov.ar\/index.php\/2021\/04\/22\/sesionaron-la-comision-de-administracion-y-financiera-y-el-plenario\/\" \/>\n<meta property=\"og:locale\" content=\"es_ES\" \/>\n<meta property=\"og:type\" content=\"article\" \/>\n<meta property=\"og:title\" content=\"Sesionaron la Comisi\u00f3n de Administraci\u00f3n y Financiera y el Plenario | Consejo de la Magistratura\" \/>\n<meta property=\"og:description\" content=\"La jornada de reuniones del Consejo de la Magistratura del Poder Judicial de la Naci\u00f3n prevista para el jueves 22 de abril comenz\u00f3 en la ma\u00f1ana con la sesi\u00f3n de la Comisi\u00f3n de Administraci\u00f3n y [&hellip;]\" \/>\n<meta property=\"og:url\" content=\"https:\/\/consejomagistratura.gov.ar\/index.php\/2021\/04\/22\/sesionaron-la-comision-de-administracion-y-financiera-y-el-plenario\/\" \/>\n<meta property=\"og:site_name\" content=\"Consejo de la Magistratura\" \/>\n<meta property=\"article:publisher\" content=\"https:\/\/www.facebook.com\/consejomagistratura\" \/>\n<meta property=\"article:published_time\" content=\"2021-04-22T20:27:00+00:00\" \/>\n<meta property=\"article:modified_time\" content=\"2021-07-14T20:06:31+00:00\" \/>\n<meta property=\"og:image\" content=\"https:\/\/consejomagistratura.gov.ar\/wp-content\/uploads\/2021\/05\/plenario-de-hoy22.04.2021-1.jpeg\" \/>\n\t<meta property=\"og:image:width\" content=\"1280\" \/>\n\t<meta property=\"og:image:height\" content=\"719\" \/>\n\t<meta property=\"og:image:type\" content=\"image\/jpeg\" \/>\n<meta name=\"twitter:card\" content=\"summary_large_image\" \/>\n<meta name=\"twitter:creator\" content=\"@cmagistratura\" \/>\n<meta name=\"twitter:site\" content=\"@cmagistratura\" \/>\n<meta name=\"twitter:label1\" content=\"Escrito por\" \/>\n\t<meta name=\"twitter:data1\" content=\"Guido Stochyk\" \/>\n\t<meta name=\"twitter:label2\" content=\"Tiempo de lectura\" \/>\n\t<meta name=\"twitter:data2\" content=\"4 minutos\" \/>\n<script type=\"application\/ld+json\" class=\"yoast-schema-graph\">{\"@context\":\"https:\/\/schema.org\",\"@graph\":[{\"@type\":\"Organization\",\"@id\":\"https:\/\/consejomagistratura.gov.ar\/#organization\",\"name\":\"Consejo de la Magistratura\",\"url\":\"https:\/\/consejomagistratura.gov.ar\/\",\"sameAs\":[\"https:\/\/www.facebook.com\/consejomagistratura\",\"https:\/\/www.instagram.com\/consejodelamagistratura\/\",\"https:\/\/www.youtube.com\/c\/consejodelamagistraturadelanacion\",\"https:\/\/es.wikipedia.org\/wiki\/Consejo_de_la_Magistratura_(Argentina)\",\"https:\/\/twitter.com\/cmagistratura\"],\"logo\":{\"@type\":\"ImageObject\",\"@id\":\"https:\/\/consejomagistratura.gov.ar\/#logo\",\"inLanguage\":\"es-AR\",\"url\":\"https:\/\/consejomagistratura.gov.ar\/wp-content\/uploads\/2021\/08\/logo_link_2_Mesa-de-trabajo-1.png\",\"contentUrl\":\"https:\/\/consejomagistratura.gov.ar\/wp-content\/uploads\/2021\/08\/logo_link_2_Mesa-de-trabajo-1.png\",\"width\":1067,\"height\":780,\"caption\":\"Consejo de la Magistratura\"},\"image\":{\"@id\":\"https:\/\/consejomagistratura.gov.ar\/#logo\"}},{\"@type\":\"WebSite\",\"@id\":\"https:\/\/consejomagistratura.gov.ar\/#website\",\"url\":\"https:\/\/consejomagistratura.gov.ar\/\",\"name\":\"Consejo de la Magistratura\",\"description\":\"\",\"publisher\":{\"@id\":\"https:\/\/consejomagistratura.gov.ar\/#organization\"},\"potentialAction\":[{\"@type\":\"SearchAction\",\"target\":{\"@type\":\"EntryPoint\",\"urlTemplate\":\"https:\/\/consejomagistratura.gov.ar\/?s={search_term_string}\"},\"query-input\":\"required name=search_term_string\"}],\"inLanguage\":\"es-AR\"},{\"@type\":\"ImageObject\",\"@id\":\"https:\/\/consejomagistratura.gov.ar\/index.php\/2021\/04\/22\/sesionaron-la-comision-de-administracion-y-financiera-y-el-plenario\/#primaryimage\",\"inLanguage\":\"es-AR\",\"url\":\"https:\/\/consejomagistratura.gov.ar\/wp-content\/uploads\/2021\/05\/plenario-de-hoy22.04.2021-1.jpeg\",\"contentUrl\":\"https:\/\/consejomagistratura.gov.ar\/wp-content\/uploads\/2021\/05\/plenario-de-hoy22.04.2021-1.jpeg\",\"width\":1280,\"height\":719},{\"@type\":\"WebPage\",\"@id\":\"https:\/\/consejomagistratura.gov.ar\/index.php\/2021\/04\/22\/sesionaron-la-comision-de-administracion-y-financiera-y-el-plenario\/#webpage\",\"url\":\"https:\/\/consejomagistratura.gov.ar\/index.php\/2021\/04\/22\/sesionaron-la-comision-de-administracion-y-financiera-y-el-plenario\/\",\"name\":\"Sesionaron la Comisi\\u00f3n de Administraci\\u00f3n y Financiera y el Plenario | Consejo de la Magistratura\",\"isPartOf\":{\"@id\":\"https:\/\/consejomagistratura.gov.ar\/#website\"},\"primaryImageOfPage\":{\"@id\":\"https:\/\/consejomagistratura.gov.ar\/index.php\/2021\/04\/22\/sesionaron-la-comision-de-administracion-y-financiera-y-el-plenario\/#primaryimage\"},\"datePublished\":\"2021-04-22T20:27:00+00:00\",\"dateModified\":\"2021-07-14T20:06:31+00:00\",\"breadcrumb\":{\"@id\":\"https:\/\/consejomagistratura.gov.ar\/index.php\/2021\/04\/22\/sesionaron-la-comision-de-administracion-y-financiera-y-el-plenario\/#breadcrumb\"},\"inLanguage\":\"es-AR\",\"potentialAction\":[{\"@type\":\"ReadAction\",\"target\":[\"https:\/\/consejomagistratura.gov.ar\/index.php\/2021\/04\/22\/sesionaron-la-comision-de-administracion-y-financiera-y-el-plenario\/\"]}]},{\"@type\":\"BreadcrumbList\",\"@id\":\"https:\/\/consejomagistratura.gov.ar\/index.php\/2021\/04\/22\/sesionaron-la-comision-de-administracion-y-financiera-y-el-plenario\/#breadcrumb\",\"itemListElement\":[{\"@type\":\"ListItem\",\"position\":1,\"name\":\"Inicio\",\"item\":\"https:\/\/consejomagistratura.gov.ar\/\"},{\"@type\":\"ListItem\",\"position\":2,\"name\":\"Sesionaron la Comisi\\u00f3n de Administraci\\u00f3n y Financiera y el Plenario\"}]},{\"@type\":\"Article\",\"@id\":\"https:\/\/consejomagistratura.gov.ar\/index.php\/2021\/04\/22\/sesionaron-la-comision-de-administracion-y-financiera-y-el-plenario\/#article\",\"isPartOf\":{\"@id\":\"https:\/\/consejomagistratura.gov.ar\/index.php\/2021\/04\/22\/sesionaron-la-comision-de-administracion-y-financiera-y-el-plenario\/#webpage\"},\"author\":{\"@id\":\"https:\/\/consejomagistratura.gov.ar\/#\/schema\/person\/1900c828a58b757a233ec41c9811ce97\"},\"headline\":\"Sesionaron la Comisi\\u00f3n de Administraci\\u00f3n y Financiera y el Plenario\",\"datePublished\":\"2021-04-22T20:27:00+00:00\",\"dateModified\":\"2021-07-14T20:06:31+00:00\",\"mainEntityOfPage\":{\"@id\":\"https:\/\/consejomagistratura.gov.ar\/index.php\/2021\/04\/22\/sesionaron-la-comision-de-administracion-y-financiera-y-el-plenario\/#webpage\"},\"wordCount\":888,\"publisher\":{\"@id\":\"https:\/\/consejomagistratura.gov.ar\/#organization\"},\"image\":{\"@id\":\"https:\/\/consejomagistratura.gov.ar\/index.php\/2021\/04\/22\/sesionaron-la-comision-de-administracion-y-financiera-y-el-plenario\/#primaryimage\"},\"thumbnailUrl\":\"https:\/\/consejomagistratura.gov.ar\/wp-content\/uploads\/2021\/05\/plenario-de-hoy22.04.2021-1.jpeg\",\"keywords\":[\"Sesiones de Comisi\\u00f3n\"],\"articleSection\":[\"Comisi\\u00f3n de Administraci\\u00f3n y Financiera\",\"Plenario\",\"Video\"],\"inLanguage\":\"es-AR\"},{\"@type\":\"Person\",\"@id\":\"https:\/\/consejomagistratura.gov.ar\/#\/schema\/person\/1900c828a58b757a233ec41c9811ce97\",\"name\":\"Guido Stochyk\",\"image\":{\"@type\":\"ImageObject\",\"@id\":\"https:\/\/consejomagistratura.gov.ar\/#personlogo\",\"inLanguage\":\"es-AR\",\"url\":\"https:\/\/secure.gravatar.com\/avatar\/0bcd917ef23eaf1ca74bb12e684e121789a8f7c17b00e0ca9e860776d1ce10c9?s=96&d=mm&r=g\",\"contentUrl\":\"https:\/\/secure.gravatar.com\/avatar\/0bcd917ef23eaf1ca74bb12e684e121789a8f7c17b00e0ca9e860776d1ce10c9?s=96&d=mm&r=g\",\"caption\":\"Guido Stochyk\"},\"url\":\"https:\/\/consejomagistratura.gov.ar\/index.php\/author\/guido\/\"}]}<\/script>\n<!-- \/ Yoast SEO Premium plugin. -->","yoast_head_json":{"title":"Sesionaron la Comisi\u00f3n de Administraci\u00f3n y Financiera y el Plenario | Consejo de la Magistratura","robots":{"index":"index","follow":"follow","max-snippet":"max-snippet:-1","max-image-preview":"max-image-preview:large","max-video-preview":"max-video-preview:-1"},"canonical":"https:\/\/consejomagistratura.gov.ar\/index.php\/2021\/04\/22\/sesionaron-la-comision-de-administracion-y-financiera-y-el-plenario\/","og_locale":"es_ES","og_type":"article","og_title":"Sesionaron la Comisi\u00f3n de Administraci\u00f3n y Financiera y el Plenario | Consejo de la Magistratura","og_description":"La jornada de reuniones del Consejo de la Magistratura del Poder Judicial de la Naci\u00f3n prevista para el jueves 22 de abril comenz\u00f3 en la ma\u00f1ana con la sesi\u00f3n de la Comisi\u00f3n de Administraci\u00f3n y [&hellip;]","og_url":"https:\/\/consejomagistratura.gov.ar\/index.php\/2021\/04\/22\/sesionaron-la-comision-de-administracion-y-financiera-y-el-plenario\/","og_site_name":"Consejo de la Magistratura","article_publisher":"https:\/\/www.facebook.com\/consejomagistratura","article_published_time":"2021-04-22T20:27:00+00:00","article_modified_time":"2021-07-14T20:06:31+00:00","og_image":[{"width":1280,"height":719,"url":"https:\/\/consejomagistratura.gov.ar\/wp-content\/uploads\/2021\/05\/plenario-de-hoy22.04.2021-1.jpeg","type":"image\/jpeg"}],"twitter_card":"summary_large_image","twitter_creator":"@cmagistratura","twitter_site":"@cmagistratura","twitter_misc":{"Escrito por":"Guido Stochyk","Tiempo de lectura":"4 minutos"},"schema":{"@context":"https:\/\/schema.org","@graph":[{"@type":"Organization","@id":"https:\/\/consejomagistratura.gov.ar\/#organization","name":"Consejo de la Magistratura","url":"https:\/\/consejomagistratura.gov.ar\/","sameAs":["https:\/\/www.facebook.com\/consejomagistratura","https:\/\/www.instagram.com\/consejodelamagistratura\/","https:\/\/www.youtube.com\/c\/consejodelamagistraturadelanacion","https:\/\/es.wikipedia.org\/wiki\/Consejo_de_la_Magistratura_(Argentina)","https:\/\/twitter.com\/cmagistratura"],"logo":{"@type":"ImageObject","@id":"https:\/\/consejomagistratura.gov.ar\/#logo","inLanguage":"es-AR","url":"https:\/\/consejomagistratura.gov.ar\/wp-content\/uploads\/2021\/08\/logo_link_2_Mesa-de-trabajo-1.png","contentUrl":"https:\/\/consejomagistratura.gov.ar\/wp-content\/uploads\/2021\/08\/logo_link_2_Mesa-de-trabajo-1.png","width":1067,"height":780,"caption":"Consejo de la Magistratura"},"image":{"@id":"https:\/\/consejomagistratura.gov.ar\/#logo"}},{"@type":"WebSite","@id":"https:\/\/consejomagistratura.gov.ar\/#website","url":"https:\/\/consejomagistratura.gov.ar\/","name":"Consejo de la Magistratura","description":"","publisher":{"@id":"https:\/\/consejomagistratura.gov.ar\/#organization"},"potentialAction":[{"@type":"SearchAction","target":{"@type":"EntryPoint","urlTemplate":"https:\/\/consejomagistratura.gov.ar\/?s={search_term_string}"},"query-input":"required name=search_term_string"}],"inLanguage":"es-AR"},{"@type":"ImageObject","@id":"https:\/\/consejomagistratura.gov.ar\/index.php\/2021\/04\/22\/sesionaron-la-comision-de-administracion-y-financiera-y-el-plenario\/#primaryimage","inLanguage":"es-AR","url":"https:\/\/consejomagistratura.gov.ar\/wp-content\/uploads\/2021\/05\/plenario-de-hoy22.04.2021-1.jpeg","contentUrl":"https:\/\/consejomagistratura.gov.ar\/wp-content\/uploads\/2021\/05\/plenario-de-hoy22.04.2021-1.jpeg","width":1280,"height":719},{"@type":"WebPage","@id":"https:\/\/consejomagistratura.gov.ar\/index.php\/2021\/04\/22\/sesionaron-la-comision-de-administracion-y-financiera-y-el-plenario\/#webpage","url":"https:\/\/consejomagistratura.gov.ar\/index.php\/2021\/04\/22\/sesionaron-la-comision-de-administracion-y-financiera-y-el-plenario\/","name":"Sesionaron la Comisi\u00f3n de Administraci\u00f3n y Financiera y el Plenario | Consejo de la Magistratura","isPartOf":{"@id":"https:\/\/consejomagistratura.gov.ar\/#website"},"primaryImageOfPage":{"@id":"https:\/\/consejomagistratura.gov.ar\/index.php\/2021\/04\/22\/sesionaron-la-comision-de-administracion-y-financiera-y-el-plenario\/#primaryimage"},"datePublished":"2021-04-22T20:27:00+00:00","dateModified":"2021-07-14T20:06:31+00:00","breadcrumb":{"@id":"https:\/\/consejomagistratura.gov.ar\/index.php\/2021\/04\/22\/sesionaron-la-comision-de-administracion-y-financiera-y-el-plenario\/#breadcrumb"},"inLanguage":"es-AR","potentialAction":[{"@type":"ReadAction","target":["https:\/\/consejomagistratura.gov.ar\/index.php\/2021\/04\/22\/sesionaron-la-comision-de-administracion-y-financiera-y-el-plenario\/"]}]},{"@type":"BreadcrumbList","@id":"https:\/\/consejomagistratura.gov.ar\/index.php\/2021\/04\/22\/sesionaron-la-comision-de-administracion-y-financiera-y-el-plenario\/#breadcrumb","itemListElement":[{"@type":"ListItem","position":1,"name":"Inicio","item":"https:\/\/consejomagistratura.gov.ar\/"},{"@type":"ListItem","position":2,"name":"Sesionaron la Comisi\u00f3n de Administraci\u00f3n y Financiera y el Plenario"}]},{"@type":"Article","@id":"https:\/\/consejomagistratura.gov.ar\/index.php\/2021\/04\/22\/sesionaron-la-comision-de-administracion-y-financiera-y-el-plenario\/#article","isPartOf":{"@id":"https:\/\/consejomagistratura.gov.ar\/index.php\/2021\/04\/22\/sesionaron-la-comision-de-administracion-y-financiera-y-el-plenario\/#webpage"},"author":{"@id":"https:\/\/consejomagistratura.gov.ar\/#\/schema\/person\/1900c828a58b757a233ec41c9811ce97"},"headline":"Sesionaron la Comisi\u00f3n de Administraci\u00f3n y Financiera y el Plenario","datePublished":"2021-04-22T20:27:00+00:00","dateModified":"2021-07-14T20:06:31+00:00","mainEntityOfPage":{"@id":"https:\/\/consejomagistratura.gov.ar\/index.php\/2021\/04\/22\/sesionaron-la-comision-de-administracion-y-financiera-y-el-plenario\/#webpage"},"wordCount":888,"publisher":{"@id":"https:\/\/consejomagistratura.gov.ar\/#organization"},"image":{"@id":"https:\/\/consejomagistratura.gov.ar\/index.php\/2021\/04\/22\/sesionaron-la-comision-de-administracion-y-financiera-y-el-plenario\/#primaryimage"},"thumbnailUrl":"https:\/\/consejomagistratura.gov.ar\/wp-content\/uploads\/2021\/05\/plenario-de-hoy22.04.2021-1.jpeg","keywords":["Sesiones de Comisi\u00f3n"],"articleSection":["Comisi\u00f3n de Administraci\u00f3n y Financiera","Plenario","Video"],"inLanguage":"es-AR"},{"@type":"Person","@id":"https:\/\/consejomagistratura.gov.ar\/#\/schema\/person\/1900c828a58b757a233ec41c9811ce97","name":"Guido Stochyk","image":{"@type":"ImageObject","@id":"https:\/\/consejomagistratura.gov.ar\/#personlogo","inLanguage":"es-AR","url":"https:\/\/secure.gravatar.com\/avatar\/0bcd917ef23eaf1ca74bb12e684e121789a8f7c17b00e0ca9e860776d1ce10c9?s=96&d=mm&r=g","contentUrl":"https:\/\/secure.gravatar.com\/avatar\/0bcd917ef23eaf1ca74bb12e684e121789a8f7c17b00e0ca9e860776d1ce10c9?s=96&d=mm&r=g","caption":"Guido Stochyk"},"url":"https:\/\/consejomagistratura.gov.ar\/index.php\/author\/guido\/"}]}},"_links":{"self":[{"href":"https:\/\/consejomagistratura.gov.ar\/index.php\/wp-json\/wp\/v2\/posts\/6912","targetHints":{"allow":["GET"]}}],"collection":[{"href":"https:\/\/consejomagistratura.gov.ar\/index.php\/wp-json\/wp\/v2\/posts"}],"about":[{"href":"https:\/\/consejomagistratura.gov.ar\/index.php\/wp-json\/wp\/v2\/types\/post"}],"author":[{"embeddable":true,"href":"https:\/\/consejomagistratura.gov.ar\/index.php\/wp-json\/wp\/v2\/users\/10"}],"replies":[{"embeddable":true,"href":"https:\/\/consejomagistratura.gov.ar\/index.php\/wp-json\/wp\/v2\/comments?post=6912"}],"version-history":[{"count":1,"href":"https:\/\/consejomagistratura.gov.ar\/index.php\/wp-json\/wp\/v2\/posts\/6912\/revisions"}],"predecessor-version":[{"id":9367,"href":"https:\/\/consejomagistratura.gov.ar\/index.php\/wp-json\/wp\/v2\/posts\/6912\/revisions\/9367"}],"wp:featuredmedia":[{"embeddable":true,"href":"https:\/\/consejomagistratura.gov.ar\/index.php\/wp-json\/wp\/v2\/media\/7917"}],"wp:attachment":[{"href":"https:\/\/consejomagistratura.gov.ar\/index.php\/wp-json\/wp\/v2\/media?parent=6912"}],"wp:term":[{"taxonomy":"category","embeddable":true,"href":"https:\/\/consejomagistratura.gov.ar\/index.php\/wp-json\/wp\/v2\/categories?post=6912"},{"taxonomy":"post_tag","embeddable":true,"href":"https:\/\/consejomagistratura.gov.ar\/index.php\/wp-json\/wp\/v2\/tags?post=6912"}],"curies":[{"name":"wp","href":"https:\/\/api.w.org\/{rel}","templated":true}]}}