{"id":6925,"date":"2021-04-23T17:12:00","date_gmt":"2021-04-23T20:12:00","guid":{"rendered":"\/?p=6925"},"modified":"2021-07-14T17:06:26","modified_gmt":"2021-07-14T20:06:26","slug":"seis-camaras-de-apelaciones-ya-adhirieron-al-protocolo-de-teletrabajo-en-el-poder-judicial-de-la-nacion","status":"publish","type":"post","link":"https:\/\/consejomagistratura.gov.ar\/index.php\/2021\/04\/23\/seis-camaras-de-apelaciones-ya-adhirieron-al-protocolo-de-teletrabajo-en-el-poder-judicial-de-la-nacion\/","title":{"rendered":"Seis C\u00e1maras de Apelaciones ya adhirieron al protocolo de teletrabajo en el Poder Judicial de la Naci\u00f3n"},"content":{"rendered":"\n<p class=\"has-text-align-justify\">El 30 de julio del a\u00f1o 2020 el Plenario del Consejo de la Magistratura de la Naci\u00f3n aprob\u00f3 mediante la Resoluci\u00f3n 182\/20, los principios rectores para la aplicaci\u00f3n del teletrabajo por parte de las autoridades que ejercen la superintendencia en el \u00e1mbito del Poder Judicial de la Naci\u00f3n. Siendo estos principios:<\/p>\n\n\n\n<p class=\"has-text-align-justify\">En primer lugar, la igualdad de derechos respecto al trabajo presencial. As\u00ed mantendr\u00e1n plena vigencia de sus funciones, jerarqu\u00eda, derecho a la carrera judicial, r\u00e9gimen de licencias y derechos sindicales. El derecho a la desconexi\u00f3n digital, por el cual no deben ser contactados fuera de su jornada laboral, no pudiendo remitirse comunicaciones ni tareas a menos que sea una cuesti\u00f3n estrictamente urgente.<\/p>\n\n\n\n<p class=\"has-text-align-justify\">En relaci\u00f3n a las tareas de cuidado sostiene que mientras permanezcan cerradas las instituciones educativas o de cuidados, la autoridad de superintendencia dispondr\u00e1 de distintas alternativas destinas a aquellos funcionarios\/as, empleados\/empleadas que tengan a su cargo hijos\/as menores de 13 a\u00f1os, personas con discapacidad o adultos mayores que requieran asistencia especifica por ej reducci\u00f3n de la jornada, interrupci\u00f3n de la jornada, entre otras.<\/p>\n\n\n\n<p class=\"has-text-align-justify\">Seguidamente establece que las respectivas autoridades que ejercen la superintendencia deber\u00e1n realizar un relevamiento de las condiciones en que se encuentran las personas que realizan teletrabajo. Sobre todo lo referido a insumos y herramientas, conectividad, condiciones particulares respecto a los miembros convivientes, etc. As\u00ed como tambi\u00e9n deber\u00e1n llevar un registro de las personas que se encuentren bajo modalidad de teletrabajo. Tanto el relevamiento como el registro debe ser girado al Consejo de la Magistratura y a la CSJN. Asimismo, ser\u00e1n las autoridades de superintendencia quienes tendr\u00e1n que establecer los mecanismos para el control de asistencia.<\/p>\n\n\n\n<p class=\"has-text-align-justify\">Por otra parte y en materia de capacitaci\u00f3n, los funcionarias\/os y empleadas\/os que trabajen bajo la modalidad de teletrabajo tendr\u00e1n derecho a recibir formaci\u00f3n y capacitaci\u00f3n sobre caracter\u00edsticas y modalidades de uso de tecnolog\u00edas y los programas involucrados en la realizaci\u00f3n de las tareas a fin de asegurar un uso adecuado de las mismas.<\/p>\n\n\n\n<p class=\"has-text-align-justify\">A la fecha, ya adhirieron a la Resoluci\u00f3n la C\u00e1mara Federal de Casaci\u00f3n Penal, la C\u00e1mara Federal de Seguridad Social, la C\u00e1mara Civil y Comercial Federal, la C\u00e1mara Nacional en lo Penal Econ\u00f3mico, la C\u00e1mara Federal de Mendoza y la C\u00e1mara Nacional Civil.<\/p>\n\n\n\n<figure class=\"wp-block-video\"><video controls src=\"https:\/\/consejomagistratura.gov.ar\/wp-content\/uploads\/2021\/05\/VIDEO-2021-04-23-16-12-00.mp4\"><\/video><\/figure>\n","protected":false},"excerpt":{"rendered":"<p>El 30 de julio del a\u00f1o 2020 el Plenario del Consejo de la Magistratura de la Naci\u00f3n aprob\u00f3 mediante la Resoluci\u00f3n 182\/20, los principios rectores para la aplicaci\u00f3n del teletrabajo por parte de las autoridades [&hellip;]<\/p>\n","protected":false},"author":10,"featured_media":9365,"comment_status":"closed","ping_status":"open","sticky":false,"template":"","format":"standard","meta":{"footnotes":""},"categories":[15],"tags":[118],"class_list":["post-6925","post","type-post","status-publish","format-standard","has-post-thumbnail","hentry","category-info-general","tag-teletrabajo"],"yoast_head":"<!-- This site is optimized with the Yoast SEO Premium plugin v16.2 (Yoast SEO v17.9) - https:\/\/yoast.com\/wordpress\/plugins\/seo\/ -->\n<title>Seis C\u00e1maras de Apelaciones ya adhirieron al protocolo de teletrabajo en el Poder Judicial de la Naci\u00f3n | Consejo de la Magistratura<\/title>\n<meta name=\"robots\" content=\"index, follow, max-snippet:-1, max-image-preview:large, max-video-preview:-1\" \/>\n<link rel=\"canonical\" href=\"https:\/\/consejomagistratura.gov.ar\/index.php\/2021\/04\/23\/seis-camaras-de-apelaciones-ya-adhirieron-al-protocolo-de-teletrabajo-en-el-poder-judicial-de-la-nacion\/\" \/>\n<meta property=\"og:locale\" content=\"es_ES\" \/>\n<meta property=\"og:type\" content=\"article\" \/>\n<meta property=\"og:title\" content=\"Seis C\u00e1maras de Apelaciones ya adhirieron al protocolo de teletrabajo en el Poder Judicial de la Naci\u00f3n | Consejo de la Magistratura\" \/>\n<meta property=\"og:description\" content=\"El 30 de julio del a\u00f1o 2020 el Plenario del Consejo de la Magistratura de la Naci\u00f3n aprob\u00f3 mediante la Resoluci\u00f3n 182\/20, los principios rectores para la aplicaci\u00f3n del teletrabajo por parte de las autoridades [&hellip;]\" \/>\n<meta property=\"og:url\" content=\"https:\/\/consejomagistratura.gov.ar\/index.php\/2021\/04\/23\/seis-camaras-de-apelaciones-ya-adhirieron-al-protocolo-de-teletrabajo-en-el-poder-judicial-de-la-nacion\/\" \/>\n<meta property=\"og:site_name\" content=\"Consejo de la Magistratura\" \/>\n<meta property=\"article:publisher\" content=\"https:\/\/www.facebook.com\/consejomagistratura\" \/>\n<meta property=\"article:published_time\" content=\"2021-04-23T20:12:00+00:00\" \/>\n<meta property=\"article:modified_time\" content=\"2021-07-14T20:06:26+00:00\" \/>\n<meta property=\"og:image\" content=\"https:\/\/consejomagistratura.gov.ar\/wp-content\/uploads\/2021\/04\/Teletrabajo-1.jpg\" \/>\n\t<meta property=\"og:image:width\" content=\"1675\" \/>\n\t<meta property=\"og:image:height\" content=\"1117\" \/>\n\t<meta property=\"og:image:type\" content=\"image\/jpeg\" \/>\n<meta name=\"twitter:card\" content=\"summary_large_image\" \/>\n<meta name=\"twitter:creator\" content=\"@cmagistratura\" \/>\n<meta name=\"twitter:site\" content=\"@cmagistratura\" \/>\n<meta name=\"twitter:label1\" content=\"Escrito por\" \/>\n\t<meta name=\"twitter:data1\" content=\"Guido Stochyk\" \/>\n\t<meta name=\"twitter:label2\" content=\"Tiempo de lectura\" \/>\n\t<meta name=\"twitter:data2\" content=\"2 minutos\" \/>\n<script type=\"application\/ld+json\" class=\"yoast-schema-graph\">{\"@context\":\"https:\/\/schema.org\",\"@graph\":[{\"@type\":\"Organization\",\"@id\":\"https:\/\/consejomagistratura.gov.ar\/#organization\",\"name\":\"Consejo de la Magistratura\",\"url\":\"https:\/\/consejomagistratura.gov.ar\/\",\"sameAs\":[\"https:\/\/www.facebook.com\/consejomagistratura\",\"https:\/\/www.instagram.com\/consejodelamagistratura\/\",\"https:\/\/www.youtube.com\/c\/consejodelamagistraturadelanacion\",\"https:\/\/es.wikipedia.org\/wiki\/Consejo_de_la_Magistratura_(Argentina)\",\"https:\/\/twitter.com\/cmagistratura\"],\"logo\":{\"@type\":\"ImageObject\",\"@id\":\"https:\/\/consejomagistratura.gov.ar\/#logo\",\"inLanguage\":\"es-AR\",\"url\":\"https:\/\/consejomagistratura.gov.ar\/wp-content\/uploads\/2021\/08\/logo_link_2_Mesa-de-trabajo-1.png\",\"contentUrl\":\"https:\/\/consejomagistratura.gov.ar\/wp-content\/uploads\/2021\/08\/logo_link_2_Mesa-de-trabajo-1.png\",\"width\":1067,\"height\":780,\"caption\":\"Consejo de la Magistratura\"},\"image\":{\"@id\":\"https:\/\/consejomagistratura.gov.ar\/#logo\"}},{\"@type\":\"WebSite\",\"@id\":\"https:\/\/consejomagistratura.gov.ar\/#website\",\"url\":\"https:\/\/consejomagistratura.gov.ar\/\",\"name\":\"Consejo de la Magistratura\",\"description\":\"\",\"publisher\":{\"@id\":\"https:\/\/consejomagistratura.gov.ar\/#organization\"},\"potentialAction\":[{\"@type\":\"SearchAction\",\"target\":{\"@type\":\"EntryPoint\",\"urlTemplate\":\"https:\/\/consejomagistratura.gov.ar\/?s={search_term_string}\"},\"query-input\":\"required name=search_term_string\"}],\"inLanguage\":\"es-AR\"},{\"@type\":\"ImageObject\",\"@id\":\"https:\/\/consejomagistratura.gov.ar\/index.php\/2021\/04\/23\/seis-camaras-de-apelaciones-ya-adhirieron-al-protocolo-de-teletrabajo-en-el-poder-judicial-de-la-nacion\/#primaryimage\",\"inLanguage\":\"es-AR\",\"url\":\"https:\/\/consejomagistratura.gov.ar\/wp-content\/uploads\/2021\/04\/Teletrabajo-1.jpg\",\"contentUrl\":\"https:\/\/consejomagistratura.gov.ar\/wp-content\/uploads\/2021\/04\/Teletrabajo-1.jpg\",\"width\":1675,\"height\":1117},{\"@type\":\"WebPage\",\"@id\":\"https:\/\/consejomagistratura.gov.ar\/index.php\/2021\/04\/23\/seis-camaras-de-apelaciones-ya-adhirieron-al-protocolo-de-teletrabajo-en-el-poder-judicial-de-la-nacion\/#webpage\",\"url\":\"https:\/\/consejomagistratura.gov.ar\/index.php\/2021\/04\/23\/seis-camaras-de-apelaciones-ya-adhirieron-al-protocolo-de-teletrabajo-en-el-poder-judicial-de-la-nacion\/\",\"name\":\"Seis C\\u00e1maras de Apelaciones ya adhirieron al protocolo de teletrabajo en el Poder Judicial de la Naci\\u00f3n | Consejo de la Magistratura\",\"isPartOf\":{\"@id\":\"https:\/\/consejomagistratura.gov.ar\/#website\"},\"primaryImageOfPage\":{\"@id\":\"https:\/\/consejomagistratura.gov.ar\/index.php\/2021\/04\/23\/seis-camaras-de-apelaciones-ya-adhirieron-al-protocolo-de-teletrabajo-en-el-poder-judicial-de-la-nacion\/#primaryimage\"},\"datePublished\":\"2021-04-23T20:12:00+00:00\",\"dateModified\":\"2021-07-14T20:06:26+00:00\",\"breadcrumb\":{\"@id\":\"https:\/\/consejomagistratura.gov.ar\/index.php\/2021\/04\/23\/seis-camaras-de-apelaciones-ya-adhirieron-al-protocolo-de-teletrabajo-en-el-poder-judicial-de-la-nacion\/#breadcrumb\"},\"inLanguage\":\"es-AR\",\"potentialAction\":[{\"@type\":\"ReadAction\",\"target\":[\"https:\/\/consejomagistratura.gov.ar\/index.php\/2021\/04\/23\/seis-camaras-de-apelaciones-ya-adhirieron-al-protocolo-de-teletrabajo-en-el-poder-judicial-de-la-nacion\/\"]}]},{\"@type\":\"BreadcrumbList\",\"@id\":\"https:\/\/consejomagistratura.gov.ar\/index.php\/2021\/04\/23\/seis-camaras-de-apelaciones-ya-adhirieron-al-protocolo-de-teletrabajo-en-el-poder-judicial-de-la-nacion\/#breadcrumb\",\"itemListElement\":[{\"@type\":\"ListItem\",\"position\":1,\"name\":\"Inicio\",\"item\":\"https:\/\/consejomagistratura.gov.ar\/\"},{\"@type\":\"ListItem\",\"position\":2,\"name\":\"Seis C\\u00e1maras de Apelaciones ya adhirieron al protocolo de teletrabajo en el Poder Judicial de la Naci\\u00f3n\"}]},{\"@type\":\"Article\",\"@id\":\"https:\/\/consejomagistratura.gov.ar\/index.php\/2021\/04\/23\/seis-camaras-de-apelaciones-ya-adhirieron-al-protocolo-de-teletrabajo-en-el-poder-judicial-de-la-nacion\/#article\",\"isPartOf\":{\"@id\":\"https:\/\/consejomagistratura.gov.ar\/index.php\/2021\/04\/23\/seis-camaras-de-apelaciones-ya-adhirieron-al-protocolo-de-teletrabajo-en-el-poder-judicial-de-la-nacion\/#webpage\"},\"author\":{\"@id\":\"https:\/\/consejomagistratura.gov.ar\/#\/schema\/person\/1900c828a58b757a233ec41c9811ce97\"},\"headline\":\"Seis C\\u00e1maras de Apelaciones ya adhirieron al protocolo de teletrabajo en el Poder Judicial de la Naci\\u00f3n\",\"datePublished\":\"2021-04-23T20:12:00+00:00\",\"dateModified\":\"2021-07-14T20:06:26+00:00\",\"mainEntityOfPage\":{\"@id\":\"https:\/\/consejomagistratura.gov.ar\/index.php\/2021\/04\/23\/seis-camaras-de-apelaciones-ya-adhirieron-al-protocolo-de-teletrabajo-en-el-poder-judicial-de-la-nacion\/#webpage\"},\"wordCount\":423,\"publisher\":{\"@id\":\"https:\/\/consejomagistratura.gov.ar\/#organization\"},\"image\":{\"@id\":\"https:\/\/consejomagistratura.gov.ar\/index.php\/2021\/04\/23\/seis-camaras-de-apelaciones-ya-adhirieron-al-protocolo-de-teletrabajo-en-el-poder-judicial-de-la-nacion\/#primaryimage\"},\"thumbnailUrl\":\"https:\/\/consejomagistratura.gov.ar\/wp-content\/uploads\/2021\/04\/Teletrabajo-1.jpg\",\"keywords\":[\"Teletrabajo\"],\"articleSection\":[\"Informaci\\u00f3n General\"],\"inLanguage\":\"es-AR\"},{\"@type\":\"Person\",\"@id\":\"https:\/\/consejomagistratura.gov.ar\/#\/schema\/person\/1900c828a58b757a233ec41c9811ce97\",\"name\":\"Guido Stochyk\",\"image\":{\"@type\":\"ImageObject\",\"@id\":\"https:\/\/consejomagistratura.gov.ar\/#personlogo\",\"inLanguage\":\"es-AR\",\"url\":\"https:\/\/secure.gravatar.com\/avatar\/0bcd917ef23eaf1ca74bb12e684e121789a8f7c17b00e0ca9e860776d1ce10c9?s=96&d=mm&r=g\",\"contentUrl\":\"https:\/\/secure.gravatar.com\/avatar\/0bcd917ef23eaf1ca74bb12e684e121789a8f7c17b00e0ca9e860776d1ce10c9?s=96&d=mm&r=g\",\"caption\":\"Guido Stochyk\"},\"url\":\"https:\/\/consejomagistratura.gov.ar\/index.php\/author\/guido\/\"}]}<\/script>\n<!-- \/ Yoast SEO Premium plugin. -->","yoast_head_json":{"title":"Seis C\u00e1maras de Apelaciones ya adhirieron al protocolo de teletrabajo en el Poder Judicial de la Naci\u00f3n | Consejo de la Magistratura","robots":{"index":"index","follow":"follow","max-snippet":"max-snippet:-1","max-image-preview":"max-image-preview:large","max-video-preview":"max-video-preview:-1"},"canonical":"https:\/\/consejomagistratura.gov.ar\/index.php\/2021\/04\/23\/seis-camaras-de-apelaciones-ya-adhirieron-al-protocolo-de-teletrabajo-en-el-poder-judicial-de-la-nacion\/","og_locale":"es_ES","og_type":"article","og_title":"Seis C\u00e1maras de Apelaciones ya adhirieron al protocolo de teletrabajo en el Poder Judicial de la Naci\u00f3n | Consejo de la Magistratura","og_description":"El 30 de julio del a\u00f1o 2020 el Plenario del Consejo de la Magistratura de la Naci\u00f3n aprob\u00f3 mediante la Resoluci\u00f3n 182\/20, los principios rectores para la aplicaci\u00f3n del teletrabajo por parte de las autoridades [&hellip;]","og_url":"https:\/\/consejomagistratura.gov.ar\/index.php\/2021\/04\/23\/seis-camaras-de-apelaciones-ya-adhirieron-al-protocolo-de-teletrabajo-en-el-poder-judicial-de-la-nacion\/","og_site_name":"Consejo de la Magistratura","article_publisher":"https:\/\/www.facebook.com\/consejomagistratura","article_published_time":"2021-04-23T20:12:00+00:00","article_modified_time":"2021-07-14T20:06:26+00:00","og_image":[{"width":1675,"height":1117,"url":"https:\/\/consejomagistratura.gov.ar\/wp-content\/uploads\/2021\/04\/Teletrabajo-1.jpg","type":"image\/jpeg"}],"twitter_card":"summary_large_image","twitter_creator":"@cmagistratura","twitter_site":"@cmagistratura","twitter_misc":{"Escrito por":"Guido Stochyk","Tiempo de lectura":"2 minutos"},"schema":{"@context":"https:\/\/schema.org","@graph":[{"@type":"Organization","@id":"https:\/\/consejomagistratura.gov.ar\/#organization","name":"Consejo de la Magistratura","url":"https:\/\/consejomagistratura.gov.ar\/","sameAs":["https:\/\/www.facebook.com\/consejomagistratura","https:\/\/www.instagram.com\/consejodelamagistratura\/","https:\/\/www.youtube.com\/c\/consejodelamagistraturadelanacion","https:\/\/es.wikipedia.org\/wiki\/Consejo_de_la_Magistratura_(Argentina)","https:\/\/twitter.com\/cmagistratura"],"logo":{"@type":"ImageObject","@id":"https:\/\/consejomagistratura.gov.ar\/#logo","inLanguage":"es-AR","url":"https:\/\/consejomagistratura.gov.ar\/wp-content\/uploads\/2021\/08\/logo_link_2_Mesa-de-trabajo-1.png","contentUrl":"https:\/\/consejomagistratura.gov.ar\/wp-content\/uploads\/2021\/08\/logo_link_2_Mesa-de-trabajo-1.png","width":1067,"height":780,"caption":"Consejo de la Magistratura"},"image":{"@id":"https:\/\/consejomagistratura.gov.ar\/#logo"}},{"@type":"WebSite","@id":"https:\/\/consejomagistratura.gov.ar\/#website","url":"https:\/\/consejomagistratura.gov.ar\/","name":"Consejo de la Magistratura","description":"","publisher":{"@id":"https:\/\/consejomagistratura.gov.ar\/#organization"},"potentialAction":[{"@type":"SearchAction","target":{"@type":"EntryPoint","urlTemplate":"https:\/\/consejomagistratura.gov.ar\/?s={search_term_string}"},"query-input":"required name=search_term_string"}],"inLanguage":"es-AR"},{"@type":"ImageObject","@id":"https:\/\/consejomagistratura.gov.ar\/index.php\/2021\/04\/23\/seis-camaras-de-apelaciones-ya-adhirieron-al-protocolo-de-teletrabajo-en-el-poder-judicial-de-la-nacion\/#primaryimage","inLanguage":"es-AR","url":"https:\/\/consejomagistratura.gov.ar\/wp-content\/uploads\/2021\/04\/Teletrabajo-1.jpg","contentUrl":"https:\/\/consejomagistratura.gov.ar\/wp-content\/uploads\/2021\/04\/Teletrabajo-1.jpg","width":1675,"height":1117},{"@type":"WebPage","@id":"https:\/\/consejomagistratura.gov.ar\/index.php\/2021\/04\/23\/seis-camaras-de-apelaciones-ya-adhirieron-al-protocolo-de-teletrabajo-en-el-poder-judicial-de-la-nacion\/#webpage","url":"https:\/\/consejomagistratura.gov.ar\/index.php\/2021\/04\/23\/seis-camaras-de-apelaciones-ya-adhirieron-al-protocolo-de-teletrabajo-en-el-poder-judicial-de-la-nacion\/","name":"Seis C\u00e1maras de Apelaciones ya adhirieron al protocolo de teletrabajo en el Poder Judicial de la Naci\u00f3n | Consejo de la Magistratura","isPartOf":{"@id":"https:\/\/consejomagistratura.gov.ar\/#website"},"primaryImageOfPage":{"@id":"https:\/\/consejomagistratura.gov.ar\/index.php\/2021\/04\/23\/seis-camaras-de-apelaciones-ya-adhirieron-al-protocolo-de-teletrabajo-en-el-poder-judicial-de-la-nacion\/#primaryimage"},"datePublished":"2021-04-23T20:12:00+00:00","dateModified":"2021-07-14T20:06:26+00:00","breadcrumb":{"@id":"https:\/\/consejomagistratura.gov.ar\/index.php\/2021\/04\/23\/seis-camaras-de-apelaciones-ya-adhirieron-al-protocolo-de-teletrabajo-en-el-poder-judicial-de-la-nacion\/#breadcrumb"},"inLanguage":"es-AR","potentialAction":[{"@type":"ReadAction","target":["https:\/\/consejomagistratura.gov.ar\/index.php\/2021\/04\/23\/seis-camaras-de-apelaciones-ya-adhirieron-al-protocolo-de-teletrabajo-en-el-poder-judicial-de-la-nacion\/"]}]},{"@type":"BreadcrumbList","@id":"https:\/\/consejomagistratura.gov.ar\/index.php\/2021\/04\/23\/seis-camaras-de-apelaciones-ya-adhirieron-al-protocolo-de-teletrabajo-en-el-poder-judicial-de-la-nacion\/#breadcrumb","itemListElement":[{"@type":"ListItem","position":1,"name":"Inicio","item":"https:\/\/consejomagistratura.gov.ar\/"},{"@type":"ListItem","position":2,"name":"Seis C\u00e1maras de Apelaciones ya adhirieron al protocolo de teletrabajo en el Poder Judicial de la Naci\u00f3n"}]},{"@type":"Article","@id":"https:\/\/consejomagistratura.gov.ar\/index.php\/2021\/04\/23\/seis-camaras-de-apelaciones-ya-adhirieron-al-protocolo-de-teletrabajo-en-el-poder-judicial-de-la-nacion\/#article","isPartOf":{"@id":"https:\/\/consejomagistratura.gov.ar\/index.php\/2021\/04\/23\/seis-camaras-de-apelaciones-ya-adhirieron-al-protocolo-de-teletrabajo-en-el-poder-judicial-de-la-nacion\/#webpage"},"author":{"@id":"https:\/\/consejomagistratura.gov.ar\/#\/schema\/person\/1900c828a58b757a233ec41c9811ce97"},"headline":"Seis C\u00e1maras de Apelaciones ya adhirieron al protocolo de teletrabajo en el Poder Judicial de la Naci\u00f3n","datePublished":"2021-04-23T20:12:00+00:00","dateModified":"2021-07-14T20:06:26+00:00","mainEntityOfPage":{"@id":"https:\/\/consejomagistratura.gov.ar\/index.php\/2021\/04\/23\/seis-camaras-de-apelaciones-ya-adhirieron-al-protocolo-de-teletrabajo-en-el-poder-judicial-de-la-nacion\/#webpage"},"wordCount":423,"publisher":{"@id":"https:\/\/consejomagistratura.gov.ar\/#organization"},"image":{"@id":"https:\/\/consejomagistratura.gov.ar\/index.php\/2021\/04\/23\/seis-camaras-de-apelaciones-ya-adhirieron-al-protocolo-de-teletrabajo-en-el-poder-judicial-de-la-nacion\/#primaryimage"},"thumbnailUrl":"https:\/\/consejomagistratura.gov.ar\/wp-content\/uploads\/2021\/04\/Teletrabajo-1.jpg","keywords":["Teletrabajo"],"articleSection":["Informaci\u00f3n General"],"inLanguage":"es-AR"},{"@type":"Person","@id":"https:\/\/consejomagistratura.gov.ar\/#\/schema\/person\/1900c828a58b757a233ec41c9811ce97","name":"Guido Stochyk","image":{"@type":"ImageObject","@id":"https:\/\/consejomagistratura.gov.ar\/#personlogo","inLanguage":"es-AR","url":"https:\/\/secure.gravatar.com\/avatar\/0bcd917ef23eaf1ca74bb12e684e121789a8f7c17b00e0ca9e860776d1ce10c9?s=96&d=mm&r=g","contentUrl":"https:\/\/secure.gravatar.com\/avatar\/0bcd917ef23eaf1ca74bb12e684e121789a8f7c17b00e0ca9e860776d1ce10c9?s=96&d=mm&r=g","caption":"Guido Stochyk"},"url":"https:\/\/consejomagistratura.gov.ar\/index.php\/author\/guido\/"}]}},"_links":{"self":[{"href":"https:\/\/consejomagistratura.gov.ar\/index.php\/wp-json\/wp\/v2\/posts\/6925","targetHints":{"allow":["GET"]}}],"collection":[{"href":"https:\/\/consejomagistratura.gov.ar\/index.php\/wp-json\/wp\/v2\/posts"}],"about":[{"href":"https:\/\/consejomagistratura.gov.ar\/index.php\/wp-json\/wp\/v2\/types\/post"}],"author":[{"embeddable":true,"href":"https:\/\/consejomagistratura.gov.ar\/index.php\/wp-json\/wp\/v2\/users\/10"}],"replies":[{"embeddable":true,"href":"https:\/\/consejomagistratura.gov.ar\/index.php\/wp-json\/wp\/v2\/comments?post=6925"}],"version-history":[{"count":2,"href":"https:\/\/consejomagistratura.gov.ar\/index.php\/wp-json\/wp\/v2\/posts\/6925\/revisions"}],"predecessor-version":[{"id":11433,"href":"https:\/\/consejomagistratura.gov.ar\/index.php\/wp-json\/wp\/v2\/posts\/6925\/revisions\/11433"}],"wp:featuredmedia":[{"embeddable":true,"href":"https:\/\/consejomagistratura.gov.ar\/index.php\/wp-json\/wp\/v2\/media\/9365"}],"wp:attachment":[{"href":"https:\/\/consejomagistratura.gov.ar\/index.php\/wp-json\/wp\/v2\/media?parent=6925"}],"wp:term":[{"taxonomy":"category","embeddable":true,"href":"https:\/\/consejomagistratura.gov.ar\/index.php\/wp-json\/wp\/v2\/categories?post=6925"},{"taxonomy":"post_tag","embeddable":true,"href":"https:\/\/consejomagistratura.gov.ar\/index.php\/wp-json\/wp\/v2\/tags?post=6925"}],"curies":[{"name":"wp","href":"https:\/\/api.w.org\/{rel}","templated":true}]}}