{"id":6929,"date":"2021-04-23T17:18:00","date_gmt":"2021-04-23T20:18:00","guid":{"rendered":"\/?p=6929"},"modified":"2021-07-14T17:05:49","modified_gmt":"2021-07-14T20:05:49","slug":"reunion-con-la-junta-de-tribunales-orales-federales-de-la-republica-argentina-2","status":"publish","type":"post","link":"https:\/\/consejomagistratura.gov.ar\/index.php\/2021\/04\/23\/reunion-con-la-junta-de-tribunales-orales-federales-de-la-republica-argentina-2\/","title":{"rendered":"Reuni\u00f3n con la Junta de Tribunales Orales Federales de la Rep\u00fablica Argentina"},"content":{"rendered":"\n<p class=\"has-text-align-justify\">En la tarde de hoy el presidente del Consejo de la Magistratura, Diego Molea, junto al vicepresidente del Cuerpo, Alberto Lugones, y la presidenta de la Comisi\u00f3n de Selecci\u00f3n de Magistrados y Escuela Judicial, Graciela Cama\u00f1o, mantuvieron una reuni\u00f3n con los integrantes de la Junta de Tribunales Orales Federales de la Rep\u00fablica Argentina. Los acompa\u00f1aron el Administrador General del Poder Judicial, Claudio Cholaki\u00e1n, y el Subdirector General de Tecnolog\u00eda, Hern\u00e1n Rondinella.<\/p>\n\n\n\n<p class=\"has-text-align-justify\">Durante el encuentro, realizado por medios telem\u00e1ticos, conversaron sobre las necesidades presentes en este contexto, en particular sobre la conectividad, cuestiones tecnol\u00f3gicas e insumos inform\u00e1ticos, con el objetivo de darle celeridad a todos los procesos, resaltando la importancia de estos espacios de intercambio y di\u00e1logo.<\/p>\n","protected":false},"excerpt":{"rendered":"<p>En la tarde de hoy el presidente del Consejo de la Magistratura, Diego Molea, junto al vicepresidente del Cuerpo, Alberto Lugones, y la presidenta de la Comisi\u00f3n de Selecci\u00f3n de Magistrados y Escuela Judicial, Graciela [&hellip;]<\/p>\n","protected":false},"author":10,"featured_media":128,"comment_status":"closed","ping_status":"open","sticky":false,"template":"","format":"standard","meta":{"footnotes":""},"categories":[3,20],"tags":[112,118],"class_list":["post-6929","post","type-post","status-publish","format-standard","has-post-thumbnail","hentry","category-institucional","category-presidencia","tag-reunion-conjunta","tag-teletrabajo"],"yoast_head":"<!-- This site is optimized with the Yoast SEO Premium plugin v16.2 (Yoast SEO v17.9) - https:\/\/yoast.com\/wordpress\/plugins\/seo\/ -->\n<title>Reuni\u00f3n con la Junta de Tribunales Orales Federales de la Rep\u00fablica Argentina | Consejo de la Magistratura<\/title>\n<meta name=\"robots\" content=\"index, follow, max-snippet:-1, max-image-preview:large, max-video-preview:-1\" \/>\n<link rel=\"canonical\" href=\"https:\/\/consejomagistratura.gov.ar\/index.php\/2021\/04\/23\/reunion-con-la-junta-de-tribunales-orales-federales-de-la-republica-argentina-2\/\" \/>\n<meta property=\"og:locale\" content=\"es_ES\" \/>\n<meta property=\"og:type\" content=\"article\" \/>\n<meta property=\"og:title\" content=\"Reuni\u00f3n con la Junta de Tribunales Orales Federales de la Rep\u00fablica Argentina | Consejo de la Magistratura\" \/>\n<meta property=\"og:description\" content=\"En la tarde de hoy el presidente del Consejo de la Magistratura, Diego Molea, junto al vicepresidente del Cuerpo, Alberto Lugones, y la presidenta de la Comisi\u00f3n de Selecci\u00f3n de Magistrados y Escuela Judicial, Graciela [&hellip;]\" \/>\n<meta property=\"og:url\" content=\"https:\/\/consejomagistratura.gov.ar\/index.php\/2021\/04\/23\/reunion-con-la-junta-de-tribunales-orales-federales-de-la-republica-argentina-2\/\" \/>\n<meta property=\"og:site_name\" content=\"Consejo de la Magistratura\" \/>\n<meta property=\"article:publisher\" content=\"https:\/\/www.facebook.com\/consejomagistratura\" \/>\n<meta property=\"article:published_time\" content=\"2021-04-23T20:18:00+00:00\" \/>\n<meta property=\"article:modified_time\" content=\"2021-07-14T20:05:49+00:00\" \/>\n<meta property=\"og:image\" content=\"https:\/\/consejomagistratura.gov.ar\/wp-content\/uploads\/2021\/05\/molea-1.jpg\" \/>\n\t<meta property=\"og:image:width\" content=\"1280\" \/>\n\t<meta property=\"og:image:height\" content=\"960\" \/>\n\t<meta property=\"og:image:type\" content=\"image\/jpeg\" \/>\n<meta name=\"twitter:card\" content=\"summary_large_image\" \/>\n<meta name=\"twitter:creator\" content=\"@cmagistratura\" \/>\n<meta name=\"twitter:site\" content=\"@cmagistratura\" \/>\n<meta name=\"twitter:label1\" content=\"Escrito por\" \/>\n\t<meta name=\"twitter:data1\" content=\"Guido Stochyk\" \/>\n\t<meta name=\"twitter:label2\" content=\"Tiempo de lectura\" \/>\n\t<meta name=\"twitter:data2\" content=\"1 minuto\" \/>\n<script type=\"application\/ld+json\" class=\"yoast-schema-graph\">{\"@context\":\"https:\/\/schema.org\",\"@graph\":[{\"@type\":\"Organization\",\"@id\":\"https:\/\/consejomagistratura.gov.ar\/#organization\",\"name\":\"Consejo de la Magistratura\",\"url\":\"https:\/\/consejomagistratura.gov.ar\/\",\"sameAs\":[\"https:\/\/www.facebook.com\/consejomagistratura\",\"https:\/\/www.instagram.com\/consejodelamagistratura\/\",\"https:\/\/www.youtube.com\/c\/consejodelamagistraturadelanacion\",\"https:\/\/es.wikipedia.org\/wiki\/Consejo_de_la_Magistratura_(Argentina)\",\"https:\/\/twitter.com\/cmagistratura\"],\"logo\":{\"@type\":\"ImageObject\",\"@id\":\"https:\/\/consejomagistratura.gov.ar\/#logo\",\"inLanguage\":\"es-AR\",\"url\":\"https:\/\/consejomagistratura.gov.ar\/wp-content\/uploads\/2021\/08\/logo_link_2_Mesa-de-trabajo-1.png\",\"contentUrl\":\"https:\/\/consejomagistratura.gov.ar\/wp-content\/uploads\/2021\/08\/logo_link_2_Mesa-de-trabajo-1.png\",\"width\":1067,\"height\":780,\"caption\":\"Consejo de la Magistratura\"},\"image\":{\"@id\":\"https:\/\/consejomagistratura.gov.ar\/#logo\"}},{\"@type\":\"WebSite\",\"@id\":\"https:\/\/consejomagistratura.gov.ar\/#website\",\"url\":\"https:\/\/consejomagistratura.gov.ar\/\",\"name\":\"Consejo de la Magistratura\",\"description\":\"\",\"publisher\":{\"@id\":\"https:\/\/consejomagistratura.gov.ar\/#organization\"},\"potentialAction\":[{\"@type\":\"SearchAction\",\"target\":{\"@type\":\"EntryPoint\",\"urlTemplate\":\"https:\/\/consejomagistratura.gov.ar\/?s={search_term_string}\"},\"query-input\":\"required name=search_term_string\"}],\"inLanguage\":\"es-AR\"},{\"@type\":\"ImageObject\",\"@id\":\"https:\/\/consejomagistratura.gov.ar\/index.php\/2021\/04\/23\/reunion-con-la-junta-de-tribunales-orales-federales-de-la-republica-argentina-2\/#primaryimage\",\"inLanguage\":\"es-AR\",\"url\":\"https:\/\/consejomagistratura.gov.ar\/wp-content\/uploads\/2021\/05\/molea-1.jpg\",\"contentUrl\":\"https:\/\/consejomagistratura.gov.ar\/wp-content\/uploads\/2021\/05\/molea-1.jpg\",\"width\":1280,\"height\":960,\"caption\":\"Reuni\\u00f3n con la Junta de Tribunales Orales Federales de la Rep\\u00fablica Argentina\"},{\"@type\":\"WebPage\",\"@id\":\"https:\/\/consejomagistratura.gov.ar\/index.php\/2021\/04\/23\/reunion-con-la-junta-de-tribunales-orales-federales-de-la-republica-argentina-2\/#webpage\",\"url\":\"https:\/\/consejomagistratura.gov.ar\/index.php\/2021\/04\/23\/reunion-con-la-junta-de-tribunales-orales-federales-de-la-republica-argentina-2\/\",\"name\":\"Reuni\\u00f3n con la Junta de Tribunales Orales Federales de la Rep\\u00fablica Argentina | Consejo de la Magistratura\",\"isPartOf\":{\"@id\":\"https:\/\/consejomagistratura.gov.ar\/#website\"},\"primaryImageOfPage\":{\"@id\":\"https:\/\/consejomagistratura.gov.ar\/index.php\/2021\/04\/23\/reunion-con-la-junta-de-tribunales-orales-federales-de-la-republica-argentina-2\/#primaryimage\"},\"datePublished\":\"2021-04-23T20:18:00+00:00\",\"dateModified\":\"2021-07-14T20:05:49+00:00\",\"breadcrumb\":{\"@id\":\"https:\/\/consejomagistratura.gov.ar\/index.php\/2021\/04\/23\/reunion-con-la-junta-de-tribunales-orales-federales-de-la-republica-argentina-2\/#breadcrumb\"},\"inLanguage\":\"es-AR\",\"potentialAction\":[{\"@type\":\"ReadAction\",\"target\":[\"https:\/\/consejomagistratura.gov.ar\/index.php\/2021\/04\/23\/reunion-con-la-junta-de-tribunales-orales-federales-de-la-republica-argentina-2\/\"]}]},{\"@type\":\"BreadcrumbList\",\"@id\":\"https:\/\/consejomagistratura.gov.ar\/index.php\/2021\/04\/23\/reunion-con-la-junta-de-tribunales-orales-federales-de-la-republica-argentina-2\/#breadcrumb\",\"itemListElement\":[{\"@type\":\"ListItem\",\"position\":1,\"name\":\"Inicio\",\"item\":\"https:\/\/consejomagistratura.gov.ar\/\"},{\"@type\":\"ListItem\",\"position\":2,\"name\":\"Reuni\\u00f3n con la Junta de Tribunales Orales Federales de la Rep\\u00fablica Argentina\"}]},{\"@type\":\"Article\",\"@id\":\"https:\/\/consejomagistratura.gov.ar\/index.php\/2021\/04\/23\/reunion-con-la-junta-de-tribunales-orales-federales-de-la-republica-argentina-2\/#article\",\"isPartOf\":{\"@id\":\"https:\/\/consejomagistratura.gov.ar\/index.php\/2021\/04\/23\/reunion-con-la-junta-de-tribunales-orales-federales-de-la-republica-argentina-2\/#webpage\"},\"author\":{\"@id\":\"https:\/\/consejomagistratura.gov.ar\/#\/schema\/person\/1900c828a58b757a233ec41c9811ce97\"},\"headline\":\"Reuni\\u00f3n con la Junta de Tribunales Orales Federales de la Rep\\u00fablica Argentina\",\"datePublished\":\"2021-04-23T20:18:00+00:00\",\"dateModified\":\"2021-07-14T20:05:49+00:00\",\"mainEntityOfPage\":{\"@id\":\"https:\/\/consejomagistratura.gov.ar\/index.php\/2021\/04\/23\/reunion-con-la-junta-de-tribunales-orales-federales-de-la-republica-argentina-2\/#webpage\"},\"wordCount\":143,\"publisher\":{\"@id\":\"https:\/\/consejomagistratura.gov.ar\/#organization\"},\"image\":{\"@id\":\"https:\/\/consejomagistratura.gov.ar\/index.php\/2021\/04\/23\/reunion-con-la-junta-de-tribunales-orales-federales-de-la-republica-argentina-2\/#primaryimage\"},\"thumbnailUrl\":\"https:\/\/consejomagistratura.gov.ar\/wp-content\/uploads\/2021\/05\/molea-1.jpg\",\"keywords\":[\"reuni\\u00f3n conjunta\",\"Teletrabajo\"],\"articleSection\":[\"Institucional\",\"Presidencia\"],\"inLanguage\":\"es-AR\"},{\"@type\":\"Person\",\"@id\":\"https:\/\/consejomagistratura.gov.ar\/#\/schema\/person\/1900c828a58b757a233ec41c9811ce97\",\"name\":\"Guido Stochyk\",\"image\":{\"@type\":\"ImageObject\",\"@id\":\"https:\/\/consejomagistratura.gov.ar\/#personlogo\",\"inLanguage\":\"es-AR\",\"url\":\"https:\/\/secure.gravatar.com\/avatar\/0bcd917ef23eaf1ca74bb12e684e121789a8f7c17b00e0ca9e860776d1ce10c9?s=96&d=mm&r=g\",\"contentUrl\":\"https:\/\/secure.gravatar.com\/avatar\/0bcd917ef23eaf1ca74bb12e684e121789a8f7c17b00e0ca9e860776d1ce10c9?s=96&d=mm&r=g\",\"caption\":\"Guido Stochyk\"},\"url\":\"https:\/\/consejomagistratura.gov.ar\/index.php\/author\/guido\/\"}]}<\/script>\n<!-- \/ Yoast SEO Premium plugin. -->","yoast_head_json":{"title":"Reuni\u00f3n con la Junta de Tribunales Orales Federales de la Rep\u00fablica Argentina | Consejo de la Magistratura","robots":{"index":"index","follow":"follow","max-snippet":"max-snippet:-1","max-image-preview":"max-image-preview:large","max-video-preview":"max-video-preview:-1"},"canonical":"https:\/\/consejomagistratura.gov.ar\/index.php\/2021\/04\/23\/reunion-con-la-junta-de-tribunales-orales-federales-de-la-republica-argentina-2\/","og_locale":"es_ES","og_type":"article","og_title":"Reuni\u00f3n con la Junta de Tribunales Orales Federales de la Rep\u00fablica Argentina | Consejo de la Magistratura","og_description":"En la tarde de hoy el presidente del Consejo de la Magistratura, Diego Molea, junto al vicepresidente del Cuerpo, Alberto Lugones, y la presidenta de la Comisi\u00f3n de Selecci\u00f3n de Magistrados y Escuela Judicial, Graciela [&hellip;]","og_url":"https:\/\/consejomagistratura.gov.ar\/index.php\/2021\/04\/23\/reunion-con-la-junta-de-tribunales-orales-federales-de-la-republica-argentina-2\/","og_site_name":"Consejo de la Magistratura","article_publisher":"https:\/\/www.facebook.com\/consejomagistratura","article_published_time":"2021-04-23T20:18:00+00:00","article_modified_time":"2021-07-14T20:05:49+00:00","og_image":[{"width":1280,"height":960,"url":"https:\/\/consejomagistratura.gov.ar\/wp-content\/uploads\/2021\/05\/molea-1.jpg","type":"image\/jpeg"}],"twitter_card":"summary_large_image","twitter_creator":"@cmagistratura","twitter_site":"@cmagistratura","twitter_misc":{"Escrito por":"Guido Stochyk","Tiempo de lectura":"1 minuto"},"schema":{"@context":"https:\/\/schema.org","@graph":[{"@type":"Organization","@id":"https:\/\/consejomagistratura.gov.ar\/#organization","name":"Consejo de la Magistratura","url":"https:\/\/consejomagistratura.gov.ar\/","sameAs":["https:\/\/www.facebook.com\/consejomagistratura","https:\/\/www.instagram.com\/consejodelamagistratura\/","https:\/\/www.youtube.com\/c\/consejodelamagistraturadelanacion","https:\/\/es.wikipedia.org\/wiki\/Consejo_de_la_Magistratura_(Argentina)","https:\/\/twitter.com\/cmagistratura"],"logo":{"@type":"ImageObject","@id":"https:\/\/consejomagistratura.gov.ar\/#logo","inLanguage":"es-AR","url":"https:\/\/consejomagistratura.gov.ar\/wp-content\/uploads\/2021\/08\/logo_link_2_Mesa-de-trabajo-1.png","contentUrl":"https:\/\/consejomagistratura.gov.ar\/wp-content\/uploads\/2021\/08\/logo_link_2_Mesa-de-trabajo-1.png","width":1067,"height":780,"caption":"Consejo de la Magistratura"},"image":{"@id":"https:\/\/consejomagistratura.gov.ar\/#logo"}},{"@type":"WebSite","@id":"https:\/\/consejomagistratura.gov.ar\/#website","url":"https:\/\/consejomagistratura.gov.ar\/","name":"Consejo de la Magistratura","description":"","publisher":{"@id":"https:\/\/consejomagistratura.gov.ar\/#organization"},"potentialAction":[{"@type":"SearchAction","target":{"@type":"EntryPoint","urlTemplate":"https:\/\/consejomagistratura.gov.ar\/?s={search_term_string}"},"query-input":"required name=search_term_string"}],"inLanguage":"es-AR"},{"@type":"ImageObject","@id":"https:\/\/consejomagistratura.gov.ar\/index.php\/2021\/04\/23\/reunion-con-la-junta-de-tribunales-orales-federales-de-la-republica-argentina-2\/#primaryimage","inLanguage":"es-AR","url":"https:\/\/consejomagistratura.gov.ar\/wp-content\/uploads\/2021\/05\/molea-1.jpg","contentUrl":"https:\/\/consejomagistratura.gov.ar\/wp-content\/uploads\/2021\/05\/molea-1.jpg","width":1280,"height":960,"caption":"Reuni\u00f3n con la Junta de Tribunales Orales Federales de la Rep\u00fablica Argentina"},{"@type":"WebPage","@id":"https:\/\/consejomagistratura.gov.ar\/index.php\/2021\/04\/23\/reunion-con-la-junta-de-tribunales-orales-federales-de-la-republica-argentina-2\/#webpage","url":"https:\/\/consejomagistratura.gov.ar\/index.php\/2021\/04\/23\/reunion-con-la-junta-de-tribunales-orales-federales-de-la-republica-argentina-2\/","name":"Reuni\u00f3n con la Junta de Tribunales Orales Federales de la Rep\u00fablica Argentina | Consejo de la Magistratura","isPartOf":{"@id":"https:\/\/consejomagistratura.gov.ar\/#website"},"primaryImageOfPage":{"@id":"https:\/\/consejomagistratura.gov.ar\/index.php\/2021\/04\/23\/reunion-con-la-junta-de-tribunales-orales-federales-de-la-republica-argentina-2\/#primaryimage"},"datePublished":"2021-04-23T20:18:00+00:00","dateModified":"2021-07-14T20:05:49+00:00","breadcrumb":{"@id":"https:\/\/consejomagistratura.gov.ar\/index.php\/2021\/04\/23\/reunion-con-la-junta-de-tribunales-orales-federales-de-la-republica-argentina-2\/#breadcrumb"},"inLanguage":"es-AR","potentialAction":[{"@type":"ReadAction","target":["https:\/\/consejomagistratura.gov.ar\/index.php\/2021\/04\/23\/reunion-con-la-junta-de-tribunales-orales-federales-de-la-republica-argentina-2\/"]}]},{"@type":"BreadcrumbList","@id":"https:\/\/consejomagistratura.gov.ar\/index.php\/2021\/04\/23\/reunion-con-la-junta-de-tribunales-orales-federales-de-la-republica-argentina-2\/#breadcrumb","itemListElement":[{"@type":"ListItem","position":1,"name":"Inicio","item":"https:\/\/consejomagistratura.gov.ar\/"},{"@type":"ListItem","position":2,"name":"Reuni\u00f3n con la Junta de Tribunales Orales Federales de la Rep\u00fablica Argentina"}]},{"@type":"Article","@id":"https:\/\/consejomagistratura.gov.ar\/index.php\/2021\/04\/23\/reunion-con-la-junta-de-tribunales-orales-federales-de-la-republica-argentina-2\/#article","isPartOf":{"@id":"https:\/\/consejomagistratura.gov.ar\/index.php\/2021\/04\/23\/reunion-con-la-junta-de-tribunales-orales-federales-de-la-republica-argentina-2\/#webpage"},"author":{"@id":"https:\/\/consejomagistratura.gov.ar\/#\/schema\/person\/1900c828a58b757a233ec41c9811ce97"},"headline":"Reuni\u00f3n con la Junta de Tribunales Orales Federales de la Rep\u00fablica Argentina","datePublished":"2021-04-23T20:18:00+00:00","dateModified":"2021-07-14T20:05:49+00:00","mainEntityOfPage":{"@id":"https:\/\/consejomagistratura.gov.ar\/index.php\/2021\/04\/23\/reunion-con-la-junta-de-tribunales-orales-federales-de-la-republica-argentina-2\/#webpage"},"wordCount":143,"publisher":{"@id":"https:\/\/consejomagistratura.gov.ar\/#organization"},"image":{"@id":"https:\/\/consejomagistratura.gov.ar\/index.php\/2021\/04\/23\/reunion-con-la-junta-de-tribunales-orales-federales-de-la-republica-argentina-2\/#primaryimage"},"thumbnailUrl":"https:\/\/consejomagistratura.gov.ar\/wp-content\/uploads\/2021\/05\/molea-1.jpg","keywords":["reuni\u00f3n conjunta","Teletrabajo"],"articleSection":["Institucional","Presidencia"],"inLanguage":"es-AR"},{"@type":"Person","@id":"https:\/\/consejomagistratura.gov.ar\/#\/schema\/person\/1900c828a58b757a233ec41c9811ce97","name":"Guido Stochyk","image":{"@type":"ImageObject","@id":"https:\/\/consejomagistratura.gov.ar\/#personlogo","inLanguage":"es-AR","url":"https:\/\/secure.gravatar.com\/avatar\/0bcd917ef23eaf1ca74bb12e684e121789a8f7c17b00e0ca9e860776d1ce10c9?s=96&d=mm&r=g","contentUrl":"https:\/\/secure.gravatar.com\/avatar\/0bcd917ef23eaf1ca74bb12e684e121789a8f7c17b00e0ca9e860776d1ce10c9?s=96&d=mm&r=g","caption":"Guido Stochyk"},"url":"https:\/\/consejomagistratura.gov.ar\/index.php\/author\/guido\/"}]}},"_links":{"self":[{"href":"https:\/\/consejomagistratura.gov.ar\/index.php\/wp-json\/wp\/v2\/posts\/6929","targetHints":{"allow":["GET"]}}],"collection":[{"href":"https:\/\/consejomagistratura.gov.ar\/index.php\/wp-json\/wp\/v2\/posts"}],"about":[{"href":"https:\/\/consejomagistratura.gov.ar\/index.php\/wp-json\/wp\/v2\/types\/post"}],"author":[{"embeddable":true,"href":"https:\/\/consejomagistratura.gov.ar\/index.php\/wp-json\/wp\/v2\/users\/10"}],"replies":[{"embeddable":true,"href":"https:\/\/consejomagistratura.gov.ar\/index.php\/wp-json\/wp\/v2\/comments?post=6929"}],"version-history":[{"count":1,"href":"https:\/\/consejomagistratura.gov.ar\/index.php\/wp-json\/wp\/v2\/posts\/6929\/revisions"}],"predecessor-version":[{"id":9363,"href":"https:\/\/consejomagistratura.gov.ar\/index.php\/wp-json\/wp\/v2\/posts\/6929\/revisions\/9363"}],"wp:featuredmedia":[{"embeddable":true,"href":"https:\/\/consejomagistratura.gov.ar\/index.php\/wp-json\/wp\/v2\/media\/128"}],"wp:attachment":[{"href":"https:\/\/consejomagistratura.gov.ar\/index.php\/wp-json\/wp\/v2\/media?parent=6929"}],"wp:term":[{"taxonomy":"category","embeddable":true,"href":"https:\/\/consejomagistratura.gov.ar\/index.php\/wp-json\/wp\/v2\/categories?post=6929"},{"taxonomy":"post_tag","embeddable":true,"href":"https:\/\/consejomagistratura.gov.ar\/index.php\/wp-json\/wp\/v2\/tags?post=6929"}],"curies":[{"name":"wp","href":"https:\/\/api.w.org\/{rel}","templated":true}]}}