{"id":7415,"date":"2019-09-16T13:34:31","date_gmt":"2019-09-16T16:34:31","guid":{"rendered":"http:\/\/5.0.32.155\/wordpress\/?p=1674"},"modified":"2021-07-14T17:38:31","modified_gmt":"2021-07-14T20:38:31","slug":"sesiona-la-comision-de-administracion-y-financiera","status":"publish","type":"post","link":"https:\/\/consejomagistratura.gov.ar\/index.php\/2019\/09\/16\/sesiona-la-comision-de-administracion-y-financiera\/","title":{"rendered":"Sesiona la Comisi\u00f3n de Administraci\u00f3n y Financiera"},"content":{"rendered":"\n<figure class=\"wp-block-image\"><img decoding=\"async\" src=\"https:\/\/www.consejomagistratura.gov.ar\/wp-content\/uploads\/2019\/09\/DSC_0113copia-1.jpg\" alt=\"\" class=\"wp-image-1680\"\/><\/figure>\n\n\n\n<p> Conforme la convocatoria, ma\u00f1ana 13 de diciembre de 2018 a partir de las 12 horas tendr\u00e1 lugar la primera reuni\u00f3n de la Comisi\u00f3n de Administraci\u00f3n y Financiera con su nueva integraci\u00f3n y autoridades, para considerar el orden del d\u00eda.<\/p>\n\n\n\n<p> La Comisi\u00f3n es presidida por el consejero Juan Pablo M\u00e1s V\u00e9lez, acompa\u00f1ado por Alberto Agust\u00edn Lugones como vicepresidente. Tambi\u00e9n integran la Comisi\u00f3n Juan Manuel Culotta, Pablo Tonelli, Eduardo De Pedro, Ada Rosa del Valle It\u00farrez de Cappellini y Juan Bautista Mahiques. &nbsp;<\/p>\n","protected":false},"excerpt":{"rendered":"<p>Conforme la convocatoria, ma\u00f1ana 13 de diciembre de 2018 a partir de las 12 horas tendr\u00e1 lugar la primera reuni\u00f3n de la Comisi\u00f3n de Administraci\u00f3n y Financiera con su nueva integraci\u00f3n y autoridades, para considerar [&hellip;]<\/p>\n","protected":false},"author":13,"featured_media":8137,"comment_status":"closed","ping_status":"open","sticky":false,"template":"","format":"standard","meta":{"footnotes":""},"categories":[24],"tags":[16],"class_list":["post-7415","post","type-post","status-publish","format-standard","has-post-thumbnail","hentry","category-caf","tag-integracion-2018-2022"],"yoast_head":"<!-- This site is optimized with the Yoast SEO Premium plugin v16.2 (Yoast SEO v17.9) - https:\/\/yoast.com\/wordpress\/plugins\/seo\/ -->\n<title>Sesiona la Comisi\u00f3n de Administraci\u00f3n y Financiera | Consejo de la Magistratura<\/title>\n<meta name=\"robots\" content=\"index, follow, max-snippet:-1, max-image-preview:large, max-video-preview:-1\" \/>\n<link rel=\"canonical\" href=\"https:\/\/consejomagistratura.gov.ar\/index.php\/2019\/09\/16\/sesiona-la-comision-de-administracion-y-financiera\/\" \/>\n<meta property=\"og:locale\" content=\"es_ES\" \/>\n<meta property=\"og:type\" content=\"article\" \/>\n<meta property=\"og:title\" content=\"Sesiona la Comisi\u00f3n de Administraci\u00f3n y Financiera | Consejo de la Magistratura\" \/>\n<meta property=\"og:description\" content=\"Conforme la convocatoria, ma\u00f1ana 13 de diciembre de 2018 a partir de las 12 horas tendr\u00e1 lugar la primera reuni\u00f3n de la Comisi\u00f3n de Administraci\u00f3n y Financiera con su nueva integraci\u00f3n y autoridades, para considerar [&hellip;]\" \/>\n<meta property=\"og:url\" content=\"https:\/\/consejomagistratura.gov.ar\/index.php\/2019\/09\/16\/sesiona-la-comision-de-administracion-y-financiera\/\" \/>\n<meta property=\"og:site_name\" content=\"Consejo de la Magistratura\" \/>\n<meta property=\"article:publisher\" content=\"https:\/\/www.facebook.com\/consejomagistratura\" \/>\n<meta property=\"article:published_time\" content=\"2019-09-16T16:34:31+00:00\" \/>\n<meta property=\"article:modified_time\" content=\"2021-07-14T20:38:31+00:00\" \/>\n<meta property=\"og:image\" content=\"https:\/\/consejomagistratura.gov.ar\/wp-content\/uploads\/2019\/09\/DSC_0113copia.jpg\" \/>\n\t<meta property=\"og:image:width\" content=\"800\" \/>\n\t<meta property=\"og:image:height\" content=\"536\" \/>\n\t<meta property=\"og:image:type\" content=\"image\/jpeg\" \/>\n<meta name=\"twitter:card\" content=\"summary_large_image\" \/>\n<meta name=\"twitter:creator\" content=\"@cmagistratura\" \/>\n<meta name=\"twitter:site\" content=\"@cmagistratura\" \/>\n<meta name=\"twitter:label1\" content=\"Escrito por\" \/>\n\t<meta name=\"twitter:data1\" content=\"Juan Pia\" \/>\n<script type=\"application\/ld+json\" class=\"yoast-schema-graph\">{\"@context\":\"https:\/\/schema.org\",\"@graph\":[{\"@type\":\"Organization\",\"@id\":\"https:\/\/consejomagistratura.gov.ar\/#organization\",\"name\":\"Consejo de la Magistratura\",\"url\":\"https:\/\/consejomagistratura.gov.ar\/\",\"sameAs\":[\"https:\/\/www.facebook.com\/consejomagistratura\",\"https:\/\/www.instagram.com\/consejodelamagistratura\/\",\"https:\/\/www.youtube.com\/c\/consejodelamagistraturadelanacion\",\"https:\/\/es.wikipedia.org\/wiki\/Consejo_de_la_Magistratura_(Argentina)\",\"https:\/\/twitter.com\/cmagistratura\"],\"logo\":{\"@type\":\"ImageObject\",\"@id\":\"https:\/\/consejomagistratura.gov.ar\/#logo\",\"inLanguage\":\"es-AR\",\"url\":\"https:\/\/consejomagistratura.gov.ar\/wp-content\/uploads\/2021\/08\/logo_link_2_Mesa-de-trabajo-1.png\",\"contentUrl\":\"https:\/\/consejomagistratura.gov.ar\/wp-content\/uploads\/2021\/08\/logo_link_2_Mesa-de-trabajo-1.png\",\"width\":1067,\"height\":780,\"caption\":\"Consejo de la Magistratura\"},\"image\":{\"@id\":\"https:\/\/consejomagistratura.gov.ar\/#logo\"}},{\"@type\":\"WebSite\",\"@id\":\"https:\/\/consejomagistratura.gov.ar\/#website\",\"url\":\"https:\/\/consejomagistratura.gov.ar\/\",\"name\":\"Consejo de la Magistratura\",\"description\":\"\",\"publisher\":{\"@id\":\"https:\/\/consejomagistratura.gov.ar\/#organization\"},\"potentialAction\":[{\"@type\":\"SearchAction\",\"target\":{\"@type\":\"EntryPoint\",\"urlTemplate\":\"https:\/\/consejomagistratura.gov.ar\/?s={search_term_string}\"},\"query-input\":\"required name=search_term_string\"}],\"inLanguage\":\"es-AR\"},{\"@type\":\"ImageObject\",\"@id\":\"https:\/\/consejomagistratura.gov.ar\/index.php\/2019\/09\/16\/sesiona-la-comision-de-administracion-y-financiera\/#primaryimage\",\"inLanguage\":\"es-AR\",\"url\":\"https:\/\/consejomagistratura.gov.ar\/wp-content\/uploads\/2019\/09\/DSC_0113copia.jpg\",\"contentUrl\":\"https:\/\/consejomagistratura.gov.ar\/wp-content\/uploads\/2019\/09\/DSC_0113copia.jpg\",\"width\":800,\"height\":536},{\"@type\":\"WebPage\",\"@id\":\"https:\/\/consejomagistratura.gov.ar\/index.php\/2019\/09\/16\/sesiona-la-comision-de-administracion-y-financiera\/#webpage\",\"url\":\"https:\/\/consejomagistratura.gov.ar\/index.php\/2019\/09\/16\/sesiona-la-comision-de-administracion-y-financiera\/\",\"name\":\"Sesiona la Comisi\\u00f3n de Administraci\\u00f3n y Financiera | Consejo de la Magistratura\",\"isPartOf\":{\"@id\":\"https:\/\/consejomagistratura.gov.ar\/#website\"},\"primaryImageOfPage\":{\"@id\":\"https:\/\/consejomagistratura.gov.ar\/index.php\/2019\/09\/16\/sesiona-la-comision-de-administracion-y-financiera\/#primaryimage\"},\"datePublished\":\"2019-09-16T16:34:31+00:00\",\"dateModified\":\"2021-07-14T20:38:31+00:00\",\"breadcrumb\":{\"@id\":\"https:\/\/consejomagistratura.gov.ar\/index.php\/2019\/09\/16\/sesiona-la-comision-de-administracion-y-financiera\/#breadcrumb\"},\"inLanguage\":\"es-AR\",\"potentialAction\":[{\"@type\":\"ReadAction\",\"target\":[\"https:\/\/consejomagistratura.gov.ar\/index.php\/2019\/09\/16\/sesiona-la-comision-de-administracion-y-financiera\/\"]}]},{\"@type\":\"BreadcrumbList\",\"@id\":\"https:\/\/consejomagistratura.gov.ar\/index.php\/2019\/09\/16\/sesiona-la-comision-de-administracion-y-financiera\/#breadcrumb\",\"itemListElement\":[{\"@type\":\"ListItem\",\"position\":1,\"name\":\"Inicio\",\"item\":\"https:\/\/consejomagistratura.gov.ar\/\"},{\"@type\":\"ListItem\",\"position\":2,\"name\":\"Sesiona la Comisi\\u00f3n de Administraci\\u00f3n y Financiera\"}]},{\"@type\":\"Article\",\"@id\":\"https:\/\/consejomagistratura.gov.ar\/index.php\/2019\/09\/16\/sesiona-la-comision-de-administracion-y-financiera\/#article\",\"isPartOf\":{\"@id\":\"https:\/\/consejomagistratura.gov.ar\/index.php\/2019\/09\/16\/sesiona-la-comision-de-administracion-y-financiera\/#webpage\"},\"author\":{\"@id\":\"https:\/\/consejomagistratura.gov.ar\/#\/schema\/person\/f4d8b3521c35f97155ae7f20dfb56842\"},\"headline\":\"Sesiona la Comisi\\u00f3n de Administraci\\u00f3n y Financiera\",\"datePublished\":\"2019-09-16T16:34:31+00:00\",\"dateModified\":\"2021-07-14T20:38:31+00:00\",\"mainEntityOfPage\":{\"@id\":\"https:\/\/consejomagistratura.gov.ar\/index.php\/2019\/09\/16\/sesiona-la-comision-de-administracion-y-financiera\/#webpage\"},\"wordCount\":101,\"publisher\":{\"@id\":\"https:\/\/consejomagistratura.gov.ar\/#organization\"},\"image\":{\"@id\":\"https:\/\/consejomagistratura.gov.ar\/index.php\/2019\/09\/16\/sesiona-la-comision-de-administracion-y-financiera\/#primaryimage\"},\"thumbnailUrl\":\"https:\/\/consejomagistratura.gov.ar\/wp-content\/uploads\/2019\/09\/DSC_0113copia.jpg\",\"keywords\":[\"integraci\\u00f3n 2018-2022\"],\"articleSection\":[\"Comisi\\u00f3n de Administraci\\u00f3n y Financiera\"],\"inLanguage\":\"es-AR\"},{\"@type\":\"Person\",\"@id\":\"https:\/\/consejomagistratura.gov.ar\/#\/schema\/person\/f4d8b3521c35f97155ae7f20dfb56842\",\"name\":\"Juan Pia\",\"image\":{\"@type\":\"ImageObject\",\"@id\":\"https:\/\/consejomagistratura.gov.ar\/#personlogo\",\"inLanguage\":\"es-AR\",\"url\":\"https:\/\/secure.gravatar.com\/avatar\/1b6e654a3f0c5c5d08057e227b031732b3b62c44fd483b51f93433e49e0aead1?s=96&d=mm&r=g\",\"contentUrl\":\"https:\/\/secure.gravatar.com\/avatar\/1b6e654a3f0c5c5d08057e227b031732b3b62c44fd483b51f93433e49e0aead1?s=96&d=mm&r=g\",\"caption\":\"Juan Pia\"},\"url\":\"https:\/\/consejomagistratura.gov.ar\/index.php\/author\/jpia\/\"}]}<\/script>\n<!-- \/ Yoast SEO Premium plugin. -->","yoast_head_json":{"title":"Sesiona la Comisi\u00f3n de Administraci\u00f3n y Financiera | Consejo de la Magistratura","robots":{"index":"index","follow":"follow","max-snippet":"max-snippet:-1","max-image-preview":"max-image-preview:large","max-video-preview":"max-video-preview:-1"},"canonical":"https:\/\/consejomagistratura.gov.ar\/index.php\/2019\/09\/16\/sesiona-la-comision-de-administracion-y-financiera\/","og_locale":"es_ES","og_type":"article","og_title":"Sesiona la Comisi\u00f3n de Administraci\u00f3n y Financiera | Consejo de la Magistratura","og_description":"Conforme la convocatoria, ma\u00f1ana 13 de diciembre de 2018 a partir de las 12 horas tendr\u00e1 lugar la primera reuni\u00f3n de la Comisi\u00f3n de Administraci\u00f3n y Financiera con su nueva integraci\u00f3n y autoridades, para considerar [&hellip;]","og_url":"https:\/\/consejomagistratura.gov.ar\/index.php\/2019\/09\/16\/sesiona-la-comision-de-administracion-y-financiera\/","og_site_name":"Consejo de la Magistratura","article_publisher":"https:\/\/www.facebook.com\/consejomagistratura","article_published_time":"2019-09-16T16:34:31+00:00","article_modified_time":"2021-07-14T20:38:31+00:00","og_image":[{"width":800,"height":536,"url":"https:\/\/consejomagistratura.gov.ar\/wp-content\/uploads\/2019\/09\/DSC_0113copia.jpg","type":"image\/jpeg"}],"twitter_card":"summary_large_image","twitter_creator":"@cmagistratura","twitter_site":"@cmagistratura","twitter_misc":{"Escrito por":"Juan Pia"},"schema":{"@context":"https:\/\/schema.org","@graph":[{"@type":"Organization","@id":"https:\/\/consejomagistratura.gov.ar\/#organization","name":"Consejo de la Magistratura","url":"https:\/\/consejomagistratura.gov.ar\/","sameAs":["https:\/\/www.facebook.com\/consejomagistratura","https:\/\/www.instagram.com\/consejodelamagistratura\/","https:\/\/www.youtube.com\/c\/consejodelamagistraturadelanacion","https:\/\/es.wikipedia.org\/wiki\/Consejo_de_la_Magistratura_(Argentina)","https:\/\/twitter.com\/cmagistratura"],"logo":{"@type":"ImageObject","@id":"https:\/\/consejomagistratura.gov.ar\/#logo","inLanguage":"es-AR","url":"https:\/\/consejomagistratura.gov.ar\/wp-content\/uploads\/2021\/08\/logo_link_2_Mesa-de-trabajo-1.png","contentUrl":"https:\/\/consejomagistratura.gov.ar\/wp-content\/uploads\/2021\/08\/logo_link_2_Mesa-de-trabajo-1.png","width":1067,"height":780,"caption":"Consejo de la Magistratura"},"image":{"@id":"https:\/\/consejomagistratura.gov.ar\/#logo"}},{"@type":"WebSite","@id":"https:\/\/consejomagistratura.gov.ar\/#website","url":"https:\/\/consejomagistratura.gov.ar\/","name":"Consejo de la Magistratura","description":"","publisher":{"@id":"https:\/\/consejomagistratura.gov.ar\/#organization"},"potentialAction":[{"@type":"SearchAction","target":{"@type":"EntryPoint","urlTemplate":"https:\/\/consejomagistratura.gov.ar\/?s={search_term_string}"},"query-input":"required name=search_term_string"}],"inLanguage":"es-AR"},{"@type":"ImageObject","@id":"https:\/\/consejomagistratura.gov.ar\/index.php\/2019\/09\/16\/sesiona-la-comision-de-administracion-y-financiera\/#primaryimage","inLanguage":"es-AR","url":"https:\/\/consejomagistratura.gov.ar\/wp-content\/uploads\/2019\/09\/DSC_0113copia.jpg","contentUrl":"https:\/\/consejomagistratura.gov.ar\/wp-content\/uploads\/2019\/09\/DSC_0113copia.jpg","width":800,"height":536},{"@type":"WebPage","@id":"https:\/\/consejomagistratura.gov.ar\/index.php\/2019\/09\/16\/sesiona-la-comision-de-administracion-y-financiera\/#webpage","url":"https:\/\/consejomagistratura.gov.ar\/index.php\/2019\/09\/16\/sesiona-la-comision-de-administracion-y-financiera\/","name":"Sesiona la Comisi\u00f3n de Administraci\u00f3n y Financiera | Consejo de la Magistratura","isPartOf":{"@id":"https:\/\/consejomagistratura.gov.ar\/#website"},"primaryImageOfPage":{"@id":"https:\/\/consejomagistratura.gov.ar\/index.php\/2019\/09\/16\/sesiona-la-comision-de-administracion-y-financiera\/#primaryimage"},"datePublished":"2019-09-16T16:34:31+00:00","dateModified":"2021-07-14T20:38:31+00:00","breadcrumb":{"@id":"https:\/\/consejomagistratura.gov.ar\/index.php\/2019\/09\/16\/sesiona-la-comision-de-administracion-y-financiera\/#breadcrumb"},"inLanguage":"es-AR","potentialAction":[{"@type":"ReadAction","target":["https:\/\/consejomagistratura.gov.ar\/index.php\/2019\/09\/16\/sesiona-la-comision-de-administracion-y-financiera\/"]}]},{"@type":"BreadcrumbList","@id":"https:\/\/consejomagistratura.gov.ar\/index.php\/2019\/09\/16\/sesiona-la-comision-de-administracion-y-financiera\/#breadcrumb","itemListElement":[{"@type":"ListItem","position":1,"name":"Inicio","item":"https:\/\/consejomagistratura.gov.ar\/"},{"@type":"ListItem","position":2,"name":"Sesiona la Comisi\u00f3n de Administraci\u00f3n y Financiera"}]},{"@type":"Article","@id":"https:\/\/consejomagistratura.gov.ar\/index.php\/2019\/09\/16\/sesiona-la-comision-de-administracion-y-financiera\/#article","isPartOf":{"@id":"https:\/\/consejomagistratura.gov.ar\/index.php\/2019\/09\/16\/sesiona-la-comision-de-administracion-y-financiera\/#webpage"},"author":{"@id":"https:\/\/consejomagistratura.gov.ar\/#\/schema\/person\/f4d8b3521c35f97155ae7f20dfb56842"},"headline":"Sesiona la Comisi\u00f3n de Administraci\u00f3n y Financiera","datePublished":"2019-09-16T16:34:31+00:00","dateModified":"2021-07-14T20:38:31+00:00","mainEntityOfPage":{"@id":"https:\/\/consejomagistratura.gov.ar\/index.php\/2019\/09\/16\/sesiona-la-comision-de-administracion-y-financiera\/#webpage"},"wordCount":101,"publisher":{"@id":"https:\/\/consejomagistratura.gov.ar\/#organization"},"image":{"@id":"https:\/\/consejomagistratura.gov.ar\/index.php\/2019\/09\/16\/sesiona-la-comision-de-administracion-y-financiera\/#primaryimage"},"thumbnailUrl":"https:\/\/consejomagistratura.gov.ar\/wp-content\/uploads\/2019\/09\/DSC_0113copia.jpg","keywords":["integraci\u00f3n 2018-2022"],"articleSection":["Comisi\u00f3n de Administraci\u00f3n y Financiera"],"inLanguage":"es-AR"},{"@type":"Person","@id":"https:\/\/consejomagistratura.gov.ar\/#\/schema\/person\/f4d8b3521c35f97155ae7f20dfb56842","name":"Juan Pia","image":{"@type":"ImageObject","@id":"https:\/\/consejomagistratura.gov.ar\/#personlogo","inLanguage":"es-AR","url":"https:\/\/secure.gravatar.com\/avatar\/1b6e654a3f0c5c5d08057e227b031732b3b62c44fd483b51f93433e49e0aead1?s=96&d=mm&r=g","contentUrl":"https:\/\/secure.gravatar.com\/avatar\/1b6e654a3f0c5c5d08057e227b031732b3b62c44fd483b51f93433e49e0aead1?s=96&d=mm&r=g","caption":"Juan Pia"},"url":"https:\/\/consejomagistratura.gov.ar\/index.php\/author\/jpia\/"}]}},"_links":{"self":[{"href":"https:\/\/consejomagistratura.gov.ar\/index.php\/wp-json\/wp\/v2\/posts\/7415","targetHints":{"allow":["GET"]}}],"collection":[{"href":"https:\/\/consejomagistratura.gov.ar\/index.php\/wp-json\/wp\/v2\/posts"}],"about":[{"href":"https:\/\/consejomagistratura.gov.ar\/index.php\/wp-json\/wp\/v2\/types\/post"}],"author":[{"embeddable":true,"href":"https:\/\/consejomagistratura.gov.ar\/index.php\/wp-json\/wp\/v2\/users\/13"}],"replies":[{"embeddable":true,"href":"https:\/\/consejomagistratura.gov.ar\/index.php\/wp-json\/wp\/v2\/comments?post=7415"}],"version-history":[{"count":1,"href":"https:\/\/consejomagistratura.gov.ar\/index.php\/wp-json\/wp\/v2\/posts\/7415\/revisions"}],"predecessor-version":[{"id":10021,"href":"https:\/\/consejomagistratura.gov.ar\/index.php\/wp-json\/wp\/v2\/posts\/7415\/revisions\/10021"}],"wp:featuredmedia":[{"embeddable":true,"href":"https:\/\/consejomagistratura.gov.ar\/index.php\/wp-json\/wp\/v2\/media\/8137"}],"wp:attachment":[{"href":"https:\/\/consejomagistratura.gov.ar\/index.php\/wp-json\/wp\/v2\/media?parent=7415"}],"wp:term":[{"taxonomy":"category","embeddable":true,"href":"https:\/\/consejomagistratura.gov.ar\/index.php\/wp-json\/wp\/v2\/categories?post=7415"},{"taxonomy":"post_tag","embeddable":true,"href":"https:\/\/consejomagistratura.gov.ar\/index.php\/wp-json\/wp\/v2\/tags?post=7415"}],"curies":[{"name":"wp","href":"https:\/\/api.w.org\/{rel}","templated":true}]}}