{"id":7416,"date":"2019-09-16T14:07:39","date_gmt":"2019-09-16T17:07:39","guid":{"rendered":"http:\/\/5.0.32.155\/wordpress\/?p=1689"},"modified":"2021-07-14T17:38:27","modified_gmt":"2021-07-14T20:38:27","slug":"sesiono-la-comision-de-administracion","status":"publish","type":"post","link":"https:\/\/consejomagistratura.gov.ar\/index.php\/2019\/09\/16\/sesiono-la-comision-de-administracion\/","title":{"rendered":"Sesion\u00f3 la Comisi\u00f3n de Administraci\u00f3n"},"content":{"rendered":"\n<figure class=\"wp-block-image is-resized\"><img fetchpriority=\"high\" decoding=\"async\" src=\"https:\/\/www.consejomagistratura.gov.ar\/wp-content\/uploads\/2019\/09\/IMG_0409-1.jpg\" alt=\"\" class=\"wp-image-1721\" width=\"731\" height=\"472\"\/><\/figure>\n\n\n\n<p> Durante la ma\u00f1ana del 13 de diciembre tuvo lugar la primera sesi\u00f3n de la Comisi\u00f3n de Administraci\u00f3n y Financiera con su nueva composici\u00f3n, la que fue presidida por el Dr. Juan Pablo M\u00e1s V\u00e9lez, con la presencia de los Consejeros Alberto Agust\u00edn Lugones -vicepresidente de la Comisi\u00f3n-, Juan Manuel Culotta, Eduardo De Pedro, Ada Rosa del Valle It\u00farrez de Cappellini, Juan Bautista Mahiques, Diego Molea, Ricardo Gustavo Recondo y Marina S\u00e1nchez Herrero, con la asistencia del Secretario Claudio Martucci y del Administrador General Carlos Alberto Bedetta. <\/p>\n\n\n\n<figure class=\"wp-block-image is-resized\"><img decoding=\"async\" src=\"https:\/\/www.consejomagistratura.gov.ar\/wp-content\/uploads\/2019\/09\/IMG_0312-1.jpg\" alt=\"\" class=\"wp-image-1726\" width=\"726\" height=\"484\"\/><\/figure>\n\n\n\n<figure class=\"wp-block-image is-resized\"><img decoding=\"async\" src=\"https:\/\/www.consejomagistratura.gov.ar\/wp-content\/uploads\/2019\/09\/IMG_0416.jpg\" alt=\"\" class=\"wp-image-1722\" width=\"725\" height=\"509\"\/><\/figure>\n\n\n\n<p> En ese marco, se decidi\u00f3 postergar el punto 22 relativo a la implementaci\u00f3n de la Ley n\u00ba 27346 en el Poder Judicial de la Naci\u00f3n hasta la pr\u00f3xima reuni\u00f3n prevista para el martes 18 de diciembre a las 10hs., a efectos de permitir al administrador General la producci\u00f3n de informes que le fueron solicitados por los consejeros, resalt\u00e1ndose que la fecha propuesta para la sesi\u00f3n es previa al cierre de novedades de la Administraci\u00f3n General. Independientemente de ello, encontr\u00e1ndose presente en la Sala el secretario General de la Uni\u00f3n de Empleados de la Justicia Nacional (UEJN) Julio Piumato, se lo invit\u00f3 a exponer ante la Comisi\u00f3n, vista su imposibilidad de participar del pr\u00f3ximo encuentro. <\/p>\n\n\n\n<figure class=\"wp-block-image is-resized\"><img loading=\"lazy\" decoding=\"async\" src=\"https:\/\/www.consejomagistratura.gov.ar\/wp-content\/uploads\/2019\/09\/IMG_0290.jpg\" alt=\"\" class=\"wp-image-1710\" width=\"724\" height=\"490\"\/><\/figure>\n\n\n\n<p> Posteriormente se dio tratamiento al temario previsto en el orden del d\u00eda, destac\u00e1ndose la locaci\u00f3n del inmueble de la calle Lavalle 1501 (CABA) sede de los Juzgados Nacionales de 1\u00ba Instancia del Trabajo nos 68, 70, 71, 75, 79 y 80 por el t\u00e9rmino de 36 meses contados a partir del 1\u00ba de febrero de 2018; el inmueble ubicado en la calle Senador P\u00e9rez 182 de la ciudad San Salvador de Jujuy, provincia de Jujuy para ser sede del Tribunal Oral en lo Criminal Federal de Jujuy, por el t\u00e9rmino de 36 meses a partir del 17 de septiembre de 2018 y el ubicado en la calle Goleta Florencia 1686 de la ciudad de Ushuaia, provincia de Tierra del Fuego, Ant\u00e1rtida e Islas del Atl\u00e1ntico Sur, para ser sede del Juzgado Federal del asiento con su Secretar\u00eda Electoral, por el t\u00e9rmino de 36 meses a partir del 25 de agosto de 2018. <\/p>\n\n\n\n<figure class=\"wp-block-image is-resized\"><img loading=\"lazy\" decoding=\"async\" src=\"https:\/\/www.consejomagistratura.gov.ar\/wp-content\/uploads\/2019\/09\/IMG_0391.jpg\" alt=\"\" class=\"wp-image-1780\" width=\"724\" height=\"459\"\/><\/figure>\n\n\n\n<p>\n\nSe decidi\u00f3, asimismo, convocar a una reuni\u00f3n de asesores para la determinaci\u00f3n de criterios para contratar con las editoriales que brindan servicios a este Poder Judicial.\n\n<\/p>\n","protected":false},"excerpt":{"rendered":"<p>Durante la ma\u00f1ana del 13 de diciembre tuvo lugar la primera sesi\u00f3n de la Comisi\u00f3n de Administraci\u00f3n y Financiera con su nueva composici\u00f3n, la que fue presidida por el Dr. Juan Pablo M\u00e1s V\u00e9lez, con [&hellip;]<\/p>\n","protected":false},"author":13,"featured_media":8220,"comment_status":"closed","ping_status":"open","sticky":false,"template":"","format":"standard","meta":{"footnotes":""},"categories":[24],"tags":[],"class_list":["post-7416","post","type-post","status-publish","format-standard","has-post-thumbnail","hentry","category-caf"],"yoast_head":"<!-- This site is optimized with the Yoast SEO Premium plugin v16.2 (Yoast SEO v17.9) - https:\/\/yoast.com\/wordpress\/plugins\/seo\/ -->\n<title>Sesion\u00f3 la Comisi\u00f3n de Administraci\u00f3n | Consejo de la Magistratura<\/title>\n<meta name=\"robots\" content=\"index, follow, max-snippet:-1, max-image-preview:large, max-video-preview:-1\" \/>\n<link rel=\"canonical\" href=\"https:\/\/consejomagistratura.gov.ar\/index.php\/2019\/09\/16\/sesiono-la-comision-de-administracion\/\" \/>\n<meta property=\"og:locale\" content=\"es_ES\" \/>\n<meta property=\"og:type\" content=\"article\" \/>\n<meta property=\"og:title\" content=\"Sesion\u00f3 la Comisi\u00f3n de Administraci\u00f3n | Consejo de la Magistratura\" \/>\n<meta property=\"og:description\" content=\"Durante la ma\u00f1ana del 13 de diciembre tuvo lugar la primera sesi\u00f3n de la Comisi\u00f3n de Administraci\u00f3n y Financiera con su nueva composici\u00f3n, la que fue presidida por el Dr. Juan Pablo M\u00e1s V\u00e9lez, con [&hellip;]\" \/>\n<meta property=\"og:url\" content=\"https:\/\/consejomagistratura.gov.ar\/index.php\/2019\/09\/16\/sesiono-la-comision-de-administracion\/\" \/>\n<meta property=\"og:site_name\" content=\"Consejo de la Magistratura\" \/>\n<meta property=\"article:publisher\" content=\"https:\/\/www.facebook.com\/consejomagistratura\" \/>\n<meta property=\"article:published_time\" content=\"2019-09-16T17:07:39+00:00\" \/>\n<meta property=\"article:modified_time\" content=\"2021-07-14T20:38:27+00:00\" \/>\n<meta property=\"og:image\" content=\"https:\/\/consejomagistratura.gov.ar\/wp-content\/uploads\/2019\/09\/IMG_0409.jpg\" \/>\n\t<meta property=\"og:image:width\" content=\"640\" \/>\n\t<meta property=\"og:image:height\" content=\"413\" \/>\n\t<meta property=\"og:image:type\" content=\"image\/jpeg\" \/>\n<meta name=\"twitter:card\" content=\"summary_large_image\" \/>\n<meta name=\"twitter:creator\" content=\"@cmagistratura\" \/>\n<meta name=\"twitter:site\" content=\"@cmagistratura\" \/>\n<meta name=\"twitter:label1\" content=\"Escrito por\" \/>\n\t<meta name=\"twitter:data1\" content=\"Juan Pia\" \/>\n\t<meta name=\"twitter:label2\" content=\"Tiempo de lectura\" \/>\n\t<meta name=\"twitter:data2\" content=\"2 minutos\" \/>\n<script type=\"application\/ld+json\" class=\"yoast-schema-graph\">{\"@context\":\"https:\/\/schema.org\",\"@graph\":[{\"@type\":\"Organization\",\"@id\":\"https:\/\/consejomagistratura.gov.ar\/#organization\",\"name\":\"Consejo de la Magistratura\",\"url\":\"https:\/\/consejomagistratura.gov.ar\/\",\"sameAs\":[\"https:\/\/www.facebook.com\/consejomagistratura\",\"https:\/\/www.instagram.com\/consejodelamagistratura\/\",\"https:\/\/www.youtube.com\/c\/consejodelamagistraturadelanacion\",\"https:\/\/es.wikipedia.org\/wiki\/Consejo_de_la_Magistratura_(Argentina)\",\"https:\/\/twitter.com\/cmagistratura\"],\"logo\":{\"@type\":\"ImageObject\",\"@id\":\"https:\/\/consejomagistratura.gov.ar\/#logo\",\"inLanguage\":\"es-AR\",\"url\":\"https:\/\/consejomagistratura.gov.ar\/wp-content\/uploads\/2021\/08\/logo_link_2_Mesa-de-trabajo-1.png\",\"contentUrl\":\"https:\/\/consejomagistratura.gov.ar\/wp-content\/uploads\/2021\/08\/logo_link_2_Mesa-de-trabajo-1.png\",\"width\":1067,\"height\":780,\"caption\":\"Consejo de la Magistratura\"},\"image\":{\"@id\":\"https:\/\/consejomagistratura.gov.ar\/#logo\"}},{\"@type\":\"WebSite\",\"@id\":\"https:\/\/consejomagistratura.gov.ar\/#website\",\"url\":\"https:\/\/consejomagistratura.gov.ar\/\",\"name\":\"Consejo de la Magistratura\",\"description\":\"\",\"publisher\":{\"@id\":\"https:\/\/consejomagistratura.gov.ar\/#organization\"},\"potentialAction\":[{\"@type\":\"SearchAction\",\"target\":{\"@type\":\"EntryPoint\",\"urlTemplate\":\"https:\/\/consejomagistratura.gov.ar\/?s={search_term_string}\"},\"query-input\":\"required name=search_term_string\"}],\"inLanguage\":\"es-AR\"},{\"@type\":\"ImageObject\",\"@id\":\"https:\/\/consejomagistratura.gov.ar\/index.php\/2019\/09\/16\/sesiono-la-comision-de-administracion\/#primaryimage\",\"inLanguage\":\"es-AR\",\"url\":\"https:\/\/consejomagistratura.gov.ar\/wp-content\/uploads\/2019\/09\/IMG_0409.jpg\",\"contentUrl\":\"https:\/\/consejomagistratura.gov.ar\/wp-content\/uploads\/2019\/09\/IMG_0409.jpg\",\"width\":640,\"height\":413},{\"@type\":\"WebPage\",\"@id\":\"https:\/\/consejomagistratura.gov.ar\/index.php\/2019\/09\/16\/sesiono-la-comision-de-administracion\/#webpage\",\"url\":\"https:\/\/consejomagistratura.gov.ar\/index.php\/2019\/09\/16\/sesiono-la-comision-de-administracion\/\",\"name\":\"Sesion\\u00f3 la Comisi\\u00f3n de Administraci\\u00f3n | Consejo de la Magistratura\",\"isPartOf\":{\"@id\":\"https:\/\/consejomagistratura.gov.ar\/#website\"},\"primaryImageOfPage\":{\"@id\":\"https:\/\/consejomagistratura.gov.ar\/index.php\/2019\/09\/16\/sesiono-la-comision-de-administracion\/#primaryimage\"},\"datePublished\":\"2019-09-16T17:07:39+00:00\",\"dateModified\":\"2021-07-14T20:38:27+00:00\",\"breadcrumb\":{\"@id\":\"https:\/\/consejomagistratura.gov.ar\/index.php\/2019\/09\/16\/sesiono-la-comision-de-administracion\/#breadcrumb\"},\"inLanguage\":\"es-AR\",\"potentialAction\":[{\"@type\":\"ReadAction\",\"target\":[\"https:\/\/consejomagistratura.gov.ar\/index.php\/2019\/09\/16\/sesiono-la-comision-de-administracion\/\"]}]},{\"@type\":\"BreadcrumbList\",\"@id\":\"https:\/\/consejomagistratura.gov.ar\/index.php\/2019\/09\/16\/sesiono-la-comision-de-administracion\/#breadcrumb\",\"itemListElement\":[{\"@type\":\"ListItem\",\"position\":1,\"name\":\"Inicio\",\"item\":\"https:\/\/consejomagistratura.gov.ar\/\"},{\"@type\":\"ListItem\",\"position\":2,\"name\":\"Sesion\\u00f3 la Comisi\\u00f3n de Administraci\\u00f3n\"}]},{\"@type\":\"Article\",\"@id\":\"https:\/\/consejomagistratura.gov.ar\/index.php\/2019\/09\/16\/sesiono-la-comision-de-administracion\/#article\",\"isPartOf\":{\"@id\":\"https:\/\/consejomagistratura.gov.ar\/index.php\/2019\/09\/16\/sesiono-la-comision-de-administracion\/#webpage\"},\"author\":{\"@id\":\"https:\/\/consejomagistratura.gov.ar\/#\/schema\/person\/f4d8b3521c35f97155ae7f20dfb56842\"},\"headline\":\"Sesion\\u00f3 la Comisi\\u00f3n de Administraci\\u00f3n\",\"datePublished\":\"2019-09-16T17:07:39+00:00\",\"dateModified\":\"2021-07-14T20:38:27+00:00\",\"mainEntityOfPage\":{\"@id\":\"https:\/\/consejomagistratura.gov.ar\/index.php\/2019\/09\/16\/sesiono-la-comision-de-administracion\/#webpage\"},\"wordCount\":397,\"publisher\":{\"@id\":\"https:\/\/consejomagistratura.gov.ar\/#organization\"},\"image\":{\"@id\":\"https:\/\/consejomagistratura.gov.ar\/index.php\/2019\/09\/16\/sesiono-la-comision-de-administracion\/#primaryimage\"},\"thumbnailUrl\":\"https:\/\/consejomagistratura.gov.ar\/wp-content\/uploads\/2019\/09\/IMG_0409.jpg\",\"articleSection\":[\"Comisi\\u00f3n de Administraci\\u00f3n y Financiera\"],\"inLanguage\":\"es-AR\"},{\"@type\":\"Person\",\"@id\":\"https:\/\/consejomagistratura.gov.ar\/#\/schema\/person\/f4d8b3521c35f97155ae7f20dfb56842\",\"name\":\"Juan Pia\",\"image\":{\"@type\":\"ImageObject\",\"@id\":\"https:\/\/consejomagistratura.gov.ar\/#personlogo\",\"inLanguage\":\"es-AR\",\"url\":\"https:\/\/secure.gravatar.com\/avatar\/1b6e654a3f0c5c5d08057e227b031732b3b62c44fd483b51f93433e49e0aead1?s=96&d=mm&r=g\",\"contentUrl\":\"https:\/\/secure.gravatar.com\/avatar\/1b6e654a3f0c5c5d08057e227b031732b3b62c44fd483b51f93433e49e0aead1?s=96&d=mm&r=g\",\"caption\":\"Juan Pia\"},\"url\":\"https:\/\/consejomagistratura.gov.ar\/index.php\/author\/jpia\/\"}]}<\/script>\n<!-- \/ Yoast SEO Premium plugin. -->","yoast_head_json":{"title":"Sesion\u00f3 la Comisi\u00f3n de Administraci\u00f3n | Consejo de la Magistratura","robots":{"index":"index","follow":"follow","max-snippet":"max-snippet:-1","max-image-preview":"max-image-preview:large","max-video-preview":"max-video-preview:-1"},"canonical":"https:\/\/consejomagistratura.gov.ar\/index.php\/2019\/09\/16\/sesiono-la-comision-de-administracion\/","og_locale":"es_ES","og_type":"article","og_title":"Sesion\u00f3 la Comisi\u00f3n de Administraci\u00f3n | Consejo de la Magistratura","og_description":"Durante la ma\u00f1ana del 13 de diciembre tuvo lugar la primera sesi\u00f3n de la Comisi\u00f3n de Administraci\u00f3n y Financiera con su nueva composici\u00f3n, la que fue presidida por el Dr. Juan Pablo M\u00e1s V\u00e9lez, con [&hellip;]","og_url":"https:\/\/consejomagistratura.gov.ar\/index.php\/2019\/09\/16\/sesiono-la-comision-de-administracion\/","og_site_name":"Consejo de la Magistratura","article_publisher":"https:\/\/www.facebook.com\/consejomagistratura","article_published_time":"2019-09-16T17:07:39+00:00","article_modified_time":"2021-07-14T20:38:27+00:00","og_image":[{"width":640,"height":413,"url":"https:\/\/consejomagistratura.gov.ar\/wp-content\/uploads\/2019\/09\/IMG_0409.jpg","type":"image\/jpeg"}],"twitter_card":"summary_large_image","twitter_creator":"@cmagistratura","twitter_site":"@cmagistratura","twitter_misc":{"Escrito por":"Juan Pia","Tiempo de lectura":"2 minutos"},"schema":{"@context":"https:\/\/schema.org","@graph":[{"@type":"Organization","@id":"https:\/\/consejomagistratura.gov.ar\/#organization","name":"Consejo de la Magistratura","url":"https:\/\/consejomagistratura.gov.ar\/","sameAs":["https:\/\/www.facebook.com\/consejomagistratura","https:\/\/www.instagram.com\/consejodelamagistratura\/","https:\/\/www.youtube.com\/c\/consejodelamagistraturadelanacion","https:\/\/es.wikipedia.org\/wiki\/Consejo_de_la_Magistratura_(Argentina)","https:\/\/twitter.com\/cmagistratura"],"logo":{"@type":"ImageObject","@id":"https:\/\/consejomagistratura.gov.ar\/#logo","inLanguage":"es-AR","url":"https:\/\/consejomagistratura.gov.ar\/wp-content\/uploads\/2021\/08\/logo_link_2_Mesa-de-trabajo-1.png","contentUrl":"https:\/\/consejomagistratura.gov.ar\/wp-content\/uploads\/2021\/08\/logo_link_2_Mesa-de-trabajo-1.png","width":1067,"height":780,"caption":"Consejo de la Magistratura"},"image":{"@id":"https:\/\/consejomagistratura.gov.ar\/#logo"}},{"@type":"WebSite","@id":"https:\/\/consejomagistratura.gov.ar\/#website","url":"https:\/\/consejomagistratura.gov.ar\/","name":"Consejo de la Magistratura","description":"","publisher":{"@id":"https:\/\/consejomagistratura.gov.ar\/#organization"},"potentialAction":[{"@type":"SearchAction","target":{"@type":"EntryPoint","urlTemplate":"https:\/\/consejomagistratura.gov.ar\/?s={search_term_string}"},"query-input":"required name=search_term_string"}],"inLanguage":"es-AR"},{"@type":"ImageObject","@id":"https:\/\/consejomagistratura.gov.ar\/index.php\/2019\/09\/16\/sesiono-la-comision-de-administracion\/#primaryimage","inLanguage":"es-AR","url":"https:\/\/consejomagistratura.gov.ar\/wp-content\/uploads\/2019\/09\/IMG_0409.jpg","contentUrl":"https:\/\/consejomagistratura.gov.ar\/wp-content\/uploads\/2019\/09\/IMG_0409.jpg","width":640,"height":413},{"@type":"WebPage","@id":"https:\/\/consejomagistratura.gov.ar\/index.php\/2019\/09\/16\/sesiono-la-comision-de-administracion\/#webpage","url":"https:\/\/consejomagistratura.gov.ar\/index.php\/2019\/09\/16\/sesiono-la-comision-de-administracion\/","name":"Sesion\u00f3 la Comisi\u00f3n de Administraci\u00f3n | Consejo de la Magistratura","isPartOf":{"@id":"https:\/\/consejomagistratura.gov.ar\/#website"},"primaryImageOfPage":{"@id":"https:\/\/consejomagistratura.gov.ar\/index.php\/2019\/09\/16\/sesiono-la-comision-de-administracion\/#primaryimage"},"datePublished":"2019-09-16T17:07:39+00:00","dateModified":"2021-07-14T20:38:27+00:00","breadcrumb":{"@id":"https:\/\/consejomagistratura.gov.ar\/index.php\/2019\/09\/16\/sesiono-la-comision-de-administracion\/#breadcrumb"},"inLanguage":"es-AR","potentialAction":[{"@type":"ReadAction","target":["https:\/\/consejomagistratura.gov.ar\/index.php\/2019\/09\/16\/sesiono-la-comision-de-administracion\/"]}]},{"@type":"BreadcrumbList","@id":"https:\/\/consejomagistratura.gov.ar\/index.php\/2019\/09\/16\/sesiono-la-comision-de-administracion\/#breadcrumb","itemListElement":[{"@type":"ListItem","position":1,"name":"Inicio","item":"https:\/\/consejomagistratura.gov.ar\/"},{"@type":"ListItem","position":2,"name":"Sesion\u00f3 la Comisi\u00f3n de Administraci\u00f3n"}]},{"@type":"Article","@id":"https:\/\/consejomagistratura.gov.ar\/index.php\/2019\/09\/16\/sesiono-la-comision-de-administracion\/#article","isPartOf":{"@id":"https:\/\/consejomagistratura.gov.ar\/index.php\/2019\/09\/16\/sesiono-la-comision-de-administracion\/#webpage"},"author":{"@id":"https:\/\/consejomagistratura.gov.ar\/#\/schema\/person\/f4d8b3521c35f97155ae7f20dfb56842"},"headline":"Sesion\u00f3 la Comisi\u00f3n de Administraci\u00f3n","datePublished":"2019-09-16T17:07:39+00:00","dateModified":"2021-07-14T20:38:27+00:00","mainEntityOfPage":{"@id":"https:\/\/consejomagistratura.gov.ar\/index.php\/2019\/09\/16\/sesiono-la-comision-de-administracion\/#webpage"},"wordCount":397,"publisher":{"@id":"https:\/\/consejomagistratura.gov.ar\/#organization"},"image":{"@id":"https:\/\/consejomagistratura.gov.ar\/index.php\/2019\/09\/16\/sesiono-la-comision-de-administracion\/#primaryimage"},"thumbnailUrl":"https:\/\/consejomagistratura.gov.ar\/wp-content\/uploads\/2019\/09\/IMG_0409.jpg","articleSection":["Comisi\u00f3n de Administraci\u00f3n y Financiera"],"inLanguage":"es-AR"},{"@type":"Person","@id":"https:\/\/consejomagistratura.gov.ar\/#\/schema\/person\/f4d8b3521c35f97155ae7f20dfb56842","name":"Juan Pia","image":{"@type":"ImageObject","@id":"https:\/\/consejomagistratura.gov.ar\/#personlogo","inLanguage":"es-AR","url":"https:\/\/secure.gravatar.com\/avatar\/1b6e654a3f0c5c5d08057e227b031732b3b62c44fd483b51f93433e49e0aead1?s=96&d=mm&r=g","contentUrl":"https:\/\/secure.gravatar.com\/avatar\/1b6e654a3f0c5c5d08057e227b031732b3b62c44fd483b51f93433e49e0aead1?s=96&d=mm&r=g","caption":"Juan Pia"},"url":"https:\/\/consejomagistratura.gov.ar\/index.php\/author\/jpia\/"}]}},"_links":{"self":[{"href":"https:\/\/consejomagistratura.gov.ar\/index.php\/wp-json\/wp\/v2\/posts\/7416","targetHints":{"allow":["GET"]}}],"collection":[{"href":"https:\/\/consejomagistratura.gov.ar\/index.php\/wp-json\/wp\/v2\/posts"}],"about":[{"href":"https:\/\/consejomagistratura.gov.ar\/index.php\/wp-json\/wp\/v2\/types\/post"}],"author":[{"embeddable":true,"href":"https:\/\/consejomagistratura.gov.ar\/index.php\/wp-json\/wp\/v2\/users\/13"}],"replies":[{"embeddable":true,"href":"https:\/\/consejomagistratura.gov.ar\/index.php\/wp-json\/wp\/v2\/comments?post=7416"}],"version-history":[{"count":1,"href":"https:\/\/consejomagistratura.gov.ar\/index.php\/wp-json\/wp\/v2\/posts\/7416\/revisions"}],"predecessor-version":[{"id":10022,"href":"https:\/\/consejomagistratura.gov.ar\/index.php\/wp-json\/wp\/v2\/posts\/7416\/revisions\/10022"}],"wp:featuredmedia":[{"embeddable":true,"href":"https:\/\/consejomagistratura.gov.ar\/index.php\/wp-json\/wp\/v2\/media\/8220"}],"wp:attachment":[{"href":"https:\/\/consejomagistratura.gov.ar\/index.php\/wp-json\/wp\/v2\/media?parent=7416"}],"wp:term":[{"taxonomy":"category","embeddable":true,"href":"https:\/\/consejomagistratura.gov.ar\/index.php\/wp-json\/wp\/v2\/categories?post=7416"},{"taxonomy":"post_tag","embeddable":true,"href":"https:\/\/consejomagistratura.gov.ar\/index.php\/wp-json\/wp\/v2\/tags?post=7416"}],"curies":[{"name":"wp","href":"https:\/\/api.w.org\/{rel}","templated":true}]}}